{"id":36582,"date":"2010-09-01T12:35:52","date_gmt":"2010-09-01T10:35:52","guid":{"rendered":"http:\/\/www.visit-ulcinj.com\/blog\/?p=36582"},"modified":"2010-09-01T12:35:52","modified_gmt":"2010-09-01T10:35:52","slug":"anjeza-branka-skenat-sensuale-te-klipit-me-te-dashurin","status":"publish","type":"post","link":"https:\/\/www.visit-ulcinj.com\/blog\/2010\/09\/01\/anjeza-branka-skenat-sensuale-te-klipit-me-te-dashurin\/","title":{"rendered":"Anjeza Branka: Skenat sensuale t\u00eb klipit, me t\u00eb dashurin"},"content":{"rendered":"<p><a href=\"http:\/\/www.visit-ulcinj.com\/blog\/wp-content\/uploads\/2010\/09\/Anjeza-Branka.jpg\"><img loading=\"lazy\" class=\"alignleft size-full wp-image-36584\" title=\"Anjeza Branka\" src=\"http:\/\/www.visit-ulcinj.com\/blog\/wp-content\/uploads\/2010\/09\/Anjeza-Branka.jpg\" alt=\"\" width=\"490\" height=\"315\" \/><\/a>K\u00ebng\u00ebtarja Anjeza Branka ka prezantuar k\u00ebto dit\u00eb k\u00ebng\u00ebn e saj t\u00eb re \\\u201dAni Ani\\\u201d. Nj\u00eb k\u00ebng\u00eb ku si fabul ka protest\u00ebn e nj\u00eb femre q\u00eb nuk do t\u00eb ndihet e n\u00ebnshtruar nga i dashuri, por vajza rebelohet dhe ia kthen me t\u00eb nj\u00ebjt\u00ebn monedh\u00eb t\u00eb dashurit duke iu p\u00ebrkushtuar d\u00ebshirave t\u00eb saj.<br \/>\nKlipi p\u00ebrshkruan iden\u00eb e k\u00ebng\u00ebtares ku ajo n\u00eb fillim shfaqet si kamioniste dhe m\u00eb tej hip\u00ebn mbi kamion ku heq dhe uniform\u00ebn e pun\u00ebs p\u00ebr t\\\u2019u shfaqur vet\u00ebm me t\u00eb brendshme. M\u00eb tej klipi zhvillohet n\u00eb nj\u00eb jaht ku k\u00ebng\u00ebtarja si protagonist ka zgjedhur pik\u00ebrisht t\u00eb dashurin e saj.<\/p>\n<p>\u201dIdeja p\u00ebr t\u00eb zgjedhur t\u00eb dashurin erdhi spontane, pasi m\u00eb duhej nj\u00eb mashkull, dhe me k\u00eb m\u00eb mir\u00eb se me at\u00eb mund t\u2019i xhiroja ato skena ku m\u00eb duhet t\u00eb p\u00ebrk\u00ebdhelesha apo edhe t\u00eb puthesha\u201d, \u2013 tregon Branka.<\/p>\n<p>Nd\u00ebrsa p\u00ebr sa i p\u00ebrket ngjashm\u00ebris\u00eb n\u00eb fabul, ajo \u00ebsht\u00eb shum\u00eb larg marr\u00ebdh\u00ebnies s\u00eb k\u00ebng\u00ebtares, sipas saj dhe nuk ka asnj\u00eb ngjashm\u00ebri me t\u00eb. Branka e cila \u00ebsht\u00eb edhe n\u00ebn\u00eb, pasi ka nj\u00eb djal\u00eb shfaqet n\u00eb form\u00eb shum\u00eb t\u00eb mir\u00eb trupore, nd\u00ebrsa n\u00eb fotot q\u00eb ju sjellim duket v\u00ebrtet\u00eb seksi!<\/p>\n<p><strong>Bluetooth<br \/>\n<br \/>\n<!--YouTube Error: bad URL entered--><\/strong><\/p>\n","protected":false},"excerpt":{"rendered":"<p>K\u00ebng\u00ebtarja Anjeza Branka ka prezantuar k\u00ebto dit\u00eb k\u00ebng\u00ebn e saj t\u00eb re \\\u201dAni Ani\\\u201d. Nj\u00eb k\u00ebng\u00eb ku si fabul ka protest\u00ebn e nj\u00eb femre q\u00eb nuk do t\u00eb ndihet e n\u00ebnshtruar nga i dashuri, por vajza rebelohet dhe ia kthen me t\u00eb nj\u00ebjt\u00ebn monedh\u00eb t\u00eb dashurit duke iu p\u00ebrkushtuar d\u00ebshirave t\u00eb saj. Klipi p\u00ebrshkruan iden\u00eb [&hellip;]<\/p>\n","protected":false},"author":1,"featured_media":0,"comment_status":"open","ping_status":"closed","sticky":false,"template":"","format":"standard","meta":{"spay_email":"","jetpack_publicize_message":"","jetpack_is_tweetstorm":false,"jetpack_publicize_feature_enabled":true},"categories":[1],"tags":[15241,14934],"jetpack_publicize_connections":[],"yoast_head":"<!-- This site is optimized with the Yoast SEO plugin v19.1 - https:\/\/yoast.com\/wordpress\/plugins\/seo\/ -->\n<title>Anjeza Branka: Skenat sensuale t\u00eb klipit, me t\u00eb dashurin - Lajme nga Ulqini<\/title>\n<meta name=\"description\" content=\"K\u00ebng\u00ebtarja Anjeza Branka ka prezantuar k\u00ebto dit\u00eb k\u00ebng\u00ebn e saj t\u00eb re \u201dAni Ani\u201d. Nj\u00eb k\u00ebng\u00eb ku si fabul ka protest\u00ebn e nj\u00eb femre q\u00eb nuk do t\u00eb ndihet e\" \/>\n<meta name=\"robots\" content=\"index, follow, max-snippet:-1, max-image-preview:large, max-video-preview:-1\" \/>\n<link rel=\"canonical\" href=\"https:\/\/www.visit-ulcinj.com\/blog\/2010\/09\/01\/anjeza-branka-skenat-sensuale-te-klipit-me-te-dashurin\/\" \/>\n<meta property=\"og:locale\" content=\"en_US\" \/>\n<meta property=\"og:type\" content=\"article\" \/>\n<meta property=\"og:title\" content=\"Anjeza Branka: Skenat sensuale t\u00eb klipit, me t\u00eb dashurin - Lajme nga Ulqini\" \/>\n<meta property=\"og:description\" content=\"K\u00ebng\u00ebtarja Anjeza Branka ka prezantuar k\u00ebto dit\u00eb k\u00ebng\u00ebn e saj t\u00eb re \\\u201dAni Ani\\\u201d. Nj\u00eb k\u00ebng\u00eb ku si fabul ka protest\u00ebn e nj\u00eb femre q\u00eb nuk do t\u00eb ndihet e\" \/>\n<meta property=\"og:url\" content=\"https:\/\/www.visit-ulcinj.com\/blog\/2010\/09\/01\/anjeza-branka-skenat-sensuale-te-klipit-me-te-dashurin\/\" \/>\n<meta property=\"og:site_name\" content=\"Lajme nga Ulqini\" \/>\n<meta property=\"article:published_time\" content=\"2010-09-01T10:35:52+00:00\" \/>\n<meta property=\"og:image\" content=\"https:\/\/www.visit-ulcinj.com\/blog\/wp-content\/uploads\/2010\/09\/Anjeza-Branka.1-150x150.jpg\" \/>\n<meta name=\"twitter:label1\" content=\"Written by\" \/>\n\t<meta name=\"twitter:data1\" content=\"ulqini\" \/>\n\t<meta name=\"twitter:label2\" content=\"Est. reading time\" \/>\n\t<meta name=\"twitter:data2\" content=\"1 minute\" \/>\n<script type=\"application\/ld+json\" class=\"yoast-schema-graph\">{\"@context\":\"https:\/\/schema.org\",\"@graph\":[{\"@type\":\"WebSite\",\"@id\":\"https:\/\/www.visit-ulcinj.com\/blog\/#website\",\"url\":\"https:\/\/www.visit-ulcinj.com\/blog\/\",\"name\":\"Lajme nga Ulqini\",\"description\":\"Lajme,Vijesti,Ulqini,Ulqin,Crna Gora,Mali i Zi\",\"potentialAction\":[{\"@type\":\"SearchAction\",\"target\":{\"@type\":\"EntryPoint\",\"urlTemplate\":\"https:\/\/www.visit-ulcinj.com\/blog\/?s={search_term_string}\"},\"query-input\":\"required name=search_term_string\"}],\"inLanguage\":\"en-US\"},{\"@type\":\"ImageObject\",\"inLanguage\":\"en-US\",\"@id\":\"https:\/\/www.visit-ulcinj.com\/blog\/2010\/09\/01\/anjeza-branka-skenat-sensuale-te-klipit-me-te-dashurin\/#primaryimage\",\"url\":\"http:\/\/www.visit-ulcinj.com\/blog\/wp-content\/uploads\/2010\/09\/Anjeza-Branka.jpg\",\"contentUrl\":\"http:\/\/www.visit-ulcinj.com\/blog\/wp-content\/uploads\/2010\/09\/Anjeza-Branka.jpg\"},{\"@type\":\"WebPage\",\"@id\":\"https:\/\/www.visit-ulcinj.com\/blog\/2010\/09\/01\/anjeza-branka-skenat-sensuale-te-klipit-me-te-dashurin\/#webpage\",\"url\":\"https:\/\/www.visit-ulcinj.com\/blog\/2010\/09\/01\/anjeza-branka-skenat-sensuale-te-klipit-me-te-dashurin\/\",\"name\":\"Anjeza Branka: Skenat sensuale t\u00eb klipit, me t\u00eb dashurin - Lajme nga Ulqini\",\"isPartOf\":{\"@id\":\"https:\/\/www.visit-ulcinj.com\/blog\/#website\"},\"primaryImageOfPage\":{\"@id\":\"https:\/\/www.visit-ulcinj.com\/blog\/2010\/09\/01\/anjeza-branka-skenat-sensuale-te-klipit-me-te-dashurin\/#primaryimage\"},\"datePublished\":\"2010-09-01T10:35:52+00:00\",\"dateModified\":\"2010-09-01T10:35:52+00:00\",\"author\":{\"@id\":\"https:\/\/www.visit-ulcinj.com\/blog\/#\/schema\/person\/dcab619c614d3038751c63bc2aadc06d\"},\"description\":\"K\u00ebng\u00ebtarja Anjeza Branka ka prezantuar k\u00ebto dit\u00eb k\u00ebng\u00ebn e saj t\u00eb re \\\\\u201dAni Ani\\\\\u201d. Nj\u00eb k\u00ebng\u00eb ku si fabul ka protest\u00ebn e nj\u00eb femre q\u00eb nuk do t\u00eb ndihet e\",\"breadcrumb\":{\"@id\":\"https:\/\/www.visit-ulcinj.com\/blog\/2010\/09\/01\/anjeza-branka-skenat-sensuale-te-klipit-me-te-dashurin\/#breadcrumb\"},\"inLanguage\":\"en-US\",\"potentialAction\":[{\"@type\":\"ReadAction\",\"target\":[\"https:\/\/www.visit-ulcinj.com\/blog\/2010\/09\/01\/anjeza-branka-skenat-sensuale-te-klipit-me-te-dashurin\/\"]}]},{\"@type\":\"BreadcrumbList\",\"@id\":\"https:\/\/www.visit-ulcinj.com\/blog\/2010\/09\/01\/anjeza-branka-skenat-sensuale-te-klipit-me-te-dashurin\/#breadcrumb\",\"itemListElement\":[{\"@type\":\"ListItem\",\"position\":1,\"name\":\"Anjeza Branka: Skenat sensuale t\u00eb klipit, me t\u00eb dashurin\"}]},{\"@type\":\"Person\",\"@id\":\"https:\/\/www.visit-ulcinj.com\/blog\/#\/schema\/person\/dcab619c614d3038751c63bc2aadc06d\",\"name\":\"ulqini\",\"sameAs\":[\"http:\/\/www.visit-ulcinj.com\"],\"url\":\"https:\/\/www.visit-ulcinj.com\/blog\/author\/admin\/\"}]}<\/script>\n<!-- \/ Yoast SEO plugin. -->","yoast_head_json":{"title":"Anjeza Branka: Skenat sensuale t\u00eb klipit, me t\u00eb dashurin - Lajme nga Ulqini","description":"K\u00ebng\u00ebtarja Anjeza Branka ka prezantuar k\u00ebto dit\u00eb k\u00ebng\u00ebn e saj t\u00eb re \u201dAni Ani\u201d. Nj\u00eb k\u00ebng\u00eb ku si fabul ka protest\u00ebn e nj\u00eb femre q\u00eb nuk do t\u00eb ndihet e","robots":{"index":"index","follow":"follow","max-snippet":"max-snippet:-1","max-image-preview":"max-image-preview:large","max-video-preview":"max-video-preview:-1"},"canonical":"https:\/\/www.visit-ulcinj.com\/blog\/2010\/09\/01\/anjeza-branka-skenat-sensuale-te-klipit-me-te-dashurin\/","og_locale":"en_US","og_type":"article","og_title":"Anjeza Branka: Skenat sensuale t\u00eb klipit, me t\u00eb dashurin - Lajme nga Ulqini","og_description":"K\u00ebng\u00ebtarja Anjeza Branka ka prezantuar k\u00ebto dit\u00eb k\u00ebng\u00ebn e saj t\u00eb re \\\u201dAni Ani\\\u201d. Nj\u00eb k\u00ebng\u00eb ku si fabul ka protest\u00ebn e nj\u00eb femre q\u00eb nuk do t\u00eb ndihet e","og_url":"https:\/\/www.visit-ulcinj.com\/blog\/2010\/09\/01\/anjeza-branka-skenat-sensuale-te-klipit-me-te-dashurin\/","og_site_name":"Lajme nga Ulqini","article_published_time":"2010-09-01T10:35:52+00:00","og_image":[{"url":"https:\/\/www.visit-ulcinj.com\/blog\/wp-content\/uploads\/2010\/09\/Anjeza-Branka.1-150x150.jpg"}],"twitter_misc":{"Written by":"ulqini","Est. reading time":"1 minute"},"schema":{"@context":"https:\/\/schema.org","@graph":[{"@type":"WebSite","@id":"https:\/\/www.visit-ulcinj.com\/blog\/#website","url":"https:\/\/www.visit-ulcinj.com\/blog\/","name":"Lajme nga Ulqini","description":"Lajme,Vijesti,Ulqini,Ulqin,Crna Gora,Mali i Zi","potentialAction":[{"@type":"SearchAction","target":{"@type":"EntryPoint","urlTemplate":"https:\/\/www.visit-ulcinj.com\/blog\/?s={search_term_string}"},"query-input":"required name=search_term_string"}],"inLanguage":"en-US"},{"@type":"ImageObject","inLanguage":"en-US","@id":"https:\/\/www.visit-ulcinj.com\/blog\/2010\/09\/01\/anjeza-branka-skenat-sensuale-te-klipit-me-te-dashurin\/#primaryimage","url":"http:\/\/www.visit-ulcinj.com\/blog\/wp-content\/uploads\/2010\/09\/Anjeza-Branka.jpg","contentUrl":"http:\/\/www.visit-ulcinj.com\/blog\/wp-content\/uploads\/2010\/09\/Anjeza-Branka.jpg"},{"@type":"WebPage","@id":"https:\/\/www.visit-ulcinj.com\/blog\/2010\/09\/01\/anjeza-branka-skenat-sensuale-te-klipit-me-te-dashurin\/#webpage","url":"https:\/\/www.visit-ulcinj.com\/blog\/2010\/09\/01\/anjeza-branka-skenat-sensuale-te-klipit-me-te-dashurin\/","name":"Anjeza Branka: Skenat sensuale t\u00eb klipit, me t\u00eb dashurin - Lajme nga Ulqini","isPartOf":{"@id":"https:\/\/www.visit-ulcinj.com\/blog\/#website"},"primaryImageOfPage":{"@id":"https:\/\/www.visit-ulcinj.com\/blog\/2010\/09\/01\/anjeza-branka-skenat-sensuale-te-klipit-me-te-dashurin\/#primaryimage"},"datePublished":"2010-09-01T10:35:52+00:00","dateModified":"2010-09-01T10:35:52+00:00","author":{"@id":"https:\/\/www.visit-ulcinj.com\/blog\/#\/schema\/person\/dcab619c614d3038751c63bc2aadc06d"},"description":"K\u00ebng\u00ebtarja Anjeza Branka ka prezantuar k\u00ebto dit\u00eb k\u00ebng\u00ebn e saj t\u00eb re \\\u201dAni Ani\\\u201d. Nj\u00eb k\u00ebng\u00eb ku si fabul ka protest\u00ebn e nj\u00eb femre q\u00eb nuk do t\u00eb ndihet e","breadcrumb":{"@id":"https:\/\/www.visit-ulcinj.com\/blog\/2010\/09\/01\/anjeza-branka-skenat-sensuale-te-klipit-me-te-dashurin\/#breadcrumb"},"inLanguage":"en-US","potentialAction":[{"@type":"ReadAction","target":["https:\/\/www.visit-ulcinj.com\/blog\/2010\/09\/01\/anjeza-branka-skenat-sensuale-te-klipit-me-te-dashurin\/"]}]},{"@type":"BreadcrumbList","@id":"https:\/\/www.visit-ulcinj.com\/blog\/2010\/09\/01\/anjeza-branka-skenat-sensuale-te-klipit-me-te-dashurin\/#breadcrumb","itemListElement":[{"@type":"ListItem","position":1,"name":"Anjeza Branka: Skenat sensuale t\u00eb klipit, me t\u00eb dashurin"}]},{"@type":"Person","@id":"https:\/\/www.visit-ulcinj.com\/blog\/#\/schema\/person\/dcab619c614d3038751c63bc2aadc06d","name":"ulqini","sameAs":["http:\/\/www.visit-ulcinj.com"],"url":"https:\/\/www.visit-ulcinj.com\/blog\/author\/admin\/"}]}},"jetpack_featured_media_url":"","jetpack_sharing_enabled":true,"jetpack_shortlink":"https:\/\/wp.me\/pe6lTn-9w2","_links":{"self":[{"href":"https:\/\/www.visit-ulcinj.com\/blog\/wp-json\/wp\/v2\/posts\/36582"}],"collection":[{"href":"https:\/\/www.visit-ulcinj.com\/blog\/wp-json\/wp\/v2\/posts"}],"about":[{"href":"https:\/\/www.visit-ulcinj.com\/blog\/wp-json\/wp\/v2\/types\/post"}],"author":[{"embeddable":true,"href":"https:\/\/www.visit-ulcinj.com\/blog\/wp-json\/wp\/v2\/users\/1"}],"replies":[{"embeddable":true,"href":"https:\/\/www.visit-ulcinj.com\/blog\/wp-json\/wp\/v2\/comments?post=36582"}],"version-history":[{"count":0,"href":"https:\/\/www.visit-ulcinj.com\/blog\/wp-json\/wp\/v2\/posts\/36582\/revisions"}],"wp:attachment":[{"href":"https:\/\/www.visit-ulcinj.com\/blog\/wp-json\/wp\/v2\/media?parent=36582"}],"wp:term":[{"taxonomy":"category","embeddable":true,"href":"https:\/\/www.visit-ulcinj.com\/blog\/wp-json\/wp\/v2\/categories?post=36582"},{"taxonomy":"post_tag","embeddable":true,"href":"https:\/\/www.visit-ulcinj.com\/blog\/wp-json\/wp\/v2\/tags?post=36582"}],"curies":[{"name":"wp","href":"https:\/\/api.w.org\/{rel}","templated":true}]}}