{"id":36588,"date":"2010-09-01T12:49:50","date_gmt":"2010-09-01T10:49:50","guid":{"rendered":"http:\/\/www.visit-ulcinj.com\/blog\/?p=36588"},"modified":"2010-09-01T12:50:56","modified_gmt":"2010-09-01T10:50:56","slug":"rezarta-shkurta-nuk-jam-lezbike-jam-shtatzene","status":"publish","type":"post","link":"https:\/\/www.visit-ulcinj.com\/blog\/2010\/09\/01\/rezarta-shkurta-nuk-jam-lezbike-jam-shtatzene\/","title":{"rendered":"Rezarta Shkurta: Nuk jam lezbike, jam shtatz\u00ebn\u00eb"},"content":{"rendered":"<p><a href=\"http:\/\/www.visit-ulcinj.com\/blog\/wp-content\/uploads\/2010\/09\/rrezarta_shkurta.jpg\"><img loading=\"lazy\" class=\"alignleft size-thumbnail wp-image-36589\" title=\"rrezarta_shkurta\" src=\"http:\/\/www.visit-ulcinj.com\/blog\/wp-content\/uploads\/2010\/09\/rrezarta_shkurta-150x150.jpg\" alt=\"\" width=\"150\" height=\"150\" \/><\/a>Rezarta Shkurta n\u00eb nj\u00eb rr\u00ebfim p\u00ebr nj\u00eb tabloid shqiptar sjell nj\u00eb lajm te bukur.<br \/>\nShow girl-i \u00ebsht\u00eb n\u00eb pritje t\u00eb f\u00ebmij\u00ebs s\u00eb saj t\u00eb par\u00eb nga bashkeshorti Ermal Hoxha.<\/p>\n<p>N\u00eb rr\u00ebfimin p\u00ebr revisten \u201cMat\u201d Rezi ka hedhur posht\u00eb poshte thashethemet mbi biseksualitetin e saj, dyshimet p\u00ebr t\u00eb cilin nis\u00ebn nga nj\u00eb set fotosh q\u00eb k\u00ebng\u00ebtarja kishte hedhur n\u00eb faqen e saj personale n\u00eb facebook.<br \/>\nN\u00eb foto Rezarta shfaqej duke u puthur dhe p\u00ebrk\u00ebdhelur me nj\u00eb vajz\u00eb.<\/p>\n<p><br \/>\n<!--YouTube Error: bad URL entered--><\/p>\n","protected":false},"excerpt":{"rendered":"<p>Rezarta Shkurta n\u00eb nj\u00eb rr\u00ebfim p\u00ebr nj\u00eb tabloid shqiptar sjell nj\u00eb lajm te bukur. Show girl-i \u00ebsht\u00eb n\u00eb pritje t\u00eb f\u00ebmij\u00ebs s\u00eb saj t\u00eb par\u00eb nga bashkeshorti Ermal Hoxha. N\u00eb rr\u00ebfimin p\u00ebr revisten \u201cMat\u201d Rezi ka hedhur posht\u00eb poshte thashethemet mbi biseksualitetin e saj, dyshimet p\u00ebr t\u00eb cilin nis\u00ebn nga nj\u00eb set fotosh q\u00eb k\u00ebng\u00ebtarja [&hellip;]<\/p>\n","protected":false},"author":1,"featured_media":0,"comment_status":"open","ping_status":"closed","sticky":false,"template":"","format":"standard","meta":{"spay_email":"","jetpack_publicize_message":"","jetpack_is_tweetstorm":false,"jetpack_publicize_feature_enabled":true},"categories":[1],"tags":[4953],"jetpack_publicize_connections":[],"yoast_head":"<!-- This site is optimized with the Yoast SEO plugin v19.1 - https:\/\/yoast.com\/wordpress\/plugins\/seo\/ -->\n<title>Rezarta Shkurta: Nuk jam lezbike, jam shtatz\u00ebn\u00eb - Lajme nga Ulqini<\/title>\n<meta name=\"description\" content=\"Rezarta Shkurta n\u00eb nj\u00eb rr\u00ebfim p\u00ebr nj\u00eb tabloid shqiptar sjell nj\u00eb lajm te bukur. Show girl-i \u00ebsht\u00eb n\u00eb pritje t\u00eb f\u00ebmij\u00ebs s\u00eb saj t\u00eb par\u00eb nga bashkeshorti\" \/>\n<meta name=\"robots\" content=\"index, follow, max-snippet:-1, max-image-preview:large, max-video-preview:-1\" \/>\n<link rel=\"canonical\" href=\"https:\/\/www.visit-ulcinj.com\/blog\/2010\/09\/01\/rezarta-shkurta-nuk-jam-lezbike-jam-shtatzene\/\" \/>\n<meta property=\"og:locale\" content=\"en_US\" \/>\n<meta property=\"og:type\" content=\"article\" \/>\n<meta property=\"og:title\" content=\"Rezarta Shkurta: Nuk jam lezbike, jam shtatz\u00ebn\u00eb - Lajme nga Ulqini\" \/>\n<meta property=\"og:description\" content=\"Rezarta Shkurta n\u00eb nj\u00eb rr\u00ebfim p\u00ebr nj\u00eb tabloid shqiptar sjell nj\u00eb lajm te bukur. Show girl-i \u00ebsht\u00eb n\u00eb pritje t\u00eb f\u00ebmij\u00ebs s\u00eb saj t\u00eb par\u00eb nga bashkeshorti\" \/>\n<meta property=\"og:url\" content=\"https:\/\/www.visit-ulcinj.com\/blog\/2010\/09\/01\/rezarta-shkurta-nuk-jam-lezbike-jam-shtatzene\/\" \/>\n<meta property=\"og:site_name\" content=\"Lajme nga Ulqini\" \/>\n<meta property=\"article:published_time\" content=\"2010-09-01T10:49:50+00:00\" \/>\n<meta property=\"article:modified_time\" content=\"2010-09-01T10:50:56+00:00\" \/>\n<meta property=\"og:image\" content=\"https:\/\/www.visit-ulcinj.com\/blog\/wp-content\/uploads\/2010\/09\/rrezarta_shkurta-150x150.jpg\" \/>\n<meta name=\"twitter:label1\" content=\"Written by\" \/>\n\t<meta name=\"twitter:data1\" content=\"ulqini\" \/>\n\t<meta name=\"twitter:label2\" content=\"Est. reading time\" \/>\n\t<meta name=\"twitter:data2\" content=\"1 minute\" \/>\n<script type=\"application\/ld+json\" class=\"yoast-schema-graph\">{\"@context\":\"https:\/\/schema.org\",\"@graph\":[{\"@type\":\"WebSite\",\"@id\":\"https:\/\/www.visit-ulcinj.com\/blog\/#website\",\"url\":\"https:\/\/www.visit-ulcinj.com\/blog\/\",\"name\":\"Lajme nga Ulqini\",\"description\":\"Lajme,Vijesti,Ulqini,Ulqin,Crna Gora,Mali i Zi\",\"potentialAction\":[{\"@type\":\"SearchAction\",\"target\":{\"@type\":\"EntryPoint\",\"urlTemplate\":\"https:\/\/www.visit-ulcinj.com\/blog\/?s={search_term_string}\"},\"query-input\":\"required name=search_term_string\"}],\"inLanguage\":\"en-US\"},{\"@type\":\"ImageObject\",\"inLanguage\":\"en-US\",\"@id\":\"https:\/\/www.visit-ulcinj.com\/blog\/2010\/09\/01\/rezarta-shkurta-nuk-jam-lezbike-jam-shtatzene\/#primaryimage\",\"url\":\"http:\/\/www.visit-ulcinj.com\/blog\/wp-content\/uploads\/2010\/09\/rrezarta_shkurta-150x150.jpg\",\"contentUrl\":\"http:\/\/www.visit-ulcinj.com\/blog\/wp-content\/uploads\/2010\/09\/rrezarta_shkurta-150x150.jpg\"},{\"@type\":\"WebPage\",\"@id\":\"https:\/\/www.visit-ulcinj.com\/blog\/2010\/09\/01\/rezarta-shkurta-nuk-jam-lezbike-jam-shtatzene\/#webpage\",\"url\":\"https:\/\/www.visit-ulcinj.com\/blog\/2010\/09\/01\/rezarta-shkurta-nuk-jam-lezbike-jam-shtatzene\/\",\"name\":\"Rezarta Shkurta: Nuk jam lezbike, jam shtatz\u00ebn\u00eb - Lajme nga Ulqini\",\"isPartOf\":{\"@id\":\"https:\/\/www.visit-ulcinj.com\/blog\/#website\"},\"primaryImageOfPage\":{\"@id\":\"https:\/\/www.visit-ulcinj.com\/blog\/2010\/09\/01\/rezarta-shkurta-nuk-jam-lezbike-jam-shtatzene\/#primaryimage\"},\"datePublished\":\"2010-09-01T10:49:50+00:00\",\"dateModified\":\"2010-09-01T10:50:56+00:00\",\"author\":{\"@id\":\"https:\/\/www.visit-ulcinj.com\/blog\/#\/schema\/person\/dcab619c614d3038751c63bc2aadc06d\"},\"description\":\"Rezarta Shkurta n\u00eb nj\u00eb rr\u00ebfim p\u00ebr nj\u00eb tabloid shqiptar sjell nj\u00eb lajm te bukur. Show girl-i \u00ebsht\u00eb n\u00eb pritje t\u00eb f\u00ebmij\u00ebs s\u00eb saj t\u00eb par\u00eb nga bashkeshorti\",\"breadcrumb\":{\"@id\":\"https:\/\/www.visit-ulcinj.com\/blog\/2010\/09\/01\/rezarta-shkurta-nuk-jam-lezbike-jam-shtatzene\/#breadcrumb\"},\"inLanguage\":\"en-US\",\"potentialAction\":[{\"@type\":\"ReadAction\",\"target\":[\"https:\/\/www.visit-ulcinj.com\/blog\/2010\/09\/01\/rezarta-shkurta-nuk-jam-lezbike-jam-shtatzene\/\"]}]},{\"@type\":\"BreadcrumbList\",\"@id\":\"https:\/\/www.visit-ulcinj.com\/blog\/2010\/09\/01\/rezarta-shkurta-nuk-jam-lezbike-jam-shtatzene\/#breadcrumb\",\"itemListElement\":[{\"@type\":\"ListItem\",\"position\":1,\"name\":\"Rezarta Shkurta: Nuk jam lezbike, jam shtatz\u00ebn\u00eb\"}]},{\"@type\":\"Person\",\"@id\":\"https:\/\/www.visit-ulcinj.com\/blog\/#\/schema\/person\/dcab619c614d3038751c63bc2aadc06d\",\"name\":\"ulqini\",\"sameAs\":[\"http:\/\/www.visit-ulcinj.com\"],\"url\":\"https:\/\/www.visit-ulcinj.com\/blog\/author\/admin\/\"}]}<\/script>\n<!-- \/ Yoast SEO plugin. -->","yoast_head_json":{"title":"Rezarta Shkurta: Nuk jam lezbike, jam shtatz\u00ebn\u00eb - Lajme nga Ulqini","description":"Rezarta Shkurta n\u00eb nj\u00eb rr\u00ebfim p\u00ebr nj\u00eb tabloid shqiptar sjell nj\u00eb lajm te bukur. Show girl-i \u00ebsht\u00eb n\u00eb pritje t\u00eb f\u00ebmij\u00ebs s\u00eb saj t\u00eb par\u00eb nga bashkeshorti","robots":{"index":"index","follow":"follow","max-snippet":"max-snippet:-1","max-image-preview":"max-image-preview:large","max-video-preview":"max-video-preview:-1"},"canonical":"https:\/\/www.visit-ulcinj.com\/blog\/2010\/09\/01\/rezarta-shkurta-nuk-jam-lezbike-jam-shtatzene\/","og_locale":"en_US","og_type":"article","og_title":"Rezarta Shkurta: Nuk jam lezbike, jam shtatz\u00ebn\u00eb - Lajme nga Ulqini","og_description":"Rezarta Shkurta n\u00eb nj\u00eb rr\u00ebfim p\u00ebr nj\u00eb tabloid shqiptar sjell nj\u00eb lajm te bukur. Show girl-i \u00ebsht\u00eb n\u00eb pritje t\u00eb f\u00ebmij\u00ebs s\u00eb saj t\u00eb par\u00eb nga bashkeshorti","og_url":"https:\/\/www.visit-ulcinj.com\/blog\/2010\/09\/01\/rezarta-shkurta-nuk-jam-lezbike-jam-shtatzene\/","og_site_name":"Lajme nga Ulqini","article_published_time":"2010-09-01T10:49:50+00:00","article_modified_time":"2010-09-01T10:50:56+00:00","og_image":[{"url":"https:\/\/www.visit-ulcinj.com\/blog\/wp-content\/uploads\/2010\/09\/rrezarta_shkurta-150x150.jpg"}],"twitter_misc":{"Written by":"ulqini","Est. reading time":"1 minute"},"schema":{"@context":"https:\/\/schema.org","@graph":[{"@type":"WebSite","@id":"https:\/\/www.visit-ulcinj.com\/blog\/#website","url":"https:\/\/www.visit-ulcinj.com\/blog\/","name":"Lajme nga Ulqini","description":"Lajme,Vijesti,Ulqini,Ulqin,Crna Gora,Mali i Zi","potentialAction":[{"@type":"SearchAction","target":{"@type":"EntryPoint","urlTemplate":"https:\/\/www.visit-ulcinj.com\/blog\/?s={search_term_string}"},"query-input":"required name=search_term_string"}],"inLanguage":"en-US"},{"@type":"ImageObject","inLanguage":"en-US","@id":"https:\/\/www.visit-ulcinj.com\/blog\/2010\/09\/01\/rezarta-shkurta-nuk-jam-lezbike-jam-shtatzene\/#primaryimage","url":"http:\/\/www.visit-ulcinj.com\/blog\/wp-content\/uploads\/2010\/09\/rrezarta_shkurta-150x150.jpg","contentUrl":"http:\/\/www.visit-ulcinj.com\/blog\/wp-content\/uploads\/2010\/09\/rrezarta_shkurta-150x150.jpg"},{"@type":"WebPage","@id":"https:\/\/www.visit-ulcinj.com\/blog\/2010\/09\/01\/rezarta-shkurta-nuk-jam-lezbike-jam-shtatzene\/#webpage","url":"https:\/\/www.visit-ulcinj.com\/blog\/2010\/09\/01\/rezarta-shkurta-nuk-jam-lezbike-jam-shtatzene\/","name":"Rezarta Shkurta: Nuk jam lezbike, jam shtatz\u00ebn\u00eb - Lajme nga Ulqini","isPartOf":{"@id":"https:\/\/www.visit-ulcinj.com\/blog\/#website"},"primaryImageOfPage":{"@id":"https:\/\/www.visit-ulcinj.com\/blog\/2010\/09\/01\/rezarta-shkurta-nuk-jam-lezbike-jam-shtatzene\/#primaryimage"},"datePublished":"2010-09-01T10:49:50+00:00","dateModified":"2010-09-01T10:50:56+00:00","author":{"@id":"https:\/\/www.visit-ulcinj.com\/blog\/#\/schema\/person\/dcab619c614d3038751c63bc2aadc06d"},"description":"Rezarta Shkurta n\u00eb nj\u00eb rr\u00ebfim p\u00ebr nj\u00eb tabloid shqiptar sjell nj\u00eb lajm te bukur. Show girl-i \u00ebsht\u00eb n\u00eb pritje t\u00eb f\u00ebmij\u00ebs s\u00eb saj t\u00eb par\u00eb nga bashkeshorti","breadcrumb":{"@id":"https:\/\/www.visit-ulcinj.com\/blog\/2010\/09\/01\/rezarta-shkurta-nuk-jam-lezbike-jam-shtatzene\/#breadcrumb"},"inLanguage":"en-US","potentialAction":[{"@type":"ReadAction","target":["https:\/\/www.visit-ulcinj.com\/blog\/2010\/09\/01\/rezarta-shkurta-nuk-jam-lezbike-jam-shtatzene\/"]}]},{"@type":"BreadcrumbList","@id":"https:\/\/www.visit-ulcinj.com\/blog\/2010\/09\/01\/rezarta-shkurta-nuk-jam-lezbike-jam-shtatzene\/#breadcrumb","itemListElement":[{"@type":"ListItem","position":1,"name":"Rezarta Shkurta: Nuk jam lezbike, jam shtatz\u00ebn\u00eb"}]},{"@type":"Person","@id":"https:\/\/www.visit-ulcinj.com\/blog\/#\/schema\/person\/dcab619c614d3038751c63bc2aadc06d","name":"ulqini","sameAs":["http:\/\/www.visit-ulcinj.com"],"url":"https:\/\/www.visit-ulcinj.com\/blog\/author\/admin\/"}]}},"jetpack_featured_media_url":"","jetpack_sharing_enabled":true,"jetpack_shortlink":"https:\/\/wp.me\/pe6lTn-9w8","_links":{"self":[{"href":"https:\/\/www.visit-ulcinj.com\/blog\/wp-json\/wp\/v2\/posts\/36588"}],"collection":[{"href":"https:\/\/www.visit-ulcinj.com\/blog\/wp-json\/wp\/v2\/posts"}],"about":[{"href":"https:\/\/www.visit-ulcinj.com\/blog\/wp-json\/wp\/v2\/types\/post"}],"author":[{"embeddable":true,"href":"https:\/\/www.visit-ulcinj.com\/blog\/wp-json\/wp\/v2\/users\/1"}],"replies":[{"embeddable":true,"href":"https:\/\/www.visit-ulcinj.com\/blog\/wp-json\/wp\/v2\/comments?post=36588"}],"version-history":[{"count":0,"href":"https:\/\/www.visit-ulcinj.com\/blog\/wp-json\/wp\/v2\/posts\/36588\/revisions"}],"wp:attachment":[{"href":"https:\/\/www.visit-ulcinj.com\/blog\/wp-json\/wp\/v2\/media?parent=36588"}],"wp:term":[{"taxonomy":"category","embeddable":true,"href":"https:\/\/www.visit-ulcinj.com\/blog\/wp-json\/wp\/v2\/categories?post=36588"},{"taxonomy":"post_tag","embeddable":true,"href":"https:\/\/www.visit-ulcinj.com\/blog\/wp-json\/wp\/v2\/tags?post=36588"}],"curies":[{"name":"wp","href":"https:\/\/api.w.org\/{rel}","templated":true}]}}