{"id":36594,"date":"2010-09-01T13:26:34","date_gmt":"2010-09-01T11:26:34","guid":{"rendered":"http:\/\/www.visit-ulcinj.com\/blog\/?p=36594"},"modified":"2010-09-01T14:02:09","modified_gmt":"2010-09-01T12:02:09","slug":"aurela-gace-kalon-pushimet-ne-turqi","status":"publish","type":"post","link":"https:\/\/www.visit-ulcinj.com\/blog\/2010\/09\/01\/aurela-gace-kalon-pushimet-ne-turqi\/","title":{"rendered":"Aurela Ga\u00e7e kalon pushimet n\u00eb Turqi"},"content":{"rendered":"<p><a href=\"http:\/\/www.visit-ulcinj.com\/blog\/wp-content\/uploads\/2010\/09\/Aurela-Ga\u00e7e.jpg\"><img loading=\"lazy\" class=\"alignleft size-full wp-image-36609\" title=\"Aurela Ga\u00e7e\" src=\"http:\/\/www.visit-ulcinj.com\/blog\/wp-content\/uploads\/2010\/09\/Aurela-Ga\u00e7e.jpg\" alt=\"\" width=\"490\" height=\"380\" \/><\/a>K\u00ebng\u00ebtarja Aurela Ga\u00e7e, e cila aktualisht \u00ebsht\u00eb e pranishme n\u00eb televizionet muzikore, por edhe n\u00eb gjith\u00eb ambientet verore me hitin e saj \u201cOrigjinale\u201d, tregon se pushimi ka qen\u00eb shum\u00eb i ve\u00e7ant\u00eb, sepse ka qen\u00eb fakti q\u00eb \u00ebsht\u00eb mbledhur me familjen e saj.<\/p>\n<p>\u201cKam qen\u00eb n\u00eb Turqi, n\u00eb dy qytete atje ku kemi pushuar. Pavar\u00ebsisht bukurive q\u00eb ka ai vend, shqet\u00ebsuese p\u00ebr mua ishte i nxehti i madh. Gjithsesi kam kaluar pushime t\u00eb bukura, por ajo q\u00eb i b\u00ebri m\u00eb t\u00eb bukura ishte fakti se pushimet jan\u00eb koh\u00eb kur ne mblidhemi t\u00eb gjith\u00eb familjarisht prind\u00ebrit, v\u00ebllai im q\u00eb jeton n\u00eb Itali dhe motra Blerta e cila erdhi nga Shtetet e Bashkuara t\u00eb Amerik\u00ebs n\u00eb Turqi\u201d, ka th\u00ebn\u00eb Aurela.<\/p>\n<p>\u201cKaluam bukur nd\u00ebrsa pas kthimit nga Turqia, b\u00ebm\u00eb edhe nj\u00eb tur n\u00eb bregdetin shqiptar, ku sigurisht shkova n\u00eb Vlor\u00eb n\u00eb qytetin tim, Dh\u00ebrmi, por edhe n\u00eb nj\u00eb udh\u00ebtim turistik n\u00eb Berat\u201d, tregon k\u00ebng\u00ebtarja Ga\u00e7e.<\/p>\n<p><strong>Bluetooth<br \/>\n<!--YouTube Error: bad URL entered--><\/strong><\/p>\n","protected":false},"excerpt":{"rendered":"<p>K\u00ebng\u00ebtarja Aurela Ga\u00e7e, e cila aktualisht \u00ebsht\u00eb e pranishme n\u00eb televizionet muzikore, por edhe n\u00eb gjith\u00eb ambientet verore me hitin e saj \u201cOrigjinale\u201d, tregon se pushimi ka qen\u00eb shum\u00eb i ve\u00e7ant\u00eb, sepse ka qen\u00eb fakti q\u00eb \u00ebsht\u00eb mbledhur me familjen e saj. \u201cKam qen\u00eb n\u00eb Turqi, n\u00eb dy qytete atje ku kemi pushuar. Pavar\u00ebsisht bukurive [&hellip;]<\/p>\n","protected":false},"author":1,"featured_media":0,"comment_status":"open","ping_status":"closed","sticky":false,"template":"","format":"standard","meta":{"spay_email":"","jetpack_publicize_message":"","jetpack_is_tweetstorm":false,"jetpack_publicize_feature_enabled":true},"categories":[1],"tags":[5088,15242],"jetpack_publicize_connections":[],"yoast_head":"<!-- This site is optimized with the Yoast SEO plugin v19.1 - https:\/\/yoast.com\/wordpress\/plugins\/seo\/ -->\n<title>Aurela Ga\u00e7e kalon pushimet n\u00eb Turqi - Lajme nga Ulqini<\/title>\n<meta name=\"description\" content=\"K\u00ebng\u00ebtarja Aurela Ga\u00e7e, e cila aktualisht \u00ebsht\u00eb e pranishme n\u00eb televizionet muzikore, por edhe n\u00eb gjith\u00eb ambientet verore me hitin e saj \u201cOrigjinale\u201d,\" \/>\n<meta name=\"robots\" content=\"index, follow, max-snippet:-1, max-image-preview:large, max-video-preview:-1\" \/>\n<link rel=\"canonical\" href=\"https:\/\/www.visit-ulcinj.com\/blog\/2010\/09\/01\/aurela-gace-kalon-pushimet-ne-turqi\/\" \/>\n<meta property=\"og:locale\" content=\"en_US\" \/>\n<meta property=\"og:type\" content=\"article\" \/>\n<meta property=\"og:title\" content=\"Aurela Ga\u00e7e kalon pushimet n\u00eb Turqi - Lajme nga Ulqini\" \/>\n<meta property=\"og:description\" content=\"K\u00ebng\u00ebtarja Aurela Ga\u00e7e, e cila aktualisht \u00ebsht\u00eb e pranishme n\u00eb televizionet muzikore, por edhe n\u00eb gjith\u00eb ambientet verore me hitin e saj \u201cOrigjinale\u201d,\" \/>\n<meta property=\"og:url\" content=\"https:\/\/www.visit-ulcinj.com\/blog\/2010\/09\/01\/aurela-gace-kalon-pushimet-ne-turqi\/\" \/>\n<meta property=\"og:site_name\" content=\"Lajme nga Ulqini\" \/>\n<meta property=\"article:published_time\" content=\"2010-09-01T11:26:34+00:00\" \/>\n<meta property=\"article:modified_time\" content=\"2010-09-01T12:02:09+00:00\" \/>\n<meta name=\"twitter:label1\" content=\"Written by\" \/>\n\t<meta name=\"twitter:data1\" content=\"ulqini\" \/>\n\t<meta name=\"twitter:label2\" content=\"Est. reading time\" \/>\n\t<meta name=\"twitter:data2\" content=\"1 minute\" \/>\n<script type=\"application\/ld+json\" class=\"yoast-schema-graph\">{\"@context\":\"https:\/\/schema.org\",\"@graph\":[{\"@type\":\"WebSite\",\"@id\":\"https:\/\/www.visit-ulcinj.com\/blog\/#website\",\"url\":\"https:\/\/www.visit-ulcinj.com\/blog\/\",\"name\":\"Lajme nga Ulqini\",\"description\":\"Lajme,Vijesti,Ulqini,Ulqin,Crna Gora,Mali i Zi\",\"potentialAction\":[{\"@type\":\"SearchAction\",\"target\":{\"@type\":\"EntryPoint\",\"urlTemplate\":\"https:\/\/www.visit-ulcinj.com\/blog\/?s={search_term_string}\"},\"query-input\":\"required name=search_term_string\"}],\"inLanguage\":\"en-US\"},{\"@type\":\"WebPage\",\"@id\":\"https:\/\/www.visit-ulcinj.com\/blog\/2010\/09\/01\/aurela-gace-kalon-pushimet-ne-turqi\/#webpage\",\"url\":\"https:\/\/www.visit-ulcinj.com\/blog\/2010\/09\/01\/aurela-gace-kalon-pushimet-ne-turqi\/\",\"name\":\"Aurela Ga\u00e7e kalon pushimet n\u00eb Turqi - Lajme nga Ulqini\",\"isPartOf\":{\"@id\":\"https:\/\/www.visit-ulcinj.com\/blog\/#website\"},\"datePublished\":\"2010-09-01T11:26:34+00:00\",\"dateModified\":\"2010-09-01T12:02:09+00:00\",\"author\":{\"@id\":\"https:\/\/www.visit-ulcinj.com\/blog\/#\/schema\/person\/dcab619c614d3038751c63bc2aadc06d\"},\"description\":\"K\u00ebng\u00ebtarja Aurela Ga\u00e7e, e cila aktualisht \u00ebsht\u00eb e pranishme n\u00eb televizionet muzikore, por edhe n\u00eb gjith\u00eb ambientet verore me hitin e saj \u201cOrigjinale\u201d,\",\"breadcrumb\":{\"@id\":\"https:\/\/www.visit-ulcinj.com\/blog\/2010\/09\/01\/aurela-gace-kalon-pushimet-ne-turqi\/#breadcrumb\"},\"inLanguage\":\"en-US\",\"potentialAction\":[{\"@type\":\"ReadAction\",\"target\":[\"https:\/\/www.visit-ulcinj.com\/blog\/2010\/09\/01\/aurela-gace-kalon-pushimet-ne-turqi\/\"]}]},{\"@type\":\"BreadcrumbList\",\"@id\":\"https:\/\/www.visit-ulcinj.com\/blog\/2010\/09\/01\/aurela-gace-kalon-pushimet-ne-turqi\/#breadcrumb\",\"itemListElement\":[{\"@type\":\"ListItem\",\"position\":1,\"name\":\"Aurela Ga\u00e7e kalon pushimet n\u00eb Turqi\"}]},{\"@type\":\"Person\",\"@id\":\"https:\/\/www.visit-ulcinj.com\/blog\/#\/schema\/person\/dcab619c614d3038751c63bc2aadc06d\",\"name\":\"ulqini\",\"sameAs\":[\"http:\/\/www.visit-ulcinj.com\"],\"url\":\"https:\/\/www.visit-ulcinj.com\/blog\/author\/admin\/\"}]}<\/script>\n<!-- \/ Yoast SEO plugin. -->","yoast_head_json":{"title":"Aurela Ga\u00e7e kalon pushimet n\u00eb Turqi - Lajme nga Ulqini","description":"K\u00ebng\u00ebtarja Aurela Ga\u00e7e, e cila aktualisht \u00ebsht\u00eb e pranishme n\u00eb televizionet muzikore, por edhe n\u00eb gjith\u00eb ambientet verore me hitin e saj \u201cOrigjinale\u201d,","robots":{"index":"index","follow":"follow","max-snippet":"max-snippet:-1","max-image-preview":"max-image-preview:large","max-video-preview":"max-video-preview:-1"},"canonical":"https:\/\/www.visit-ulcinj.com\/blog\/2010\/09\/01\/aurela-gace-kalon-pushimet-ne-turqi\/","og_locale":"en_US","og_type":"article","og_title":"Aurela Ga\u00e7e kalon pushimet n\u00eb Turqi - Lajme nga Ulqini","og_description":"K\u00ebng\u00ebtarja Aurela Ga\u00e7e, e cila aktualisht \u00ebsht\u00eb e pranishme n\u00eb televizionet muzikore, por edhe n\u00eb gjith\u00eb ambientet verore me hitin e saj \u201cOrigjinale\u201d,","og_url":"https:\/\/www.visit-ulcinj.com\/blog\/2010\/09\/01\/aurela-gace-kalon-pushimet-ne-turqi\/","og_site_name":"Lajme nga Ulqini","article_published_time":"2010-09-01T11:26:34+00:00","article_modified_time":"2010-09-01T12:02:09+00:00","twitter_misc":{"Written by":"ulqini","Est. reading time":"1 minute"},"schema":{"@context":"https:\/\/schema.org","@graph":[{"@type":"WebSite","@id":"https:\/\/www.visit-ulcinj.com\/blog\/#website","url":"https:\/\/www.visit-ulcinj.com\/blog\/","name":"Lajme nga Ulqini","description":"Lajme,Vijesti,Ulqini,Ulqin,Crna Gora,Mali i Zi","potentialAction":[{"@type":"SearchAction","target":{"@type":"EntryPoint","urlTemplate":"https:\/\/www.visit-ulcinj.com\/blog\/?s={search_term_string}"},"query-input":"required name=search_term_string"}],"inLanguage":"en-US"},{"@type":"WebPage","@id":"https:\/\/www.visit-ulcinj.com\/blog\/2010\/09\/01\/aurela-gace-kalon-pushimet-ne-turqi\/#webpage","url":"https:\/\/www.visit-ulcinj.com\/blog\/2010\/09\/01\/aurela-gace-kalon-pushimet-ne-turqi\/","name":"Aurela Ga\u00e7e kalon pushimet n\u00eb Turqi - Lajme nga Ulqini","isPartOf":{"@id":"https:\/\/www.visit-ulcinj.com\/blog\/#website"},"datePublished":"2010-09-01T11:26:34+00:00","dateModified":"2010-09-01T12:02:09+00:00","author":{"@id":"https:\/\/www.visit-ulcinj.com\/blog\/#\/schema\/person\/dcab619c614d3038751c63bc2aadc06d"},"description":"K\u00ebng\u00ebtarja Aurela Ga\u00e7e, e cila aktualisht \u00ebsht\u00eb e pranishme n\u00eb televizionet muzikore, por edhe n\u00eb gjith\u00eb ambientet verore me hitin e saj \u201cOrigjinale\u201d,","breadcrumb":{"@id":"https:\/\/www.visit-ulcinj.com\/blog\/2010\/09\/01\/aurela-gace-kalon-pushimet-ne-turqi\/#breadcrumb"},"inLanguage":"en-US","potentialAction":[{"@type":"ReadAction","target":["https:\/\/www.visit-ulcinj.com\/blog\/2010\/09\/01\/aurela-gace-kalon-pushimet-ne-turqi\/"]}]},{"@type":"BreadcrumbList","@id":"https:\/\/www.visit-ulcinj.com\/blog\/2010\/09\/01\/aurela-gace-kalon-pushimet-ne-turqi\/#breadcrumb","itemListElement":[{"@type":"ListItem","position":1,"name":"Aurela Ga\u00e7e kalon pushimet n\u00eb Turqi"}]},{"@type":"Person","@id":"https:\/\/www.visit-ulcinj.com\/blog\/#\/schema\/person\/dcab619c614d3038751c63bc2aadc06d","name":"ulqini","sameAs":["http:\/\/www.visit-ulcinj.com"],"url":"https:\/\/www.visit-ulcinj.com\/blog\/author\/admin\/"}]}},"jetpack_featured_media_url":"","jetpack_sharing_enabled":true,"jetpack_shortlink":"https:\/\/wp.me\/pe6lTn-9we","_links":{"self":[{"href":"https:\/\/www.visit-ulcinj.com\/blog\/wp-json\/wp\/v2\/posts\/36594"}],"collection":[{"href":"https:\/\/www.visit-ulcinj.com\/blog\/wp-json\/wp\/v2\/posts"}],"about":[{"href":"https:\/\/www.visit-ulcinj.com\/blog\/wp-json\/wp\/v2\/types\/post"}],"author":[{"embeddable":true,"href":"https:\/\/www.visit-ulcinj.com\/blog\/wp-json\/wp\/v2\/users\/1"}],"replies":[{"embeddable":true,"href":"https:\/\/www.visit-ulcinj.com\/blog\/wp-json\/wp\/v2\/comments?post=36594"}],"version-history":[{"count":0,"href":"https:\/\/www.visit-ulcinj.com\/blog\/wp-json\/wp\/v2\/posts\/36594\/revisions"}],"wp:attachment":[{"href":"https:\/\/www.visit-ulcinj.com\/blog\/wp-json\/wp\/v2\/media?parent=36594"}],"wp:term":[{"taxonomy":"category","embeddable":true,"href":"https:\/\/www.visit-ulcinj.com\/blog\/wp-json\/wp\/v2\/categories?post=36594"},{"taxonomy":"post_tag","embeddable":true,"href":"https:\/\/www.visit-ulcinj.com\/blog\/wp-json\/wp\/v2\/tags?post=36594"}],"curies":[{"name":"wp","href":"https:\/\/api.w.org\/{rel}","templated":true}]}}