{"id":36600,"date":"2010-09-01T13:47:40","date_gmt":"2010-09-01T11:47:40","guid":{"rendered":"http:\/\/www.visit-ulcinj.com\/blog\/?p=36600"},"modified":"2010-09-01T13:47:40","modified_gmt":"2010-09-01T11:47:40","slug":"emmy-foto-sensuale-ne-bregdet-te-ulqin","status":"publish","type":"post","link":"https:\/\/www.visit-ulcinj.com\/blog\/2010\/09\/01\/emmy-foto-sensuale-ne-bregdet-te-ulqin\/","title":{"rendered":"Emmy: Foto sensuale n\u00eb bregdet t\u00eb Ulqin"},"content":{"rendered":"<p><a href=\"http:\/\/www.visit-ulcinj.com\/blog\/wp-content\/uploads\/2010\/09\/Emmy-ne-ulqin.jpg\"><img loading=\"lazy\" class=\"alignleft size-full wp-image-36601\" title=\"Emmy  ne ulqin\" src=\"http:\/\/www.visit-ulcinj.com\/blog\/wp-content\/uploads\/2010\/09\/Emmy-ne-ulqin.jpg\" alt=\"\" width=\"490\" height=\"387\" \/><\/a>Ndryshe nga her\u00ebt e tjera k\u00ebng\u00ebtarja simpatike Emmy n\u00eb klipin e saj t\u00eb titulluar \u201cA ma jep\u201d ka prezantuar nj\u00eb imazh dhe nj\u00eb performanc\u00eb mjaft seksi. K\u00ebt\u00eb ver\u00eb Emmy, ndryshe nga t\u00eb tjerat \u00ebsht\u00eb paraqitur me nj\u00eb look special dhe me nj\u00eb trup mjaft perfekt.<br \/>\nKjo vihet re qart\u00eb edhe nga fotot q\u00eb ju shikoni m\u00eb posht\u00eb. Sikurse k\u00ebng\u00ebtaret e tjera edhe ajo nuk i ka shp\u00ebtuar objektivit t\u00eb aparatit (her\u00eb t\u00eb shkrepura vet\u00eb, her\u00eb nga paparaci) gjat\u00eb pushimeve n\u00eb bregdet.<\/p>\n<p>Edhe pse stina e ver\u00ebs p\u00ebr t\u00eb dhe koleget e saj \u00ebsht\u00eb \u201cfull\u201d me koncerte, koha p\u00ebr relaks si\u00e7 duket gjendet gjithmon\u00eb.<\/p>\n<p><br \/>\n<!--YouTube Error: bad URL entered--><\/p>\n","protected":false},"excerpt":{"rendered":"<p>Ndryshe nga her\u00ebt e tjera k\u00ebng\u00ebtarja simpatike Emmy n\u00eb klipin e saj t\u00eb titulluar \u201cA ma jep\u201d ka prezantuar nj\u00eb imazh dhe nj\u00eb performanc\u00eb mjaft seksi. K\u00ebt\u00eb ver\u00eb Emmy, ndryshe nga t\u00eb tjerat \u00ebsht\u00eb paraqitur me nj\u00eb look special dhe me nj\u00eb trup mjaft perfekt. Kjo vihet re qart\u00eb edhe nga fotot q\u00eb ju shikoni [&hellip;]<\/p>\n","protected":false},"author":1,"featured_media":0,"comment_status":"open","ping_status":"closed","sticky":false,"template":"","format":"standard","meta":{"spay_email":"","jetpack_publicize_message":"","jetpack_is_tweetstorm":false,"jetpack_publicize_feature_enabled":true},"categories":[1],"tags":[15243,200,18],"jetpack_publicize_connections":[],"yoast_head":"<!-- This site is optimized with the Yoast SEO plugin v19.1 - https:\/\/yoast.com\/wordpress\/plugins\/seo\/ -->\n<title>Emmy: Foto sensuale n\u00eb bregdet t\u00eb Ulqin - Lajme nga Ulqini<\/title>\n<meta name=\"description\" content=\"Ndryshe nga her\u00ebt e tjera k\u00ebng\u00ebtarja simpatike Emmy n\u00eb klipin e saj t\u00eb titulluar \u201cA ma jep\u201d ka prezantuar nj\u00eb imazh dhe nj\u00eb performanc\u00eb mjaft seksi. K\u00ebt\u00eb\" \/>\n<meta name=\"robots\" content=\"index, follow, max-snippet:-1, max-image-preview:large, max-video-preview:-1\" \/>\n<link rel=\"canonical\" href=\"https:\/\/www.visit-ulcinj.com\/blog\/2010\/09\/01\/emmy-foto-sensuale-ne-bregdet-te-ulqin\/\" \/>\n<meta property=\"og:locale\" content=\"en_US\" \/>\n<meta property=\"og:type\" content=\"article\" \/>\n<meta property=\"og:title\" content=\"Emmy: Foto sensuale n\u00eb bregdet t\u00eb Ulqin - Lajme nga Ulqini\" \/>\n<meta property=\"og:description\" content=\"Ndryshe nga her\u00ebt e tjera k\u00ebng\u00ebtarja simpatike Emmy n\u00eb klipin e saj t\u00eb titulluar \u201cA ma jep\u201d ka prezantuar nj\u00eb imazh dhe nj\u00eb performanc\u00eb mjaft seksi. K\u00ebt\u00eb\" \/>\n<meta property=\"og:url\" content=\"https:\/\/www.visit-ulcinj.com\/blog\/2010\/09\/01\/emmy-foto-sensuale-ne-bregdet-te-ulqin\/\" \/>\n<meta property=\"og:site_name\" content=\"Lajme nga Ulqini\" \/>\n<meta property=\"article:published_time\" content=\"2010-09-01T11:47:40+00:00\" \/>\n<meta property=\"og:image\" content=\"https:\/\/www.visit-ulcinj.com\/blog\/wp-content\/uploads\/2010\/09\/Emmy-ne-ulqin-150x150.jpg\" \/>\n<meta name=\"twitter:label1\" content=\"Written by\" \/>\n\t<meta name=\"twitter:data1\" content=\"ulqini\" \/>\n\t<meta name=\"twitter:label2\" content=\"Est. reading time\" \/>\n\t<meta name=\"twitter:data2\" content=\"1 minute\" \/>\n<script type=\"application\/ld+json\" class=\"yoast-schema-graph\">{\"@context\":\"https:\/\/schema.org\",\"@graph\":[{\"@type\":\"WebSite\",\"@id\":\"https:\/\/www.visit-ulcinj.com\/blog\/#website\",\"url\":\"https:\/\/www.visit-ulcinj.com\/blog\/\",\"name\":\"Lajme nga Ulqini\",\"description\":\"Lajme,Vijesti,Ulqini,Ulqin,Crna Gora,Mali i Zi\",\"potentialAction\":[{\"@type\":\"SearchAction\",\"target\":{\"@type\":\"EntryPoint\",\"urlTemplate\":\"https:\/\/www.visit-ulcinj.com\/blog\/?s={search_term_string}\"},\"query-input\":\"required name=search_term_string\"}],\"inLanguage\":\"en-US\"},{\"@type\":\"ImageObject\",\"inLanguage\":\"en-US\",\"@id\":\"https:\/\/www.visit-ulcinj.com\/blog\/2010\/09\/01\/emmy-foto-sensuale-ne-bregdet-te-ulqin\/#primaryimage\",\"url\":\"http:\/\/www.visit-ulcinj.com\/blog\/wp-content\/uploads\/2010\/09\/Emmy-ne-ulqin.jpg\",\"contentUrl\":\"http:\/\/www.visit-ulcinj.com\/blog\/wp-content\/uploads\/2010\/09\/Emmy-ne-ulqin.jpg\"},{\"@type\":\"WebPage\",\"@id\":\"https:\/\/www.visit-ulcinj.com\/blog\/2010\/09\/01\/emmy-foto-sensuale-ne-bregdet-te-ulqin\/#webpage\",\"url\":\"https:\/\/www.visit-ulcinj.com\/blog\/2010\/09\/01\/emmy-foto-sensuale-ne-bregdet-te-ulqin\/\",\"name\":\"Emmy: Foto sensuale n\u00eb bregdet t\u00eb Ulqin - Lajme nga Ulqini\",\"isPartOf\":{\"@id\":\"https:\/\/www.visit-ulcinj.com\/blog\/#website\"},\"primaryImageOfPage\":{\"@id\":\"https:\/\/www.visit-ulcinj.com\/blog\/2010\/09\/01\/emmy-foto-sensuale-ne-bregdet-te-ulqin\/#primaryimage\"},\"datePublished\":\"2010-09-01T11:47:40+00:00\",\"dateModified\":\"2010-09-01T11:47:40+00:00\",\"author\":{\"@id\":\"https:\/\/www.visit-ulcinj.com\/blog\/#\/schema\/person\/dcab619c614d3038751c63bc2aadc06d\"},\"description\":\"Ndryshe nga her\u00ebt e tjera k\u00ebng\u00ebtarja simpatike Emmy n\u00eb klipin e saj t\u00eb titulluar \u201cA ma jep\u201d ka prezantuar nj\u00eb imazh dhe nj\u00eb performanc\u00eb mjaft seksi. K\u00ebt\u00eb\",\"breadcrumb\":{\"@id\":\"https:\/\/www.visit-ulcinj.com\/blog\/2010\/09\/01\/emmy-foto-sensuale-ne-bregdet-te-ulqin\/#breadcrumb\"},\"inLanguage\":\"en-US\",\"potentialAction\":[{\"@type\":\"ReadAction\",\"target\":[\"https:\/\/www.visit-ulcinj.com\/blog\/2010\/09\/01\/emmy-foto-sensuale-ne-bregdet-te-ulqin\/\"]}]},{\"@type\":\"BreadcrumbList\",\"@id\":\"https:\/\/www.visit-ulcinj.com\/blog\/2010\/09\/01\/emmy-foto-sensuale-ne-bregdet-te-ulqin\/#breadcrumb\",\"itemListElement\":[{\"@type\":\"ListItem\",\"position\":1,\"name\":\"Emmy: Foto sensuale n\u00eb bregdet t\u00eb Ulqin\"}]},{\"@type\":\"Person\",\"@id\":\"https:\/\/www.visit-ulcinj.com\/blog\/#\/schema\/person\/dcab619c614d3038751c63bc2aadc06d\",\"name\":\"ulqini\",\"sameAs\":[\"http:\/\/www.visit-ulcinj.com\"],\"url\":\"https:\/\/www.visit-ulcinj.com\/blog\/author\/admin\/\"}]}<\/script>\n<!-- \/ Yoast SEO plugin. -->","yoast_head_json":{"title":"Emmy: Foto sensuale n\u00eb bregdet t\u00eb Ulqin - Lajme nga Ulqini","description":"Ndryshe nga her\u00ebt e tjera k\u00ebng\u00ebtarja simpatike Emmy n\u00eb klipin e saj t\u00eb titulluar \u201cA ma jep\u201d ka prezantuar nj\u00eb imazh dhe nj\u00eb performanc\u00eb mjaft seksi. K\u00ebt\u00eb","robots":{"index":"index","follow":"follow","max-snippet":"max-snippet:-1","max-image-preview":"max-image-preview:large","max-video-preview":"max-video-preview:-1"},"canonical":"https:\/\/www.visit-ulcinj.com\/blog\/2010\/09\/01\/emmy-foto-sensuale-ne-bregdet-te-ulqin\/","og_locale":"en_US","og_type":"article","og_title":"Emmy: Foto sensuale n\u00eb bregdet t\u00eb Ulqin - Lajme nga Ulqini","og_description":"Ndryshe nga her\u00ebt e tjera k\u00ebng\u00ebtarja simpatike Emmy n\u00eb klipin e saj t\u00eb titulluar \u201cA ma jep\u201d ka prezantuar nj\u00eb imazh dhe nj\u00eb performanc\u00eb mjaft seksi. K\u00ebt\u00eb","og_url":"https:\/\/www.visit-ulcinj.com\/blog\/2010\/09\/01\/emmy-foto-sensuale-ne-bregdet-te-ulqin\/","og_site_name":"Lajme nga Ulqini","article_published_time":"2010-09-01T11:47:40+00:00","og_image":[{"url":"https:\/\/www.visit-ulcinj.com\/blog\/wp-content\/uploads\/2010\/09\/Emmy-ne-ulqin-150x150.jpg"}],"twitter_misc":{"Written by":"ulqini","Est. reading time":"1 minute"},"schema":{"@context":"https:\/\/schema.org","@graph":[{"@type":"WebSite","@id":"https:\/\/www.visit-ulcinj.com\/blog\/#website","url":"https:\/\/www.visit-ulcinj.com\/blog\/","name":"Lajme nga Ulqini","description":"Lajme,Vijesti,Ulqini,Ulqin,Crna Gora,Mali i Zi","potentialAction":[{"@type":"SearchAction","target":{"@type":"EntryPoint","urlTemplate":"https:\/\/www.visit-ulcinj.com\/blog\/?s={search_term_string}"},"query-input":"required name=search_term_string"}],"inLanguage":"en-US"},{"@type":"ImageObject","inLanguage":"en-US","@id":"https:\/\/www.visit-ulcinj.com\/blog\/2010\/09\/01\/emmy-foto-sensuale-ne-bregdet-te-ulqin\/#primaryimage","url":"http:\/\/www.visit-ulcinj.com\/blog\/wp-content\/uploads\/2010\/09\/Emmy-ne-ulqin.jpg","contentUrl":"http:\/\/www.visit-ulcinj.com\/blog\/wp-content\/uploads\/2010\/09\/Emmy-ne-ulqin.jpg"},{"@type":"WebPage","@id":"https:\/\/www.visit-ulcinj.com\/blog\/2010\/09\/01\/emmy-foto-sensuale-ne-bregdet-te-ulqin\/#webpage","url":"https:\/\/www.visit-ulcinj.com\/blog\/2010\/09\/01\/emmy-foto-sensuale-ne-bregdet-te-ulqin\/","name":"Emmy: Foto sensuale n\u00eb bregdet t\u00eb Ulqin - Lajme nga Ulqini","isPartOf":{"@id":"https:\/\/www.visit-ulcinj.com\/blog\/#website"},"primaryImageOfPage":{"@id":"https:\/\/www.visit-ulcinj.com\/blog\/2010\/09\/01\/emmy-foto-sensuale-ne-bregdet-te-ulqin\/#primaryimage"},"datePublished":"2010-09-01T11:47:40+00:00","dateModified":"2010-09-01T11:47:40+00:00","author":{"@id":"https:\/\/www.visit-ulcinj.com\/blog\/#\/schema\/person\/dcab619c614d3038751c63bc2aadc06d"},"description":"Ndryshe nga her\u00ebt e tjera k\u00ebng\u00ebtarja simpatike Emmy n\u00eb klipin e saj t\u00eb titulluar \u201cA ma jep\u201d ka prezantuar nj\u00eb imazh dhe nj\u00eb performanc\u00eb mjaft seksi. K\u00ebt\u00eb","breadcrumb":{"@id":"https:\/\/www.visit-ulcinj.com\/blog\/2010\/09\/01\/emmy-foto-sensuale-ne-bregdet-te-ulqin\/#breadcrumb"},"inLanguage":"en-US","potentialAction":[{"@type":"ReadAction","target":["https:\/\/www.visit-ulcinj.com\/blog\/2010\/09\/01\/emmy-foto-sensuale-ne-bregdet-te-ulqin\/"]}]},{"@type":"BreadcrumbList","@id":"https:\/\/www.visit-ulcinj.com\/blog\/2010\/09\/01\/emmy-foto-sensuale-ne-bregdet-te-ulqin\/#breadcrumb","itemListElement":[{"@type":"ListItem","position":1,"name":"Emmy: Foto sensuale n\u00eb bregdet t\u00eb Ulqin"}]},{"@type":"Person","@id":"https:\/\/www.visit-ulcinj.com\/blog\/#\/schema\/person\/dcab619c614d3038751c63bc2aadc06d","name":"ulqini","sameAs":["http:\/\/www.visit-ulcinj.com"],"url":"https:\/\/www.visit-ulcinj.com\/blog\/author\/admin\/"}]}},"jetpack_featured_media_url":"","jetpack_sharing_enabled":true,"jetpack_shortlink":"https:\/\/wp.me\/pe6lTn-9wk","_links":{"self":[{"href":"https:\/\/www.visit-ulcinj.com\/blog\/wp-json\/wp\/v2\/posts\/36600"}],"collection":[{"href":"https:\/\/www.visit-ulcinj.com\/blog\/wp-json\/wp\/v2\/posts"}],"about":[{"href":"https:\/\/www.visit-ulcinj.com\/blog\/wp-json\/wp\/v2\/types\/post"}],"author":[{"embeddable":true,"href":"https:\/\/www.visit-ulcinj.com\/blog\/wp-json\/wp\/v2\/users\/1"}],"replies":[{"embeddable":true,"href":"https:\/\/www.visit-ulcinj.com\/blog\/wp-json\/wp\/v2\/comments?post=36600"}],"version-history":[{"count":0,"href":"https:\/\/www.visit-ulcinj.com\/blog\/wp-json\/wp\/v2\/posts\/36600\/revisions"}],"wp:attachment":[{"href":"https:\/\/www.visit-ulcinj.com\/blog\/wp-json\/wp\/v2\/media?parent=36600"}],"wp:term":[{"taxonomy":"category","embeddable":true,"href":"https:\/\/www.visit-ulcinj.com\/blog\/wp-json\/wp\/v2\/categories?post=36600"},{"taxonomy":"post_tag","embeddable":true,"href":"https:\/\/www.visit-ulcinj.com\/blog\/wp-json\/wp\/v2\/tags?post=36600"}],"curies":[{"name":"wp","href":"https:\/\/api.w.org\/{rel}","templated":true}]}}