{"id":36611,"date":"2010-09-01T14:10:48","date_gmt":"2010-09-01T12:10:48","guid":{"rendered":"http:\/\/www.visit-ulcinj.com\/blog\/?p=36611"},"modified":"2010-09-01T14:10:48","modified_gmt":"2010-09-01T12:10:48","slug":"vesa-luma-i-kthehet-jetes-se-nates-ne-prishtine","status":"publish","type":"post","link":"https:\/\/www.visit-ulcinj.com\/blog\/2010\/09\/01\/vesa-luma-i-kthehet-jetes-se-nates-ne-prishtine\/","title":{"rendered":"Vesa Luma i kthehet jet\u00ebs s\u00eb nat\u00ebs n\u00eb Prishtin\u00eb"},"content":{"rendered":"<p><strong><img loading=\"lazy\" class=\"alignleft\" title=\"Vesa Luma\" src=\"http:\/\/www.visit-ulcinj.com\/blog\/wp-content\/uploads\/2010\/08\/Vesa-Luma.1.jpg\" alt=\"\" width=\"490\" height=\"380\" \/>Vesa Luma \u00ebsht\u00eb rikthyer n\u00eb vendin e saj pas nj\u00eb vere t\u00eb ndeshur me koncerte. <\/strong><\/p>\n<p>K\u00ebng\u00ebtarja duket se p\u00ebr k\u00ebt\u00eb sezon u ka dh\u00ebn\u00eb fund koncerteve dhe mbr\u00ebmjeve muzikore, t\u00eb cilat ishin t\u00eb shumta, dhe pas disa muajve t\u00eb ngjeshura pritet t\u00eb fillojn\u00eb aktivitetet e reja.<\/p>\n<p>Por fillimisht ajo po relaksohet, pasi \u00ebsht\u00eb rikthyer n\u00eb Prishtin\u00eb e lodhur dhe e stresuar, pas koncerteve n\u00eb bregdetin shqiptar, t\u00eb cil\u00ebn koh\u00eb e ka shfryt\u00ebzuar edhe p\u00ebr plazh.<\/p>\n<p>K\u00ebng\u00ebtarja \u00ebsht\u00eb shprehur e k\u00ebnaqur nga ky \u2018turne\u2019 dhe aktualisht po \u00e7lodhet pran\u00eb familjes, por pa l\u00ebn\u00eb anash edhe jet\u00ebn e nat\u00ebs me shoq\u00ebri, para se t\u00eb fokusohet p\u00ebr t\u00eb sjell\u00eb n\u00eb treg ndonj\u00eb material t\u00eb ri muzikor.<br \/>\n<!--YouTube Error: bad URL entered--><\/p>\n","protected":false},"excerpt":{"rendered":"<p>Vesa Luma \u00ebsht\u00eb rikthyer n\u00eb vendin e saj pas nj\u00eb vere t\u00eb ndeshur me koncerte. K\u00ebng\u00ebtarja duket se p\u00ebr k\u00ebt\u00eb sezon u ka dh\u00ebn\u00eb fund koncerteve dhe mbr\u00ebmjeve muzikore, t\u00eb cilat ishin t\u00eb shumta, dhe pas disa muajve t\u00eb ngjeshura pritet t\u00eb fillojn\u00eb aktivitetet e reja. Por fillimisht ajo po relaksohet, pasi \u00ebsht\u00eb rikthyer n\u00eb [&hellip;]<\/p>\n","protected":false},"author":1,"featured_media":0,"comment_status":"open","ping_status":"closed","sticky":false,"template":"","format":"standard","meta":{"spay_email":"","jetpack_publicize_message":"","jetpack_is_tweetstorm":false,"jetpack_publicize_feature_enabled":true},"categories":[1],"tags":[2306,5017],"jetpack_publicize_connections":[],"yoast_head":"<!-- This site is optimized with the Yoast SEO plugin v19.1 - https:\/\/yoast.com\/wordpress\/plugins\/seo\/ -->\n<title>Vesa Luma i kthehet jet\u00ebs s\u00eb nat\u00ebs n\u00eb Prishtin\u00eb - Lajme nga Ulqini<\/title>\n<meta name=\"description\" content=\"Vesa Luma \u00ebsht\u00eb rikthyer n\u00eb vendin e saj pas nj\u00eb vere t\u00eb ndeshur me koncerte. K\u00ebng\u00ebtarja duket se p\u00ebr k\u00ebt\u00eb sezon u ka dh\u00ebn\u00eb fund koncerteve dhe mbr\u00ebmjeve\" \/>\n<meta name=\"robots\" content=\"index, follow, max-snippet:-1, max-image-preview:large, max-video-preview:-1\" \/>\n<link rel=\"canonical\" href=\"https:\/\/www.visit-ulcinj.com\/blog\/2010\/09\/01\/vesa-luma-i-kthehet-jetes-se-nates-ne-prishtine\/\" \/>\n<meta property=\"og:locale\" content=\"en_US\" \/>\n<meta property=\"og:type\" content=\"article\" \/>\n<meta property=\"og:title\" content=\"Vesa Luma i kthehet jet\u00ebs s\u00eb nat\u00ebs n\u00eb Prishtin\u00eb - Lajme nga Ulqini\" \/>\n<meta property=\"og:description\" content=\"Vesa Luma \u00ebsht\u00eb rikthyer n\u00eb vendin e saj pas nj\u00eb vere t\u00eb ndeshur me koncerte. K\u00ebng\u00ebtarja duket se p\u00ebr k\u00ebt\u00eb sezon u ka dh\u00ebn\u00eb fund koncerteve dhe mbr\u00ebmjeve\" \/>\n<meta property=\"og:url\" content=\"https:\/\/www.visit-ulcinj.com\/blog\/2010\/09\/01\/vesa-luma-i-kthehet-jetes-se-nates-ne-prishtine\/\" \/>\n<meta property=\"og:site_name\" content=\"Lajme nga Ulqini\" \/>\n<meta property=\"article:published_time\" content=\"2010-09-01T12:10:48+00:00\" \/>\n<meta property=\"og:image\" content=\"http:\/\/www.visit-ulcinj.com\/blog\/wp-content\/uploads\/2010\/08\/Vesa-Luma.1.jpg\" \/>\n<meta name=\"twitter:label1\" content=\"Written by\" \/>\n\t<meta name=\"twitter:data1\" content=\"ulqini\" \/>\n\t<meta name=\"twitter:label2\" content=\"Est. reading time\" \/>\n\t<meta name=\"twitter:data2\" content=\"1 minute\" \/>\n<script type=\"application\/ld+json\" class=\"yoast-schema-graph\">{\"@context\":\"https:\/\/schema.org\",\"@graph\":[{\"@type\":\"WebSite\",\"@id\":\"https:\/\/www.visit-ulcinj.com\/blog\/#website\",\"url\":\"https:\/\/www.visit-ulcinj.com\/blog\/\",\"name\":\"Lajme nga Ulqini\",\"description\":\"Lajme,Vijesti,Ulqini,Ulqin,Crna Gora,Mali i Zi\",\"potentialAction\":[{\"@type\":\"SearchAction\",\"target\":{\"@type\":\"EntryPoint\",\"urlTemplate\":\"https:\/\/www.visit-ulcinj.com\/blog\/?s={search_term_string}\"},\"query-input\":\"required name=search_term_string\"}],\"inLanguage\":\"en-US\"},{\"@type\":\"ImageObject\",\"inLanguage\":\"en-US\",\"@id\":\"https:\/\/www.visit-ulcinj.com\/blog\/2010\/09\/01\/vesa-luma-i-kthehet-jetes-se-nates-ne-prishtine\/#primaryimage\",\"url\":\"http:\/\/www.visit-ulcinj.com\/blog\/wp-content\/uploads\/2010\/08\/Vesa-Luma.1.jpg\",\"contentUrl\":\"http:\/\/www.visit-ulcinj.com\/blog\/wp-content\/uploads\/2010\/08\/Vesa-Luma.1.jpg\"},{\"@type\":\"WebPage\",\"@id\":\"https:\/\/www.visit-ulcinj.com\/blog\/2010\/09\/01\/vesa-luma-i-kthehet-jetes-se-nates-ne-prishtine\/#webpage\",\"url\":\"https:\/\/www.visit-ulcinj.com\/blog\/2010\/09\/01\/vesa-luma-i-kthehet-jetes-se-nates-ne-prishtine\/\",\"name\":\"Vesa Luma i kthehet jet\u00ebs s\u00eb nat\u00ebs n\u00eb Prishtin\u00eb - Lajme nga Ulqini\",\"isPartOf\":{\"@id\":\"https:\/\/www.visit-ulcinj.com\/blog\/#website\"},\"primaryImageOfPage\":{\"@id\":\"https:\/\/www.visit-ulcinj.com\/blog\/2010\/09\/01\/vesa-luma-i-kthehet-jetes-se-nates-ne-prishtine\/#primaryimage\"},\"datePublished\":\"2010-09-01T12:10:48+00:00\",\"dateModified\":\"2010-09-01T12:10:48+00:00\",\"author\":{\"@id\":\"https:\/\/www.visit-ulcinj.com\/blog\/#\/schema\/person\/dcab619c614d3038751c63bc2aadc06d\"},\"description\":\"Vesa Luma \u00ebsht\u00eb rikthyer n\u00eb vendin e saj pas nj\u00eb vere t\u00eb ndeshur me koncerte. K\u00ebng\u00ebtarja duket se p\u00ebr k\u00ebt\u00eb sezon u ka dh\u00ebn\u00eb fund koncerteve dhe mbr\u00ebmjeve\",\"breadcrumb\":{\"@id\":\"https:\/\/www.visit-ulcinj.com\/blog\/2010\/09\/01\/vesa-luma-i-kthehet-jetes-se-nates-ne-prishtine\/#breadcrumb\"},\"inLanguage\":\"en-US\",\"potentialAction\":[{\"@type\":\"ReadAction\",\"target\":[\"https:\/\/www.visit-ulcinj.com\/blog\/2010\/09\/01\/vesa-luma-i-kthehet-jetes-se-nates-ne-prishtine\/\"]}]},{\"@type\":\"BreadcrumbList\",\"@id\":\"https:\/\/www.visit-ulcinj.com\/blog\/2010\/09\/01\/vesa-luma-i-kthehet-jetes-se-nates-ne-prishtine\/#breadcrumb\",\"itemListElement\":[{\"@type\":\"ListItem\",\"position\":1,\"name\":\"Vesa Luma i kthehet jet\u00ebs s\u00eb nat\u00ebs n\u00eb Prishtin\u00eb\"}]},{\"@type\":\"Person\",\"@id\":\"https:\/\/www.visit-ulcinj.com\/blog\/#\/schema\/person\/dcab619c614d3038751c63bc2aadc06d\",\"name\":\"ulqini\",\"sameAs\":[\"http:\/\/www.visit-ulcinj.com\"],\"url\":\"https:\/\/www.visit-ulcinj.com\/blog\/author\/admin\/\"}]}<\/script>\n<!-- \/ Yoast SEO plugin. -->","yoast_head_json":{"title":"Vesa Luma i kthehet jet\u00ebs s\u00eb nat\u00ebs n\u00eb Prishtin\u00eb - Lajme nga Ulqini","description":"Vesa Luma \u00ebsht\u00eb rikthyer n\u00eb vendin e saj pas nj\u00eb vere t\u00eb ndeshur me koncerte. K\u00ebng\u00ebtarja duket se p\u00ebr k\u00ebt\u00eb sezon u ka dh\u00ebn\u00eb fund koncerteve dhe mbr\u00ebmjeve","robots":{"index":"index","follow":"follow","max-snippet":"max-snippet:-1","max-image-preview":"max-image-preview:large","max-video-preview":"max-video-preview:-1"},"canonical":"https:\/\/www.visit-ulcinj.com\/blog\/2010\/09\/01\/vesa-luma-i-kthehet-jetes-se-nates-ne-prishtine\/","og_locale":"en_US","og_type":"article","og_title":"Vesa Luma i kthehet jet\u00ebs s\u00eb nat\u00ebs n\u00eb Prishtin\u00eb - Lajme nga Ulqini","og_description":"Vesa Luma \u00ebsht\u00eb rikthyer n\u00eb vendin e saj pas nj\u00eb vere t\u00eb ndeshur me koncerte. K\u00ebng\u00ebtarja duket se p\u00ebr k\u00ebt\u00eb sezon u ka dh\u00ebn\u00eb fund koncerteve dhe mbr\u00ebmjeve","og_url":"https:\/\/www.visit-ulcinj.com\/blog\/2010\/09\/01\/vesa-luma-i-kthehet-jetes-se-nates-ne-prishtine\/","og_site_name":"Lajme nga Ulqini","article_published_time":"2010-09-01T12:10:48+00:00","og_image":[{"url":"http:\/\/www.visit-ulcinj.com\/blog\/wp-content\/uploads\/2010\/08\/Vesa-Luma.1.jpg"}],"twitter_misc":{"Written by":"ulqini","Est. reading time":"1 minute"},"schema":{"@context":"https:\/\/schema.org","@graph":[{"@type":"WebSite","@id":"https:\/\/www.visit-ulcinj.com\/blog\/#website","url":"https:\/\/www.visit-ulcinj.com\/blog\/","name":"Lajme nga Ulqini","description":"Lajme,Vijesti,Ulqini,Ulqin,Crna Gora,Mali i Zi","potentialAction":[{"@type":"SearchAction","target":{"@type":"EntryPoint","urlTemplate":"https:\/\/www.visit-ulcinj.com\/blog\/?s={search_term_string}"},"query-input":"required name=search_term_string"}],"inLanguage":"en-US"},{"@type":"ImageObject","inLanguage":"en-US","@id":"https:\/\/www.visit-ulcinj.com\/blog\/2010\/09\/01\/vesa-luma-i-kthehet-jetes-se-nates-ne-prishtine\/#primaryimage","url":"http:\/\/www.visit-ulcinj.com\/blog\/wp-content\/uploads\/2010\/08\/Vesa-Luma.1.jpg","contentUrl":"http:\/\/www.visit-ulcinj.com\/blog\/wp-content\/uploads\/2010\/08\/Vesa-Luma.1.jpg"},{"@type":"WebPage","@id":"https:\/\/www.visit-ulcinj.com\/blog\/2010\/09\/01\/vesa-luma-i-kthehet-jetes-se-nates-ne-prishtine\/#webpage","url":"https:\/\/www.visit-ulcinj.com\/blog\/2010\/09\/01\/vesa-luma-i-kthehet-jetes-se-nates-ne-prishtine\/","name":"Vesa Luma i kthehet jet\u00ebs s\u00eb nat\u00ebs n\u00eb Prishtin\u00eb - Lajme nga Ulqini","isPartOf":{"@id":"https:\/\/www.visit-ulcinj.com\/blog\/#website"},"primaryImageOfPage":{"@id":"https:\/\/www.visit-ulcinj.com\/blog\/2010\/09\/01\/vesa-luma-i-kthehet-jetes-se-nates-ne-prishtine\/#primaryimage"},"datePublished":"2010-09-01T12:10:48+00:00","dateModified":"2010-09-01T12:10:48+00:00","author":{"@id":"https:\/\/www.visit-ulcinj.com\/blog\/#\/schema\/person\/dcab619c614d3038751c63bc2aadc06d"},"description":"Vesa Luma \u00ebsht\u00eb rikthyer n\u00eb vendin e saj pas nj\u00eb vere t\u00eb ndeshur me koncerte. K\u00ebng\u00ebtarja duket se p\u00ebr k\u00ebt\u00eb sezon u ka dh\u00ebn\u00eb fund koncerteve dhe mbr\u00ebmjeve","breadcrumb":{"@id":"https:\/\/www.visit-ulcinj.com\/blog\/2010\/09\/01\/vesa-luma-i-kthehet-jetes-se-nates-ne-prishtine\/#breadcrumb"},"inLanguage":"en-US","potentialAction":[{"@type":"ReadAction","target":["https:\/\/www.visit-ulcinj.com\/blog\/2010\/09\/01\/vesa-luma-i-kthehet-jetes-se-nates-ne-prishtine\/"]}]},{"@type":"BreadcrumbList","@id":"https:\/\/www.visit-ulcinj.com\/blog\/2010\/09\/01\/vesa-luma-i-kthehet-jetes-se-nates-ne-prishtine\/#breadcrumb","itemListElement":[{"@type":"ListItem","position":1,"name":"Vesa Luma i kthehet jet\u00ebs s\u00eb nat\u00ebs n\u00eb Prishtin\u00eb"}]},{"@type":"Person","@id":"https:\/\/www.visit-ulcinj.com\/blog\/#\/schema\/person\/dcab619c614d3038751c63bc2aadc06d","name":"ulqini","sameAs":["http:\/\/www.visit-ulcinj.com"],"url":"https:\/\/www.visit-ulcinj.com\/blog\/author\/admin\/"}]}},"jetpack_featured_media_url":"","jetpack_sharing_enabled":true,"jetpack_shortlink":"https:\/\/wp.me\/pe6lTn-9wv","_links":{"self":[{"href":"https:\/\/www.visit-ulcinj.com\/blog\/wp-json\/wp\/v2\/posts\/36611"}],"collection":[{"href":"https:\/\/www.visit-ulcinj.com\/blog\/wp-json\/wp\/v2\/posts"}],"about":[{"href":"https:\/\/www.visit-ulcinj.com\/blog\/wp-json\/wp\/v2\/types\/post"}],"author":[{"embeddable":true,"href":"https:\/\/www.visit-ulcinj.com\/blog\/wp-json\/wp\/v2\/users\/1"}],"replies":[{"embeddable":true,"href":"https:\/\/www.visit-ulcinj.com\/blog\/wp-json\/wp\/v2\/comments?post=36611"}],"version-history":[{"count":0,"href":"https:\/\/www.visit-ulcinj.com\/blog\/wp-json\/wp\/v2\/posts\/36611\/revisions"}],"wp:attachment":[{"href":"https:\/\/www.visit-ulcinj.com\/blog\/wp-json\/wp\/v2\/media?parent=36611"}],"wp:term":[{"taxonomy":"category","embeddable":true,"href":"https:\/\/www.visit-ulcinj.com\/blog\/wp-json\/wp\/v2\/categories?post=36611"},{"taxonomy":"post_tag","embeddable":true,"href":"https:\/\/www.visit-ulcinj.com\/blog\/wp-json\/wp\/v2\/tags?post=36611"}],"curies":[{"name":"wp","href":"https:\/\/api.w.org\/{rel}","templated":true}]}}