{"id":36614,"date":"2010-09-01T14:38:41","date_gmt":"2010-09-01T12:38:41","guid":{"rendered":"http:\/\/www.visit-ulcinj.com\/blog\/?p=36614"},"modified":"2010-09-01T14:38:41","modified_gmt":"2010-09-01T12:38:41","slug":"bashkepunim-i-mire-i-ftk-se-dhe-kt-%e2%80%9cbellevue%e2%80%9d","status":"publish","type":"post","link":"https:\/\/www.visit-ulcinj.com\/blog\/2010\/09\/01\/bashkepunim-i-mire-i-ftk-se-dhe-kt-%e2%80%9cbellevue%e2%80%9d\/","title":{"rendered":"Bashk\u00ebpunim i mir\u00eb i FTK-s\u00eb dhe KT \u201cBellevue\u201d"},"content":{"rendered":"<p><a href=\"http:\/\/www.visit-ulcinj.com\/blog\/wp-content\/uploads\/2010\/09\/Klubi-Tenisit-Bellevue.jpg\"><img loading=\"lazy\" class=\"alignleft size-full wp-image-36615\" title=\"Klubi Tenisit Bellevue\" src=\"http:\/\/www.visit-ulcinj.com\/blog\/wp-content\/uploads\/2010\/09\/Klubi-Tenisit-Bellevue.jpg\" alt=\"\" width=\"320\" height=\"502\" \/><\/a>Nd\u00ebrmjet Federat\u00ebs s\u00eb Tenisit t\u00eb Kosov\u00ebs dhe\u00a0Klubit t\u00eb Tenisit \u201cBellevue\u201d ekziston nj\u00eb\u00a0bashk\u00ebpunim i mir\u00eb q\u00eb prej hapjes s\u00eb k\u00ebtij klubi.\u00a0Had\u00ebrgjonaj thot\u00eb se trajner\u00ebt e licensuar nga\u00a0Kosova kan\u00eb punuar vitin e kaluar por edhe tani\u00a0vazhdojn\u00eb t\u00eb ndihmojn\u00eb n\u00eb st\u00ebrvitjet e ngritjes s\u00eb\u00a0cil\u00ebsis\u00eb t\u00eb tenist\u00ebve t\u00eb rinj nga Ulqini.<br \/>\n<strong>Kjo \u00ebsht\u00eb hera e par\u00eb q\u00eb organizohet\u00a0k\u00ebsaj grupmoshe jasht\u00eb Kosov\u00ebs.\u00a0N\u00eb t\u00eb marrin pjes\u00eb 21 tenist\u00eb t\u00eb\u00a0mosh\u00ebs 10-16 vje\u00e7, shtat\u00eb prej t\u00eb\u00a0cil\u00ebve femra. Udh\u00ebheq\u00ebsi i k\u00ebtij\u00a0kampi, Jeton Had\u00ebrgjonaj, n\u00ebnkryetar\u00a0i Federat\u00ebs s\u00eb Tenisit t\u00eb\u00a0Kosov\u00ebs, thot\u00eb se e kan\u00eb p\u00ebrzgjedhur\u00a0Ulqinin p\u00ebr mbajtjen e tij pasi q\u00eb\u00a0n\u00eb Kosov\u00eb nuk ka nj\u00eb kompleks t\u00eb\u00a0till\u00eb t\u00eb mir\u00eb t\u00eb terreneve<br \/>\n<\/strong>Federata e Tenisit t\u00eb Kosov\u00ebs po mban n\u00eb kompleksin\u00a0sportiv t\u00eb Klubit t\u00eb Tenisit \u201cBellevue\u201d\u00a0n\u00eb Ulqin q\u00eb prej t\u00eb shtun\u00ebs Kampin rezidencial\u00a0nj\u00ebjavor t\u00eb tenist\u00ebve nga Kosova n\u00ebn mosh\u00ebn\u00a016 vje\u00e7.\u00a0Kjo \u00ebsht\u00eb hera e par\u00eb q\u00eb organizohet nj\u00eb kamp\u00a0i till\u00eb p\u00ebr tenist\u00ebt e k\u00ebsaj grupmoshe jasht\u00eb\u00a0Kosov\u00ebs. N\u00eb t\u00eb marrin pjes\u00eb 21 tenist\u00eb t\u00eb\u00a0mosh\u00ebs 10-16 vje\u00e7, shtat\u00eb prej t\u00eb cil\u00ebve femra\u00a0Udh\u00ebheq\u00ebsi i k\u00ebtij kampi, Jeton Had\u00ebrgjonaj,\u00a0n\u00ebnkryetar i Federat\u00ebs s\u00eb Tenisit t\u00eb Kosov\u00ebs,\u00a0thot\u00eb se e kan\u00eb p\u00ebrzgjedhur Ulqinin p\u00ebr mbajtjen\u00a0e tij pasi q\u00eb n\u00eb Kosov\u00eb nuk ka nj\u00eb kompleks\u00a0t\u00eb till\u00eb t\u00eb mir\u00eb t\u00eb terreneve.\u00a0Nj\u00eb arsye tjet\u00ebr, sipas tij, jan\u00eb edhe \u201clidhjet v\u00ebllaz\u00ebrore\u00a0me shqiptar\u00ebt e Ulqinit\u201d.\u00a0Had\u00ebrgjonaj shprehet i k\u00ebnaqur\u00a0me kushtet q\u00eb ofron kompleksi\u00a0sportiv i KT \u201cBellevue\u201d, terrenet\u00a0sportive dhe stafin e k\u00ebtij klubi.\u00a0Organizimi i kampit ka p\u00ebr q\u00ebllim\u00a0p\u00ebrgatitjen sa m\u00eb profesionale t\u00eb\u00a0tenist\u00ebve t\u00eb k\u00ebsaj grupmoshe.\u00a0\u201cSynimi i organizimit t\u00eb kampit\u00a0\u00ebsht\u00eb p\u00ebrgatitja sa m\u00eb profesionale\u00a0e tenist\u00ebve t\u00eb rinj nga Kosova n\u00eb\u00a0kat\u00ebr aspekte: teknika, taktika,\u00a0p\u00ebrgatitja fizike dhe ajo psiqike, si\u00a0dhe adaptimi i tyre me pun\u00ebn shtes\u00eb\u00a0p\u00ebr garat dhe turnet\u00eb nd\u00ebrkomb\u00ebtare,\u00a0ku tenist\u00ebt nga Kosova deri\u00a0tani nuk kan\u00eb pasur mund\u00ebsi t\u00eb\u00a0marrin pjes\u00eb\u201d, thot\u00eb Had\u00ebrgjonaj.\u00a0St\u00ebrvitjet zgjasin pes\u00eb or\u00eb n\u00eb dit\u00eb\u00a0dhe ato zhvillohen sipas programeve\u00a0m\u00eb t\u00eb reja.\u00a0N\u00eb pun\u00ebn e tij Had\u00ebrgjonaj ndihmohet\u00a0edhe nga tre trajner\u00eb t\u00eb tjer\u00eb\u00a0t\u00eb licensuar: Arsim Haxhishabani, Burim\u00a0\u00c7itaku dhe Granit Bajraliu.\u00a0Kampi rezidencial po mbahet me mb\u00ebshtetjen\u00a0financiare t\u00eb Departamentit t\u00eb Sportit n\u00eb\u00a0Ministrin\u00eb e Kultur\u00ebs, Rinis\u00eb dhe Sportit t\u00eb Kosov\u00ebs.<\/p>\n<p><strong>I.Kallaba<br \/>\nKoha Javore<br \/>\n\n\t\t<style type=\"text\/css\">\n\t\t\t#gallery-1 {\n\t\t\t\tmargin: auto;\n\t\t\t}\n\t\t\t#gallery-1 .gallery-item {\n\t\t\t\tfloat: left;\n\t\t\t\tmargin-top: 10px;\n\t\t\t\ttext-align: center;\n\t\t\t\twidth: 33%;\n\t\t\t}\n\t\t\t#gallery-1 img {\n\t\t\t\tborder: 2px solid #cfcfcf;\n\t\t\t}\n\t\t\t#gallery-1 .gallery-caption {\n\t\t\t\tmargin-left: 0;\n\t\t\t}\n\t\t\t\/* see gallery_shortcode() in wp-includes\/media.php *\/\n\t\t<\/style>\n\t\t<div id='gallery-1' class='gallery galleryid-36614 gallery-columns-3 gallery-size-thumbnail'><dl class='gallery-item'>\n\t\t\t<dt class='gallery-icon portrait'>\n\t\t\t\t<a href='https:\/\/www.visit-ulcinj.com\/blog\/wp-content\/uploads\/2010\/09\/Klubi-Tenisit-Bellevue.jpg'><img width=\"150\" height=\"150\" src=\"https:\/\/www.visit-ulcinj.com\/blog\/wp-content\/uploads\/2010\/09\/Klubi-Tenisit-Bellevue-150x150.jpg\" class=\"attachment-thumbnail size-thumbnail\" alt=\"\" loading=\"lazy\" \/><\/a>\n\t\t\t<\/dt><\/dl><dl class='gallery-item'>\n\t\t\t<dt class='gallery-icon landscape'>\n\t\t\t\t<a href='https:\/\/www.visit-ulcinj.com\/blog\/wp-content\/uploads\/2010\/09\/Terenet-e-Tenisit-ne-Ulqin.1.jpg'><img width=\"150\" height=\"150\" src=\"https:\/\/www.visit-ulcinj.com\/blog\/wp-content\/uploads\/2010\/09\/Terenet-e-Tenisit-ne-Ulqin.1-150x150.jpg\" class=\"attachment-thumbnail size-thumbnail\" alt=\"\" loading=\"lazy\" \/><\/a>\n\t\t\t<\/dt><\/dl><dl class='gallery-item'>\n\t\t\t<dt class='gallery-icon landscape'>\n\t\t\t\t<a href='https:\/\/www.visit-ulcinj.com\/blog\/wp-content\/uploads\/2010\/09\/Terenet-e-Tenisit-ne-Ulqin.jpg'><img width=\"150\" height=\"150\" src=\"https:\/\/www.visit-ulcinj.com\/blog\/wp-content\/uploads\/2010\/09\/Terenet-e-Tenisit-ne-Ulqin-150x150.jpg\" class=\"attachment-thumbnail size-thumbnail\" alt=\"\" loading=\"lazy\" \/><\/a>\n\t\t\t<\/dt><\/dl><br style=\"clear: both\" \/>\n\t\t<\/div>\n<br \/>\n<object classid=\"clsid:d27cdb6e-ae6d-11cf-96b8-444553540000\" width=\"490\" height=\"394\" codebase=\"http:\/\/download.macromedia.com\/pub\/shockwave\/cabs\/flash\/swflash.cab#version=6,0,40,0\"><param name=\"allowFullScreen\" value=\"true\" \/><param name=\"allowScriptAccess\" value=\"always\" \/><param name=\"src\" value=\"http:\/\/www.dailymotion.com\/swf\/video\/xegdom?background=%23171D1B&amp;foreground=%23F7FFFD&amp;highlight=%23FFC300&amp;autoPlay=1&amp;hideInfos=1&amp;width=480&amp;additionalInfos=0\" \/><param name=\"allowfullscreen\" value=\"true\" \/><\/object><\/p>\n","protected":false},"excerpt":{"rendered":"<p>Nd\u00ebrmjet Federat\u00ebs s\u00eb Tenisit t\u00eb Kosov\u00ebs dhe\u00a0Klubit t\u00eb Tenisit \u201cBellevue\u201d ekziston nj\u00eb\u00a0bashk\u00ebpunim i mir\u00eb q\u00eb prej hapjes s\u00eb k\u00ebtij klubi.\u00a0Had\u00ebrgjonaj thot\u00eb se trajner\u00ebt e licensuar nga\u00a0Kosova kan\u00eb punuar vitin e kaluar por edhe tani\u00a0vazhdojn\u00eb t\u00eb ndihmojn\u00eb n\u00eb st\u00ebrvitjet e ngritjes s\u00eb\u00a0cil\u00ebsis\u00eb t\u00eb tenist\u00ebve t\u00eb rinj nga Ulqini. Kjo \u00ebsht\u00eb hera e par\u00eb q\u00eb organizohet\u00a0k\u00ebsaj grupmoshe [&hellip;]<\/p>\n","protected":false},"author":1,"featured_media":0,"comment_status":"open","ping_status":"closed","sticky":false,"template":"","format":"standard","meta":{"spay_email":"","jetpack_publicize_message":"","jetpack_is_tweetstorm":false,"jetpack_publicize_feature_enabled":true},"categories":[3],"tags":[15029,15028,15026,15030,15245,15244,200,18],"jetpack_publicize_connections":[],"yoast_head":"<!-- This site is optimized with the Yoast SEO plugin v19.1 - https:\/\/yoast.com\/wordpress\/plugins\/seo\/ -->\n<title>Bashk\u00ebpunim i mir\u00eb i FTK-s\u00eb dhe KT \u201cBellevue\u201d - Lajme nga Ulqini<\/title>\n<meta name=\"description\" content=\"Nd\u00ebrmjet Federat\u00ebs s\u00eb Tenisit t\u00eb Kosov\u00ebs dhe\u00a0Klubit t\u00eb Tenisit \u201cBellevue\u201d ekziston nj\u00eb\u00a0bashk\u00ebpunim i mir\u00eb q\u00eb prej hapjes s\u00eb k\u00ebtij klubi.\u00a0Had\u00ebrgjonaj thot\u00eb\" \/>\n<meta name=\"robots\" content=\"index, follow, max-snippet:-1, max-image-preview:large, max-video-preview:-1\" \/>\n<link rel=\"canonical\" href=\"https:\/\/www.visit-ulcinj.com\/blog\/2010\/09\/01\/bashkepunim-i-mire-i-ftk-se-dhe-kt-\u201cbellevue\u201d\/\" \/>\n<meta property=\"og:locale\" content=\"en_US\" \/>\n<meta property=\"og:type\" content=\"article\" \/>\n<meta property=\"og:title\" content=\"Bashk\u00ebpunim i mir\u00eb i FTK-s\u00eb dhe KT \u201cBellevue\u201d - Lajme nga Ulqini\" \/>\n<meta property=\"og:description\" content=\"Nd\u00ebrmjet Federat\u00ebs s\u00eb Tenisit t\u00eb Kosov\u00ebs dhe\u00a0Klubit t\u00eb Tenisit \u201cBellevue\u201d ekziston nj\u00eb\u00a0bashk\u00ebpunim i mir\u00eb q\u00eb prej hapjes s\u00eb k\u00ebtij klubi.\u00a0Had\u00ebrgjonaj thot\u00eb\" \/>\n<meta property=\"og:url\" content=\"https:\/\/www.visit-ulcinj.com\/blog\/2010\/09\/01\/bashkepunim-i-mire-i-ftk-se-dhe-kt-\u201cbellevue\u201d\/\" \/>\n<meta property=\"og:site_name\" content=\"Lajme nga Ulqini\" \/>\n<meta property=\"article:published_time\" content=\"2010-09-01T12:38:41+00:00\" \/>\n<meta property=\"og:image\" content=\"https:\/\/www.visit-ulcinj.com\/blog\/wp-content\/uploads\/2010\/09\/Klubi-Tenisit-Bellevue-150x150.jpg\" \/>\n<meta name=\"twitter:label1\" content=\"Written by\" \/>\n\t<meta name=\"twitter:data1\" content=\"ulqini\" \/>\n\t<meta name=\"twitter:label2\" content=\"Est. reading time\" \/>\n\t<meta name=\"twitter:data2\" content=\"2 minutes\" \/>\n<script type=\"application\/ld+json\" class=\"yoast-schema-graph\">{\"@context\":\"https:\/\/schema.org\",\"@graph\":[{\"@type\":\"WebSite\",\"@id\":\"https:\/\/www.visit-ulcinj.com\/blog\/#website\",\"url\":\"https:\/\/www.visit-ulcinj.com\/blog\/\",\"name\":\"Lajme nga Ulqini\",\"description\":\"Lajme,Vijesti,Ulqini,Ulqin,Crna Gora,Mali i Zi\",\"potentialAction\":[{\"@type\":\"SearchAction\",\"target\":{\"@type\":\"EntryPoint\",\"urlTemplate\":\"https:\/\/www.visit-ulcinj.com\/blog\/?s={search_term_string}\"},\"query-input\":\"required name=search_term_string\"}],\"inLanguage\":\"en-US\"},{\"@type\":\"ImageObject\",\"inLanguage\":\"en-US\",\"@id\":\"https:\/\/www.visit-ulcinj.com\/blog\/2010\/09\/01\/bashkepunim-i-mire-i-ftk-se-dhe-kt-%e2%80%9cbellevue%e2%80%9d\/#primaryimage\",\"url\":\"https:\/\/www.visit-ulcinj.com\/blog\/wp-content\/uploads\/2010\/09\/Klubi-Tenisit-Bellevue.jpg\",\"contentUrl\":\"https:\/\/www.visit-ulcinj.com\/blog\/wp-content\/uploads\/2010\/09\/Klubi-Tenisit-Bellevue.jpg\",\"width\":\"448\",\"height\":\"502\"},{\"@type\":\"WebPage\",\"@id\":\"https:\/\/www.visit-ulcinj.com\/blog\/2010\/09\/01\/bashkepunim-i-mire-i-ftk-se-dhe-kt-%e2%80%9cbellevue%e2%80%9d\/#webpage\",\"url\":\"https:\/\/www.visit-ulcinj.com\/blog\/2010\/09\/01\/bashkepunim-i-mire-i-ftk-se-dhe-kt-%e2%80%9cbellevue%e2%80%9d\/\",\"name\":\"Bashk\u00ebpunim i mir\u00eb i FTK-s\u00eb dhe KT \u201cBellevue\u201d - Lajme nga Ulqini\",\"isPartOf\":{\"@id\":\"https:\/\/www.visit-ulcinj.com\/blog\/#website\"},\"primaryImageOfPage\":{\"@id\":\"https:\/\/www.visit-ulcinj.com\/blog\/2010\/09\/01\/bashkepunim-i-mire-i-ftk-se-dhe-kt-%e2%80%9cbellevue%e2%80%9d\/#primaryimage\"},\"datePublished\":\"2010-09-01T12:38:41+00:00\",\"dateModified\":\"2010-09-01T12:38:41+00:00\",\"author\":{\"@id\":\"https:\/\/www.visit-ulcinj.com\/blog\/#\/schema\/person\/dcab619c614d3038751c63bc2aadc06d\"},\"description\":\"Nd\u00ebrmjet Federat\u00ebs s\u00eb Tenisit t\u00eb Kosov\u00ebs dhe\u00a0Klubit t\u00eb Tenisit \u201cBellevue\u201d ekziston nj\u00eb\u00a0bashk\u00ebpunim i mir\u00eb q\u00eb prej hapjes s\u00eb k\u00ebtij klubi.\u00a0Had\u00ebrgjonaj thot\u00eb\",\"breadcrumb\":{\"@id\":\"https:\/\/www.visit-ulcinj.com\/blog\/2010\/09\/01\/bashkepunim-i-mire-i-ftk-se-dhe-kt-%e2%80%9cbellevue%e2%80%9d\/#breadcrumb\"},\"inLanguage\":\"en-US\",\"potentialAction\":[{\"@type\":\"ReadAction\",\"target\":[\"https:\/\/www.visit-ulcinj.com\/blog\/2010\/09\/01\/bashkepunim-i-mire-i-ftk-se-dhe-kt-%e2%80%9cbellevue%e2%80%9d\/\"]}]},{\"@type\":\"BreadcrumbList\",\"@id\":\"https:\/\/www.visit-ulcinj.com\/blog\/2010\/09\/01\/bashkepunim-i-mire-i-ftk-se-dhe-kt-%e2%80%9cbellevue%e2%80%9d\/#breadcrumb\",\"itemListElement\":[{\"@type\":\"ListItem\",\"position\":1,\"name\":\"Bashk\u00ebpunim i mir\u00eb i FTK-s\u00eb dhe KT \u201cBellevue\u201d\"}]},{\"@type\":\"Person\",\"@id\":\"https:\/\/www.visit-ulcinj.com\/blog\/#\/schema\/person\/dcab619c614d3038751c63bc2aadc06d\",\"name\":\"ulqini\",\"sameAs\":[\"http:\/\/www.visit-ulcinj.com\"],\"url\":\"https:\/\/www.visit-ulcinj.com\/blog\/author\/admin\/\"}]}<\/script>\n<!-- \/ Yoast SEO plugin. -->","yoast_head_json":{"title":"Bashk\u00ebpunim i mir\u00eb i FTK-s\u00eb dhe KT \u201cBellevue\u201d - Lajme nga Ulqini","description":"Nd\u00ebrmjet Federat\u00ebs s\u00eb Tenisit t\u00eb Kosov\u00ebs dhe\u00a0Klubit t\u00eb Tenisit \u201cBellevue\u201d ekziston nj\u00eb\u00a0bashk\u00ebpunim i mir\u00eb q\u00eb prej hapjes s\u00eb k\u00ebtij klubi.\u00a0Had\u00ebrgjonaj thot\u00eb","robots":{"index":"index","follow":"follow","max-snippet":"max-snippet:-1","max-image-preview":"max-image-preview:large","max-video-preview":"max-video-preview:-1"},"canonical":"https:\/\/www.visit-ulcinj.com\/blog\/2010\/09\/01\/bashkepunim-i-mire-i-ftk-se-dhe-kt-\u201cbellevue\u201d\/","og_locale":"en_US","og_type":"article","og_title":"Bashk\u00ebpunim i mir\u00eb i FTK-s\u00eb dhe KT \u201cBellevue\u201d - Lajme nga Ulqini","og_description":"Nd\u00ebrmjet Federat\u00ebs s\u00eb Tenisit t\u00eb Kosov\u00ebs dhe\u00a0Klubit t\u00eb Tenisit \u201cBellevue\u201d ekziston nj\u00eb\u00a0bashk\u00ebpunim i mir\u00eb q\u00eb prej hapjes s\u00eb k\u00ebtij klubi.\u00a0Had\u00ebrgjonaj thot\u00eb","og_url":"https:\/\/www.visit-ulcinj.com\/blog\/2010\/09\/01\/bashkepunim-i-mire-i-ftk-se-dhe-kt-\u201cbellevue\u201d\/","og_site_name":"Lajme nga Ulqini","article_published_time":"2010-09-01T12:38:41+00:00","og_image":[{"url":"https:\/\/www.visit-ulcinj.com\/blog\/wp-content\/uploads\/2010\/09\/Klubi-Tenisit-Bellevue-150x150.jpg"}],"twitter_misc":{"Written by":"ulqini","Est. reading time":"2 minutes"},"schema":{"@context":"https:\/\/schema.org","@graph":[{"@type":"WebSite","@id":"https:\/\/www.visit-ulcinj.com\/blog\/#website","url":"https:\/\/www.visit-ulcinj.com\/blog\/","name":"Lajme nga Ulqini","description":"Lajme,Vijesti,Ulqini,Ulqin,Crna Gora,Mali i Zi","potentialAction":[{"@type":"SearchAction","target":{"@type":"EntryPoint","urlTemplate":"https:\/\/www.visit-ulcinj.com\/blog\/?s={search_term_string}"},"query-input":"required name=search_term_string"}],"inLanguage":"en-US"},{"@type":"ImageObject","inLanguage":"en-US","@id":"https:\/\/www.visit-ulcinj.com\/blog\/2010\/09\/01\/bashkepunim-i-mire-i-ftk-se-dhe-kt-%e2%80%9cbellevue%e2%80%9d\/#primaryimage","url":"https:\/\/www.visit-ulcinj.com\/blog\/wp-content\/uploads\/2010\/09\/Klubi-Tenisit-Bellevue.jpg","contentUrl":"https:\/\/www.visit-ulcinj.com\/blog\/wp-content\/uploads\/2010\/09\/Klubi-Tenisit-Bellevue.jpg","width":"448","height":"502"},{"@type":"WebPage","@id":"https:\/\/www.visit-ulcinj.com\/blog\/2010\/09\/01\/bashkepunim-i-mire-i-ftk-se-dhe-kt-%e2%80%9cbellevue%e2%80%9d\/#webpage","url":"https:\/\/www.visit-ulcinj.com\/blog\/2010\/09\/01\/bashkepunim-i-mire-i-ftk-se-dhe-kt-%e2%80%9cbellevue%e2%80%9d\/","name":"Bashk\u00ebpunim i mir\u00eb i FTK-s\u00eb dhe KT \u201cBellevue\u201d - Lajme nga Ulqini","isPartOf":{"@id":"https:\/\/www.visit-ulcinj.com\/blog\/#website"},"primaryImageOfPage":{"@id":"https:\/\/www.visit-ulcinj.com\/blog\/2010\/09\/01\/bashkepunim-i-mire-i-ftk-se-dhe-kt-%e2%80%9cbellevue%e2%80%9d\/#primaryimage"},"datePublished":"2010-09-01T12:38:41+00:00","dateModified":"2010-09-01T12:38:41+00:00","author":{"@id":"https:\/\/www.visit-ulcinj.com\/blog\/#\/schema\/person\/dcab619c614d3038751c63bc2aadc06d"},"description":"Nd\u00ebrmjet Federat\u00ebs s\u00eb Tenisit t\u00eb Kosov\u00ebs dhe\u00a0Klubit t\u00eb Tenisit \u201cBellevue\u201d ekziston nj\u00eb\u00a0bashk\u00ebpunim i mir\u00eb q\u00eb prej hapjes s\u00eb k\u00ebtij klubi.\u00a0Had\u00ebrgjonaj thot\u00eb","breadcrumb":{"@id":"https:\/\/www.visit-ulcinj.com\/blog\/2010\/09\/01\/bashkepunim-i-mire-i-ftk-se-dhe-kt-%e2%80%9cbellevue%e2%80%9d\/#breadcrumb"},"inLanguage":"en-US","potentialAction":[{"@type":"ReadAction","target":["https:\/\/www.visit-ulcinj.com\/blog\/2010\/09\/01\/bashkepunim-i-mire-i-ftk-se-dhe-kt-%e2%80%9cbellevue%e2%80%9d\/"]}]},{"@type":"BreadcrumbList","@id":"https:\/\/www.visit-ulcinj.com\/blog\/2010\/09\/01\/bashkepunim-i-mire-i-ftk-se-dhe-kt-%e2%80%9cbellevue%e2%80%9d\/#breadcrumb","itemListElement":[{"@type":"ListItem","position":1,"name":"Bashk\u00ebpunim i mir\u00eb i FTK-s\u00eb dhe KT \u201cBellevue\u201d"}]},{"@type":"Person","@id":"https:\/\/www.visit-ulcinj.com\/blog\/#\/schema\/person\/dcab619c614d3038751c63bc2aadc06d","name":"ulqini","sameAs":["http:\/\/www.visit-ulcinj.com"],"url":"https:\/\/www.visit-ulcinj.com\/blog\/author\/admin\/"}]}},"jetpack_featured_media_url":"","jetpack_sharing_enabled":true,"jetpack_shortlink":"https:\/\/wp.me\/pe6lTn-9wy","_links":{"self":[{"href":"https:\/\/www.visit-ulcinj.com\/blog\/wp-json\/wp\/v2\/posts\/36614"}],"collection":[{"href":"https:\/\/www.visit-ulcinj.com\/blog\/wp-json\/wp\/v2\/posts"}],"about":[{"href":"https:\/\/www.visit-ulcinj.com\/blog\/wp-json\/wp\/v2\/types\/post"}],"author":[{"embeddable":true,"href":"https:\/\/www.visit-ulcinj.com\/blog\/wp-json\/wp\/v2\/users\/1"}],"replies":[{"embeddable":true,"href":"https:\/\/www.visit-ulcinj.com\/blog\/wp-json\/wp\/v2\/comments?post=36614"}],"version-history":[{"count":0,"href":"https:\/\/www.visit-ulcinj.com\/blog\/wp-json\/wp\/v2\/posts\/36614\/revisions"}],"wp:attachment":[{"href":"https:\/\/www.visit-ulcinj.com\/blog\/wp-json\/wp\/v2\/media?parent=36614"}],"wp:term":[{"taxonomy":"category","embeddable":true,"href":"https:\/\/www.visit-ulcinj.com\/blog\/wp-json\/wp\/v2\/categories?post=36614"},{"taxonomy":"post_tag","embeddable":true,"href":"https:\/\/www.visit-ulcinj.com\/blog\/wp-json\/wp\/v2\/tags?post=36614"}],"curies":[{"name":"wp","href":"https:\/\/api.w.org\/{rel}","templated":true}]}}