{"id":36620,"date":"2010-09-01T18:53:18","date_gmt":"2010-09-01T16:53:18","guid":{"rendered":"http:\/\/www.visit-ulcinj.com\/blog\/?p=36620"},"modified":"2010-09-01T18:55:05","modified_gmt":"2010-09-01T16:55:05","slug":"kacema-mimo-zakona","status":"publish","type":"post","link":"https:\/\/www.visit-ulcinj.com\/blog\/2010\/09\/01\/kacema-mimo-zakona\/","title":{"rendered":"Kacema mimo zakona"},"content":{"rendered":"<p><strong><a href=\"http:\/\/www.visit-ulcinj.com\/blog\/wp-content\/uploads\/2010\/09\/Kacemja_Ulcinj_picnik.jpg\"><img loading=\"lazy\" class=\"alignleft size-large wp-image-36621\" title=\"OLYMPUS DIGITAL CAMERA\" src=\"http:\/\/www.visit-ulcinj.com\/blog\/wp-content\/uploads\/2010\/09\/Kacemja_Ulcinj_picnik-1024x768.jpg\" alt=\"\" width=\"490\" height=\"368\" srcset=\"https:\/\/www.visit-ulcinj.com\/blog\/wp-content\/uploads\/2010\/09\/Kacemja_Ulcinj_picnik-1024x768.jpg 1024w, https:\/\/www.visit-ulcinj.com\/blog\/wp-content\/uploads\/2010\/09\/Kacemja_Ulcinj_picnik-300x224.jpg 300w, https:\/\/www.visit-ulcinj.com\/blog\/wp-content\/uploads\/2010\/09\/Kacemja_Ulcinj_picnik.jpg 1040w\" sizes=\"(max-width: 490px) 100vw, 490px\" \/><\/a>Nakon nevolja ribara u Ulcinju oglasila se Forca<\/strong><br \/>\nUlcinj &#8211; Forca je ju\u010de pozvala tu\u017eila\u0161tvo da ispita gradnju Kaceme ispod Starog grada u Ulcinju nakon \u0161to su preksino\u0107 po jakom nevremenu mje\u0161tani sami spasavali svoje barke u uzburkanoj lu\u010dici.<br \/>\n\u201cJu\u010dera\u0161nja de\u0161avanja su u svemu potvrdila sumnje i optu\u017ebe Force da iza ovog projekta stoji koruptivna afera koja zaslu\u017euje da se na\u0111e pred organima zakona\u201d, pi\u0161e u saop\u0161enju Force. Dodaje se da je oluja \u201cdemaskirala veliku prevaru i nesposobnost lokalne vlasti da, zajedno sa \u201cMorskim dobrom\u201d, raspola\u017ee sredstvima poreskih obveznika\u201c.<br \/>\n\u201cMnogi gra\u0111ani sino\u0107 su bili svjedoci da je nova lu\u010dica nefunkcionalna i da ne pru\u017ea za\u0161titu privezanim barkama. Svi vlasnici barki su bili mobilni u odbrani svoje imovine i ve\u0107i broj njih je svoje barke izvukao iz \u201eglupave\u201c marine da bi ih spasao od havarije\u201d, navodi Forca i pita \u201e\u0161ta \u0107e sa barkama biti zimi\u201c.<br \/>\n\u201cOvaj projekat izveden je na arogantan na\u010din, tako \u0161to se nipoda\u0161tavalo mi\u0161ljenje i volja gra\u0111ana samom \u010dinjenicom da nijesu organizovane javne rasprave o tome. Forca je izrazila zabrinutost i zbog \u010dinjenice da projekat mo\u017ee ugroziti kulturno i monumentalno naslje\u0111e Ulcinja jer se ne uklapa sa cjelinom u kojoj dominira tvr\u0111ava. Forca je izrazila veliku rezervu i za sam kvalitet predlo\u017eenog rje\u0161enja zbog \u010dinjenice da projekat ne predvi\u0111a dopunsku pripadaju\u0107u infrastrukturu\u201d, pi\u0161e u saop\u0161tenju i dodaje \u201eda je ono \u0161to je sagra\u0111eno ko\u0161talo vi\u0161e puta manje od prikazane sume od 1,2 miliona\u201c.<\/p>\n<p><strong>Nije jo\u0161 gotovo<\/strong><\/p>\n<p>Rajko Mihovi\u0107 iz \u201cMorskog dobra\u201d poru\u010dio je ribarima da zbog toga \u0161to lu\u010dica jo\u0161 nije stavljena u funkciju, preuzmu odgovornost za svoje barke.<br \/>\n\u201cTaj posao jo\u0161 nije zavr\u0161en, a radovi \u0107e biti nastavljeni u septembru. Tek kada marinu zvani\u010dno stavimo u funkciju, barke \u0107e biti bezbjedne\u201d, kazao je Mihovi\u0107.<\/p>\n<p><strong>S.A.<br \/>\n<a href=\"http:\/\/www.vijesti.me\/\" target=\"_blank\">Vijesti<br \/>\n<\/a><!--YouTube Error: bad URL entered--><a href=\"http:\/\/www.vijesti.me\/\" target=\"_blank\"><\/a><\/strong><\/p>\n","protected":false},"excerpt":{"rendered":"<p>Nakon nevolja ribara u Ulcinju oglasila se Forca Ulcinj &#8211; Forca je ju\u010de pozvala tu\u017eila\u0161tvo da ispita gradnju Kaceme ispod Starog grada u Ulcinju nakon \u0161to su preksino\u0107 po jakom nevremenu mje\u0161tani sami spasavali svoje barke u uzburkanoj lu\u010dici. \u201cJu\u010dera\u0161nja de\u0161avanja su u svemu potvrdila sumnje i optu\u017ebe Force da iza ovog projekta stoji koruptivna [&hellip;]<\/p>\n","protected":false},"author":1,"featured_media":0,"comment_status":"open","ping_status":"closed","sticky":false,"template":"","format":"standard","meta":{"spay_email":"","jetpack_publicize_message":"","jetpack_is_tweetstorm":false,"jetpack_publicize_feature_enabled":true},"categories":[8337],"tags":[117,14689,3194,15246,14144,19],"jetpack_publicize_connections":[],"yoast_head":"<!-- This site is optimized with the Yoast SEO plugin v19.1 - https:\/\/yoast.com\/wordpress\/plugins\/seo\/ -->\n<title>Kacema mimo zakona - Lajme nga Ulqini<\/title>\n<meta name=\"description\" content=\"Nakon nevolja ribara u Ulcinju oglasila se Forca Ulcinj - Forca je ju\u010de pozvala tu\u017eila\u0161tvo da ispita gradnju Kaceme ispod Starog grada u Ulcinju nakon \u0161to\" \/>\n<meta name=\"robots\" content=\"index, follow, max-snippet:-1, max-image-preview:large, max-video-preview:-1\" \/>\n<link rel=\"canonical\" href=\"https:\/\/www.visit-ulcinj.com\/blog\/2010\/09\/01\/kacema-mimo-zakona\/\" \/>\n<meta property=\"og:locale\" content=\"en_US\" \/>\n<meta property=\"og:type\" content=\"article\" \/>\n<meta property=\"og:title\" content=\"Kacema mimo zakona - Lajme nga Ulqini\" \/>\n<meta property=\"og:description\" content=\"Nakon nevolja ribara u Ulcinju oglasila se Forca Ulcinj - Forca je ju\u010de pozvala tu\u017eila\u0161tvo da ispita gradnju Kaceme ispod Starog grada u Ulcinju nakon \u0161to\" \/>\n<meta property=\"og:url\" content=\"https:\/\/www.visit-ulcinj.com\/blog\/2010\/09\/01\/kacema-mimo-zakona\/\" \/>\n<meta property=\"og:site_name\" content=\"Lajme nga Ulqini\" \/>\n<meta property=\"article:published_time\" content=\"2010-09-01T16:53:18+00:00\" \/>\n<meta property=\"article:modified_time\" content=\"2010-09-01T16:55:05+00:00\" \/>\n<meta property=\"og:image\" content=\"http:\/\/www.visit-ulcinj.com\/blog\/wp-content\/uploads\/2010\/09\/Kacemja_Ulcinj_picnik-1024x768.jpg\" \/>\n<meta name=\"twitter:label1\" content=\"Written by\" \/>\n\t<meta name=\"twitter:data1\" content=\"ulqini\" \/>\n\t<meta name=\"twitter:label2\" content=\"Est. reading time\" \/>\n\t<meta name=\"twitter:data2\" content=\"2 minutes\" \/>\n<script type=\"application\/ld+json\" class=\"yoast-schema-graph\">{\"@context\":\"https:\/\/schema.org\",\"@graph\":[{\"@type\":\"WebSite\",\"@id\":\"https:\/\/www.visit-ulcinj.com\/blog\/#website\",\"url\":\"https:\/\/www.visit-ulcinj.com\/blog\/\",\"name\":\"Lajme nga Ulqini\",\"description\":\"Lajme,Vijesti,Ulqini,Ulqin,Crna Gora,Mali i Zi\",\"potentialAction\":[{\"@type\":\"SearchAction\",\"target\":{\"@type\":\"EntryPoint\",\"urlTemplate\":\"https:\/\/www.visit-ulcinj.com\/blog\/?s={search_term_string}\"},\"query-input\":\"required name=search_term_string\"}],\"inLanguage\":\"en-US\"},{\"@type\":\"ImageObject\",\"inLanguage\":\"en-US\",\"@id\":\"https:\/\/www.visit-ulcinj.com\/blog\/2010\/09\/01\/kacema-mimo-zakona\/#primaryimage\",\"url\":\"https:\/\/www.visit-ulcinj.com\/blog\/wp-content\/uploads\/2010\/09\/Kacemja_Ulcinj_picnik.jpg\",\"contentUrl\":\"https:\/\/www.visit-ulcinj.com\/blog\/wp-content\/uploads\/2010\/09\/Kacemja_Ulcinj_picnik.jpg\",\"width\":\"1040\",\"height\":\"780\"},{\"@type\":\"WebPage\",\"@id\":\"https:\/\/www.visit-ulcinj.com\/blog\/2010\/09\/01\/kacema-mimo-zakona\/#webpage\",\"url\":\"https:\/\/www.visit-ulcinj.com\/blog\/2010\/09\/01\/kacema-mimo-zakona\/\",\"name\":\"Kacema mimo zakona - Lajme nga Ulqini\",\"isPartOf\":{\"@id\":\"https:\/\/www.visit-ulcinj.com\/blog\/#website\"},\"primaryImageOfPage\":{\"@id\":\"https:\/\/www.visit-ulcinj.com\/blog\/2010\/09\/01\/kacema-mimo-zakona\/#primaryimage\"},\"datePublished\":\"2010-09-01T16:53:18+00:00\",\"dateModified\":\"2010-09-01T16:55:05+00:00\",\"author\":{\"@id\":\"https:\/\/www.visit-ulcinj.com\/blog\/#\/schema\/person\/dcab619c614d3038751c63bc2aadc06d\"},\"description\":\"Nakon nevolja ribara u Ulcinju oglasila se Forca Ulcinj - Forca je ju\u010de pozvala tu\u017eila\u0161tvo da ispita gradnju Kaceme ispod Starog grada u Ulcinju nakon \u0161to\",\"breadcrumb\":{\"@id\":\"https:\/\/www.visit-ulcinj.com\/blog\/2010\/09\/01\/kacema-mimo-zakona\/#breadcrumb\"},\"inLanguage\":\"en-US\",\"potentialAction\":[{\"@type\":\"ReadAction\",\"target\":[\"https:\/\/www.visit-ulcinj.com\/blog\/2010\/09\/01\/kacema-mimo-zakona\/\"]}]},{\"@type\":\"BreadcrumbList\",\"@id\":\"https:\/\/www.visit-ulcinj.com\/blog\/2010\/09\/01\/kacema-mimo-zakona\/#breadcrumb\",\"itemListElement\":[{\"@type\":\"ListItem\",\"position\":1,\"name\":\"Kacema mimo zakona\"}]},{\"@type\":\"Person\",\"@id\":\"https:\/\/www.visit-ulcinj.com\/blog\/#\/schema\/person\/dcab619c614d3038751c63bc2aadc06d\",\"name\":\"ulqini\",\"sameAs\":[\"http:\/\/www.visit-ulcinj.com\"],\"url\":\"https:\/\/www.visit-ulcinj.com\/blog\/author\/admin\/\"}]}<\/script>\n<!-- \/ Yoast SEO plugin. -->","yoast_head_json":{"title":"Kacema mimo zakona - Lajme nga Ulqini","description":"Nakon nevolja ribara u Ulcinju oglasila se Forca Ulcinj - Forca je ju\u010de pozvala tu\u017eila\u0161tvo da ispita gradnju Kaceme ispod Starog grada u Ulcinju nakon \u0161to","robots":{"index":"index","follow":"follow","max-snippet":"max-snippet:-1","max-image-preview":"max-image-preview:large","max-video-preview":"max-video-preview:-1"},"canonical":"https:\/\/www.visit-ulcinj.com\/blog\/2010\/09\/01\/kacema-mimo-zakona\/","og_locale":"en_US","og_type":"article","og_title":"Kacema mimo zakona - Lajme nga Ulqini","og_description":"Nakon nevolja ribara u Ulcinju oglasila se Forca Ulcinj - Forca je ju\u010de pozvala tu\u017eila\u0161tvo da ispita gradnju Kaceme ispod Starog grada u Ulcinju nakon \u0161to","og_url":"https:\/\/www.visit-ulcinj.com\/blog\/2010\/09\/01\/kacema-mimo-zakona\/","og_site_name":"Lajme nga Ulqini","article_published_time":"2010-09-01T16:53:18+00:00","article_modified_time":"2010-09-01T16:55:05+00:00","og_image":[{"url":"http:\/\/www.visit-ulcinj.com\/blog\/wp-content\/uploads\/2010\/09\/Kacemja_Ulcinj_picnik-1024x768.jpg"}],"twitter_misc":{"Written by":"ulqini","Est. reading time":"2 minutes"},"schema":{"@context":"https:\/\/schema.org","@graph":[{"@type":"WebSite","@id":"https:\/\/www.visit-ulcinj.com\/blog\/#website","url":"https:\/\/www.visit-ulcinj.com\/blog\/","name":"Lajme nga Ulqini","description":"Lajme,Vijesti,Ulqini,Ulqin,Crna Gora,Mali i Zi","potentialAction":[{"@type":"SearchAction","target":{"@type":"EntryPoint","urlTemplate":"https:\/\/www.visit-ulcinj.com\/blog\/?s={search_term_string}"},"query-input":"required name=search_term_string"}],"inLanguage":"en-US"},{"@type":"ImageObject","inLanguage":"en-US","@id":"https:\/\/www.visit-ulcinj.com\/blog\/2010\/09\/01\/kacema-mimo-zakona\/#primaryimage","url":"https:\/\/www.visit-ulcinj.com\/blog\/wp-content\/uploads\/2010\/09\/Kacemja_Ulcinj_picnik.jpg","contentUrl":"https:\/\/www.visit-ulcinj.com\/blog\/wp-content\/uploads\/2010\/09\/Kacemja_Ulcinj_picnik.jpg","width":"1040","height":"780"},{"@type":"WebPage","@id":"https:\/\/www.visit-ulcinj.com\/blog\/2010\/09\/01\/kacema-mimo-zakona\/#webpage","url":"https:\/\/www.visit-ulcinj.com\/blog\/2010\/09\/01\/kacema-mimo-zakona\/","name":"Kacema mimo zakona - Lajme nga Ulqini","isPartOf":{"@id":"https:\/\/www.visit-ulcinj.com\/blog\/#website"},"primaryImageOfPage":{"@id":"https:\/\/www.visit-ulcinj.com\/blog\/2010\/09\/01\/kacema-mimo-zakona\/#primaryimage"},"datePublished":"2010-09-01T16:53:18+00:00","dateModified":"2010-09-01T16:55:05+00:00","author":{"@id":"https:\/\/www.visit-ulcinj.com\/blog\/#\/schema\/person\/dcab619c614d3038751c63bc2aadc06d"},"description":"Nakon nevolja ribara u Ulcinju oglasila se Forca Ulcinj - Forca je ju\u010de pozvala tu\u017eila\u0161tvo da ispita gradnju Kaceme ispod Starog grada u Ulcinju nakon \u0161to","breadcrumb":{"@id":"https:\/\/www.visit-ulcinj.com\/blog\/2010\/09\/01\/kacema-mimo-zakona\/#breadcrumb"},"inLanguage":"en-US","potentialAction":[{"@type":"ReadAction","target":["https:\/\/www.visit-ulcinj.com\/blog\/2010\/09\/01\/kacema-mimo-zakona\/"]}]},{"@type":"BreadcrumbList","@id":"https:\/\/www.visit-ulcinj.com\/blog\/2010\/09\/01\/kacema-mimo-zakona\/#breadcrumb","itemListElement":[{"@type":"ListItem","position":1,"name":"Kacema mimo zakona"}]},{"@type":"Person","@id":"https:\/\/www.visit-ulcinj.com\/blog\/#\/schema\/person\/dcab619c614d3038751c63bc2aadc06d","name":"ulqini","sameAs":["http:\/\/www.visit-ulcinj.com"],"url":"https:\/\/www.visit-ulcinj.com\/blog\/author\/admin\/"}]}},"jetpack_featured_media_url":"","jetpack_sharing_enabled":true,"jetpack_shortlink":"https:\/\/wp.me\/pe6lTn-9wE","_links":{"self":[{"href":"https:\/\/www.visit-ulcinj.com\/blog\/wp-json\/wp\/v2\/posts\/36620"}],"collection":[{"href":"https:\/\/www.visit-ulcinj.com\/blog\/wp-json\/wp\/v2\/posts"}],"about":[{"href":"https:\/\/www.visit-ulcinj.com\/blog\/wp-json\/wp\/v2\/types\/post"}],"author":[{"embeddable":true,"href":"https:\/\/www.visit-ulcinj.com\/blog\/wp-json\/wp\/v2\/users\/1"}],"replies":[{"embeddable":true,"href":"https:\/\/www.visit-ulcinj.com\/blog\/wp-json\/wp\/v2\/comments?post=36620"}],"version-history":[{"count":0,"href":"https:\/\/www.visit-ulcinj.com\/blog\/wp-json\/wp\/v2\/posts\/36620\/revisions"}],"wp:attachment":[{"href":"https:\/\/www.visit-ulcinj.com\/blog\/wp-json\/wp\/v2\/media?parent=36620"}],"wp:term":[{"taxonomy":"category","embeddable":true,"href":"https:\/\/www.visit-ulcinj.com\/blog\/wp-json\/wp\/v2\/categories?post=36620"},{"taxonomy":"post_tag","embeddable":true,"href":"https:\/\/www.visit-ulcinj.com\/blog\/wp-json\/wp\/v2\/tags?post=36620"}],"curies":[{"name":"wp","href":"https:\/\/api.w.org\/{rel}","templated":true}]}}