{"id":36624,"date":"2010-09-01T19:46:44","date_gmt":"2010-09-01T17:46:44","guid":{"rendered":"http:\/\/www.visit-ulcinj.com\/blog\/?p=36624"},"modified":"2010-09-01T19:46:44","modified_gmt":"2010-09-01T17:46:44","slug":"lose-punjenje-budzeta-ulcinja","status":"publish","type":"post","link":"https:\/\/www.visit-ulcinj.com\/blog\/2010\/09\/01\/lose-punjenje-budzeta-ulcinja\/","title":{"rendered":"Lo\u0161e punjenje bud\u017eeta Ulcinja"},"content":{"rendered":"<p><strong><a href=\"http:\/\/www.visit-ulcinj.com\/blog\/wp-content\/uploads\/2009\/12\/Fatmir-\u00c4\u0090eka_ULCINJ_.jpg\"><img loading=\"lazy\" class=\"alignleft size-full wp-image-27829\" title=\"Fatmir \u0110eka_ULCINJ_\" src=\"http:\/\/www.visit-ulcinj.com\/blog\/wp-content\/uploads\/2009\/12\/Fatmir-\u00c4\u0090eka_ULCINJ_.jpg\" alt=\"\" width=\"490\" height=\"386\" \/><\/a>Omanuli i sa boravi\u0161nom taksom<\/strong><\/p>\n<p>Ulcinj \u2013 Bud\u017eet Ulcinja ni ove sezone nije se punio planiranom dinamikom, ali uprkos tome gradska kasa te\u017ea je za pola miliona eura u odnosu na isti period lani.<br \/>\nOd planiranih 12.908.000 eura, bud\u017eet najju\u017enije op\u0161tine realizovan je u iznosu od 3.150.000 eura, odnosno oko 25 odsto.<br \/>\nSekretar za bud\u017eet i finansije Fatmir \u0110eka me\u0111utim, tvrdi da je plan prihoda i rashoda \u201cstvarno realizovan 43 odsto\u201d.<br \/>\n\u201cDo tog procenta dolazimo ako od predvi\u0111enog bud\u017eeta oduzmemo stavku \\&#8221;prodaja nepokretnosti\\&#8221; koja je bila planirana u iznosu od 5.660.000 eura, a od koje nijesmo realizovali ni centa\u201d, kazao je \u0110eka za \\&#8221;Vijesti\\&#8221;.<br \/>\nNaveo je da je od poreza, planiranih u iznosu od 2.152.000 eura, realizovano 1.178.956 ili sedam odsto vi\u0161e nego lani.<br \/>\n\u201cTo se, prije svega, odnosi na porez na imovinu, koji je do sada realizovan u iznosu od 800.000 eura ili skoro 60 odsto od predvi\u0111ene sume, a \u0161to je za 20 odsto vi\u0161e nego lani. Od kada je Op\u0161tina od Direkcije javnih prihoda preuzela naplatu tog poreza, ova godina je rekordna\u201d, kazao je \u0110eka.<br \/>\nOn je zadovoljan naplatom lokalne komunalne takse od koje je Op\u0161tina inkasirala 123.000 eura, odnosno 63 odsto od planiranog iznosa.<br \/>\n\u201cTo je duplo vi\u0161e nego lani\u201d, kazao je \u0110eka.<br \/>\nOd boravi\u0161ne takse, koja od ove sezone nije obuhva\u0107ena bud\u017eetom, prihodovano je 120.000 eura \u0161to je znatno manje nego lani kada je Op\u0161tina po tom osnovu inkasirala blizu 200.000 eura.<br \/>\n\u201cTo je rezultat druga\u010dijeg modela naplate budu\u0107i da smo lani imali upozorenje Vlade da izbjegavamo pau\u0161alne obra\u010dune prilikom naplate te takse. Ove sezone radilo se strogo po odredbama zakona, ali o\u010digledno manje efikasno\u201d, kazao je \u0110eka.<br \/>\nOn je istakao da je Op\u0161tina podnijela 625 prekr\u0161ajnih prijava protiv gra\u0111ana koji nijesu prijavljivali goste, nijesu imali ovjerene knjige ili rje\u0161enje o izdavanju. Tako\u0111e, kako je naveo, podnijeto je 265 prijava protiv osoba koje, po osnovu lokalne komunalne takse, nijesu izmirile obaveze prema Op\u0161tini.<br \/>\n\u0110eka je naglasio da je za sada podbacila naplata naknade za ure\u0111enje i izgradnju gra\u0111evinskog zemlji\u0161ta od \u010dega je Op\u0161tina inkasirala svega 425.000 eura od planiranih 3.000.000.<br \/>\n\u201cUprkos svemu, u kasi imamo pola miliona eura vi\u0161e nego lani\u201d, kazao je \u0110eka.<\/p>\n<p><strong>S.A.<br \/>\n<a href=\"http:\/\/www.vijesti.me\/\" target=\"_blank\">Vijesti<\/a><\/strong><\/p>\n","protected":false},"excerpt":{"rendered":"<p>Omanuli i sa boravi\u0161nom taksom Ulcinj \u2013 Bud\u017eet Ulcinja ni ove sezone nije se punio planiranom dinamikom, ali uprkos tome gradska kasa te\u017ea je za pola miliona eura u odnosu na isti period lani. Od planiranih 12.908.000 eura, bud\u017eet najju\u017enije op\u0161tine realizovan je u iznosu od 3.150.000 eura, odnosno oko 25 odsto. Sekretar za bud\u017eet [&hellip;]<\/p>\n","protected":false},"author":1,"featured_media":0,"comment_status":"open","ping_status":"closed","sticky":false,"template":"","format":"standard","meta":{"spay_email":"","jetpack_publicize_message":"","jetpack_is_tweetstorm":false,"jetpack_publicize_feature_enabled":true},"categories":[10],"tags":[15247,4608],"jetpack_publicize_connections":[],"yoast_head":"<!-- This site is optimized with the Yoast SEO plugin v19.1 - https:\/\/yoast.com\/wordpress\/plugins\/seo\/ -->\n<title>Lo\u0161e punjenje bud\u017eeta Ulcinja - Lajme nga Ulqini<\/title>\n<meta name=\"description\" content=\"Omanuli i sa boravi\u0161nom taksom Ulcinj \u2013 Bud\u017eet Ulcinja ni ove sezone nije se punio planiranom dinamikom, ali uprkos tome gradska kasa te\u017ea je za pola\" \/>\n<meta name=\"robots\" content=\"index, follow, max-snippet:-1, max-image-preview:large, max-video-preview:-1\" \/>\n<link rel=\"canonical\" href=\"https:\/\/www.visit-ulcinj.com\/blog\/2010\/09\/01\/lose-punjenje-budzeta-ulcinja\/\" \/>\n<meta property=\"og:locale\" content=\"en_US\" \/>\n<meta property=\"og:type\" content=\"article\" \/>\n<meta property=\"og:title\" content=\"Lo\u0161e punjenje bud\u017eeta Ulcinja - Lajme nga Ulqini\" \/>\n<meta property=\"og:description\" content=\"Omanuli i sa boravi\u0161nom taksom Ulcinj \u2013 Bud\u017eet Ulcinja ni ove sezone nije se punio planiranom dinamikom, ali uprkos tome gradska kasa te\u017ea je za pola\" \/>\n<meta property=\"og:url\" content=\"https:\/\/www.visit-ulcinj.com\/blog\/2010\/09\/01\/lose-punjenje-budzeta-ulcinja\/\" \/>\n<meta property=\"og:site_name\" content=\"Lajme nga Ulqini\" \/>\n<meta property=\"article:published_time\" content=\"2010-09-01T17:46:44+00:00\" \/>\n<meta name=\"twitter:label1\" content=\"Written by\" \/>\n\t<meta name=\"twitter:data1\" content=\"ulqini\" \/>\n\t<meta name=\"twitter:label2\" content=\"Est. reading time\" \/>\n\t<meta name=\"twitter:data2\" content=\"2 minutes\" \/>\n<script type=\"application\/ld+json\" class=\"yoast-schema-graph\">{\"@context\":\"https:\/\/schema.org\",\"@graph\":[{\"@type\":\"WebSite\",\"@id\":\"https:\/\/www.visit-ulcinj.com\/blog\/#website\",\"url\":\"https:\/\/www.visit-ulcinj.com\/blog\/\",\"name\":\"Lajme nga Ulqini\",\"description\":\"Lajme,Vijesti,Ulqini,Ulqin,Crna Gora,Mali i Zi\",\"potentialAction\":[{\"@type\":\"SearchAction\",\"target\":{\"@type\":\"EntryPoint\",\"urlTemplate\":\"https:\/\/www.visit-ulcinj.com\/blog\/?s={search_term_string}\"},\"query-input\":\"required name=search_term_string\"}],\"inLanguage\":\"en-US\"},{\"@type\":\"WebPage\",\"@id\":\"https:\/\/www.visit-ulcinj.com\/blog\/2010\/09\/01\/lose-punjenje-budzeta-ulcinja\/#webpage\",\"url\":\"https:\/\/www.visit-ulcinj.com\/blog\/2010\/09\/01\/lose-punjenje-budzeta-ulcinja\/\",\"name\":\"Lo\u0161e punjenje bud\u017eeta Ulcinja - Lajme nga Ulqini\",\"isPartOf\":{\"@id\":\"https:\/\/www.visit-ulcinj.com\/blog\/#website\"},\"datePublished\":\"2010-09-01T17:46:44+00:00\",\"dateModified\":\"2010-09-01T17:46:44+00:00\",\"author\":{\"@id\":\"https:\/\/www.visit-ulcinj.com\/blog\/#\/schema\/person\/dcab619c614d3038751c63bc2aadc06d\"},\"description\":\"Omanuli i sa boravi\u0161nom taksom Ulcinj \u2013 Bud\u017eet Ulcinja ni ove sezone nije se punio planiranom dinamikom, ali uprkos tome gradska kasa te\u017ea je za pola\",\"breadcrumb\":{\"@id\":\"https:\/\/www.visit-ulcinj.com\/blog\/2010\/09\/01\/lose-punjenje-budzeta-ulcinja\/#breadcrumb\"},\"inLanguage\":\"en-US\",\"potentialAction\":[{\"@type\":\"ReadAction\",\"target\":[\"https:\/\/www.visit-ulcinj.com\/blog\/2010\/09\/01\/lose-punjenje-budzeta-ulcinja\/\"]}]},{\"@type\":\"BreadcrumbList\",\"@id\":\"https:\/\/www.visit-ulcinj.com\/blog\/2010\/09\/01\/lose-punjenje-budzeta-ulcinja\/#breadcrumb\",\"itemListElement\":[{\"@type\":\"ListItem\",\"position\":1,\"name\":\"Lo\u0161e punjenje bud\u017eeta Ulcinja\"}]},{\"@type\":\"Person\",\"@id\":\"https:\/\/www.visit-ulcinj.com\/blog\/#\/schema\/person\/dcab619c614d3038751c63bc2aadc06d\",\"name\":\"ulqini\",\"sameAs\":[\"http:\/\/www.visit-ulcinj.com\"],\"url\":\"https:\/\/www.visit-ulcinj.com\/blog\/author\/admin\/\"}]}<\/script>\n<!-- \/ Yoast SEO plugin. -->","yoast_head_json":{"title":"Lo\u0161e punjenje bud\u017eeta Ulcinja - Lajme nga Ulqini","description":"Omanuli i sa boravi\u0161nom taksom Ulcinj \u2013 Bud\u017eet Ulcinja ni ove sezone nije se punio planiranom dinamikom, ali uprkos tome gradska kasa te\u017ea je za pola","robots":{"index":"index","follow":"follow","max-snippet":"max-snippet:-1","max-image-preview":"max-image-preview:large","max-video-preview":"max-video-preview:-1"},"canonical":"https:\/\/www.visit-ulcinj.com\/blog\/2010\/09\/01\/lose-punjenje-budzeta-ulcinja\/","og_locale":"en_US","og_type":"article","og_title":"Lo\u0161e punjenje bud\u017eeta Ulcinja - Lajme nga Ulqini","og_description":"Omanuli i sa boravi\u0161nom taksom Ulcinj \u2013 Bud\u017eet Ulcinja ni ove sezone nije se punio planiranom dinamikom, ali uprkos tome gradska kasa te\u017ea je za pola","og_url":"https:\/\/www.visit-ulcinj.com\/blog\/2010\/09\/01\/lose-punjenje-budzeta-ulcinja\/","og_site_name":"Lajme nga Ulqini","article_published_time":"2010-09-01T17:46:44+00:00","twitter_misc":{"Written by":"ulqini","Est. reading time":"2 minutes"},"schema":{"@context":"https:\/\/schema.org","@graph":[{"@type":"WebSite","@id":"https:\/\/www.visit-ulcinj.com\/blog\/#website","url":"https:\/\/www.visit-ulcinj.com\/blog\/","name":"Lajme nga Ulqini","description":"Lajme,Vijesti,Ulqini,Ulqin,Crna Gora,Mali i Zi","potentialAction":[{"@type":"SearchAction","target":{"@type":"EntryPoint","urlTemplate":"https:\/\/www.visit-ulcinj.com\/blog\/?s={search_term_string}"},"query-input":"required name=search_term_string"}],"inLanguage":"en-US"},{"@type":"WebPage","@id":"https:\/\/www.visit-ulcinj.com\/blog\/2010\/09\/01\/lose-punjenje-budzeta-ulcinja\/#webpage","url":"https:\/\/www.visit-ulcinj.com\/blog\/2010\/09\/01\/lose-punjenje-budzeta-ulcinja\/","name":"Lo\u0161e punjenje bud\u017eeta Ulcinja - Lajme nga Ulqini","isPartOf":{"@id":"https:\/\/www.visit-ulcinj.com\/blog\/#website"},"datePublished":"2010-09-01T17:46:44+00:00","dateModified":"2010-09-01T17:46:44+00:00","author":{"@id":"https:\/\/www.visit-ulcinj.com\/blog\/#\/schema\/person\/dcab619c614d3038751c63bc2aadc06d"},"description":"Omanuli i sa boravi\u0161nom taksom Ulcinj \u2013 Bud\u017eet Ulcinja ni ove sezone nije se punio planiranom dinamikom, ali uprkos tome gradska kasa te\u017ea je za pola","breadcrumb":{"@id":"https:\/\/www.visit-ulcinj.com\/blog\/2010\/09\/01\/lose-punjenje-budzeta-ulcinja\/#breadcrumb"},"inLanguage":"en-US","potentialAction":[{"@type":"ReadAction","target":["https:\/\/www.visit-ulcinj.com\/blog\/2010\/09\/01\/lose-punjenje-budzeta-ulcinja\/"]}]},{"@type":"BreadcrumbList","@id":"https:\/\/www.visit-ulcinj.com\/blog\/2010\/09\/01\/lose-punjenje-budzeta-ulcinja\/#breadcrumb","itemListElement":[{"@type":"ListItem","position":1,"name":"Lo\u0161e punjenje bud\u017eeta Ulcinja"}]},{"@type":"Person","@id":"https:\/\/www.visit-ulcinj.com\/blog\/#\/schema\/person\/dcab619c614d3038751c63bc2aadc06d","name":"ulqini","sameAs":["http:\/\/www.visit-ulcinj.com"],"url":"https:\/\/www.visit-ulcinj.com\/blog\/author\/admin\/"}]}},"jetpack_featured_media_url":"","jetpack_sharing_enabled":true,"jetpack_shortlink":"https:\/\/wp.me\/pe6lTn-9wI","_links":{"self":[{"href":"https:\/\/www.visit-ulcinj.com\/blog\/wp-json\/wp\/v2\/posts\/36624"}],"collection":[{"href":"https:\/\/www.visit-ulcinj.com\/blog\/wp-json\/wp\/v2\/posts"}],"about":[{"href":"https:\/\/www.visit-ulcinj.com\/blog\/wp-json\/wp\/v2\/types\/post"}],"author":[{"embeddable":true,"href":"https:\/\/www.visit-ulcinj.com\/blog\/wp-json\/wp\/v2\/users\/1"}],"replies":[{"embeddable":true,"href":"https:\/\/www.visit-ulcinj.com\/blog\/wp-json\/wp\/v2\/comments?post=36624"}],"version-history":[{"count":0,"href":"https:\/\/www.visit-ulcinj.com\/blog\/wp-json\/wp\/v2\/posts\/36624\/revisions"}],"wp:attachment":[{"href":"https:\/\/www.visit-ulcinj.com\/blog\/wp-json\/wp\/v2\/media?parent=36624"}],"wp:term":[{"taxonomy":"category","embeddable":true,"href":"https:\/\/www.visit-ulcinj.com\/blog\/wp-json\/wp\/v2\/categories?post=36624"},{"taxonomy":"post_tag","embeddable":true,"href":"https:\/\/www.visit-ulcinj.com\/blog\/wp-json\/wp\/v2\/tags?post=36624"}],"curies":[{"name":"wp","href":"https:\/\/api.w.org\/{rel}","templated":true}]}}