{"id":36627,"date":"2010-09-01T20:10:00","date_gmt":"2010-09-01T18:10:00","guid":{"rendered":"http:\/\/www.visit-ulcinj.com\/blog\/?p=36627"},"modified":"2010-09-01T20:19:00","modified_gmt":"2010-09-01T18:19:00","slug":"kacemja-mashtrim-dhe-abuzimin-e-madh","status":"publish","type":"post","link":"https:\/\/www.visit-ulcinj.com\/blog\/2010\/09\/01\/kacemja-mashtrim-dhe-abuzimin-e-madh\/","title":{"rendered":"KACEMJA &#8211; Mashtrim dhe abuzimin e madh"},"content":{"rendered":"<div>\n<div>\n<p><strong><a href=\"http:\/\/www.visit-ulcinj.com\/blog\/wp-content\/uploads\/2010\/09\/FORCA.jpg\"><img loading=\"lazy\" class=\"alignleft size-full wp-image-36628\" title=\"FORCA\" src=\"http:\/\/www.visit-ulcinj.com\/blog\/wp-content\/uploads\/2010\/09\/FORCA.jpg\" alt=\"\" width=\"300\" height=\"300\" srcset=\"https:\/\/www.visit-ulcinj.com\/blog\/wp-content\/uploads\/2010\/09\/FORCA.jpg 200w, https:\/\/www.visit-ulcinj.com\/blog\/wp-content\/uploads\/2010\/09\/FORCA-150x150.jpg 150w\" sizes=\"(max-width: 300px) 100vw, 300px\" \/><\/a>DEKLARAT\u00cb:<\/strong><\/p>\n<p><strong>Ulqin,  31.08.2010<br \/>\nNr: 143 \/ 2010<\/strong><\/p>\n<p>E japim sot k\u00ebt\u00eb deklarat\u00eb, p\u00ebr  t\u00eb treguar\u00a0 se stuhia e djeshm\u00eb demaskoi mashtrimin dhe abuzimin e madh  t\u00eb marin\u00ebs s\u00eb Ulqinit dhe nxorrin n\u00eb shesh edhe nj\u00ebher\u00eb paaft\u00ebsin\u00eb dhe  pap\u00ebrgjegjshm\u00ebrin\u00eb e pushtetit aktual sebashku me te mirat detare kur  b\u00ebhet fjal\u00eb p\u00ebr administrimin e parave t\u00eb taksapaguesve. Shum\u00eb qytetar\u00ebt  e Ulqinit kan\u00eb qen\u00eb d\u00ebshmitar\u00eb gjat\u00eb mbr\u00ebmjes dhe nat\u00ebs s\u00eb djeshme t\u00eb  mosfunksionimit t\u00eb marin\u00ebs s\u00eb nd\u00ebrtuar n\u00eb ran ( ne kaceme ) e cila nuk i  ofronte fare mbrojtje barkave t\u00eb lidhura nga valet e detit. T\u00eb gjith\u00eb  pronar\u00ebt e barkave u mobilizuan mbr\u00ebm\u00eb p\u00ebr t\u00eb siguruar pron\u00ebn e tyre dhe  nj\u00eb pjes\u00eb e mir\u00eb e tyre i nxorri fare barkat nga marina e marrinave p\u00ebr  ti shp\u00ebtuar nga shkat\u00ebrrimi.<\/p>\n<p>Kur kjo marin\u00eb nuk ia doli  t\u00eb ofronte sigurin\u00eb e barkave n\u00eb gusht, mund t\u00eb imagjinohet leht\u00eb \u00e7far\u00eb  mund t\u00eb ndodhte n\u00eb mes t\u00eb dimrit.\u00a0 Q\u00eb n\u00eb fillim Forca ka shprehur  dyshimet e saja lidhur me marine ne kaceme dhe e ka ditur q\u00eb ky projekt  \u00ebsht\u00eb b\u00ebr\u00eb p\u00ebr t&#8217;iu hedhur hi syve qytetar\u00ebve duke maskuar mashtrimin me  premtimin elektoral q\u00eb u b\u00eb p\u00ebr\u00a0 kinse nd\u00ebrtimin e nj\u00eb marine moderne  qindramilion\u00ebshe n\u00eb Lima.<\/p>\n<p>Forca e ka kund\u00ebrshtuar  nd\u00ebrtimin e marin\u00ebs s\u00eb Plazhit t\u00eb Vog\u00ebl sepse\u00a0 rrezikonte past\u00ebrtin\u00eb e  ujit p\u00ebrreth duke larguar pushuesit tradicional prej aty e duke  k\u00ebrc\u00ebnuar seriozisht t\u00eb ardhmen e\u00a0 biznesit t\u00eb zon\u00ebs. Ky projekt \u00ebsht\u00eb  nd\u00ebrtuar n\u00eb m\u00ebnyr\u00eb arrogante duke shp\u00ebrfillur vullnetin e banor\u00ebve  p\u00ebrderisa nuk jan\u00eb organizuar shqyrtime publike p\u00ebr t\u00eb. P\u00ebrpos k\u00ebsaj  Forca ka shprehur shqet\u00ebsimin p\u00ebr faktin q\u00eb projekti c\u00ebnon trash\u00ebgimin\u00eb  kulturore e monumentale t\u00eb Ulqinit pasi nuk shkonte n\u00eb harmoni me  kalan\u00eb. P\u00ebr m\u00eb tep\u00ebr Forca ka shprehur rezerva t\u00eb m\u00ebdha edhe p\u00ebr vet\u00eb  cil\u00ebsin\u00eb e projektit, p\u00ebr pasigurin\u00eb e lokacionit s\u00eb zgjedhur p\u00ebr t\u00eb  nd\u00ebrtuar marin\u00ebn, p\u00ebr faktin q\u00eb projekti nuk kishte parashikuar  infrastruktur\u00ebn p\u00ebrkat\u00ebse p\u00ebrmbush\u00ebse si p\u00ebr shembull pompa karburanti  apo rrug\u00eb, dhe ajo q\u00eb \u00ebsht\u00eb m\u00eb e r\u00ebnd\u00ebsishme, p\u00ebr faktin q\u00eb ajo q\u00eb \u00ebsht\u00eb  nd\u00ebrtuar kushton shum\u00eb her\u00eb m\u00eb pak sesa kostoja prej 1.2 milion\u00eb euro  q\u00eb kan\u00eb paguar qytetar\u00ebt.<\/p>\n<p>Ngjarja e djeshme ka v\u00ebrtetuar  plotesisht dyshimet dhe akuzat e forc\u00ebs dhe kan\u00eb d\u00ebshmuar q\u00eb prapa k\u00ebtij  projekti ekziston nj\u00eb afer\u00eb korruptive q\u00eb meriton t\u00eb dal\u00eb para ligjit.<\/p>\n<p>Forca  e Re Demokratike i b\u00ebn thirrje prokuroris\u00eb dhe institucioneve t\u00eb tjera  p\u00ebrkat\u00ebse q\u00eb ta shqyrtojn\u00eb sa m\u00eb shpejt\u00eb k\u00ebt\u00eb projekt. Forca k\u00ebrkon  mbrojtjen e pronar\u00ebve t\u00eb barkave si dhe k\u00ebrkon v\u00ebnien e personave  p\u00ebrgjegj\u00ebs p\u00ebr k\u00ebt\u00eb projekt abuziv sa m\u00eb shpejt para ligjit.<\/p>\n<p><strong>Sh\u00ebrbimi  p\u00ebr informim i Forc\u00ebs<br \/>\n<!--YouTube Error: bad URL entered--><\/strong><\/p>\n<p>\ufeff<\/p>\n<\/div>\n<\/div>\n","protected":false},"excerpt":{"rendered":"<p>DEKLARAT\u00cb: Ulqin, 31.08.2010 Nr: 143 \/ 2010 E japim sot k\u00ebt\u00eb deklarat\u00eb, p\u00ebr t\u00eb treguar\u00a0 se stuhia e djeshm\u00eb demaskoi mashtrimin dhe abuzimin e madh t\u00eb marin\u00ebs s\u00eb Ulqinit dhe nxorrin n\u00eb shesh edhe nj\u00ebher\u00eb paaft\u00ebsin\u00eb dhe pap\u00ebrgjegjshm\u00ebrin\u00eb e pushtetit aktual sebashku me te mirat detare kur b\u00ebhet fjal\u00eb p\u00ebr administrimin e parave t\u00eb taksapaguesve. [&hellip;]<\/p>\n","protected":false},"author":1,"featured_media":0,"comment_status":"open","ping_status":"closed","sticky":false,"template":"","format":"standard","meta":{"spay_email":"","jetpack_publicize_message":"","jetpack_is_tweetstorm":false,"jetpack_publicize_feature_enabled":true},"categories":[11],"tags":[117,672],"jetpack_publicize_connections":[],"yoast_head":"<!-- This site is optimized with the Yoast SEO plugin v19.1 - https:\/\/yoast.com\/wordpress\/plugins\/seo\/ -->\n<title>KACEMJA - Mashtrim dhe abuzimin e madh - Lajme nga Ulqini<\/title>\n<meta name=\"description\" content=\"DEKLARAT\u00cb: Ulqin, 31.08.2010 Nr: 143 \/ 2010 E japim sot k\u00ebt\u00eb deklarat\u00eb, p\u00ebr t\u00eb treguar\u00a0 se stuhia e djeshm\u00eb demaskoi mashtrimin dhe abuzimin e madh t\u00eb\" \/>\n<meta name=\"robots\" content=\"index, follow, max-snippet:-1, max-image-preview:large, max-video-preview:-1\" \/>\n<link rel=\"canonical\" href=\"https:\/\/www.visit-ulcinj.com\/blog\/2010\/09\/01\/kacemja-mashtrim-dhe-abuzimin-e-madh\/\" \/>\n<meta property=\"og:locale\" content=\"en_US\" \/>\n<meta property=\"og:type\" content=\"article\" \/>\n<meta property=\"og:title\" content=\"KACEMJA - Mashtrim dhe abuzimin e madh - Lajme nga Ulqini\" \/>\n<meta property=\"og:description\" content=\"DEKLARAT\u00cb: Ulqin, 31.08.2010 Nr: 143 \/ 2010 E japim sot k\u00ebt\u00eb deklarat\u00eb, p\u00ebr t\u00eb treguar\u00a0 se stuhia e djeshm\u00eb demaskoi mashtrimin dhe abuzimin e madh t\u00eb\" \/>\n<meta property=\"og:url\" content=\"https:\/\/www.visit-ulcinj.com\/blog\/2010\/09\/01\/kacemja-mashtrim-dhe-abuzimin-e-madh\/\" \/>\n<meta property=\"og:site_name\" content=\"Lajme nga Ulqini\" \/>\n<meta property=\"article:published_time\" content=\"2010-09-01T18:10:00+00:00\" \/>\n<meta property=\"article:modified_time\" content=\"2010-09-01T18:19:00+00:00\" \/>\n<meta property=\"og:image\" content=\"http:\/\/www.visit-ulcinj.com\/blog\/wp-content\/uploads\/2010\/09\/FORCA.jpg\" \/>\n<meta name=\"twitter:label1\" content=\"Written by\" \/>\n\t<meta name=\"twitter:data1\" content=\"ulqini\" \/>\n\t<meta name=\"twitter:label2\" content=\"Est. reading time\" \/>\n\t<meta name=\"twitter:data2\" content=\"3 minutes\" \/>\n<script type=\"application\/ld+json\" class=\"yoast-schema-graph\">{\"@context\":\"https:\/\/schema.org\",\"@graph\":[{\"@type\":\"WebSite\",\"@id\":\"https:\/\/www.visit-ulcinj.com\/blog\/#website\",\"url\":\"https:\/\/www.visit-ulcinj.com\/blog\/\",\"name\":\"Lajme nga Ulqini\",\"description\":\"Lajme,Vijesti,Ulqini,Ulqin,Crna Gora,Mali i Zi\",\"potentialAction\":[{\"@type\":\"SearchAction\",\"target\":{\"@type\":\"EntryPoint\",\"urlTemplate\":\"https:\/\/www.visit-ulcinj.com\/blog\/?s={search_term_string}\"},\"query-input\":\"required name=search_term_string\"}],\"inLanguage\":\"en-US\"},{\"@type\":\"ImageObject\",\"inLanguage\":\"en-US\",\"@id\":\"https:\/\/www.visit-ulcinj.com\/blog\/2010\/09\/01\/kacemja-mashtrim-dhe-abuzimin-e-madh\/#primaryimage\",\"url\":\"https:\/\/www.visit-ulcinj.com\/blog\/wp-content\/uploads\/2010\/09\/FORCA.jpg\",\"contentUrl\":\"https:\/\/www.visit-ulcinj.com\/blog\/wp-content\/uploads\/2010\/09\/FORCA.jpg\",\"width\":\"200\",\"height\":\"200\"},{\"@type\":\"WebPage\",\"@id\":\"https:\/\/www.visit-ulcinj.com\/blog\/2010\/09\/01\/kacemja-mashtrim-dhe-abuzimin-e-madh\/#webpage\",\"url\":\"https:\/\/www.visit-ulcinj.com\/blog\/2010\/09\/01\/kacemja-mashtrim-dhe-abuzimin-e-madh\/\",\"name\":\"KACEMJA - Mashtrim dhe abuzimin e madh - Lajme nga Ulqini\",\"isPartOf\":{\"@id\":\"https:\/\/www.visit-ulcinj.com\/blog\/#website\"},\"primaryImageOfPage\":{\"@id\":\"https:\/\/www.visit-ulcinj.com\/blog\/2010\/09\/01\/kacemja-mashtrim-dhe-abuzimin-e-madh\/#primaryimage\"},\"datePublished\":\"2010-09-01T18:10:00+00:00\",\"dateModified\":\"2010-09-01T18:19:00+00:00\",\"author\":{\"@id\":\"https:\/\/www.visit-ulcinj.com\/blog\/#\/schema\/person\/dcab619c614d3038751c63bc2aadc06d\"},\"description\":\"DEKLARAT\u00cb: Ulqin, 31.08.2010 Nr: 143 \/ 2010 E japim sot k\u00ebt\u00eb deklarat\u00eb, p\u00ebr t\u00eb treguar\u00a0 se stuhia e djeshm\u00eb demaskoi mashtrimin dhe abuzimin e madh t\u00eb\",\"breadcrumb\":{\"@id\":\"https:\/\/www.visit-ulcinj.com\/blog\/2010\/09\/01\/kacemja-mashtrim-dhe-abuzimin-e-madh\/#breadcrumb\"},\"inLanguage\":\"en-US\",\"potentialAction\":[{\"@type\":\"ReadAction\",\"target\":[\"https:\/\/www.visit-ulcinj.com\/blog\/2010\/09\/01\/kacemja-mashtrim-dhe-abuzimin-e-madh\/\"]}]},{\"@type\":\"BreadcrumbList\",\"@id\":\"https:\/\/www.visit-ulcinj.com\/blog\/2010\/09\/01\/kacemja-mashtrim-dhe-abuzimin-e-madh\/#breadcrumb\",\"itemListElement\":[{\"@type\":\"ListItem\",\"position\":1,\"name\":\"KACEMJA &#8211; Mashtrim dhe abuzimin e madh\"}]},{\"@type\":\"Person\",\"@id\":\"https:\/\/www.visit-ulcinj.com\/blog\/#\/schema\/person\/dcab619c614d3038751c63bc2aadc06d\",\"name\":\"ulqini\",\"sameAs\":[\"http:\/\/www.visit-ulcinj.com\"],\"url\":\"https:\/\/www.visit-ulcinj.com\/blog\/author\/admin\/\"}]}<\/script>\n<!-- \/ Yoast SEO plugin. -->","yoast_head_json":{"title":"KACEMJA - Mashtrim dhe abuzimin e madh - Lajme nga Ulqini","description":"DEKLARAT\u00cb: Ulqin, 31.08.2010 Nr: 143 \/ 2010 E japim sot k\u00ebt\u00eb deklarat\u00eb, p\u00ebr t\u00eb treguar\u00a0 se stuhia e djeshm\u00eb demaskoi mashtrimin dhe abuzimin e madh t\u00eb","robots":{"index":"index","follow":"follow","max-snippet":"max-snippet:-1","max-image-preview":"max-image-preview:large","max-video-preview":"max-video-preview:-1"},"canonical":"https:\/\/www.visit-ulcinj.com\/blog\/2010\/09\/01\/kacemja-mashtrim-dhe-abuzimin-e-madh\/","og_locale":"en_US","og_type":"article","og_title":"KACEMJA - Mashtrim dhe abuzimin e madh - Lajme nga Ulqini","og_description":"DEKLARAT\u00cb: Ulqin, 31.08.2010 Nr: 143 \/ 2010 E japim sot k\u00ebt\u00eb deklarat\u00eb, p\u00ebr t\u00eb treguar\u00a0 se stuhia e djeshm\u00eb demaskoi mashtrimin dhe abuzimin e madh t\u00eb","og_url":"https:\/\/www.visit-ulcinj.com\/blog\/2010\/09\/01\/kacemja-mashtrim-dhe-abuzimin-e-madh\/","og_site_name":"Lajme nga Ulqini","article_published_time":"2010-09-01T18:10:00+00:00","article_modified_time":"2010-09-01T18:19:00+00:00","og_image":[{"url":"http:\/\/www.visit-ulcinj.com\/blog\/wp-content\/uploads\/2010\/09\/FORCA.jpg"}],"twitter_misc":{"Written by":"ulqini","Est. reading time":"3 minutes"},"schema":{"@context":"https:\/\/schema.org","@graph":[{"@type":"WebSite","@id":"https:\/\/www.visit-ulcinj.com\/blog\/#website","url":"https:\/\/www.visit-ulcinj.com\/blog\/","name":"Lajme nga Ulqini","description":"Lajme,Vijesti,Ulqini,Ulqin,Crna Gora,Mali i Zi","potentialAction":[{"@type":"SearchAction","target":{"@type":"EntryPoint","urlTemplate":"https:\/\/www.visit-ulcinj.com\/blog\/?s={search_term_string}"},"query-input":"required name=search_term_string"}],"inLanguage":"en-US"},{"@type":"ImageObject","inLanguage":"en-US","@id":"https:\/\/www.visit-ulcinj.com\/blog\/2010\/09\/01\/kacemja-mashtrim-dhe-abuzimin-e-madh\/#primaryimage","url":"https:\/\/www.visit-ulcinj.com\/blog\/wp-content\/uploads\/2010\/09\/FORCA.jpg","contentUrl":"https:\/\/www.visit-ulcinj.com\/blog\/wp-content\/uploads\/2010\/09\/FORCA.jpg","width":"200","height":"200"},{"@type":"WebPage","@id":"https:\/\/www.visit-ulcinj.com\/blog\/2010\/09\/01\/kacemja-mashtrim-dhe-abuzimin-e-madh\/#webpage","url":"https:\/\/www.visit-ulcinj.com\/blog\/2010\/09\/01\/kacemja-mashtrim-dhe-abuzimin-e-madh\/","name":"KACEMJA - Mashtrim dhe abuzimin e madh - Lajme nga Ulqini","isPartOf":{"@id":"https:\/\/www.visit-ulcinj.com\/blog\/#website"},"primaryImageOfPage":{"@id":"https:\/\/www.visit-ulcinj.com\/blog\/2010\/09\/01\/kacemja-mashtrim-dhe-abuzimin-e-madh\/#primaryimage"},"datePublished":"2010-09-01T18:10:00+00:00","dateModified":"2010-09-01T18:19:00+00:00","author":{"@id":"https:\/\/www.visit-ulcinj.com\/blog\/#\/schema\/person\/dcab619c614d3038751c63bc2aadc06d"},"description":"DEKLARAT\u00cb: Ulqin, 31.08.2010 Nr: 143 \/ 2010 E japim sot k\u00ebt\u00eb deklarat\u00eb, p\u00ebr t\u00eb treguar\u00a0 se stuhia e djeshm\u00eb demaskoi mashtrimin dhe abuzimin e madh t\u00eb","breadcrumb":{"@id":"https:\/\/www.visit-ulcinj.com\/blog\/2010\/09\/01\/kacemja-mashtrim-dhe-abuzimin-e-madh\/#breadcrumb"},"inLanguage":"en-US","potentialAction":[{"@type":"ReadAction","target":["https:\/\/www.visit-ulcinj.com\/blog\/2010\/09\/01\/kacemja-mashtrim-dhe-abuzimin-e-madh\/"]}]},{"@type":"BreadcrumbList","@id":"https:\/\/www.visit-ulcinj.com\/blog\/2010\/09\/01\/kacemja-mashtrim-dhe-abuzimin-e-madh\/#breadcrumb","itemListElement":[{"@type":"ListItem","position":1,"name":"KACEMJA &#8211; Mashtrim dhe abuzimin e madh"}]},{"@type":"Person","@id":"https:\/\/www.visit-ulcinj.com\/blog\/#\/schema\/person\/dcab619c614d3038751c63bc2aadc06d","name":"ulqini","sameAs":["http:\/\/www.visit-ulcinj.com"],"url":"https:\/\/www.visit-ulcinj.com\/blog\/author\/admin\/"}]}},"jetpack_featured_media_url":"","jetpack_sharing_enabled":true,"jetpack_shortlink":"https:\/\/wp.me\/pe6lTn-9wL","_links":{"self":[{"href":"https:\/\/www.visit-ulcinj.com\/blog\/wp-json\/wp\/v2\/posts\/36627"}],"collection":[{"href":"https:\/\/www.visit-ulcinj.com\/blog\/wp-json\/wp\/v2\/posts"}],"about":[{"href":"https:\/\/www.visit-ulcinj.com\/blog\/wp-json\/wp\/v2\/types\/post"}],"author":[{"embeddable":true,"href":"https:\/\/www.visit-ulcinj.com\/blog\/wp-json\/wp\/v2\/users\/1"}],"replies":[{"embeddable":true,"href":"https:\/\/www.visit-ulcinj.com\/blog\/wp-json\/wp\/v2\/comments?post=36627"}],"version-history":[{"count":0,"href":"https:\/\/www.visit-ulcinj.com\/blog\/wp-json\/wp\/v2\/posts\/36627\/revisions"}],"wp:attachment":[{"href":"https:\/\/www.visit-ulcinj.com\/blog\/wp-json\/wp\/v2\/media?parent=36627"}],"wp:term":[{"taxonomy":"category","embeddable":true,"href":"https:\/\/www.visit-ulcinj.com\/blog\/wp-json\/wp\/v2\/categories?post=36627"},{"taxonomy":"post_tag","embeddable":true,"href":"https:\/\/www.visit-ulcinj.com\/blog\/wp-json\/wp\/v2\/tags?post=36627"}],"curies":[{"name":"wp","href":"https:\/\/api.w.org\/{rel}","templated":true}]}}