{"id":3664,"date":"2008-09-28T11:05:48","date_gmt":"2008-09-28T16:05:48","guid":{"rendered":"http:\/\/www.visit-ulcinj.com\/blog\/?p=3664"},"modified":"2008-10-17T14:04:58","modified_gmt":"2008-10-17T19:04:58","slug":"veliki-pozar-u-bas-buljuku-kod-ulcinja","status":"publish","type":"post","link":"https:\/\/www.visit-ulcinj.com\/blog\/2008\/09\/28\/veliki-pozar-u-bas-buljuku-kod-ulcinja\/","title":{"rendered":"Veliki po\u017ear u Ba\u0161 Buljuku kod Ulcinja"},"content":{"rendered":"<p><a href=\"http:\/\/www.visit-ulcinj.com\/blog\/wp-content\/uploads\/2008\/09\/valdanos_ulcinj_ulqin.jpg\"><img loading=\"lazy\" class=\"alignleft size-medium wp-image-3667\" title=\"valdanos_ulcinj_ulqin\" src=\"http:\/\/www.visit-ulcinj.com\/blog\/wp-content\/uploads\/2008\/09\/valdanos_ulcinj_ulqin-300x200.jpg\" alt=\"\" width=\"300\" height=\"200\" srcset=\"https:\/\/www.visit-ulcinj.com\/blog\/wp-content\/uploads\/2008\/09\/valdanos_ulcinj_ulqin-300x200.jpg 300w, https:\/\/www.visit-ulcinj.com\/blog\/wp-content\/uploads\/2008\/09\/valdanos_ulcinj_ulqin.jpg 980w\" sizes=\"(max-width: 300px) 100vw, 300px\" \/><\/a><strong>Vatra bjesni u maslinjacima<\/strong><br \/>\nUlcinj \u2013 Po\u017ear koji je ju?e oko 17.30 ?asova izbio u Ba\u0161 Buljuku na putu od Ulcinja ka Valdanosu uni\u0161tio je vi\u0161e od 500 korijena stogodi\u0161njih maslina. Uprkos nat?ovje?anskim naporima ulcinjskih vatrogasaca vatrena stihija do zaklju?enja lista nije stavljena pod kontrolu.<br \/>\n\u201cTeren je nepristupa?an, no? je i te\u0161ko da ?emo ga no?as staviti pod kontrolu. Dodatni problem predstavlja nisko rastinje preko koga se vatra mo\u017ee prenijeti i na druge parcele i potpuno izma?i kontroli\u201d, kazao je sino? \u201cVijestima\u201d \u0161ef op\u0161tinske vatrogasne slu\u017ebe Fljamur Selovi?.<br \/>\nOn je naglasio da je po\u017ear zahvatio teren od 150.000 kvadrata najkvalitetnijih maslina. Na licu mjesta, pored ostalih, bili su i predsjednik Udru\u017eenja ulcinjskih maslinara D\u017eaudet Cakuli i gradona?elnik Gzim Hajdinaga.<br \/>\nCakuli smatra da je vrlo mogu?e da je po\u017ear u Ba\u0161 Buljuku podmetnut.<br \/>\n\u201cSve okolnosti upu?uju na to, ali je na istra\u017enim slu\u017ebama da precizno utvrde uzrok. Bilo je nekoliko slu?ajeva da su vlasnici maslinjaka palili korov na svojim imanjima i tako nesmotreno izazvali po\u017ear. Me?utim, u 17.30 sati te\u0161ko da je neko mogao da zapo?ne ?i\u0161?enje imanja, jer vlasnici u to vrijeme napu\u0161taju maslinjake\u201d, ocijenio je Cakuli.<br \/>\n\u201cNemam rije?i da opi\u0161em kako se ovi ljudi bore sa vatrenom stihijom. Me?utim, neophodnu pomo? dromadera i helikoptera mo\u017eemo o?ekivati tek kad svane\u201d, kazao je sino? za \u201cVijesti\u201d Hajdinaga.<br \/>\nVatrogasce sino? nije omela ni sna\u017ena detonacija.<br \/>\n\u201cSve se treslo od eksplozije. Ne znam da li je u pitanju zaostali projektil iz nekog od ranijih ratova ili skrivene eksplozivne naprave. U svakom slu?aju najbitnije je da niko nije povrije?en\u201d, kazao je Selovi?.<br \/>\nOn je dodao da ?e vatrogasci biti na terenu sve dok po\u017ear u potpunosti ne stave pod kontrolu\u201d.<br \/>\nU Ulcinju je samo prije nekoliko dana u dva navrata izgorjelo vi\u0161e od 100 korijena maslina.<a href=\"http:\/\/www.visit-ulcinj.com\/blog\/wp-content\/uploads\/2008\/09\/ada-bojana04-2.jpg\"><img loading=\"lazy\" class=\"alignright size-medium wp-image-3265\" title=\"ada-bojana04-2\" src=\"http:\/\/www.visit-ulcinj.com\/blog\/wp-content\/uploads\/2008\/09\/ada-bojana04-2-300x201.jpg\" alt=\"\" width=\"300\" height=\"201\" srcset=\"https:\/\/www.visit-ulcinj.com\/blog\/wp-content\/uploads\/2008\/09\/ada-bojana04-2-300x201.jpg 300w, https:\/\/www.visit-ulcinj.com\/blog\/wp-content\/uploads\/2008\/09\/ada-bojana04-2.jpg 978w\" sizes=\"(max-width: 300px) 100vw, 300px\" \/><\/a><\/p>\n<p><strong>I Ada u plamenu<\/strong><br \/>\nSamo nekoliko sati ranije ju?e ulcinjski vatrogasci borili su se sa vatrom koja je oko 10.30 ?asova, no\u0161ena jakim sjeveroisto?nim vjetrom, izbila u mo?varnom rejonu u zale?u desne obale Bojane u blizini mosta.<br \/>\nVatra se brzo pro\u0161irila prema u\u0161?u rijeke u more prijete?i da zahvati ribarske kolibe i vikendice, ali su vatrogasci pravovremenom intervencijom sprije?ili katastrofu.<br \/>\n\u201cPo\u017ear je izbio na nepristupa?nom terenu, pa smo ga ?ekali u blizini makadamskog puta, koji vodi od mosta do u\u0161?a iza reda ku?ica na obali rijeke. Uz pomo? kolega iz Bara, uspjeli smo da ga stavimo pod kontrolu oko 16.30 sati i spasimo oko deset ku?ica koje su bile prve na udaru vatre\u201d, kazao je Selovi?.<br \/>\n\u0160ef ulcinjskih vatrogasaca je naglasio da je uzrok po\u017eara za sada nepoznat, ali da policija radi na rasvjetljavanju okolnosti usljed kojih je do\u0161lo do izbijanja vatre na Adi Bojani.<br \/>\n<strong>S.ADROVI?<\/strong><\/p>\n<!--YouTube Error: bad URL entered-->\n<p style=\"text-align: center;\"><a class=\"aligncenter\" title=\"???? ????,?????,Ulcinj,Montenegru,??????????,\u00c7ernoqoriya,Besplatni internet oglasi,Besplatni oglasi,besplatni mali oglasi,besplatni turisti?ki oglasi,oglasi, usluge, turizam,Turisti?ke usluge,Doma?i turizam,Besplatni Oglasnik,Brzi Oglasi Besplatno,Besplatno OglasavanjeTurizam,besplatni oglasi sa slikom,Turisticki informator besplatni,li?ni-oglasi,BESPLATNI Turisticki OGLASI SA SLIKAMA,BESPLATNI Turisticki Oglasi saVideom,turisticki smestaj oglasi,Turisti?ki vodi? balkana,BESPLATNA REZERVACIJA SMESTAJA,Postavite besplatno Vas oglas,FREE TOURIST GUIDES,Izdavanje-Turizam oglasi,Balkan Turisticki vodic,shpallje turistike falas,Shpallje Falas,Shpallje falas per Komplekse Turistike,Lajmerime,Njoftime,shpallje shqip per shqiptaret ne shqiperi kosova maqedoni,mal te zi,???????????,Montenegiro,?ern\u00e1 Hora,??????????,Cz\u00f4rnog\u00f3ra,Cz\u00f4rn\u00f4 G\u00f3ra,Carna G\u00f3ra,T\u0161ernogooria,\u00c7ernogoriya,Montain\u00e9agr\u00f3,Montenegwo,?orna Hora,Montenegr\u00f3,M?ntenigro,Chernogoriya ,\u00c7\u00earnogor\u00ee ,?????????,????????? ,??????? ,Montes Nigrae,Mons Niger,M\u00f4ntenegr\u00f4,Muntenegru,??????????,Czarnog\u00f3ra,Muntinigru,Muntenegro,&lt;br &gt;&lt;\/a&gt; Muntenegru,\t?ierna Hora,Cxerngora,????????,?rna gora,Moontineegro,?ornog?ra,\u00c7ernogori\u00fda,Chernogoriya,Mont\u00f5negro,????? ???? ,?r?na Gora,?r?nogorije,?ernogorija,?arnahoryja,??????????,???????????????????? ,?ern\u00f4g\u00f4riy\u00e2,M\u00fbnt\u00een\u00ee?r\u00fb,????? ?????? ,????????,??????????,???????????,M\u00e2nten\u00eegro,???? ????? ,????????,M\u00f4ntenegr\u00f4,????????????,???????????,????????????, ??????????? ,????????????,??????????? ,\u008d\u2022?R\/?K?R ,\u0192\u201a\u0192\u201c\u0192e\u0192l\u0192O\u0192\u008d,\u00b8???\u00b3?\u00b1?\u00b7? ,Muntenegru, ????? ????, Montenegr?,chambres ? louer ? ulcinj, location de vacance, location saisonni?res, louer villa,location de vacance, Locations vacance, h?bergements vacances, locations villa, logements de vacances, location maison avec piscine, Location vacance, locations de vacance, h?bergements de vacances, location villa, locations entre particulier, logements vacance, vacances ? Mont?n?gro - location ? Ulcinj ,location  de bigorre,Urlaub in Ulcinj -Montenegro,Hotelbewertungen Ulcinj,Reisen Ulcinj, Urlaub Ulcinj,Hotel in Serbien und Montenegro von Urlaubern bewertet,Billig Urlaub in Ulcinj,ferienh?user,ferienwohnung,Billige Ferienh?user,Ferienwohnung ULCINJ,Ferien an der Adria,Urlaub im Ferienhaus ulcinjBilligreisen Ulcinj,Pauschalreisen,FKK Strand Ada Bojana ulcinj,Last Minute Angebote ulcinj,Preise f?r Lastminute,Kleinanzeigen gratis,Ausflug nach Ulcinj,FKK-Reisen ada bojana,FKK-Urlaub ulcinj,Privatni smje?taj,rezervacija smje?taja,apartmani,sobe,ku?e,odmor,sobe za odmor ulcinj,Pretra?ivanje privatnog smje?taja,rooms rent accommodation ulcinj, rentail private accommodation ulcinj,?elite rezervirati privatni smje?taj,Private accommodation,Smje?taj ulcinj,Pushime Verore ulqin,pushime t? lira n? ulqin,Pushime ne plazh,Pushime te kendshme,dhoma per pushime ulqin,dhoma me qera ulqin,dhoma te lira ulqin,pushime te lira ulqin,mali i zi,kosova,maqedoni,shqiperi,Pushime ne det te ulqinit,godi?nji odmor u ulcinj,odmor u ulcinj,Ku?a za odmor,kuda na odmor,ljetovanje u ulcinj,slobodne sobe,dhoma te lira,ku?a uz more,turisti?ka ponuda,odmor i zabava,povolne cene,sobe,usluge,Mjesto za Va? odmor , Place for Your holiday,Odmor portal,putovanaja,Iznajmljivanje soba ulcinj,odmor ulcinj info,Va?e mjesto za odmor ulcinj,nudisticka plaza ada bojana,smjestaj ponuda ulcinj,lokacioni i dhomave ulqin,deti,plazhet e bukura,diskoteka,zbavitja,.\" href=\"http:\/\/www.visit-ulcinj.com\/tourism\/\" target=\"_blank\"><img loading=\"lazy\" class=\"aligncenter\" title=\"SHPALLJE TURISTIKE FALAS,FREE TOURIST GUIDES,BESPLATNI TURISTI?KI OGLASI,balkan holiday rentals,ALBANIJA,ALBANIA,SHQIPERIJA,CRNA GORA,HRVATSKA,KROACIA,SLOVENIJA,MAKEDONIJA,MAKEDONIA,SRBIJA,MONTENEGRO,MALI I ZI,\" src=\"http:\/\/www.visit-ulcinj.com\/blog\/wp-content\/uploads\/2008\/09\/balkanholidayrentals.gif\" alt=\"Apatin,  Aran?elovac,  ?uprija,  ?a?ak,  ?apljina,  ?itluk,  ?abac,  ?ipovo,  ?iroki Brijeg,  ?ep?e,  ?ivinice,  Ba?ka Palanka,  Banja Luka,  Banovi?i,  Be?ej,  beograd,  Biha?,  Bijeljina,  Bor,  Bor?a,  Bosanska Gradi?ka,  Bosanska Krupa,  Bosanski ?amac,  Bosanski Brod,  Bosanski Novi,  Br?ko,  Bu?im,  Bugojno,  Cazin,  Crna Gora,  Derventa,  Doboj,  Donji Vakuf,  Drvar,  Dubrovnik,  Fo?a,  Fojnica,  Glamo?,  Gora?de,  Gornji Milanovac,  Gornji Vakuf,  gostivar,  Gra?anica,  Grada?ac,  Gradiska,  Grahovo,  Had?i?i,  Ilid?a,  In?ija,  Jablanica,  Jagodina,  Jajce,  Kakanj,  Kalu?erica,  Kikinda,  Klju?,  Konjic,  Kotor Varo?,  Kragujevac,  Kraljevo,  Kru?evac,  Kula,  Kupres,  Lakta?i,  Lazarevac,  Leskovac,  Livno,  Ljubinje,  ljublana,  Ljubu?ki,  Loznica,  Lukavac,  Maglaj,  Mladenovac,  Modri?a,  montenegro erlajnz,  mostar,  Mrkonji? Grad,  Neum,  Ni?,  Novi Pazar,  Novi Sad,  Novi Travnik,  Obrenovac,  Od?ak,  ohrid,  Ora?je,  Pale,  Pan?evo,  Para?in,  Pirot,  Po?arevac,  Podgorica,  Priboj,  Prijedor,  Prokuplje,  Prozor,  pula,  rijeka,  Ruma,  Sanski Most,  Sarajevo,  Senta,  serbija,  sibenik,  skopje,  Smederevo,  Smederevska Palanka,  Sokolac,  Sombor,  split,  Srebrenica,  Srebrenik,  Sremska Mitrovica,  Stolac,  Struga,  Subotica,  Temerin,  Tesli?,  tetovo,  Travnik,  Trebinje,  tuzla,  U?ice,  ulcinj,  Valjevo,  Velika Kladu?a,  Vi?egrad,  Visoko,  Vitez,  Vogo??a,  vojvodina,  Vranje,  Vr?ac,  Vrbas,  zadar,  Zagreb,  Zaje?ar,  Zavidovi?i,  Zenica,  Zrenjanin,  Zvornik,copacabana ulcinj,  h?tels,  hotel ulqin,  Kosova,  Mali i Zi,  Maqedonija,  Montenegro,  montenegro tourisme plage,  montenegro ulcinj,  Shpallje Falas,  Shpallje Falas per shitjen e shtepis se juaj,  Shpallje Falas per villat e juaj,  Shpallje Falas Real Estate,  Shpallje Falas turistike,  shqiperija,  tourisme,  Ulci?,  ulcinj,  ulqin,  ulqin hotel,  ulqini,  ulqini 2007,Ada Bojana,  Alba?czyk,  Cita di Dolcino,  Copacabana,  Czarnog?ra,  Czarnog?rzec,  Don Kichota,  Ma\u00b3a Pla?a,  Mandra,  MIGUEL DE SERVANTES,  p?\u00b3wyspy Marjan,  Pla?a Valdanos,  Rzeka Bojana,  Shas \/ ?as \/ Sva?,  Ulci?,  Ulcinjsk\u00b9 Riwier?,  Wielka Pla?a,  Wyspa Bojana,GORA,??????????,???????,??????????, ?ern? Hora,TO ULCINJ \/ ULQIN,MONTENEGRO, Czarnog?ra, Muntenegru, ????? ????, Montenegr?,villa ? louer ? ulcinj, location de vacance, location saisonni?res, louer chambres,location de vacance, Locations vacance, h?bergements vacances, locations villa, logements de vacances, location maison avec piscine, Location vacance, locations de vacance, h?bergements de vacances, location, locations entre particulier, logements vacance, vacances ? Mont?n?gro - location ? Ulcinj ,location  de bigorre,Albaniku,  Artana,  Bujanoci,  Burimi,  Dardana,  Dardan?,  De?an,  Dibra,  Drenas,  Drenasi,  Ferizaj,  Ferizaji,  Fush? Kosova,Besplatni internet oglasi,Besplatni oglasi,besplatni mali oglasi,besplatni turisti?ki oglasi,oglasi, usluge, turizam,Turisti?ke usluge,Doma?i turizam,Besplatni Oglasnik,Brzi Oglasi Besplatno,Besplatno OglasavanjeTurizam,besplatni oglasi sa slikom,Turisticki informator besplatni,li?ni-oglasi,BESPLATNI Turisticki OGLASI SA SLIKAMA,BESPLATNI Turisticki Oglasi saVideom,turisticki smestaj oglasi,Turisti?ki vodi? balkana,BESPLATNA REZERVACIJA SMESTAJA,Postavite besplatno Vas oglas,FREE TOURIST GUIDES,Izdavanje-Turizam oglasi,Balkan Turisticki vodic,shpallje turistike falas,Shpallje Falas,Shpallje falas per Komplekse Turistike,Lajmerime,Njoftime,shpallje shqip per shqiptaret ne shqiperi kosova maqedoni,mal te zi,Fush? Kosov?,  Gjakova,  Gjakov?,  Gjilan,  Gjilani,  Gostivari,  Istog,  Istog\u00b7,  Ka?anik,  Ka?aniku,  Kastrioti,  K?r?ova,  Klina,  Klin?,  Kumanova,  Leposaviq,  Leskovci,  Likova,  Lipjan,  Lipjani,  Malisheva,  Malishev?,  Manastiri,  Medvegja,  Mitrovica,  Mitrovic?,  Novob?rd?,  Obiliq\u00b7 Rahovec,  Ohri,  Peja,  Pej?,  Podujeva,  Podujev?,  Presheva,  Prishtina,  Prishtin?,  Prizren,  Prizreni,  Rahoveci,  Sharri,  Sharri (Kosov?),  Shkupi,  Sht?rpca,  Sht?rpc?,  Shtime,  Sk?nderaj,  Struga,  Tetova,  Theranda,  Therand?,  Triumf Riza,  Veleshta,  Viti,  Vitia,  Vushtrri,  Vushtrria,  Zubin Potok,  Zubin Potoku,  Zve?an,  Zve?ani,Struga,Gostivari,Gostivar,Ker?ova,Tirana,Durr?si,Elbasani,Shkodra,Tuzi,Vlora, Kor?a,Fieri,Berati,Lushnja ,Kavaja,Pogradeci,La?i,Gjirokastra,Patosi,Kruja,Ku?ova,Kuk?si,Lezha,Saranda,Peshkopia,Burreli,C?rriku,?orovoda,Shijaku,Librazhdi,Tepelena,Gramshi,Poli?ani,Bulqiza,P?rmeti,Fush?Kruja,Kamza,Rr?sheni,Ballshi,Mamurrasi,BajramCurri,Erseka,Peqini,Divjaka,Selenica,Bilishti,Roskoveci,Puka,Memaliaj,Rrogozhina,Ura Vajgurore,Himara,Delvina,Vora,Kopliku,Maliqi,P?rrenjasi,Kruma, Libohova,Orikumi,Fush?-Arr?za,Sh?ngjini,Rubiku,Miloti, Leskoviku,Konispoli,K?lcyra,Krasta,K?rraba,Manastiri,Hara?ina,Likova,Prilepi,Zajazi,Vrap?ishti,Bogovin?,\" width=\"420\" height=\"120\" \/><\/a><\/p>\n","protected":false},"excerpt":{"rendered":"<p>Vatra bjesni u maslinjacima Ulcinj \u2013 Po\u017ear koji je ju?e oko 17.30 ?asova izbio u Ba\u0161 Buljuku na putu od Ulcinja ka Valdanosu uni\u0161tio je vi\u0161e od 500 korijena stogodi\u0161njih maslina. Uprkos nat?ovje?anskim naporima ulcinjskih vatrogasaca vatrena stihija do zaklju?enja lista nije stavljena pod kontrolu. \u201cTeren je nepristupa?an, no? je i te\u0161ko da ?emo ga [&hellip;]<\/p>\n","protected":false},"author":1,"featured_media":0,"comment_status":"open","ping_status":"closed","sticky":false,"template":"","format":"standard","meta":{"spay_email":"","jetpack_publicize_message":"","jetpack_is_tweetstorm":false,"jetpack_publicize_feature_enabled":true},"categories":[1,12],"tags":[4601,4602,140,19,136],"jetpack_publicize_connections":[],"yoast_head":"<!-- This site is optimized with the Yoast SEO plugin v19.1 - https:\/\/yoast.com\/wordpress\/plugins\/seo\/ -->\n<title>Veliki po\u017ear u Ba\u0161 Buljuku kod Ulcinja - Lajme nga Ulqini<\/title>\n<meta name=\"description\" content=\"Vatra bjesni u maslinjacima Ulcinj \u2013 Po\u017ear koji je ju?e oko 17.30 ?asova izbio u Ba\u0161 Buljuku na putu od Ulcinja ka Valdanosu uni\u0161tio je vi\u0161e od 500\" \/>\n<meta name=\"robots\" content=\"index, follow, max-snippet:-1, max-image-preview:large, max-video-preview:-1\" \/>\n<link rel=\"canonical\" href=\"https:\/\/www.visit-ulcinj.com\/blog\/2008\/09\/28\/veliki-pozar-u-bas-buljuku-kod-ulcinja\/\" \/>\n<meta property=\"og:locale\" content=\"en_US\" \/>\n<meta property=\"og:type\" content=\"article\" \/>\n<meta property=\"og:title\" content=\"Veliki po\u017ear u Ba\u0161 Buljuku kod Ulcinja - Lajme nga Ulqini\" \/>\n<meta property=\"og:description\" content=\"Vatra bjesni u maslinjacima Ulcinj \u2013 Po\u017ear koji je ju?e oko 17.30 ?asova izbio u Ba\u0161 Buljuku na putu od Ulcinja ka Valdanosu uni\u0161tio je vi\u0161e od 500\" \/>\n<meta property=\"og:url\" content=\"https:\/\/www.visit-ulcinj.com\/blog\/2008\/09\/28\/veliki-pozar-u-bas-buljuku-kod-ulcinja\/\" \/>\n<meta property=\"og:site_name\" content=\"Lajme nga Ulqini\" \/>\n<meta property=\"article:published_time\" content=\"2008-09-28T16:05:48+00:00\" \/>\n<meta property=\"article:modified_time\" content=\"2008-10-17T19:04:58+00:00\" \/>\n<meta property=\"og:image\" content=\"http:\/\/www.visit-ulcinj.com\/blog\/wp-content\/uploads\/2008\/09\/valdanos_ulcinj_ulqin-300x200.jpg\" \/>\n<meta name=\"twitter:label1\" content=\"Written by\" \/>\n\t<meta name=\"twitter:data1\" content=\"ulqini\" \/>\n\t<meta name=\"twitter:label2\" content=\"Est. reading time\" \/>\n\t<meta name=\"twitter:data2\" content=\"2 minutes\" \/>\n<script type=\"application\/ld+json\" class=\"yoast-schema-graph\">{\"@context\":\"https:\/\/schema.org\",\"@graph\":[{\"@type\":\"WebSite\",\"@id\":\"https:\/\/www.visit-ulcinj.com\/blog\/#website\",\"url\":\"https:\/\/www.visit-ulcinj.com\/blog\/\",\"name\":\"Lajme nga Ulqini\",\"description\":\"Lajme,Vijesti,Ulqini,Ulqin,Crna Gora,Mali i Zi\",\"potentialAction\":[{\"@type\":\"SearchAction\",\"target\":{\"@type\":\"EntryPoint\",\"urlTemplate\":\"https:\/\/www.visit-ulcinj.com\/blog\/?s={search_term_string}\"},\"query-input\":\"required name=search_term_string\"}],\"inLanguage\":\"en-US\"},{\"@type\":\"ImageObject\",\"inLanguage\":\"en-US\",\"@id\":\"https:\/\/www.visit-ulcinj.com\/blog\/2008\/09\/28\/veliki-pozar-u-bas-buljuku-kod-ulcinja\/#primaryimage\",\"url\":\"http:\/\/www.visit-ulcinj.com\/blog\/wp-content\/uploads\/2008\/09\/valdanos_ulcinj_ulqin-300x200.jpg\",\"contentUrl\":\"http:\/\/www.visit-ulcinj.com\/blog\/wp-content\/uploads\/2008\/09\/valdanos_ulcinj_ulqin-300x200.jpg\"},{\"@type\":\"WebPage\",\"@id\":\"https:\/\/www.visit-ulcinj.com\/blog\/2008\/09\/28\/veliki-pozar-u-bas-buljuku-kod-ulcinja\/#webpage\",\"url\":\"https:\/\/www.visit-ulcinj.com\/blog\/2008\/09\/28\/veliki-pozar-u-bas-buljuku-kod-ulcinja\/\",\"name\":\"Veliki po\u017ear u Ba\u0161 Buljuku kod Ulcinja - Lajme nga Ulqini\",\"isPartOf\":{\"@id\":\"https:\/\/www.visit-ulcinj.com\/blog\/#website\"},\"primaryImageOfPage\":{\"@id\":\"https:\/\/www.visit-ulcinj.com\/blog\/2008\/09\/28\/veliki-pozar-u-bas-buljuku-kod-ulcinja\/#primaryimage\"},\"datePublished\":\"2008-09-28T16:05:48+00:00\",\"dateModified\":\"2008-10-17T19:04:58+00:00\",\"author\":{\"@id\":\"https:\/\/www.visit-ulcinj.com\/blog\/#\/schema\/person\/dcab619c614d3038751c63bc2aadc06d\"},\"description\":\"Vatra bjesni u maslinjacima Ulcinj \u2013 Po\u017ear koji je ju?e oko 17.30 ?asova izbio u Ba\u0161 Buljuku na putu od Ulcinja ka Valdanosu uni\u0161tio je vi\u0161e od 500\",\"breadcrumb\":{\"@id\":\"https:\/\/www.visit-ulcinj.com\/blog\/2008\/09\/28\/veliki-pozar-u-bas-buljuku-kod-ulcinja\/#breadcrumb\"},\"inLanguage\":\"en-US\",\"potentialAction\":[{\"@type\":\"ReadAction\",\"target\":[\"https:\/\/www.visit-ulcinj.com\/blog\/2008\/09\/28\/veliki-pozar-u-bas-buljuku-kod-ulcinja\/\"]}]},{\"@type\":\"BreadcrumbList\",\"@id\":\"https:\/\/www.visit-ulcinj.com\/blog\/2008\/09\/28\/veliki-pozar-u-bas-buljuku-kod-ulcinja\/#breadcrumb\",\"itemListElement\":[{\"@type\":\"ListItem\",\"position\":1,\"name\":\"Veliki po\u017ear u Ba\u0161 Buljuku kod Ulcinja\"}]},{\"@type\":\"Person\",\"@id\":\"https:\/\/www.visit-ulcinj.com\/blog\/#\/schema\/person\/dcab619c614d3038751c63bc2aadc06d\",\"name\":\"ulqini\",\"sameAs\":[\"http:\/\/www.visit-ulcinj.com\"],\"url\":\"https:\/\/www.visit-ulcinj.com\/blog\/author\/admin\/\"}]}<\/script>\n<!-- \/ Yoast SEO plugin. -->","yoast_head_json":{"title":"Veliki po\u017ear u Ba\u0161 Buljuku kod Ulcinja - Lajme nga Ulqini","description":"Vatra bjesni u maslinjacima Ulcinj \u2013 Po\u017ear koji je ju?e oko 17.30 ?asova izbio u Ba\u0161 Buljuku na putu od Ulcinja ka Valdanosu uni\u0161tio je vi\u0161e od 500","robots":{"index":"index","follow":"follow","max-snippet":"max-snippet:-1","max-image-preview":"max-image-preview:large","max-video-preview":"max-video-preview:-1"},"canonical":"https:\/\/www.visit-ulcinj.com\/blog\/2008\/09\/28\/veliki-pozar-u-bas-buljuku-kod-ulcinja\/","og_locale":"en_US","og_type":"article","og_title":"Veliki po\u017ear u Ba\u0161 Buljuku kod Ulcinja - Lajme nga Ulqini","og_description":"Vatra bjesni u maslinjacima Ulcinj \u2013 Po\u017ear koji je ju?e oko 17.30 ?asova izbio u Ba\u0161 Buljuku na putu od Ulcinja ka Valdanosu uni\u0161tio je vi\u0161e od 500","og_url":"https:\/\/www.visit-ulcinj.com\/blog\/2008\/09\/28\/veliki-pozar-u-bas-buljuku-kod-ulcinja\/","og_site_name":"Lajme nga Ulqini","article_published_time":"2008-09-28T16:05:48+00:00","article_modified_time":"2008-10-17T19:04:58+00:00","og_image":[{"url":"http:\/\/www.visit-ulcinj.com\/blog\/wp-content\/uploads\/2008\/09\/valdanos_ulcinj_ulqin-300x200.jpg"}],"twitter_misc":{"Written by":"ulqini","Est. reading time":"2 minutes"},"schema":{"@context":"https:\/\/schema.org","@graph":[{"@type":"WebSite","@id":"https:\/\/www.visit-ulcinj.com\/blog\/#website","url":"https:\/\/www.visit-ulcinj.com\/blog\/","name":"Lajme nga Ulqini","description":"Lajme,Vijesti,Ulqini,Ulqin,Crna Gora,Mali i Zi","potentialAction":[{"@type":"SearchAction","target":{"@type":"EntryPoint","urlTemplate":"https:\/\/www.visit-ulcinj.com\/blog\/?s={search_term_string}"},"query-input":"required name=search_term_string"}],"inLanguage":"en-US"},{"@type":"ImageObject","inLanguage":"en-US","@id":"https:\/\/www.visit-ulcinj.com\/blog\/2008\/09\/28\/veliki-pozar-u-bas-buljuku-kod-ulcinja\/#primaryimage","url":"http:\/\/www.visit-ulcinj.com\/blog\/wp-content\/uploads\/2008\/09\/valdanos_ulcinj_ulqin-300x200.jpg","contentUrl":"http:\/\/www.visit-ulcinj.com\/blog\/wp-content\/uploads\/2008\/09\/valdanos_ulcinj_ulqin-300x200.jpg"},{"@type":"WebPage","@id":"https:\/\/www.visit-ulcinj.com\/blog\/2008\/09\/28\/veliki-pozar-u-bas-buljuku-kod-ulcinja\/#webpage","url":"https:\/\/www.visit-ulcinj.com\/blog\/2008\/09\/28\/veliki-pozar-u-bas-buljuku-kod-ulcinja\/","name":"Veliki po\u017ear u Ba\u0161 Buljuku kod Ulcinja - Lajme nga Ulqini","isPartOf":{"@id":"https:\/\/www.visit-ulcinj.com\/blog\/#website"},"primaryImageOfPage":{"@id":"https:\/\/www.visit-ulcinj.com\/blog\/2008\/09\/28\/veliki-pozar-u-bas-buljuku-kod-ulcinja\/#primaryimage"},"datePublished":"2008-09-28T16:05:48+00:00","dateModified":"2008-10-17T19:04:58+00:00","author":{"@id":"https:\/\/www.visit-ulcinj.com\/blog\/#\/schema\/person\/dcab619c614d3038751c63bc2aadc06d"},"description":"Vatra bjesni u maslinjacima Ulcinj \u2013 Po\u017ear koji je ju?e oko 17.30 ?asova izbio u Ba\u0161 Buljuku na putu od Ulcinja ka Valdanosu uni\u0161tio je vi\u0161e od 500","breadcrumb":{"@id":"https:\/\/www.visit-ulcinj.com\/blog\/2008\/09\/28\/veliki-pozar-u-bas-buljuku-kod-ulcinja\/#breadcrumb"},"inLanguage":"en-US","potentialAction":[{"@type":"ReadAction","target":["https:\/\/www.visit-ulcinj.com\/blog\/2008\/09\/28\/veliki-pozar-u-bas-buljuku-kod-ulcinja\/"]}]},{"@type":"BreadcrumbList","@id":"https:\/\/www.visit-ulcinj.com\/blog\/2008\/09\/28\/veliki-pozar-u-bas-buljuku-kod-ulcinja\/#breadcrumb","itemListElement":[{"@type":"ListItem","position":1,"name":"Veliki po\u017ear u Ba\u0161 Buljuku kod Ulcinja"}]},{"@type":"Person","@id":"https:\/\/www.visit-ulcinj.com\/blog\/#\/schema\/person\/dcab619c614d3038751c63bc2aadc06d","name":"ulqini","sameAs":["http:\/\/www.visit-ulcinj.com"],"url":"https:\/\/www.visit-ulcinj.com\/blog\/author\/admin\/"}]}},"jetpack_featured_media_url":"","jetpack_sharing_enabled":true,"jetpack_shortlink":"https:\/\/wp.me\/pe6lTn-X6","_links":{"self":[{"href":"https:\/\/www.visit-ulcinj.com\/blog\/wp-json\/wp\/v2\/posts\/3664"}],"collection":[{"href":"https:\/\/www.visit-ulcinj.com\/blog\/wp-json\/wp\/v2\/posts"}],"about":[{"href":"https:\/\/www.visit-ulcinj.com\/blog\/wp-json\/wp\/v2\/types\/post"}],"author":[{"embeddable":true,"href":"https:\/\/www.visit-ulcinj.com\/blog\/wp-json\/wp\/v2\/users\/1"}],"replies":[{"embeddable":true,"href":"https:\/\/www.visit-ulcinj.com\/blog\/wp-json\/wp\/v2\/comments?post=3664"}],"version-history":[{"count":0,"href":"https:\/\/www.visit-ulcinj.com\/blog\/wp-json\/wp\/v2\/posts\/3664\/revisions"}],"wp:attachment":[{"href":"https:\/\/www.visit-ulcinj.com\/blog\/wp-json\/wp\/v2\/media?parent=3664"}],"wp:term":[{"taxonomy":"category","embeddable":true,"href":"https:\/\/www.visit-ulcinj.com\/blog\/wp-json\/wp\/v2\/categories?post=3664"},{"taxonomy":"post_tag","embeddable":true,"href":"https:\/\/www.visit-ulcinj.com\/blog\/wp-json\/wp\/v2\/tags?post=3664"}],"curies":[{"name":"wp","href":"https:\/\/api.w.org\/{rel}","templated":true}]}}