{"id":36642,"date":"2010-09-02T18:30:18","date_gmt":"2010-09-02T16:30:18","guid":{"rendered":"http:\/\/www.visit-ulcinj.com\/blog\/?p=36642"},"modified":"2010-12-01T20:48:12","modified_gmt":"2010-12-01T19:48:12","slug":"iz-budve-odbacuju-optuzbe-ulcinjske-force","status":"publish","type":"post","link":"https:\/\/www.visit-ulcinj.com\/blog\/2010\/09\/02\/iz-budve-odbacuju-optuzbe-ulcinjske-force\/","title":{"rendered":"Iz Budve odbacuju optu\u017ebe Ulcinjske Force"},"content":{"rendered":"<p><strong><a href=\"http:\/\/www.visit-ulcinj.com\/blog\/wp-content\/uploads\/2010\/09\/Kacema-Ulcinj.5_picnik.jpg\"><img loading=\"lazy\" class=\"alignleft size-large wp-image-36643\" title=\"OLYMPUS DIGITAL CAMERA\" src=\"http:\/\/www.visit-ulcinj.com\/blog\/wp-content\/uploads\/2010\/09\/Kacema-Ulcinj.5_picnik-1024x768.jpg\" alt=\"\" width=\"490\" height=\"368\" srcset=\"https:\/\/www.visit-ulcinj.com\/blog\/wp-content\/uploads\/2010\/09\/Kacema-Ulcinj.5_picnik-1024x768.jpg 1024w, https:\/\/www.visit-ulcinj.com\/blog\/wp-content\/uploads\/2010\/09\/Kacema-Ulcinj.5_picnik-300x224.jpg 300w, https:\/\/www.visit-ulcinj.com\/blog\/wp-content\/uploads\/2010\/09\/Kacema-Ulcinj.5_picnik.jpg 1040w\" sizes=\"(max-width: 490px) 100vw, 490px\" \/><\/a>Morsko dobro: Kacema je \u010dista<\/strong><br \/>\nUlcinj &#8211; Javno preduze\u0107e za upravljanje morskim dobrom odbacilo je optu\u017ebe Force da je lu\u010dica Kacema ispod Starog grada u Ulcinju gra\u0111ena nezakonito i da je rije\u010d o koruptivnoj aferi.<br \/>\nIz tog preduze\u0107a ju\u010de je ponovo saop\u0161teno da poslovi na projektu nijesu zavr\u0161eni i da lu\u010dica nije infrastrukturno opremljena.<br \/>\n\u201cSamim tim, objekat nije stavljen u funkciju i jo\u0161 se ne mo\u017ee bezbjedno koristiti. Stru\u010dne slu\u017ebe preduze\u0107a, u saradnji sa projektantom i nadzornim organom, prati\u0107e pona\u0161anje novoizgra\u0111ene konstrukcije u eksploataciji i predlo\u017eiti korekcije ukoliko se to poka\u017ee neophodnim. Nakog zavr\u0161etka objekta i pribavljanja upotrebne dozvole, lu\u010dica \u0107e biti kori\u0161\u0107ena na stru\u010dan i profesionalan na\u010din\u201d, navodi se u reagovanju \u201eMorskog dobra\u201c na tekst \u201eKacema mimo zakona\u201c, koji je objavljen u ju\u010dera\u0161njim \u201eVijestima\u201c.<br \/>\nU tom tekstu, Forca je iznijela niz optu\u017ebi na ra\u010dun JP i gradskih vlasti samo dan nakon \u0161to su mje\u0161tani u nevremenu spasavali svoje barke u uzburkanoj lu\u010dici.<br \/>\nForca je pozvala i tu\u017eila\u0161tvo da preispita posao povodom gradnje Kaceme, ocjenjuju\u0107i da je rije\u010d o koruptivnoj aferi.<br \/>\nU \u201eMorskom dobru\u201c podsje\u0107aju da su sa Op\u0161tinom Ulcinj i u skladu sa DUP-om za zonu Pristan 2008. godine planirali izgradnju lu\u010dice Kacema, te da je realizacija te investicije po\u010dela izradom projektne dokumentacije.<br \/>\n\u201cProjekat je uradila specijalizovana hidrogra\u0111evinska kompanija \u201ePMC INVEST\u201c iz Tivta, a projektant je Milan Jovanovi\u0107 iz Beograda. Projektovani kapacitet lu\u010dice je oko 50 mjesta za manje \u010damce. Geomehani\u010dki elaborat o ispitivanju morskog dna uradio je Zavod za gra\u0111evinske materijale, geotehniku i hemijske analize AD \u201eNIK\u0160I\u0106\u201c, a elaborat o mogu\u0107em uticaju ovog projekta na obalne procese u neposrednoj okolini, uradio je dr Sava Petkovi\u0107 iz Beograda\u201d, navodi se u reagovanju. Dodaje se da je reviziju projektne dokumentacije obavio Gra\u0111evinski fakultet iz Podgorice i ocijenio je pozitivno.<br \/>\n\u201cU postupku pribavljanja gra\u0111evinske dozvole od oktobra do decembra 2008. sprovedena je javna rasprava o procjeni uticaja na \u017eivotnu sredinu. U toku javne rasprave nije bilo primjedbi gra\u0111ana, niti drugih subjekata. Ministarstvo za ekonomski razvoj je na bazi kompletne dokumentacije izdalo odobrenje za gradnju broj 1102-02-9423\/1-08 od 19. januara 2009. \u201cMorsko dobro\u201d je, saglasno Zakonu o javnim nabavkama, sprovelo javni tender za izbor izvo\u0111a\u010da radova. Radovi su povjereni izvo\u0111a\u010du \u201eYU BRIV\u201c iz Kotora. Saglasno zakonu, izabran je i stru\u010dni nadzor nad izvo\u0111enjem radova, a poslovi su povjereni preduze\u0107u \u201eBIROK\u201c iz Herceg Novog\u201d, podsje\u0107a se u reagovanju i isti\u010de da su ugovoreni radovi na realizaciji prve faze izgradnje lu\u010dice Kacema iznosili 764.141 euro.<br \/>\n\u201cStru\u010dni nadzor nad izvo\u0111enjem radova konstatovao je da je gradnja lu\u010dice stru\u010dna i profesionalna, i u skladu sa odobrenom projektnom dokumentacijom\u201d, zaklju\u010duje se u reagovanju.<\/p>\n<p><strong>S.A.<br \/>\n<a href=\"http:\/\/www.vijesti.me\/\" target=\"_blank\">Vijesti<br \/>\n\n\t\t<style type=\"text\/css\">\n\t\t\t#gallery-1 {\n\t\t\t\tmargin: auto;\n\t\t\t}\n\t\t\t#gallery-1 .gallery-item {\n\t\t\t\tfloat: left;\n\t\t\t\tmargin-top: 10px;\n\t\t\t\ttext-align: center;\n\t\t\t\twidth: 33%;\n\t\t\t}\n\t\t\t#gallery-1 img {\n\t\t\t\tborder: 2px solid #cfcfcf;\n\t\t\t}\n\t\t\t#gallery-1 .gallery-caption {\n\t\t\t\tmargin-left: 0;\n\t\t\t}\n\t\t\t\/* see gallery_shortcode() in wp-includes\/media.php *\/\n\t\t<\/style>\n\t\t<div id='gallery-1' class='gallery galleryid-36642 gallery-columns-3 gallery-size-thumbnail'><dl class='gallery-item'>\n\t\t\t<dt class='gallery-icon landscape'>\n\t\t\t\t<a href='https:\/\/www.visit-ulcinj.com\/blog\/wp-content\/uploads\/2010\/09\/Kacema-Ulcinj.5_picnik.jpg'><img width=\"150\" height=\"150\" src=\"https:\/\/www.visit-ulcinj.com\/blog\/wp-content\/uploads\/2010\/09\/Kacema-Ulcinj.5_picnik-150x150.jpg\" class=\"attachment-thumbnail size-thumbnail\" alt=\"\" loading=\"lazy\" \/><\/a>\n\t\t\t<\/dt><\/dl><dl class='gallery-item'>\n\t\t\t<dt class='gallery-icon landscape'>\n\t\t\t\t<a href='https:\/\/www.visit-ulcinj.com\/blog\/wp-content\/uploads\/2010\/09\/Kacema-Ulcinj.jpg'><img width=\"150\" height=\"150\" src=\"https:\/\/www.visit-ulcinj.com\/blog\/wp-content\/uploads\/2010\/09\/Kacema-Ulcinj-150x150.jpg\" class=\"attachment-thumbnail size-thumbnail\" alt=\"\" loading=\"lazy\" \/><\/a>\n\t\t\t<\/dt><\/dl><dl class='gallery-item'>\n\t\t\t<dt class='gallery-icon landscape'>\n\t\t\t\t<a href='https:\/\/www.visit-ulcinj.com\/blog\/wp-content\/uploads\/2010\/09\/Kacema-Ulcinj.1.jpg'><img width=\"150\" height=\"150\" src=\"https:\/\/www.visit-ulcinj.com\/blog\/wp-content\/uploads\/2010\/09\/Kacema-Ulcinj.1-150x150.jpg\" class=\"attachment-thumbnail size-thumbnail\" alt=\"\" loading=\"lazy\" \/><\/a>\n\t\t\t<\/dt><\/dl><br style=\"clear: both\" \/><dl class='gallery-item'>\n\t\t\t<dt class='gallery-icon landscape'>\n\t\t\t\t<a href='https:\/\/www.visit-ulcinj.com\/blog\/wp-content\/uploads\/2010\/09\/Kacema-Ulcinj.2.jpg'><img width=\"150\" height=\"150\" src=\"https:\/\/www.visit-ulcinj.com\/blog\/wp-content\/uploads\/2010\/09\/Kacema-Ulcinj.2-150x150.jpg\" class=\"attachment-thumbnail size-thumbnail\" alt=\"\" loading=\"lazy\" \/><\/a>\n\t\t\t<\/dt><\/dl><dl class='gallery-item'>\n\t\t\t<dt class='gallery-icon landscape'>\n\t\t\t\t<a href='https:\/\/www.visit-ulcinj.com\/blog\/wp-content\/uploads\/2010\/09\/Kacema-Ulcinj.3.jpg'><img width=\"150\" height=\"150\" src=\"https:\/\/www.visit-ulcinj.com\/blog\/wp-content\/uploads\/2010\/09\/Kacema-Ulcinj.3-150x150.jpg\" class=\"attachment-thumbnail size-thumbnail\" alt=\"\" loading=\"lazy\" \/><\/a>\n\t\t\t<\/dt><\/dl><dl class='gallery-item'>\n\t\t\t<dt class='gallery-icon landscape'>\n\t\t\t\t<a href='https:\/\/www.visit-ulcinj.com\/blog\/wp-content\/uploads\/2010\/09\/Kacema-Ulcinj.4.jpg'><img width=\"150\" height=\"150\" src=\"https:\/\/www.visit-ulcinj.com\/blog\/wp-content\/uploads\/2010\/09\/Kacema-Ulcinj.4-150x150.jpg\" class=\"attachment-thumbnail size-thumbnail\" alt=\"\" loading=\"lazy\" \/><\/a>\n\t\t\t<\/dt><\/dl><br style=\"clear: both\" \/>\n\t\t<\/div>\n<br \/>\n<\/a><\/strong><br \/>\n<!--YouTube Error: bad URL entered--><\/p>\n","protected":false},"excerpt":{"rendered":"<p>Morsko dobro: Kacema je \u010dista Ulcinj &#8211; Javno preduze\u0107e za upravljanje morskim dobrom odbacilo je optu\u017ebe Force da je lu\u010dica Kacema ispod Starog grada u Ulcinju gra\u0111ena nezakonito i da je rije\u010d o koruptivnoj aferi. Iz tog preduze\u0107a ju\u010de je ponovo saop\u0161teno da poslovi na projektu nijesu zavr\u0161eni i da lu\u010dica nije infrastrukturno opremljena. \u201cSamim [&hellip;]<\/p>\n","protected":false},"author":1,"featured_media":0,"comment_status":"open","ping_status":"closed","sticky":false,"template":"","format":"standard","meta":{"spay_email":"","jetpack_publicize_message":"","jetpack_is_tweetstorm":false,"jetpack_publicize_feature_enabled":true},"categories":[8337],"tags":[14689,2019,15248],"jetpack_publicize_connections":[],"yoast_head":"<!-- This site is optimized with the Yoast SEO plugin v19.1 - https:\/\/yoast.com\/wordpress\/plugins\/seo\/ -->\n<title>Iz Budve odbacuju optu\u017ebe Ulcinjske Force - Lajme nga Ulqini<\/title>\n<meta name=\"description\" content=\"Morsko dobro: Kacema je \u010dista Ulcinj - Javno preduze\u0107e za upravljanje morskim dobrom odbacilo je optu\u017ebe Force da je lu\u010dica Kacema ispod Starog grada u\" \/>\n<meta name=\"robots\" content=\"index, follow, max-snippet:-1, max-image-preview:large, max-video-preview:-1\" \/>\n<link rel=\"canonical\" href=\"https:\/\/www.visit-ulcinj.com\/blog\/2010\/09\/02\/iz-budve-odbacuju-optuzbe-ulcinjske-force\/\" \/>\n<meta property=\"og:locale\" content=\"en_US\" \/>\n<meta property=\"og:type\" content=\"article\" \/>\n<meta property=\"og:title\" content=\"Iz Budve odbacuju optu\u017ebe Ulcinjske Force - Lajme nga Ulqini\" \/>\n<meta property=\"og:description\" content=\"Morsko dobro: Kacema je \u010dista Ulcinj - Javno preduze\u0107e za upravljanje morskim dobrom odbacilo je optu\u017ebe Force da je lu\u010dica Kacema ispod Starog grada u\" \/>\n<meta property=\"og:url\" content=\"https:\/\/www.visit-ulcinj.com\/blog\/2010\/09\/02\/iz-budve-odbacuju-optuzbe-ulcinjske-force\/\" \/>\n<meta property=\"og:site_name\" content=\"Lajme nga Ulqini\" \/>\n<meta property=\"article:published_time\" content=\"2010-09-02T16:30:18+00:00\" \/>\n<meta property=\"article:modified_time\" content=\"2010-12-01T19:48:12+00:00\" \/>\n<meta property=\"og:image\" content=\"https:\/\/www.visit-ulcinj.com\/blog\/wp-content\/uploads\/2010\/09\/Kacema-Ulcinj.5_picnik-150x150.jpg\" \/>\n<meta name=\"twitter:label1\" content=\"Written by\" \/>\n\t<meta name=\"twitter:data1\" content=\"ulqini\" \/>\n\t<meta name=\"twitter:label2\" content=\"Est. reading time\" \/>\n\t<meta name=\"twitter:data2\" content=\"3 minutes\" \/>\n<script type=\"application\/ld+json\" class=\"yoast-schema-graph\">{\"@context\":\"https:\/\/schema.org\",\"@graph\":[{\"@type\":\"WebSite\",\"@id\":\"https:\/\/www.visit-ulcinj.com\/blog\/#website\",\"url\":\"https:\/\/www.visit-ulcinj.com\/blog\/\",\"name\":\"Lajme nga Ulqini\",\"description\":\"Lajme,Vijesti,Ulqini,Ulqin,Crna Gora,Mali i Zi\",\"potentialAction\":[{\"@type\":\"SearchAction\",\"target\":{\"@type\":\"EntryPoint\",\"urlTemplate\":\"https:\/\/www.visit-ulcinj.com\/blog\/?s={search_term_string}\"},\"query-input\":\"required name=search_term_string\"}],\"inLanguage\":\"en-US\"},{\"@type\":\"ImageObject\",\"inLanguage\":\"en-US\",\"@id\":\"https:\/\/www.visit-ulcinj.com\/blog\/2010\/09\/02\/iz-budve-odbacuju-optuzbe-ulcinjske-force\/#primaryimage\",\"url\":\"https:\/\/www.visit-ulcinj.com\/blog\/wp-content\/uploads\/2010\/09\/Kacema-Ulcinj.5_picnik.jpg\",\"contentUrl\":\"https:\/\/www.visit-ulcinj.com\/blog\/wp-content\/uploads\/2010\/09\/Kacema-Ulcinj.5_picnik.jpg\",\"width\":\"1040\",\"height\":\"780\"},{\"@type\":\"WebPage\",\"@id\":\"https:\/\/www.visit-ulcinj.com\/blog\/2010\/09\/02\/iz-budve-odbacuju-optuzbe-ulcinjske-force\/#webpage\",\"url\":\"https:\/\/www.visit-ulcinj.com\/blog\/2010\/09\/02\/iz-budve-odbacuju-optuzbe-ulcinjske-force\/\",\"name\":\"Iz Budve odbacuju optu\u017ebe Ulcinjske Force - Lajme nga Ulqini\",\"isPartOf\":{\"@id\":\"https:\/\/www.visit-ulcinj.com\/blog\/#website\"},\"primaryImageOfPage\":{\"@id\":\"https:\/\/www.visit-ulcinj.com\/blog\/2010\/09\/02\/iz-budve-odbacuju-optuzbe-ulcinjske-force\/#primaryimage\"},\"datePublished\":\"2010-09-02T16:30:18+00:00\",\"dateModified\":\"2010-12-01T19:48:12+00:00\",\"author\":{\"@id\":\"https:\/\/www.visit-ulcinj.com\/blog\/#\/schema\/person\/dcab619c614d3038751c63bc2aadc06d\"},\"description\":\"Morsko dobro: Kacema je \u010dista Ulcinj - Javno preduze\u0107e za upravljanje morskim dobrom odbacilo je optu\u017ebe Force da je lu\u010dica Kacema ispod Starog grada u\",\"breadcrumb\":{\"@id\":\"https:\/\/www.visit-ulcinj.com\/blog\/2010\/09\/02\/iz-budve-odbacuju-optuzbe-ulcinjske-force\/#breadcrumb\"},\"inLanguage\":\"en-US\",\"potentialAction\":[{\"@type\":\"ReadAction\",\"target\":[\"https:\/\/www.visit-ulcinj.com\/blog\/2010\/09\/02\/iz-budve-odbacuju-optuzbe-ulcinjske-force\/\"]}]},{\"@type\":\"BreadcrumbList\",\"@id\":\"https:\/\/www.visit-ulcinj.com\/blog\/2010\/09\/02\/iz-budve-odbacuju-optuzbe-ulcinjske-force\/#breadcrumb\",\"itemListElement\":[{\"@type\":\"ListItem\",\"position\":1,\"name\":\"Iz Budve odbacuju optu\u017ebe Ulcinjske Force\"}]},{\"@type\":\"Person\",\"@id\":\"https:\/\/www.visit-ulcinj.com\/blog\/#\/schema\/person\/dcab619c614d3038751c63bc2aadc06d\",\"name\":\"ulqini\",\"sameAs\":[\"http:\/\/www.visit-ulcinj.com\"],\"url\":\"https:\/\/www.visit-ulcinj.com\/blog\/author\/admin\/\"}]}<\/script>\n<!-- \/ Yoast SEO plugin. -->","yoast_head_json":{"title":"Iz Budve odbacuju optu\u017ebe Ulcinjske Force - Lajme nga Ulqini","description":"Morsko dobro: Kacema je \u010dista Ulcinj - Javno preduze\u0107e za upravljanje morskim dobrom odbacilo je optu\u017ebe Force da je lu\u010dica Kacema ispod Starog grada u","robots":{"index":"index","follow":"follow","max-snippet":"max-snippet:-1","max-image-preview":"max-image-preview:large","max-video-preview":"max-video-preview:-1"},"canonical":"https:\/\/www.visit-ulcinj.com\/blog\/2010\/09\/02\/iz-budve-odbacuju-optuzbe-ulcinjske-force\/","og_locale":"en_US","og_type":"article","og_title":"Iz Budve odbacuju optu\u017ebe Ulcinjske Force - Lajme nga Ulqini","og_description":"Morsko dobro: Kacema je \u010dista Ulcinj - Javno preduze\u0107e za upravljanje morskim dobrom odbacilo je optu\u017ebe Force da je lu\u010dica Kacema ispod Starog grada u","og_url":"https:\/\/www.visit-ulcinj.com\/blog\/2010\/09\/02\/iz-budve-odbacuju-optuzbe-ulcinjske-force\/","og_site_name":"Lajme nga Ulqini","article_published_time":"2010-09-02T16:30:18+00:00","article_modified_time":"2010-12-01T19:48:12+00:00","og_image":[{"url":"https:\/\/www.visit-ulcinj.com\/blog\/wp-content\/uploads\/2010\/09\/Kacema-Ulcinj.5_picnik-150x150.jpg"}],"twitter_misc":{"Written by":"ulqini","Est. reading time":"3 minutes"},"schema":{"@context":"https:\/\/schema.org","@graph":[{"@type":"WebSite","@id":"https:\/\/www.visit-ulcinj.com\/blog\/#website","url":"https:\/\/www.visit-ulcinj.com\/blog\/","name":"Lajme nga Ulqini","description":"Lajme,Vijesti,Ulqini,Ulqin,Crna Gora,Mali i Zi","potentialAction":[{"@type":"SearchAction","target":{"@type":"EntryPoint","urlTemplate":"https:\/\/www.visit-ulcinj.com\/blog\/?s={search_term_string}"},"query-input":"required name=search_term_string"}],"inLanguage":"en-US"},{"@type":"ImageObject","inLanguage":"en-US","@id":"https:\/\/www.visit-ulcinj.com\/blog\/2010\/09\/02\/iz-budve-odbacuju-optuzbe-ulcinjske-force\/#primaryimage","url":"https:\/\/www.visit-ulcinj.com\/blog\/wp-content\/uploads\/2010\/09\/Kacema-Ulcinj.5_picnik.jpg","contentUrl":"https:\/\/www.visit-ulcinj.com\/blog\/wp-content\/uploads\/2010\/09\/Kacema-Ulcinj.5_picnik.jpg","width":"1040","height":"780"},{"@type":"WebPage","@id":"https:\/\/www.visit-ulcinj.com\/blog\/2010\/09\/02\/iz-budve-odbacuju-optuzbe-ulcinjske-force\/#webpage","url":"https:\/\/www.visit-ulcinj.com\/blog\/2010\/09\/02\/iz-budve-odbacuju-optuzbe-ulcinjske-force\/","name":"Iz Budve odbacuju optu\u017ebe Ulcinjske Force - Lajme nga Ulqini","isPartOf":{"@id":"https:\/\/www.visit-ulcinj.com\/blog\/#website"},"primaryImageOfPage":{"@id":"https:\/\/www.visit-ulcinj.com\/blog\/2010\/09\/02\/iz-budve-odbacuju-optuzbe-ulcinjske-force\/#primaryimage"},"datePublished":"2010-09-02T16:30:18+00:00","dateModified":"2010-12-01T19:48:12+00:00","author":{"@id":"https:\/\/www.visit-ulcinj.com\/blog\/#\/schema\/person\/dcab619c614d3038751c63bc2aadc06d"},"description":"Morsko dobro: Kacema je \u010dista Ulcinj - Javno preduze\u0107e za upravljanje morskim dobrom odbacilo je optu\u017ebe Force da je lu\u010dica Kacema ispod Starog grada u","breadcrumb":{"@id":"https:\/\/www.visit-ulcinj.com\/blog\/2010\/09\/02\/iz-budve-odbacuju-optuzbe-ulcinjske-force\/#breadcrumb"},"inLanguage":"en-US","potentialAction":[{"@type":"ReadAction","target":["https:\/\/www.visit-ulcinj.com\/blog\/2010\/09\/02\/iz-budve-odbacuju-optuzbe-ulcinjske-force\/"]}]},{"@type":"BreadcrumbList","@id":"https:\/\/www.visit-ulcinj.com\/blog\/2010\/09\/02\/iz-budve-odbacuju-optuzbe-ulcinjske-force\/#breadcrumb","itemListElement":[{"@type":"ListItem","position":1,"name":"Iz Budve odbacuju optu\u017ebe Ulcinjske Force"}]},{"@type":"Person","@id":"https:\/\/www.visit-ulcinj.com\/blog\/#\/schema\/person\/dcab619c614d3038751c63bc2aadc06d","name":"ulqini","sameAs":["http:\/\/www.visit-ulcinj.com"],"url":"https:\/\/www.visit-ulcinj.com\/blog\/author\/admin\/"}]}},"jetpack_featured_media_url":"","jetpack_sharing_enabled":true,"jetpack_shortlink":"https:\/\/wp.me\/pe6lTn-9x0","_links":{"self":[{"href":"https:\/\/www.visit-ulcinj.com\/blog\/wp-json\/wp\/v2\/posts\/36642"}],"collection":[{"href":"https:\/\/www.visit-ulcinj.com\/blog\/wp-json\/wp\/v2\/posts"}],"about":[{"href":"https:\/\/www.visit-ulcinj.com\/blog\/wp-json\/wp\/v2\/types\/post"}],"author":[{"embeddable":true,"href":"https:\/\/www.visit-ulcinj.com\/blog\/wp-json\/wp\/v2\/users\/1"}],"replies":[{"embeddable":true,"href":"https:\/\/www.visit-ulcinj.com\/blog\/wp-json\/wp\/v2\/comments?post=36642"}],"version-history":[{"count":0,"href":"https:\/\/www.visit-ulcinj.com\/blog\/wp-json\/wp\/v2\/posts\/36642\/revisions"}],"wp:attachment":[{"href":"https:\/\/www.visit-ulcinj.com\/blog\/wp-json\/wp\/v2\/media?parent=36642"}],"wp:term":[{"taxonomy":"category","embeddable":true,"href":"https:\/\/www.visit-ulcinj.com\/blog\/wp-json\/wp\/v2\/categories?post=36642"},{"taxonomy":"post_tag","embeddable":true,"href":"https:\/\/www.visit-ulcinj.com\/blog\/wp-json\/wp\/v2\/tags?post=36642"}],"curies":[{"name":"wp","href":"https:\/\/api.w.org\/{rel}","templated":true}]}}