{"id":36651,"date":"2010-09-02T19:05:31","date_gmt":"2010-09-02T17:05:31","guid":{"rendered":"http:\/\/www.visit-ulcinj.com\/blog\/?p=36651"},"modified":"2010-09-02T19:05:31","modified_gmt":"2010-09-02T17:05:31","slug":"vatrogasci-u-stoju-gasili-na-dva-mjesta-istovremeno","status":"publish","type":"post","link":"https:\/\/www.visit-ulcinj.com\/blog\/2010\/09\/02\/vatrogasci-u-stoju-gasili-na-dva-mjesta-istovremeno\/","title":{"rendered":"Vatrogasci u \u0160toju gasili na dva mjesta istovremeno"},"content":{"rendered":"<p><strong><a href=\"http:\/\/www.visit-ulcinj.com\/blog\/wp-content\/uploads\/2010\/09\/Fljamur-Selovic.jpg\"><img loading=\"lazy\" class=\"alignleft size-medium wp-image-36652\" title=\"Fljamur-Selovic\" src=\"http:\/\/www.visit-ulcinj.com\/blog\/wp-content\/uploads\/2010\/09\/Fljamur-Selovic-222x300.jpg\" alt=\"\" width=\"222\" height=\"300\" srcset=\"https:\/\/www.visit-ulcinj.com\/blog\/wp-content\/uploads\/2010\/09\/Fljamur-Selovic-222x300.jpg 222w, https:\/\/www.visit-ulcinj.com\/blog\/wp-content\/uploads\/2010\/09\/Fljamur-Selovic.jpg 355w\" sizes=\"(max-width: 222px) 100vw, 222px\" \/><\/a>Vatra do\u0161la do pragova<br \/>\n<\/strong>Ulcinj &#8211; U dva odvojena po\u017eara, koja su ju\u010de oko 13.30 \u010dasova buknula u \u0160toju kod Ulcinja nije bilo povrije\u0111enih, niti ve\u0107e materijalne \u0161tete, ali je vatra dva sata zlokobno prijetila okolnim doma\u0107instvima.<br \/>\nPrvi po\u017ear planuo je na livadama ispod katoli\u010dke crkve i, kako je kazao na\u010delnik Slu\u017ebe za\u0161tite i spasavanja Fljamur Selovi\u0107, ugro\u017eeno je bilo oko 40 doma\u0107instava.<br \/>\n\u201cVatra je bila na tri do \u010detiri metra od pojedinih ku\u0107a. Bilo je dramati\u010dno, ali smo na sre\u0107u uspjeli da po\u017ear za dva sata lokalizujemo. Nije bilo ve\u0107e materijalne \u0161tete i mislim da je izgorio jedan koko\u0161injac\u201d, kazao je Selovi\u0107 za \u201eVijesti\u201c.<br \/>\nNakon pet minuta i samo 500 metara lijevo, buknuo je drugi po\u017ear koji je i bukvalno bio na pragu \u010detiri ku\u0107e, ali su vatrogasci pravovremeno intervenisali, iako su paralelno krotili vatru na drugom kraju \u0160toja.<br \/>\n\u201cU tom po\u017earu nijesmo uspjeli da spasimo jedan pomo\u0107ni objekat, ali su zato domovi ostali netaknuti\u201d, kazao je Selovi\u0107, ocjenjuju\u0107i da je ljudski faktor uzrok oba po\u017eara.<\/p>\n<p><strong>S.A.<br \/>\n<a href=\"http:\/\/www.vijesti.me\/\" target=\"_blank\">Vijesti<\/a><\/strong><\/p>\n","protected":false},"excerpt":{"rendered":"<p>Vatra do\u0161la do pragova Ulcinj &#8211; U dva odvojena po\u017eara, koja su ju\u010de oko 13.30 \u010dasova buknula u \u0160toju kod Ulcinja nije bilo povrije\u0111enih, niti ve\u0107e materijalne \u0161tete, ali je vatra dva sata zlokobno prijetila okolnim doma\u0107instvima. Prvi po\u017ear planuo je na livadama ispod katoli\u010dke crkve i, kako je kazao na\u010delnik Slu\u017ebe za\u0161tite i spasavanja [&hellip;]<\/p>\n","protected":false},"author":1,"featured_media":0,"comment_status":"open","ping_status":"closed","sticky":false,"template":"","format":"standard","meta":{"spay_email":"","jetpack_publicize_message":"","jetpack_is_tweetstorm":false,"jetpack_publicize_feature_enabled":true},"categories":[6950],"tags":[4468,15250,19,15249],"jetpack_publicize_connections":[],"yoast_head":"<!-- This site is optimized with the Yoast SEO plugin v19.1 - https:\/\/yoast.com\/wordpress\/plugins\/seo\/ -->\n<title>Vatrogasci u \u0160toju gasili na dva mjesta istovremeno - Lajme nga Ulqini<\/title>\n<meta name=\"description\" content=\"Vatra do\u0161la do pragova Ulcinj - U dva odvojena po\u017eara, koja su ju\u010de oko 13.30 \u010dasova buknula u \u0160toju kod Ulcinja nije bilo povrije\u0111enih, niti ve\u0107e\" \/>\n<meta name=\"robots\" content=\"index, follow, max-snippet:-1, max-image-preview:large, max-video-preview:-1\" \/>\n<link rel=\"canonical\" href=\"https:\/\/www.visit-ulcinj.com\/blog\/2010\/09\/02\/vatrogasci-u-stoju-gasili-na-dva-mjesta-istovremeno\/\" \/>\n<meta property=\"og:locale\" content=\"en_US\" \/>\n<meta property=\"og:type\" content=\"article\" \/>\n<meta property=\"og:title\" content=\"Vatrogasci u \u0160toju gasili na dva mjesta istovremeno - Lajme nga Ulqini\" \/>\n<meta property=\"og:description\" content=\"Vatra do\u0161la do pragova Ulcinj - U dva odvojena po\u017eara, koja su ju\u010de oko 13.30 \u010dasova buknula u \u0160toju kod Ulcinja nije bilo povrije\u0111enih, niti ve\u0107e\" \/>\n<meta property=\"og:url\" content=\"https:\/\/www.visit-ulcinj.com\/blog\/2010\/09\/02\/vatrogasci-u-stoju-gasili-na-dva-mjesta-istovremeno\/\" \/>\n<meta property=\"og:site_name\" content=\"Lajme nga Ulqini\" \/>\n<meta property=\"article:published_time\" content=\"2010-09-02T17:05:31+00:00\" \/>\n<meta property=\"og:image\" content=\"http:\/\/www.visit-ulcinj.com\/blog\/wp-content\/uploads\/2010\/09\/Fljamur-Selovic-222x300.jpg\" \/>\n<meta name=\"twitter:label1\" content=\"Written by\" \/>\n\t<meta name=\"twitter:data1\" content=\"ulqini\" \/>\n\t<meta name=\"twitter:label2\" content=\"Est. reading time\" \/>\n\t<meta name=\"twitter:data2\" content=\"1 minute\" \/>\n<script type=\"application\/ld+json\" class=\"yoast-schema-graph\">{\"@context\":\"https:\/\/schema.org\",\"@graph\":[{\"@type\":\"WebSite\",\"@id\":\"https:\/\/www.visit-ulcinj.com\/blog\/#website\",\"url\":\"https:\/\/www.visit-ulcinj.com\/blog\/\",\"name\":\"Lajme nga Ulqini\",\"description\":\"Lajme,Vijesti,Ulqini,Ulqin,Crna Gora,Mali i Zi\",\"potentialAction\":[{\"@type\":\"SearchAction\",\"target\":{\"@type\":\"EntryPoint\",\"urlTemplate\":\"https:\/\/www.visit-ulcinj.com\/blog\/?s={search_term_string}\"},\"query-input\":\"required name=search_term_string\"}],\"inLanguage\":\"en-US\"},{\"@type\":\"ImageObject\",\"inLanguage\":\"en-US\",\"@id\":\"https:\/\/www.visit-ulcinj.com\/blog\/2010\/09\/02\/vatrogasci-u-stoju-gasili-na-dva-mjesta-istovremeno\/#primaryimage\",\"url\":\"https:\/\/www.visit-ulcinj.com\/blog\/wp-content\/uploads\/2010\/09\/Fljamur-Selovic.jpg\",\"contentUrl\":\"https:\/\/www.visit-ulcinj.com\/blog\/wp-content\/uploads\/2010\/09\/Fljamur-Selovic.jpg\",\"width\":\"355\",\"height\":\"478\"},{\"@type\":\"WebPage\",\"@id\":\"https:\/\/www.visit-ulcinj.com\/blog\/2010\/09\/02\/vatrogasci-u-stoju-gasili-na-dva-mjesta-istovremeno\/#webpage\",\"url\":\"https:\/\/www.visit-ulcinj.com\/blog\/2010\/09\/02\/vatrogasci-u-stoju-gasili-na-dva-mjesta-istovremeno\/\",\"name\":\"Vatrogasci u \u0160toju gasili na dva mjesta istovremeno - Lajme nga Ulqini\",\"isPartOf\":{\"@id\":\"https:\/\/www.visit-ulcinj.com\/blog\/#website\"},\"primaryImageOfPage\":{\"@id\":\"https:\/\/www.visit-ulcinj.com\/blog\/2010\/09\/02\/vatrogasci-u-stoju-gasili-na-dva-mjesta-istovremeno\/#primaryimage\"},\"datePublished\":\"2010-09-02T17:05:31+00:00\",\"dateModified\":\"2010-09-02T17:05:31+00:00\",\"author\":{\"@id\":\"https:\/\/www.visit-ulcinj.com\/blog\/#\/schema\/person\/dcab619c614d3038751c63bc2aadc06d\"},\"description\":\"Vatra do\u0161la do pragova Ulcinj - U dva odvojena po\u017eara, koja su ju\u010de oko 13.30 \u010dasova buknula u \u0160toju kod Ulcinja nije bilo povrije\u0111enih, niti ve\u0107e\",\"breadcrumb\":{\"@id\":\"https:\/\/www.visit-ulcinj.com\/blog\/2010\/09\/02\/vatrogasci-u-stoju-gasili-na-dva-mjesta-istovremeno\/#breadcrumb\"},\"inLanguage\":\"en-US\",\"potentialAction\":[{\"@type\":\"ReadAction\",\"target\":[\"https:\/\/www.visit-ulcinj.com\/blog\/2010\/09\/02\/vatrogasci-u-stoju-gasili-na-dva-mjesta-istovremeno\/\"]}]},{\"@type\":\"BreadcrumbList\",\"@id\":\"https:\/\/www.visit-ulcinj.com\/blog\/2010\/09\/02\/vatrogasci-u-stoju-gasili-na-dva-mjesta-istovremeno\/#breadcrumb\",\"itemListElement\":[{\"@type\":\"ListItem\",\"position\":1,\"name\":\"Vatrogasci u \u0160toju gasili na dva mjesta istovremeno\"}]},{\"@type\":\"Person\",\"@id\":\"https:\/\/www.visit-ulcinj.com\/blog\/#\/schema\/person\/dcab619c614d3038751c63bc2aadc06d\",\"name\":\"ulqini\",\"sameAs\":[\"http:\/\/www.visit-ulcinj.com\"],\"url\":\"https:\/\/www.visit-ulcinj.com\/blog\/author\/admin\/\"}]}<\/script>\n<!-- \/ Yoast SEO plugin. -->","yoast_head_json":{"title":"Vatrogasci u \u0160toju gasili na dva mjesta istovremeno - Lajme nga Ulqini","description":"Vatra do\u0161la do pragova Ulcinj - U dva odvojena po\u017eara, koja su ju\u010de oko 13.30 \u010dasova buknula u \u0160toju kod Ulcinja nije bilo povrije\u0111enih, niti ve\u0107e","robots":{"index":"index","follow":"follow","max-snippet":"max-snippet:-1","max-image-preview":"max-image-preview:large","max-video-preview":"max-video-preview:-1"},"canonical":"https:\/\/www.visit-ulcinj.com\/blog\/2010\/09\/02\/vatrogasci-u-stoju-gasili-na-dva-mjesta-istovremeno\/","og_locale":"en_US","og_type":"article","og_title":"Vatrogasci u \u0160toju gasili na dva mjesta istovremeno - Lajme nga Ulqini","og_description":"Vatra do\u0161la do pragova Ulcinj - U dva odvojena po\u017eara, koja su ju\u010de oko 13.30 \u010dasova buknula u \u0160toju kod Ulcinja nije bilo povrije\u0111enih, niti ve\u0107e","og_url":"https:\/\/www.visit-ulcinj.com\/blog\/2010\/09\/02\/vatrogasci-u-stoju-gasili-na-dva-mjesta-istovremeno\/","og_site_name":"Lajme nga Ulqini","article_published_time":"2010-09-02T17:05:31+00:00","og_image":[{"url":"http:\/\/www.visit-ulcinj.com\/blog\/wp-content\/uploads\/2010\/09\/Fljamur-Selovic-222x300.jpg"}],"twitter_misc":{"Written by":"ulqini","Est. reading time":"1 minute"},"schema":{"@context":"https:\/\/schema.org","@graph":[{"@type":"WebSite","@id":"https:\/\/www.visit-ulcinj.com\/blog\/#website","url":"https:\/\/www.visit-ulcinj.com\/blog\/","name":"Lajme nga Ulqini","description":"Lajme,Vijesti,Ulqini,Ulqin,Crna Gora,Mali i Zi","potentialAction":[{"@type":"SearchAction","target":{"@type":"EntryPoint","urlTemplate":"https:\/\/www.visit-ulcinj.com\/blog\/?s={search_term_string}"},"query-input":"required name=search_term_string"}],"inLanguage":"en-US"},{"@type":"ImageObject","inLanguage":"en-US","@id":"https:\/\/www.visit-ulcinj.com\/blog\/2010\/09\/02\/vatrogasci-u-stoju-gasili-na-dva-mjesta-istovremeno\/#primaryimage","url":"https:\/\/www.visit-ulcinj.com\/blog\/wp-content\/uploads\/2010\/09\/Fljamur-Selovic.jpg","contentUrl":"https:\/\/www.visit-ulcinj.com\/blog\/wp-content\/uploads\/2010\/09\/Fljamur-Selovic.jpg","width":"355","height":"478"},{"@type":"WebPage","@id":"https:\/\/www.visit-ulcinj.com\/blog\/2010\/09\/02\/vatrogasci-u-stoju-gasili-na-dva-mjesta-istovremeno\/#webpage","url":"https:\/\/www.visit-ulcinj.com\/blog\/2010\/09\/02\/vatrogasci-u-stoju-gasili-na-dva-mjesta-istovremeno\/","name":"Vatrogasci u \u0160toju gasili na dva mjesta istovremeno - Lajme nga Ulqini","isPartOf":{"@id":"https:\/\/www.visit-ulcinj.com\/blog\/#website"},"primaryImageOfPage":{"@id":"https:\/\/www.visit-ulcinj.com\/blog\/2010\/09\/02\/vatrogasci-u-stoju-gasili-na-dva-mjesta-istovremeno\/#primaryimage"},"datePublished":"2010-09-02T17:05:31+00:00","dateModified":"2010-09-02T17:05:31+00:00","author":{"@id":"https:\/\/www.visit-ulcinj.com\/blog\/#\/schema\/person\/dcab619c614d3038751c63bc2aadc06d"},"description":"Vatra do\u0161la do pragova Ulcinj - U dva odvojena po\u017eara, koja su ju\u010de oko 13.30 \u010dasova buknula u \u0160toju kod Ulcinja nije bilo povrije\u0111enih, niti ve\u0107e","breadcrumb":{"@id":"https:\/\/www.visit-ulcinj.com\/blog\/2010\/09\/02\/vatrogasci-u-stoju-gasili-na-dva-mjesta-istovremeno\/#breadcrumb"},"inLanguage":"en-US","potentialAction":[{"@type":"ReadAction","target":["https:\/\/www.visit-ulcinj.com\/blog\/2010\/09\/02\/vatrogasci-u-stoju-gasili-na-dva-mjesta-istovremeno\/"]}]},{"@type":"BreadcrumbList","@id":"https:\/\/www.visit-ulcinj.com\/blog\/2010\/09\/02\/vatrogasci-u-stoju-gasili-na-dva-mjesta-istovremeno\/#breadcrumb","itemListElement":[{"@type":"ListItem","position":1,"name":"Vatrogasci u \u0160toju gasili na dva mjesta istovremeno"}]},{"@type":"Person","@id":"https:\/\/www.visit-ulcinj.com\/blog\/#\/schema\/person\/dcab619c614d3038751c63bc2aadc06d","name":"ulqini","sameAs":["http:\/\/www.visit-ulcinj.com"],"url":"https:\/\/www.visit-ulcinj.com\/blog\/author\/admin\/"}]}},"jetpack_featured_media_url":"","jetpack_sharing_enabled":true,"jetpack_shortlink":"https:\/\/wp.me\/pe6lTn-9x9","_links":{"self":[{"href":"https:\/\/www.visit-ulcinj.com\/blog\/wp-json\/wp\/v2\/posts\/36651"}],"collection":[{"href":"https:\/\/www.visit-ulcinj.com\/blog\/wp-json\/wp\/v2\/posts"}],"about":[{"href":"https:\/\/www.visit-ulcinj.com\/blog\/wp-json\/wp\/v2\/types\/post"}],"author":[{"embeddable":true,"href":"https:\/\/www.visit-ulcinj.com\/blog\/wp-json\/wp\/v2\/users\/1"}],"replies":[{"embeddable":true,"href":"https:\/\/www.visit-ulcinj.com\/blog\/wp-json\/wp\/v2\/comments?post=36651"}],"version-history":[{"count":0,"href":"https:\/\/www.visit-ulcinj.com\/blog\/wp-json\/wp\/v2\/posts\/36651\/revisions"}],"wp:attachment":[{"href":"https:\/\/www.visit-ulcinj.com\/blog\/wp-json\/wp\/v2\/media?parent=36651"}],"wp:term":[{"taxonomy":"category","embeddable":true,"href":"https:\/\/www.visit-ulcinj.com\/blog\/wp-json\/wp\/v2\/categories?post=36651"},{"taxonomy":"post_tag","embeddable":true,"href":"https:\/\/www.visit-ulcinj.com\/blog\/wp-json\/wp\/v2\/tags?post=36651"}],"curies":[{"name":"wp","href":"https:\/\/api.w.org\/{rel}","templated":true}]}}