{"id":36655,"date":"2010-09-02T19:15:15","date_gmt":"2010-09-02T17:15:15","guid":{"rendered":"http:\/\/www.visit-ulcinj.com\/blog\/?p=36655"},"modified":"2010-09-02T19:16:21","modified_gmt":"2010-09-02T17:16:21","slug":"bageri-sve-blize-adi-bojani","status":"publish","type":"post","link":"https:\/\/www.visit-ulcinj.com\/blog\/2010\/09\/02\/bageri-sve-blize-adi-bojani\/","title":{"rendered":"Bageri sve bli\u017ee Adi Bojani"},"content":{"rendered":"<p><a href=\"http:\/\/www.visit-ulcinj.com\/blog\/wp-content\/uploads\/2010\/09\/ada-bojana_ulcinj.jpg\"><img loading=\"lazy\" class=\"alignleft size-medium wp-image-36656\" title=\"ada bojana_ulcinj\" src=\"http:\/\/www.visit-ulcinj.com\/blog\/wp-content\/uploads\/2010\/09\/ada-bojana_ulcinj-300x225.jpg\" alt=\"\" width=\"300\" height=\"225\" srcset=\"https:\/\/www.visit-ulcinj.com\/blog\/wp-content\/uploads\/2010\/09\/ada-bojana_ulcinj-300x225.jpg 300w, https:\/\/www.visit-ulcinj.com\/blog\/wp-content\/uploads\/2010\/09\/ada-bojana_ulcinj.jpg 800w\" sizes=\"(max-width: 300px) 100vw, 300px\" \/><\/a>Ulcinj- Pomo\u0107nik direktora JP za upravljanje morskim dobrom Veselin Vojinovi\u0107 kazao je da \u0107e vlasnici ku\u0107ica na Adi Bojani, koji nijesu izrazili spremnost da zaklju\u010de ugovor o kori\u0161\u0107enju dr\u017eavnog zemlji\u0161ta, uskoro biti suo\u010deni sa ru\u0161enjem. On je naveo da su od ukupno 442 objekta na dr\u017eavnoj svojini na obalama Bojane, do kraja avgusta, za njih 220 podnijeti zahtjevi za zaklju\u010denje ugovora.<br \/>\n\u201cPredmeti su formirani i u toku su aktivnosti za zaklju\u010denje ugovora sa vlasnicima tih objekata. Vi\u0161e od 200 vlasnika nije podnijelo zahtjev niti je iskazalo spremnost da svoje objekte kroz ugovor o kori\u0161\u0107enju dr\u017eavnog zemlji\u0161ta i naredne godine zadr\u017ei u Programu privremenih objekata. Mi \u0107emo stoga uskoro uputiti zahtjev Vladi i Ministarstvu ure\u0111enja prostora i za\u0161tite \u017eivotne sredine da svi objekti, \u010diji vlasnici nijesu izrazili spremnost da zaklju\u010de ugovor, u\u0111u u proceduru za uklanjanje- kazao je Vojinovi\u0107 za \u201cVijesti\u201d.<br \/>\nOn je rekao da \u0107e \u201cMorsko dobro \u00bb, nakon okon\u010danog posla oko ugovora, upoznati javnost sa pojedinostima i strukturom objekata, \u010diji su vlasnici zaklju\u010dili ugovore o kori\u0161\u0107enju zemlji\u0161ta. Me\u0111utim, \u201cVijesti\u201d u \u201cMorskom dobru\u201d saznaju da su za zaklju\u010denje ugovora uglavnom nezaintersovani vlasnici \u010diji objekti imaju vi\u0161e od sto kvadrata. Ni u \u201cMorskom dobru\u201d ni u Ministarstvu \u201cVijesti\u201d ju\u010de nijesu mogle dobiti informaciju kada isti\u010de rok za podno\u0161enje zahtjeva. Iz ranijih izjava \u010delnika \u201cMorskog dobra\u201d i Ministarstva mo\u017ee se zaklju\u010diti da su vlasnici objekata koji su u Programu za ovu godinu, mirni do po\u010detka decembra jer formalnosti oko ugovora traju oko 20 dana. Me\u0111utim, na\u0161 izvor iz \u201cMorskog dobra\u201d tvrdi da bi ministar taj rok mogao pomjeriti \u010dak i za prvi oktobar.<br \/>\nPlanom objekata privremenog karaktera u zoni morskog dobra u op\u0161tini Ulcinj, koje je donijelo Ministarstvo ure\u0111enja prostora i za\u0161tite \u017eivotne sredine, monta\u017eni objekti na zemlji\u0161tu u dr\u017eavnoj svojini, na obalama rijeke Bojane, za 2010. godinu, tretirani su kao privremeni objekti. JP za upravljanje morskim dobrom i Ministarstvo uredjenja prostora i za\u0161tite \u017eivotne sredine pozvali su vlasnike objekata da zaklju\u010de ugovor sa JP za postavljene privremene objekte.<br \/>\n\u201cTako\u0111e su u vi\u0161e navrata obavije\u0161tavani i upozoravani putem medija i sajta JP pa i telefonskim putem da ugovor zaklju\u010de \u0161to hitnije, zbog pla\u0107anja naknade, \u0161to je uslov da njihov privremeni objekat ostane na dru\u0161tvenom zemlji\u0161tu\u201d, kazao je Vojinovi\u0107 i naglasio da su svi prihodi ostvareni potpisivanjem ugovora sa JP kao i nadoknada za dr\u017eavno zemlji\u0161te koje je dato na kori\u0161\u0107enje, planirani su za rje\u0161avanje infrastrukturnih i ekolo\u0161kih problema u Op\u0161tini Ulcinj.<br \/>\nPrema cjenovniku, koje je potvrdilo Ministarstvo, vlasnici vikend ku\u0107ica od 30 kavdrata pla\u0107aju nakandu u visini od hiljadu eura. Za svaki kavdrat vi\u0161e, vlasnik je du\u017ean da plati dodatnih 30 eura a za platformu pet eura. Naknada za kori\u0161\u0107enje kvadrata zemlji\u0161ta iznosi jedan euro, dok vlasnici ribarskih ku\u0107ica, godi\u0161nje pla\u0107aju 150 eura.<\/p>\n<p><strong>S.A.<br \/>\nVijesti<br \/>\n<!--YouTube Error: bad URL entered--><\/strong><\/p>\n","protected":false},"excerpt":{"rendered":"<p>Ulcinj- Pomo\u0107nik direktora JP za upravljanje morskim dobrom Veselin Vojinovi\u0107 kazao je da \u0107e vlasnici ku\u0107ica na Adi Bojani, koji nijesu izrazili spremnost da zaklju\u010de ugovor o kori\u0161\u0107enju dr\u017eavnog zemlji\u0161ta, uskoro biti suo\u010deni sa ru\u0161enjem. On je naveo da su od ukupno 442 objekta na dr\u017eavnoj svojini na obalama Bojane, do kraja avgusta, za njih [&hellip;]<\/p>\n","protected":false},"author":1,"featured_media":0,"comment_status":"open","ping_status":"closed","sticky":false,"template":"","format":"standard","meta":{"spay_email":"","jetpack_publicize_message":"","jetpack_is_tweetstorm":false,"jetpack_publicize_feature_enabled":true},"categories":[8],"tags":[138,2019,19],"jetpack_publicize_connections":[],"yoast_head":"<!-- This site is optimized with the Yoast SEO plugin v19.1 - https:\/\/yoast.com\/wordpress\/plugins\/seo\/ -->\n<title>Bageri sve bli\u017ee Adi Bojani - Lajme nga Ulqini<\/title>\n<meta name=\"description\" content=\"Ulcinj- Pomo\u0107nik direktora JP za upravljanje morskim dobrom Veselin Vojinovi\u0107 kazao je da \u0107e vlasnici ku\u0107ica na Adi Bojani, koji nijesu izrazili spremnost\" \/>\n<meta name=\"robots\" content=\"index, follow, max-snippet:-1, max-image-preview:large, max-video-preview:-1\" \/>\n<link rel=\"canonical\" href=\"https:\/\/www.visit-ulcinj.com\/blog\/2010\/09\/02\/bageri-sve-blize-adi-bojani\/\" \/>\n<meta property=\"og:locale\" content=\"en_US\" \/>\n<meta property=\"og:type\" content=\"article\" \/>\n<meta property=\"og:title\" content=\"Bageri sve bli\u017ee Adi Bojani - Lajme nga Ulqini\" \/>\n<meta property=\"og:description\" content=\"Ulcinj- Pomo\u0107nik direktora JP za upravljanje morskim dobrom Veselin Vojinovi\u0107 kazao je da \u0107e vlasnici ku\u0107ica na Adi Bojani, koji nijesu izrazili spremnost\" \/>\n<meta property=\"og:url\" content=\"https:\/\/www.visit-ulcinj.com\/blog\/2010\/09\/02\/bageri-sve-blize-adi-bojani\/\" \/>\n<meta property=\"og:site_name\" content=\"Lajme nga Ulqini\" \/>\n<meta property=\"article:published_time\" content=\"2010-09-02T17:15:15+00:00\" \/>\n<meta property=\"article:modified_time\" content=\"2010-09-02T17:16:21+00:00\" \/>\n<meta property=\"og:image\" content=\"http:\/\/www.visit-ulcinj.com\/blog\/wp-content\/uploads\/2010\/09\/ada-bojana_ulcinj-300x225.jpg\" \/>\n<meta name=\"twitter:label1\" content=\"Written by\" \/>\n\t<meta name=\"twitter:data1\" content=\"ulqini\" \/>\n\t<meta name=\"twitter:label2\" content=\"Est. reading time\" \/>\n\t<meta name=\"twitter:data2\" content=\"3 minutes\" \/>\n<script type=\"application\/ld+json\" class=\"yoast-schema-graph\">{\"@context\":\"https:\/\/schema.org\",\"@graph\":[{\"@type\":\"WebSite\",\"@id\":\"https:\/\/www.visit-ulcinj.com\/blog\/#website\",\"url\":\"https:\/\/www.visit-ulcinj.com\/blog\/\",\"name\":\"Lajme nga Ulqini\",\"description\":\"Lajme,Vijesti,Ulqini,Ulqin,Crna Gora,Mali i Zi\",\"potentialAction\":[{\"@type\":\"SearchAction\",\"target\":{\"@type\":\"EntryPoint\",\"urlTemplate\":\"https:\/\/www.visit-ulcinj.com\/blog\/?s={search_term_string}\"},\"query-input\":\"required name=search_term_string\"}],\"inLanguage\":\"en-US\"},{\"@type\":\"ImageObject\",\"inLanguage\":\"en-US\",\"@id\":\"https:\/\/www.visit-ulcinj.com\/blog\/2010\/09\/02\/bageri-sve-blize-adi-bojani\/#primaryimage\",\"url\":\"https:\/\/www.visit-ulcinj.com\/blog\/wp-content\/uploads\/2010\/09\/ada-bojana_ulcinj.jpg\",\"contentUrl\":\"https:\/\/www.visit-ulcinj.com\/blog\/wp-content\/uploads\/2010\/09\/ada-bojana_ulcinj.jpg\",\"width\":\"800\",\"height\":\"600\"},{\"@type\":\"WebPage\",\"@id\":\"https:\/\/www.visit-ulcinj.com\/blog\/2010\/09\/02\/bageri-sve-blize-adi-bojani\/#webpage\",\"url\":\"https:\/\/www.visit-ulcinj.com\/blog\/2010\/09\/02\/bageri-sve-blize-adi-bojani\/\",\"name\":\"Bageri sve bli\u017ee Adi Bojani - Lajme nga Ulqini\",\"isPartOf\":{\"@id\":\"https:\/\/www.visit-ulcinj.com\/blog\/#website\"},\"primaryImageOfPage\":{\"@id\":\"https:\/\/www.visit-ulcinj.com\/blog\/2010\/09\/02\/bageri-sve-blize-adi-bojani\/#primaryimage\"},\"datePublished\":\"2010-09-02T17:15:15+00:00\",\"dateModified\":\"2010-09-02T17:16:21+00:00\",\"author\":{\"@id\":\"https:\/\/www.visit-ulcinj.com\/blog\/#\/schema\/person\/dcab619c614d3038751c63bc2aadc06d\"},\"description\":\"Ulcinj- Pomo\u0107nik direktora JP za upravljanje morskim dobrom Veselin Vojinovi\u0107 kazao je da \u0107e vlasnici ku\u0107ica na Adi Bojani, koji nijesu izrazili spremnost\",\"breadcrumb\":{\"@id\":\"https:\/\/www.visit-ulcinj.com\/blog\/2010\/09\/02\/bageri-sve-blize-adi-bojani\/#breadcrumb\"},\"inLanguage\":\"en-US\",\"potentialAction\":[{\"@type\":\"ReadAction\",\"target\":[\"https:\/\/www.visit-ulcinj.com\/blog\/2010\/09\/02\/bageri-sve-blize-adi-bojani\/\"]}]},{\"@type\":\"BreadcrumbList\",\"@id\":\"https:\/\/www.visit-ulcinj.com\/blog\/2010\/09\/02\/bageri-sve-blize-adi-bojani\/#breadcrumb\",\"itemListElement\":[{\"@type\":\"ListItem\",\"position\":1,\"name\":\"Bageri sve bli\u017ee Adi Bojani\"}]},{\"@type\":\"Person\",\"@id\":\"https:\/\/www.visit-ulcinj.com\/blog\/#\/schema\/person\/dcab619c614d3038751c63bc2aadc06d\",\"name\":\"ulqini\",\"sameAs\":[\"http:\/\/www.visit-ulcinj.com\"],\"url\":\"https:\/\/www.visit-ulcinj.com\/blog\/author\/admin\/\"}]}<\/script>\n<!-- \/ Yoast SEO plugin. -->","yoast_head_json":{"title":"Bageri sve bli\u017ee Adi Bojani - Lajme nga Ulqini","description":"Ulcinj- Pomo\u0107nik direktora JP za upravljanje morskim dobrom Veselin Vojinovi\u0107 kazao je da \u0107e vlasnici ku\u0107ica na Adi Bojani, koji nijesu izrazili spremnost","robots":{"index":"index","follow":"follow","max-snippet":"max-snippet:-1","max-image-preview":"max-image-preview:large","max-video-preview":"max-video-preview:-1"},"canonical":"https:\/\/www.visit-ulcinj.com\/blog\/2010\/09\/02\/bageri-sve-blize-adi-bojani\/","og_locale":"en_US","og_type":"article","og_title":"Bageri sve bli\u017ee Adi Bojani - Lajme nga Ulqini","og_description":"Ulcinj- Pomo\u0107nik direktora JP za upravljanje morskim dobrom Veselin Vojinovi\u0107 kazao je da \u0107e vlasnici ku\u0107ica na Adi Bojani, koji nijesu izrazili spremnost","og_url":"https:\/\/www.visit-ulcinj.com\/blog\/2010\/09\/02\/bageri-sve-blize-adi-bojani\/","og_site_name":"Lajme nga Ulqini","article_published_time":"2010-09-02T17:15:15+00:00","article_modified_time":"2010-09-02T17:16:21+00:00","og_image":[{"url":"http:\/\/www.visit-ulcinj.com\/blog\/wp-content\/uploads\/2010\/09\/ada-bojana_ulcinj-300x225.jpg"}],"twitter_misc":{"Written by":"ulqini","Est. reading time":"3 minutes"},"schema":{"@context":"https:\/\/schema.org","@graph":[{"@type":"WebSite","@id":"https:\/\/www.visit-ulcinj.com\/blog\/#website","url":"https:\/\/www.visit-ulcinj.com\/blog\/","name":"Lajme nga Ulqini","description":"Lajme,Vijesti,Ulqini,Ulqin,Crna Gora,Mali i Zi","potentialAction":[{"@type":"SearchAction","target":{"@type":"EntryPoint","urlTemplate":"https:\/\/www.visit-ulcinj.com\/blog\/?s={search_term_string}"},"query-input":"required name=search_term_string"}],"inLanguage":"en-US"},{"@type":"ImageObject","inLanguage":"en-US","@id":"https:\/\/www.visit-ulcinj.com\/blog\/2010\/09\/02\/bageri-sve-blize-adi-bojani\/#primaryimage","url":"https:\/\/www.visit-ulcinj.com\/blog\/wp-content\/uploads\/2010\/09\/ada-bojana_ulcinj.jpg","contentUrl":"https:\/\/www.visit-ulcinj.com\/blog\/wp-content\/uploads\/2010\/09\/ada-bojana_ulcinj.jpg","width":"800","height":"600"},{"@type":"WebPage","@id":"https:\/\/www.visit-ulcinj.com\/blog\/2010\/09\/02\/bageri-sve-blize-adi-bojani\/#webpage","url":"https:\/\/www.visit-ulcinj.com\/blog\/2010\/09\/02\/bageri-sve-blize-adi-bojani\/","name":"Bageri sve bli\u017ee Adi Bojani - Lajme nga Ulqini","isPartOf":{"@id":"https:\/\/www.visit-ulcinj.com\/blog\/#website"},"primaryImageOfPage":{"@id":"https:\/\/www.visit-ulcinj.com\/blog\/2010\/09\/02\/bageri-sve-blize-adi-bojani\/#primaryimage"},"datePublished":"2010-09-02T17:15:15+00:00","dateModified":"2010-09-02T17:16:21+00:00","author":{"@id":"https:\/\/www.visit-ulcinj.com\/blog\/#\/schema\/person\/dcab619c614d3038751c63bc2aadc06d"},"description":"Ulcinj- Pomo\u0107nik direktora JP za upravljanje morskim dobrom Veselin Vojinovi\u0107 kazao je da \u0107e vlasnici ku\u0107ica na Adi Bojani, koji nijesu izrazili spremnost","breadcrumb":{"@id":"https:\/\/www.visit-ulcinj.com\/blog\/2010\/09\/02\/bageri-sve-blize-adi-bojani\/#breadcrumb"},"inLanguage":"en-US","potentialAction":[{"@type":"ReadAction","target":["https:\/\/www.visit-ulcinj.com\/blog\/2010\/09\/02\/bageri-sve-blize-adi-bojani\/"]}]},{"@type":"BreadcrumbList","@id":"https:\/\/www.visit-ulcinj.com\/blog\/2010\/09\/02\/bageri-sve-blize-adi-bojani\/#breadcrumb","itemListElement":[{"@type":"ListItem","position":1,"name":"Bageri sve bli\u017ee Adi Bojani"}]},{"@type":"Person","@id":"https:\/\/www.visit-ulcinj.com\/blog\/#\/schema\/person\/dcab619c614d3038751c63bc2aadc06d","name":"ulqini","sameAs":["http:\/\/www.visit-ulcinj.com"],"url":"https:\/\/www.visit-ulcinj.com\/blog\/author\/admin\/"}]}},"jetpack_featured_media_url":"","jetpack_sharing_enabled":true,"jetpack_shortlink":"https:\/\/wp.me\/pe6lTn-9xd","_links":{"self":[{"href":"https:\/\/www.visit-ulcinj.com\/blog\/wp-json\/wp\/v2\/posts\/36655"}],"collection":[{"href":"https:\/\/www.visit-ulcinj.com\/blog\/wp-json\/wp\/v2\/posts"}],"about":[{"href":"https:\/\/www.visit-ulcinj.com\/blog\/wp-json\/wp\/v2\/types\/post"}],"author":[{"embeddable":true,"href":"https:\/\/www.visit-ulcinj.com\/blog\/wp-json\/wp\/v2\/users\/1"}],"replies":[{"embeddable":true,"href":"https:\/\/www.visit-ulcinj.com\/blog\/wp-json\/wp\/v2\/comments?post=36655"}],"version-history":[{"count":0,"href":"https:\/\/www.visit-ulcinj.com\/blog\/wp-json\/wp\/v2\/posts\/36655\/revisions"}],"wp:attachment":[{"href":"https:\/\/www.visit-ulcinj.com\/blog\/wp-json\/wp\/v2\/media?parent=36655"}],"wp:term":[{"taxonomy":"category","embeddable":true,"href":"https:\/\/www.visit-ulcinj.com\/blog\/wp-json\/wp\/v2\/categories?post=36655"},{"taxonomy":"post_tag","embeddable":true,"href":"https:\/\/www.visit-ulcinj.com\/blog\/wp-json\/wp\/v2\/tags?post=36655"}],"curies":[{"name":"wp","href":"https:\/\/api.w.org\/{rel}","templated":true}]}}