{"id":36664,"date":"2010-09-03T17:35:56","date_gmt":"2010-09-03T15:35:56","guid":{"rendered":"http:\/\/www.visit-ulcinj.com\/blog\/?p=36664"},"modified":"2010-09-07T17:15:47","modified_gmt":"2010-09-07T15:15:47","slug":"kumtese-per-opinion-e-partise-se-prospertitit-demokratik","status":"publish","type":"post","link":"https:\/\/www.visit-ulcinj.com\/blog\/2010\/09\/03\/kumtese-per-opinion-e-partise-se-prospertitit-demokratik\/","title":{"rendered":"Kumtes\u00eb p\u00ebr opinion e Partis\u00eb s\u00eb Prospertitit Demokratik"},"content":{"rendered":"<p><strong><a href=\"http:\/\/www.visit-ulcinj.com\/blog\/wp-content\/uploads\/2010\/09\/PARTIA-E-PROSPERITETIT-DEMOKRATIK.jpg\"><img loading=\"lazy\" class=\"alignleft size-medium wp-image-36665\" title=\"PARTIA E PROSPERITETIT DEMOKRATIK\" src=\"http:\/\/www.visit-ulcinj.com\/blog\/wp-content\/uploads\/2010\/09\/PARTIA-E-PROSPERITETIT-DEMOKRATIK-300x288.jpg\" alt=\"\" width=\"288\" height=\"288\" \/><\/a>PARTIA E PROSPERITETIT DEMOKRATIK<\/strong><\/p>\n<p><strong>PARTIJA DEMOKRATSKOG PROSPERITETA<\/strong><\/p>\n<p><strong>THE PARTY OF DEMOKTRATIC PROSPERITY<\/strong><\/p>\n<p><strong>ULQIN \u2013 ULCINJ. Montenegro<\/strong><\/p>\n<p><strong>Tel.++382 30 412 816 &amp; Fax ++ 382 30 401571<\/strong><\/p>\n<p><strong>e-mail: <a href=\"mailto: alirexha@live.com\" target=\"_blank\">alirexha@live.com<\/a><\/strong><\/p>\n<p><strong>Ulqin, m\u00eb \u00a003.09.2010<\/strong><\/p>\n<p><strong> <\/strong><\/p>\n<p><strong>Kumtes\u00eb p\u00ebr opinion<\/strong><\/p>\n<p>Kryesia e Partis\u00eb s\u00eb Prospertitit Demokratik falenderon votuesit e saj p\u00ebr p\u00ebrkrahje korrekte dhe konstante t\u00eb partis\u00eb dhe i njofton ata se do t\u00eb dal\u00eb n\u00eb zgjedhjet e parakohshme lokale t\u00eb caktuara p\u00ebr 17 tetor dhe se \u00ebsht\u00eb duke analizuar variantin m\u00eb t\u00eb volitsh\u00ebm dhe m\u00eb fitimprur\u00ebs p\u00ebr t\u00eb mbrojtur dhe p\u00ebrfaq\u00ebsuar n\u00eb m\u00ebnyr\u00eb t\u00eb denj\u00eb interesat e votuesve t\u00eb saj.<\/p>\n<p>Duke qen\u00eb faktor ky\u00e7 n\u00eb 2 zgjedhjet e kaluara p\u00ebr pushtet lokal, \u00a0por edhe e vet\u00ebdijshme p\u00ebr pesh\u00ebn e saj, PPD gjithmon\u00eb ka qen\u00eb realiste n\u00eb vler\u00ebsimin e pozit\u00ebs dhe rolit t\u00eb vet n\u00eb t\u00eb mir\u00eb t\u00eb qytetit t\u00eb Ulqinit.\u00a0 Edhe gjat\u00eb bisedimeve t\u00eb fundit me koalicionin P\u00ebr Ulqinin Evropian dhe Partin\u00eb Social-Demokrate, t\u00eb cil\u00ebt me k\u00ebt\u00eb rast i falenderojm\u00eb, \u00a0Partia e Prosperitetit Demokratik nuk prodhoi kriz\u00eb por p\u00ebrkundrazi u p\u00ebrpoq t\u00eb ishte faktor i tejkalimit t\u00eb saj.<\/p>\n<p>Edhe k\u00ebsaj rradhe, partia \u00ebsht\u00eb e gatshme p\u00ebr bashkpunim e bashkveprim dhe duke qen\u00eb e vet\u00ebdijshme se trupi zgjedhor i Ulqinit, n\u00eb ve\u00e7anti ai i An\u00ebs s\u00eb Malit \u00ebsht\u00eb tejet i p\u00ebr\u00e7ar\u00eb si rezultat i d\u00ebshtimit t\u00eb disa projekteve t\u00eb cilat kishin t\u00eb b\u00ebnin me p\u00ebrfaq\u00ebsimin e drejt\u00eb t\u00eb k\u00ebsaj zone dhe duke marr\u00eb parasysh se n\u00eb k\u00ebt\u00eb zon\u00eb veprojn\u00eb grupacione t\u00eb ndryshme politike t\u00eb cilat si\u00e7 shihet hezitojn t\u00eb jen\u00eb pjes\u00eb e ndonj\u00ebrit\u00a0 bllok politik, ftojm\u00eb publikisht an\u00ebtar\u00ebt e k\u00ebtyre subjekteve, grupacioneve dhe individ\u00ebt me vullnet t\u00eb mir\u00eb t\u00eb bashkohen rreth grupimeve t\u00eb veta me t\u00eb cilat PPD ka nisur bisedimet p\u00ebr bashkpunim.\u00a0 Rezultatet e k\u00ebtyre bisedimeve do t\u00eb b\u00ebhen t\u00eb qarta n\u00eb dit\u00ebt n\u00eb vijim. Poashtu njoftojm\u00eb simpatizuesit tan\u00eb dhe gjith\u00eb qytetar\u00ebt se bisedat t\u00eb cilat po zhvillojn\u00eb antar\u00ebt e kryesis\u00eb s\u00eb partis\u00eb jan\u00eb plot\u00ebsisht t\u00eb koordinuara dhe kan\u00eb p\u00ebr q\u00ebllim masovizimin e partis\u00eb p\u00ebr t\u00eb arritur q\u00ebllimin kryesor, t\u00eb jet\u00eb faktor konstruktiv n\u00eb pushtetin lokal n\u00eb m\u00ebnyr\u00eb q\u00eb t\u00eb arrihet maksimumi n\u00eb p\u00ebrmbushjen e k\u00ebrkesave dhe nevojave t\u00eb p\u00ebrgjithshme t\u00eb votuesit.<\/p>\n<p>T\u00eb gjitha k\u00ebto u than\u00eb me q\u00ebllim q\u00eb votuesit t\u2019i sqarohen disa opinione t\u00eb formuara dhe t\u00eb dala nga deklaratat e disa subjekteve politike shqiptare t\u00eb cilat flasin p\u00ebr pozicionet e PPD-s\u00eb n\u00eb zgjedhjet e ardhshme.<\/p>\n<p>N\u00eb fund cekim se PPD ka shtrirje t\u00eb fushveprimit t\u00eb saj n\u00eb gjith\u00eb territorin e komun\u00ebs s\u00eb Ulqinit mir\u00ebpo nj\u00eb gj\u00eb e ka m\u00eb se t\u00eb qart\u00eb, fushata m\u00eb e ashp\u00ebr edhe k\u00ebt\u00eb her\u00eb do t\u00eb zhvillohet\u00a0 n\u00eb An\u00eb t\u00eb Malit, elektorati i s\u00eb cil\u00ebs \u00ebsht\u00eb tejet i molisur dhe i p\u00ebr\u00e7ar\u00eb ngase fushatat e partive t\u00eb ndryshme politike \u00a0n\u00eb dy zgjedhjet e fundit u vendos\u00ebn kryesisht n\u00eb k\u00ebt\u00eb zon\u00eb, e dihet se p\u00ebrcarja nuk jep sukses t\u00eb p\u00ebrfaq\u00ebsimit real e meritor. \u00a0Ndaj edhe nj\u00eb her\u00eb i b\u00ebjm\u00eb thirrje elektoratit, t\u00eb bashkohet dhe t\u00eb votoj\u00eb, q\u00eb vota e tij t\u00eb b\u00ebhet z\u00ebri i cili do t\u00eb d\u00ebgjohet n\u00eb Kuvendin Komunal.<\/p>\n<p><strong>Kryetar,<br \/>\nAli Rexha<br \/>\n\n\t\t<style type=\"text\/css\">\n\t\t\t#gallery-1 {\n\t\t\t\tmargin: auto;\n\t\t\t}\n\t\t\t#gallery-1 .gallery-item {\n\t\t\t\tfloat: left;\n\t\t\t\tmargin-top: 10px;\n\t\t\t\ttext-align: center;\n\t\t\t\twidth: 50%;\n\t\t\t}\n\t\t\t#gallery-1 img {\n\t\t\t\tborder: 2px solid #cfcfcf;\n\t\t\t}\n\t\t\t#gallery-1 .gallery-caption {\n\t\t\t\tmargin-left: 0;\n\t\t\t}\n\t\t\t\/* see gallery_shortcode() in wp-includes\/media.php *\/\n\t\t<\/style>\n\t\t<div id='gallery-1' class='gallery galleryid-36664 gallery-columns-2 gallery-size-thumbnail'><dl class='gallery-item'>\n\t\t\t<dt class='gallery-icon landscape'>\n\t\t\t\t<a href='https:\/\/www.visit-ulcinj.com\/blog\/wp-content\/uploads\/2010\/09\/PARTIA-E-PROSPERITETIT-DEMOKRATIK.jpg'><img width=\"150\" height=\"150\" src=\"https:\/\/www.visit-ulcinj.com\/blog\/wp-content\/uploads\/2010\/09\/PARTIA-E-PROSPERITETIT-DEMOKRATIK-150x150.jpg\" class=\"attachment-thumbnail size-thumbnail\" alt=\"\" loading=\"lazy\" \/><\/a>\n\t\t\t<\/dt><\/dl><dl class='gallery-item'>\n\t\t\t<dt class='gallery-icon portrait'>\n\t\t\t\t<a href='https:\/\/www.visit-ulcinj.com\/blog\/wp-content\/uploads\/2010\/09\/Ali-Rexha_Ulqin.jpg'><img width=\"150\" height=\"150\" src=\"https:\/\/www.visit-ulcinj.com\/blog\/wp-content\/uploads\/2010\/09\/Ali-Rexha_Ulqin-150x150.jpg\" class=\"attachment-thumbnail size-thumbnail\" alt=\"\" loading=\"lazy\" \/><\/a>\n\t\t\t<\/dt><\/dl><br style=\"clear: both\" \/>\n\t\t<\/div>\n<\/p>\n<p><\/strong><\/p>\n<p><strong> <\/strong><\/p>\n","protected":false},"excerpt":{"rendered":"<p>PARTIA E PROSPERITETIT DEMOKRATIK PARTIJA DEMOKRATSKOG PROSPERITETA THE PARTY OF DEMOKTRATIC PROSPERITY ULQIN \u2013 ULCINJ. Montenegro Tel.++382 30 412 816 &amp; Fax ++ 382 30 401571 e-mail: alirexha@live.com Ulqin, m\u00eb \u00a003.09.2010 Kumtes\u00eb p\u00ebr opinion Kryesia e Partis\u00eb s\u00eb Prospertitit Demokratik falenderon votuesit e saj p\u00ebr p\u00ebrkrahje korrekte dhe konstante t\u00eb partis\u00eb dhe i njofton ata [&hellip;]<\/p>\n","protected":false},"author":1,"featured_media":0,"comment_status":"open","ping_status":"closed","sticky":false,"template":"","format":"standard","meta":{"spay_email":"","jetpack_publicize_message":"","jetpack_is_tweetstorm":false,"jetpack_publicize_feature_enabled":true},"categories":[14],"tags":[8027,6530],"jetpack_publicize_connections":[],"yoast_head":"<!-- This site is optimized with the Yoast SEO plugin v19.1 - https:\/\/yoast.com\/wordpress\/plugins\/seo\/ -->\n<title>Kumtes\u00eb p\u00ebr opinion e Partis\u00eb s\u00eb Prospertitit Demokratik - Lajme nga Ulqini<\/title>\n<meta name=\"description\" content=\"PARTIA E PROSPERITETIT DEMOKRATIK PARTIJA DEMOKRATSKOG PROSPERITETA THE PARTY OF DEMOKTRATIC PROSPERITY ULQIN \u2013 ULCINJ. Montenegro Tel.++382 30 412\" \/>\n<meta name=\"robots\" content=\"index, follow, max-snippet:-1, max-image-preview:large, max-video-preview:-1\" \/>\n<link rel=\"canonical\" href=\"https:\/\/www.visit-ulcinj.com\/blog\/2010\/09\/03\/kumtese-per-opinion-e-partise-se-prospertitit-demokratik\/\" \/>\n<meta property=\"og:locale\" content=\"en_US\" \/>\n<meta property=\"og:type\" content=\"article\" \/>\n<meta property=\"og:title\" content=\"Kumtes\u00eb p\u00ebr opinion e Partis\u00eb s\u00eb Prospertitit Demokratik - Lajme nga Ulqini\" \/>\n<meta property=\"og:description\" content=\"PARTIA E PROSPERITETIT DEMOKRATIK PARTIJA DEMOKRATSKOG PROSPERITETA THE PARTY OF DEMOKTRATIC PROSPERITY ULQIN \u2013 ULCINJ. Montenegro Tel.++382 30 412\" \/>\n<meta property=\"og:url\" content=\"https:\/\/www.visit-ulcinj.com\/blog\/2010\/09\/03\/kumtese-per-opinion-e-partise-se-prospertitit-demokratik\/\" \/>\n<meta property=\"og:site_name\" content=\"Lajme nga Ulqini\" \/>\n<meta property=\"article:published_time\" content=\"2010-09-03T15:35:56+00:00\" \/>\n<meta property=\"article:modified_time\" content=\"2010-09-07T15:15:47+00:00\" \/>\n<meta property=\"og:image\" content=\"https:\/\/www.visit-ulcinj.com\/blog\/wp-content\/uploads\/2010\/09\/PARTIA-E-PROSPERITETIT-DEMOKRATIK-150x150.jpg\" \/>\n<meta name=\"twitter:label1\" content=\"Written by\" \/>\n\t<meta name=\"twitter:data1\" content=\"ulqini\" \/>\n\t<meta name=\"twitter:label2\" content=\"Est. reading time\" \/>\n\t<meta name=\"twitter:data2\" content=\"3 minutes\" \/>\n<script type=\"application\/ld+json\" class=\"yoast-schema-graph\">{\"@context\":\"https:\/\/schema.org\",\"@graph\":[{\"@type\":\"WebSite\",\"@id\":\"https:\/\/www.visit-ulcinj.com\/blog\/#website\",\"url\":\"https:\/\/www.visit-ulcinj.com\/blog\/\",\"name\":\"Lajme nga Ulqini\",\"description\":\"Lajme,Vijesti,Ulqini,Ulqin,Crna Gora,Mali i Zi\",\"potentialAction\":[{\"@type\":\"SearchAction\",\"target\":{\"@type\":\"EntryPoint\",\"urlTemplate\":\"https:\/\/www.visit-ulcinj.com\/blog\/?s={search_term_string}\"},\"query-input\":\"required name=search_term_string\"}],\"inLanguage\":\"en-US\"},{\"@type\":\"ImageObject\",\"inLanguage\":\"en-US\",\"@id\":\"https:\/\/www.visit-ulcinj.com\/blog\/2010\/09\/03\/kumtese-per-opinion-e-partise-se-prospertitit-demokratik\/#primaryimage\",\"url\":\"https:\/\/www.visit-ulcinj.com\/blog\/wp-content\/uploads\/2010\/09\/PARTIA-E-PROSPERITETIT-DEMOKRATIK.jpg\",\"contentUrl\":\"https:\/\/www.visit-ulcinj.com\/blog\/wp-content\/uploads\/2010\/09\/PARTIA-E-PROSPERITETIT-DEMOKRATIK.jpg\",\"width\":\"521\",\"height\":\"501\"},{\"@type\":\"WebPage\",\"@id\":\"https:\/\/www.visit-ulcinj.com\/blog\/2010\/09\/03\/kumtese-per-opinion-e-partise-se-prospertitit-demokratik\/#webpage\",\"url\":\"https:\/\/www.visit-ulcinj.com\/blog\/2010\/09\/03\/kumtese-per-opinion-e-partise-se-prospertitit-demokratik\/\",\"name\":\"Kumtes\u00eb p\u00ebr opinion e Partis\u00eb s\u00eb Prospertitit Demokratik - Lajme nga Ulqini\",\"isPartOf\":{\"@id\":\"https:\/\/www.visit-ulcinj.com\/blog\/#website\"},\"primaryImageOfPage\":{\"@id\":\"https:\/\/www.visit-ulcinj.com\/blog\/2010\/09\/03\/kumtese-per-opinion-e-partise-se-prospertitit-demokratik\/#primaryimage\"},\"datePublished\":\"2010-09-03T15:35:56+00:00\",\"dateModified\":\"2010-09-07T15:15:47+00:00\",\"author\":{\"@id\":\"https:\/\/www.visit-ulcinj.com\/blog\/#\/schema\/person\/dcab619c614d3038751c63bc2aadc06d\"},\"description\":\"PARTIA E PROSPERITETIT DEMOKRATIK PARTIJA DEMOKRATSKOG PROSPERITETA THE PARTY OF DEMOKTRATIC PROSPERITY ULQIN \u2013 ULCINJ. Montenegro Tel.++382 30 412\",\"breadcrumb\":{\"@id\":\"https:\/\/www.visit-ulcinj.com\/blog\/2010\/09\/03\/kumtese-per-opinion-e-partise-se-prospertitit-demokratik\/#breadcrumb\"},\"inLanguage\":\"en-US\",\"potentialAction\":[{\"@type\":\"ReadAction\",\"target\":[\"https:\/\/www.visit-ulcinj.com\/blog\/2010\/09\/03\/kumtese-per-opinion-e-partise-se-prospertitit-demokratik\/\"]}]},{\"@type\":\"BreadcrumbList\",\"@id\":\"https:\/\/www.visit-ulcinj.com\/blog\/2010\/09\/03\/kumtese-per-opinion-e-partise-se-prospertitit-demokratik\/#breadcrumb\",\"itemListElement\":[{\"@type\":\"ListItem\",\"position\":1,\"name\":\"Kumtes\u00eb p\u00ebr opinion e Partis\u00eb s\u00eb Prospertitit Demokratik\"}]},{\"@type\":\"Person\",\"@id\":\"https:\/\/www.visit-ulcinj.com\/blog\/#\/schema\/person\/dcab619c614d3038751c63bc2aadc06d\",\"name\":\"ulqini\",\"sameAs\":[\"http:\/\/www.visit-ulcinj.com\"],\"url\":\"https:\/\/www.visit-ulcinj.com\/blog\/author\/admin\/\"}]}<\/script>\n<!-- \/ Yoast SEO plugin. -->","yoast_head_json":{"title":"Kumtes\u00eb p\u00ebr opinion e Partis\u00eb s\u00eb Prospertitit Demokratik - Lajme nga Ulqini","description":"PARTIA E PROSPERITETIT DEMOKRATIK PARTIJA DEMOKRATSKOG PROSPERITETA THE PARTY OF DEMOKTRATIC PROSPERITY ULQIN \u2013 ULCINJ. Montenegro Tel.++382 30 412","robots":{"index":"index","follow":"follow","max-snippet":"max-snippet:-1","max-image-preview":"max-image-preview:large","max-video-preview":"max-video-preview:-1"},"canonical":"https:\/\/www.visit-ulcinj.com\/blog\/2010\/09\/03\/kumtese-per-opinion-e-partise-se-prospertitit-demokratik\/","og_locale":"en_US","og_type":"article","og_title":"Kumtes\u00eb p\u00ebr opinion e Partis\u00eb s\u00eb Prospertitit Demokratik - Lajme nga Ulqini","og_description":"PARTIA E PROSPERITETIT DEMOKRATIK PARTIJA DEMOKRATSKOG PROSPERITETA THE PARTY OF DEMOKTRATIC PROSPERITY ULQIN \u2013 ULCINJ. Montenegro Tel.++382 30 412","og_url":"https:\/\/www.visit-ulcinj.com\/blog\/2010\/09\/03\/kumtese-per-opinion-e-partise-se-prospertitit-demokratik\/","og_site_name":"Lajme nga Ulqini","article_published_time":"2010-09-03T15:35:56+00:00","article_modified_time":"2010-09-07T15:15:47+00:00","og_image":[{"url":"https:\/\/www.visit-ulcinj.com\/blog\/wp-content\/uploads\/2010\/09\/PARTIA-E-PROSPERITETIT-DEMOKRATIK-150x150.jpg"}],"twitter_misc":{"Written by":"ulqini","Est. reading time":"3 minutes"},"schema":{"@context":"https:\/\/schema.org","@graph":[{"@type":"WebSite","@id":"https:\/\/www.visit-ulcinj.com\/blog\/#website","url":"https:\/\/www.visit-ulcinj.com\/blog\/","name":"Lajme nga Ulqini","description":"Lajme,Vijesti,Ulqini,Ulqin,Crna Gora,Mali i Zi","potentialAction":[{"@type":"SearchAction","target":{"@type":"EntryPoint","urlTemplate":"https:\/\/www.visit-ulcinj.com\/blog\/?s={search_term_string}"},"query-input":"required name=search_term_string"}],"inLanguage":"en-US"},{"@type":"ImageObject","inLanguage":"en-US","@id":"https:\/\/www.visit-ulcinj.com\/blog\/2010\/09\/03\/kumtese-per-opinion-e-partise-se-prospertitit-demokratik\/#primaryimage","url":"https:\/\/www.visit-ulcinj.com\/blog\/wp-content\/uploads\/2010\/09\/PARTIA-E-PROSPERITETIT-DEMOKRATIK.jpg","contentUrl":"https:\/\/www.visit-ulcinj.com\/blog\/wp-content\/uploads\/2010\/09\/PARTIA-E-PROSPERITETIT-DEMOKRATIK.jpg","width":"521","height":"501"},{"@type":"WebPage","@id":"https:\/\/www.visit-ulcinj.com\/blog\/2010\/09\/03\/kumtese-per-opinion-e-partise-se-prospertitit-demokratik\/#webpage","url":"https:\/\/www.visit-ulcinj.com\/blog\/2010\/09\/03\/kumtese-per-opinion-e-partise-se-prospertitit-demokratik\/","name":"Kumtes\u00eb p\u00ebr opinion e Partis\u00eb s\u00eb Prospertitit Demokratik - Lajme nga Ulqini","isPartOf":{"@id":"https:\/\/www.visit-ulcinj.com\/blog\/#website"},"primaryImageOfPage":{"@id":"https:\/\/www.visit-ulcinj.com\/blog\/2010\/09\/03\/kumtese-per-opinion-e-partise-se-prospertitit-demokratik\/#primaryimage"},"datePublished":"2010-09-03T15:35:56+00:00","dateModified":"2010-09-07T15:15:47+00:00","author":{"@id":"https:\/\/www.visit-ulcinj.com\/blog\/#\/schema\/person\/dcab619c614d3038751c63bc2aadc06d"},"description":"PARTIA E PROSPERITETIT DEMOKRATIK PARTIJA DEMOKRATSKOG PROSPERITETA THE PARTY OF DEMOKTRATIC PROSPERITY ULQIN \u2013 ULCINJ. Montenegro Tel.++382 30 412","breadcrumb":{"@id":"https:\/\/www.visit-ulcinj.com\/blog\/2010\/09\/03\/kumtese-per-opinion-e-partise-se-prospertitit-demokratik\/#breadcrumb"},"inLanguage":"en-US","potentialAction":[{"@type":"ReadAction","target":["https:\/\/www.visit-ulcinj.com\/blog\/2010\/09\/03\/kumtese-per-opinion-e-partise-se-prospertitit-demokratik\/"]}]},{"@type":"BreadcrumbList","@id":"https:\/\/www.visit-ulcinj.com\/blog\/2010\/09\/03\/kumtese-per-opinion-e-partise-se-prospertitit-demokratik\/#breadcrumb","itemListElement":[{"@type":"ListItem","position":1,"name":"Kumtes\u00eb p\u00ebr opinion e Partis\u00eb s\u00eb Prospertitit Demokratik"}]},{"@type":"Person","@id":"https:\/\/www.visit-ulcinj.com\/blog\/#\/schema\/person\/dcab619c614d3038751c63bc2aadc06d","name":"ulqini","sameAs":["http:\/\/www.visit-ulcinj.com"],"url":"https:\/\/www.visit-ulcinj.com\/blog\/author\/admin\/"}]}},"jetpack_featured_media_url":"","jetpack_sharing_enabled":true,"jetpack_shortlink":"https:\/\/wp.me\/pe6lTn-9xm","_links":{"self":[{"href":"https:\/\/www.visit-ulcinj.com\/blog\/wp-json\/wp\/v2\/posts\/36664"}],"collection":[{"href":"https:\/\/www.visit-ulcinj.com\/blog\/wp-json\/wp\/v2\/posts"}],"about":[{"href":"https:\/\/www.visit-ulcinj.com\/blog\/wp-json\/wp\/v2\/types\/post"}],"author":[{"embeddable":true,"href":"https:\/\/www.visit-ulcinj.com\/blog\/wp-json\/wp\/v2\/users\/1"}],"replies":[{"embeddable":true,"href":"https:\/\/www.visit-ulcinj.com\/blog\/wp-json\/wp\/v2\/comments?post=36664"}],"version-history":[{"count":0,"href":"https:\/\/www.visit-ulcinj.com\/blog\/wp-json\/wp\/v2\/posts\/36664\/revisions"}],"wp:attachment":[{"href":"https:\/\/www.visit-ulcinj.com\/blog\/wp-json\/wp\/v2\/media?parent=36664"}],"wp:term":[{"taxonomy":"category","embeddable":true,"href":"https:\/\/www.visit-ulcinj.com\/blog\/wp-json\/wp\/v2\/categories?post=36664"},{"taxonomy":"post_tag","embeddable":true,"href":"https:\/\/www.visit-ulcinj.com\/blog\/wp-json\/wp\/v2\/tags?post=36664"}],"curies":[{"name":"wp","href":"https:\/\/api.w.org\/{rel}","templated":true}]}}