{"id":36667,"date":"2010-09-03T17:45:48","date_gmt":"2010-09-03T15:45:48","guid":{"rendered":"http:\/\/www.visit-ulcinj.com\/blog\/?p=36667"},"modified":"2010-09-03T17:49:19","modified_gmt":"2010-09-03T15:49:19","slug":"ne-gryken-e-bunes-rrenohen-vilat-e-jashteligjshme","status":"publish","type":"post","link":"https:\/\/www.visit-ulcinj.com\/blog\/2010\/09\/03\/ne-gryken-e-bunes-rrenohen-vilat-e-jashteligjshme\/","title":{"rendered":"N\u00eb Gryk\u00ebn e Bun\u00ebs rr\u00ebnohen vilat e jasht\u00ebligjshme"},"content":{"rendered":"<p><a href=\"http:\/\/www.visit-ulcinj.com\/blog\/wp-content\/uploads\/2010\/09\/ada-bojana_ulcinj1.jpg\"><img loading=\"lazy\" class=\"alignleft size-full wp-image-36668\" title=\"ada bojana_ulcinj\" src=\"http:\/\/www.visit-ulcinj.com\/blog\/wp-content\/uploads\/2010\/09\/ada-bojana_ulcinj1.jpg\" alt=\"\" width=\"490\" height=\"370\" \/><\/a>Ulqin, 3 shtator &#8211; Pronar\u00ebt e vilave n\u00eb Gryk\u00ebn e Bun\u00ebs, t\u00eb cil\u00ebt nuk kan\u00eb shprehur gatishm\u00ebri p\u00ebr t\u00eb n\u00ebnshkruar kontrat\u00eb p\u00ebr shfryt\u00ebzimin e pron\u00ebs shtet\u00ebrore, do t\u00eb ballafaqohen me ligjin, atyre do t&#8217;u rr\u00ebnohen objektet e ngritur jasht\u00ebligjsh\u00ebm.<\/p>\n<p>Sipas ndihm\u00ebsdrejtorit t\u00eb Nd\u00ebrmarrjes Publike \u201cT\u00eb mirat e detit\u201d, me seli n\u00eb Budv\u00eb q\u00eb menaxhon me bregdetin malazias, Veselin Vujinoviq se ekskavator\u00ebt tashm\u00eb ndodhen n\u00eb breg t\u00eb lumit nd\u00ebrkufitar Buna, ku uzurpimet dhe nd\u00ebrtimet pa leje kan\u00eb krijuar gjendje kaotike arkitektonike dhe mjedisore.<\/p>\n<p>Ai shton se nga 442 objekte, vet\u00ebm 220 sosh kan\u00eb deponuar k\u00ebrkesa p\u00ebr t\u00eb n\u00ebnshkruar kontrat\u00eb, dhe ato vitin e ardhsh\u00ebm do t\u00eb p\u00ebrfshihen n\u00eb Programin e objekteve t\u00eb p\u00ebrkohshme.<\/p>\n<p>Pronar\u00ebt, var\u00ebsisht nga madh\u00ebsia e godin\u00ebs dhe karakteri i tyre, jan\u00eb \u201ckulla peshkatar\u00ebsh\u201d, apo vila grandioze disakat\u00ebshe, hotele, duhet t\u00eb paguajn\u00eb nga 150 deri n\u00eb 5.000 euro n\u00eb vit.<\/p>\n<p>N\u00eb k\u00ebt\u00eb kompleks q\u00eb ka devastuar ambientin m\u00eb emblematik t\u00eb bregdetit t\u00eb Ulqinit, pjesa d\u00ebrmuese e pronar\u00ebve nuk jan\u00eb nga Ulqini, por nga vendet e ndryshme t\u00eb ish-shtetit jugosllav, por edhe nga shtete t\u00eb ndryshme t\u00eb Evrop\u00ebs Lindore dhe Per\u00ebndimore.<\/p>\n<p>Z\u00ebvend\u00ebsdrejtori i NP \u201cT\u00eb mirat e detit\u201d, nuk p\u00ebrmend sakt\u00ebsisht dat\u00eb se kur do t\u00eb filloj\u00eb rr\u00ebnimi i objekteve, megjithat\u00eb, KosovaLive jozyrtarisht m\u00ebson se kjo mund t\u00eb jet\u00eb 1 tetori.<\/p>\n<p>Kjo nd\u00ebrmarrje edhe m\u00eb par\u00eb disa her\u00eb publikisht ka ftuar pronar\u00ebt e nd\u00ebrtesave t\u00eb nd\u00ebrtuara ilegalisht q\u00eb t\u00eb paraqesin vilat e tyre, por k\u00ebt\u00eb nuk e kan\u00eb b\u00ebr\u00eb dot, edhe pse jan\u00eb k\u00ebrc\u00ebnuar me rr\u00ebnimin e tyre.<\/p>\n<p><strong>KOHA NET<br \/>\n<!--YouTube Error: bad URL entered--><\/strong><\/p>\n","protected":false},"excerpt":{"rendered":"<p>Ulqin, 3 shtator &#8211; Pronar\u00ebt e vilave n\u00eb Gryk\u00ebn e Bun\u00ebs, t\u00eb cil\u00ebt nuk kan\u00eb shprehur gatishm\u00ebri p\u00ebr t\u00eb n\u00ebnshkruar kontrat\u00eb p\u00ebr shfryt\u00ebzimin e pron\u00ebs shtet\u00ebrore, do t\u00eb ballafaqohen me ligjin, atyre do t&#8217;u rr\u00ebnohen objektet e ngritur jasht\u00ebligjsh\u00ebm. Sipas ndihm\u00ebsdrejtorit t\u00eb Nd\u00ebrmarrjes Publike \u201cT\u00eb mirat e detit\u201d, me seli n\u00eb Budv\u00eb q\u00eb menaxhon me [&hellip;]<\/p>\n","protected":false},"author":1,"featured_media":0,"comment_status":"open","ping_status":"closed","sticky":false,"template":"","format":"standard","meta":{"spay_email":"","jetpack_publicize_message":"","jetpack_is_tweetstorm":false,"jetpack_publicize_feature_enabled":true},"categories":[12],"tags":[138,14929,200],"jetpack_publicize_connections":[],"yoast_head":"<!-- This site is optimized with the Yoast SEO plugin v19.1 - https:\/\/yoast.com\/wordpress\/plugins\/seo\/ -->\n<title>N\u00eb Gryk\u00ebn e Bun\u00ebs rr\u00ebnohen vilat e jasht\u00ebligjshme - Lajme nga Ulqini<\/title>\n<meta name=\"description\" content=\"Ulqin, 3 shtator - Pronar\u00ebt e vilave n\u00eb Gryk\u00ebn e Bun\u00ebs, t\u00eb cil\u00ebt nuk kan\u00eb shprehur gatishm\u00ebri p\u00ebr t\u00eb n\u00ebnshkruar kontrat\u00eb p\u00ebr shfryt\u00ebzimin e pron\u00ebs\" \/>\n<meta name=\"robots\" content=\"index, follow, max-snippet:-1, max-image-preview:large, max-video-preview:-1\" \/>\n<link rel=\"canonical\" href=\"https:\/\/www.visit-ulcinj.com\/blog\/2010\/09\/03\/ne-gryken-e-bunes-rrenohen-vilat-e-jashteligjshme\/\" \/>\n<meta property=\"og:locale\" content=\"en_US\" \/>\n<meta property=\"og:type\" content=\"article\" \/>\n<meta property=\"og:title\" content=\"N\u00eb Gryk\u00ebn e Bun\u00ebs rr\u00ebnohen vilat e jasht\u00ebligjshme - Lajme nga Ulqini\" \/>\n<meta property=\"og:description\" content=\"Ulqin, 3 shtator - Pronar\u00ebt e vilave n\u00eb Gryk\u00ebn e Bun\u00ebs, t\u00eb cil\u00ebt nuk kan\u00eb shprehur gatishm\u00ebri p\u00ebr t\u00eb n\u00ebnshkruar kontrat\u00eb p\u00ebr shfryt\u00ebzimin e pron\u00ebs\" \/>\n<meta property=\"og:url\" content=\"https:\/\/www.visit-ulcinj.com\/blog\/2010\/09\/03\/ne-gryken-e-bunes-rrenohen-vilat-e-jashteligjshme\/\" \/>\n<meta property=\"og:site_name\" content=\"Lajme nga Ulqini\" \/>\n<meta property=\"article:published_time\" content=\"2010-09-03T15:45:48+00:00\" \/>\n<meta property=\"article:modified_time\" content=\"2010-09-03T15:49:19+00:00\" \/>\n<meta property=\"og:image\" content=\"http:\/\/www.visit-ulcinj.com\/blog\/wp-content\/uploads\/2010\/09\/ada-bojana_ulcinj1.jpg\" \/>\n<meta name=\"twitter:label1\" content=\"Written by\" \/>\n\t<meta name=\"twitter:data1\" content=\"ulqini\" \/>\n\t<meta name=\"twitter:label2\" content=\"Est. reading time\" \/>\n\t<meta name=\"twitter:data2\" content=\"2 minutes\" \/>\n<script type=\"application\/ld+json\" class=\"yoast-schema-graph\">{\"@context\":\"https:\/\/schema.org\",\"@graph\":[{\"@type\":\"WebSite\",\"@id\":\"https:\/\/www.visit-ulcinj.com\/blog\/#website\",\"url\":\"https:\/\/www.visit-ulcinj.com\/blog\/\",\"name\":\"Lajme nga Ulqini\",\"description\":\"Lajme,Vijesti,Ulqini,Ulqin,Crna Gora,Mali i Zi\",\"potentialAction\":[{\"@type\":\"SearchAction\",\"target\":{\"@type\":\"EntryPoint\",\"urlTemplate\":\"https:\/\/www.visit-ulcinj.com\/blog\/?s={search_term_string}\"},\"query-input\":\"required name=search_term_string\"}],\"inLanguage\":\"en-US\"},{\"@type\":\"ImageObject\",\"inLanguage\":\"en-US\",\"@id\":\"https:\/\/www.visit-ulcinj.com\/blog\/2010\/09\/03\/ne-gryken-e-bunes-rrenohen-vilat-e-jashteligjshme\/#primaryimage\",\"url\":\"https:\/\/www.visit-ulcinj.com\/blog\/wp-content\/uploads\/2010\/09\/ada-bojana_ulcinj1.jpg\",\"contentUrl\":\"https:\/\/www.visit-ulcinj.com\/blog\/wp-content\/uploads\/2010\/09\/ada-bojana_ulcinj1.jpg\",\"width\":\"800\",\"height\":\"600\"},{\"@type\":\"WebPage\",\"@id\":\"https:\/\/www.visit-ulcinj.com\/blog\/2010\/09\/03\/ne-gryken-e-bunes-rrenohen-vilat-e-jashteligjshme\/#webpage\",\"url\":\"https:\/\/www.visit-ulcinj.com\/blog\/2010\/09\/03\/ne-gryken-e-bunes-rrenohen-vilat-e-jashteligjshme\/\",\"name\":\"N\u00eb Gryk\u00ebn e Bun\u00ebs rr\u00ebnohen vilat e jasht\u00ebligjshme - Lajme nga Ulqini\",\"isPartOf\":{\"@id\":\"https:\/\/www.visit-ulcinj.com\/blog\/#website\"},\"primaryImageOfPage\":{\"@id\":\"https:\/\/www.visit-ulcinj.com\/blog\/2010\/09\/03\/ne-gryken-e-bunes-rrenohen-vilat-e-jashteligjshme\/#primaryimage\"},\"datePublished\":\"2010-09-03T15:45:48+00:00\",\"dateModified\":\"2010-09-03T15:49:19+00:00\",\"author\":{\"@id\":\"https:\/\/www.visit-ulcinj.com\/blog\/#\/schema\/person\/dcab619c614d3038751c63bc2aadc06d\"},\"description\":\"Ulqin, 3 shtator - Pronar\u00ebt e vilave n\u00eb Gryk\u00ebn e Bun\u00ebs, t\u00eb cil\u00ebt nuk kan\u00eb shprehur gatishm\u00ebri p\u00ebr t\u00eb n\u00ebnshkruar kontrat\u00eb p\u00ebr shfryt\u00ebzimin e pron\u00ebs\",\"breadcrumb\":{\"@id\":\"https:\/\/www.visit-ulcinj.com\/blog\/2010\/09\/03\/ne-gryken-e-bunes-rrenohen-vilat-e-jashteligjshme\/#breadcrumb\"},\"inLanguage\":\"en-US\",\"potentialAction\":[{\"@type\":\"ReadAction\",\"target\":[\"https:\/\/www.visit-ulcinj.com\/blog\/2010\/09\/03\/ne-gryken-e-bunes-rrenohen-vilat-e-jashteligjshme\/\"]}]},{\"@type\":\"BreadcrumbList\",\"@id\":\"https:\/\/www.visit-ulcinj.com\/blog\/2010\/09\/03\/ne-gryken-e-bunes-rrenohen-vilat-e-jashteligjshme\/#breadcrumb\",\"itemListElement\":[{\"@type\":\"ListItem\",\"position\":1,\"name\":\"N\u00eb Gryk\u00ebn e Bun\u00ebs rr\u00ebnohen vilat e jasht\u00ebligjshme\"}]},{\"@type\":\"Person\",\"@id\":\"https:\/\/www.visit-ulcinj.com\/blog\/#\/schema\/person\/dcab619c614d3038751c63bc2aadc06d\",\"name\":\"ulqini\",\"sameAs\":[\"http:\/\/www.visit-ulcinj.com\"],\"url\":\"https:\/\/www.visit-ulcinj.com\/blog\/author\/admin\/\"}]}<\/script>\n<!-- \/ Yoast SEO plugin. -->","yoast_head_json":{"title":"N\u00eb Gryk\u00ebn e Bun\u00ebs rr\u00ebnohen vilat e jasht\u00ebligjshme - Lajme nga Ulqini","description":"Ulqin, 3 shtator - Pronar\u00ebt e vilave n\u00eb Gryk\u00ebn e Bun\u00ebs, t\u00eb cil\u00ebt nuk kan\u00eb shprehur gatishm\u00ebri p\u00ebr t\u00eb n\u00ebnshkruar kontrat\u00eb p\u00ebr shfryt\u00ebzimin e pron\u00ebs","robots":{"index":"index","follow":"follow","max-snippet":"max-snippet:-1","max-image-preview":"max-image-preview:large","max-video-preview":"max-video-preview:-1"},"canonical":"https:\/\/www.visit-ulcinj.com\/blog\/2010\/09\/03\/ne-gryken-e-bunes-rrenohen-vilat-e-jashteligjshme\/","og_locale":"en_US","og_type":"article","og_title":"N\u00eb Gryk\u00ebn e Bun\u00ebs rr\u00ebnohen vilat e jasht\u00ebligjshme - Lajme nga Ulqini","og_description":"Ulqin, 3 shtator - Pronar\u00ebt e vilave n\u00eb Gryk\u00ebn e Bun\u00ebs, t\u00eb cil\u00ebt nuk kan\u00eb shprehur gatishm\u00ebri p\u00ebr t\u00eb n\u00ebnshkruar kontrat\u00eb p\u00ebr shfryt\u00ebzimin e pron\u00ebs","og_url":"https:\/\/www.visit-ulcinj.com\/blog\/2010\/09\/03\/ne-gryken-e-bunes-rrenohen-vilat-e-jashteligjshme\/","og_site_name":"Lajme nga Ulqini","article_published_time":"2010-09-03T15:45:48+00:00","article_modified_time":"2010-09-03T15:49:19+00:00","og_image":[{"url":"http:\/\/www.visit-ulcinj.com\/blog\/wp-content\/uploads\/2010\/09\/ada-bojana_ulcinj1.jpg"}],"twitter_misc":{"Written by":"ulqini","Est. reading time":"2 minutes"},"schema":{"@context":"https:\/\/schema.org","@graph":[{"@type":"WebSite","@id":"https:\/\/www.visit-ulcinj.com\/blog\/#website","url":"https:\/\/www.visit-ulcinj.com\/blog\/","name":"Lajme nga Ulqini","description":"Lajme,Vijesti,Ulqini,Ulqin,Crna Gora,Mali i Zi","potentialAction":[{"@type":"SearchAction","target":{"@type":"EntryPoint","urlTemplate":"https:\/\/www.visit-ulcinj.com\/blog\/?s={search_term_string}"},"query-input":"required name=search_term_string"}],"inLanguage":"en-US"},{"@type":"ImageObject","inLanguage":"en-US","@id":"https:\/\/www.visit-ulcinj.com\/blog\/2010\/09\/03\/ne-gryken-e-bunes-rrenohen-vilat-e-jashteligjshme\/#primaryimage","url":"https:\/\/www.visit-ulcinj.com\/blog\/wp-content\/uploads\/2010\/09\/ada-bojana_ulcinj1.jpg","contentUrl":"https:\/\/www.visit-ulcinj.com\/blog\/wp-content\/uploads\/2010\/09\/ada-bojana_ulcinj1.jpg","width":"800","height":"600"},{"@type":"WebPage","@id":"https:\/\/www.visit-ulcinj.com\/blog\/2010\/09\/03\/ne-gryken-e-bunes-rrenohen-vilat-e-jashteligjshme\/#webpage","url":"https:\/\/www.visit-ulcinj.com\/blog\/2010\/09\/03\/ne-gryken-e-bunes-rrenohen-vilat-e-jashteligjshme\/","name":"N\u00eb Gryk\u00ebn e Bun\u00ebs rr\u00ebnohen vilat e jasht\u00ebligjshme - Lajme nga Ulqini","isPartOf":{"@id":"https:\/\/www.visit-ulcinj.com\/blog\/#website"},"primaryImageOfPage":{"@id":"https:\/\/www.visit-ulcinj.com\/blog\/2010\/09\/03\/ne-gryken-e-bunes-rrenohen-vilat-e-jashteligjshme\/#primaryimage"},"datePublished":"2010-09-03T15:45:48+00:00","dateModified":"2010-09-03T15:49:19+00:00","author":{"@id":"https:\/\/www.visit-ulcinj.com\/blog\/#\/schema\/person\/dcab619c614d3038751c63bc2aadc06d"},"description":"Ulqin, 3 shtator - Pronar\u00ebt e vilave n\u00eb Gryk\u00ebn e Bun\u00ebs, t\u00eb cil\u00ebt nuk kan\u00eb shprehur gatishm\u00ebri p\u00ebr t\u00eb n\u00ebnshkruar kontrat\u00eb p\u00ebr shfryt\u00ebzimin e pron\u00ebs","breadcrumb":{"@id":"https:\/\/www.visit-ulcinj.com\/blog\/2010\/09\/03\/ne-gryken-e-bunes-rrenohen-vilat-e-jashteligjshme\/#breadcrumb"},"inLanguage":"en-US","potentialAction":[{"@type":"ReadAction","target":["https:\/\/www.visit-ulcinj.com\/blog\/2010\/09\/03\/ne-gryken-e-bunes-rrenohen-vilat-e-jashteligjshme\/"]}]},{"@type":"BreadcrumbList","@id":"https:\/\/www.visit-ulcinj.com\/blog\/2010\/09\/03\/ne-gryken-e-bunes-rrenohen-vilat-e-jashteligjshme\/#breadcrumb","itemListElement":[{"@type":"ListItem","position":1,"name":"N\u00eb Gryk\u00ebn e Bun\u00ebs rr\u00ebnohen vilat e jasht\u00ebligjshme"}]},{"@type":"Person","@id":"https:\/\/www.visit-ulcinj.com\/blog\/#\/schema\/person\/dcab619c614d3038751c63bc2aadc06d","name":"ulqini","sameAs":["http:\/\/www.visit-ulcinj.com"],"url":"https:\/\/www.visit-ulcinj.com\/blog\/author\/admin\/"}]}},"jetpack_featured_media_url":"","jetpack_sharing_enabled":true,"jetpack_shortlink":"https:\/\/wp.me\/pe6lTn-9xp","_links":{"self":[{"href":"https:\/\/www.visit-ulcinj.com\/blog\/wp-json\/wp\/v2\/posts\/36667"}],"collection":[{"href":"https:\/\/www.visit-ulcinj.com\/blog\/wp-json\/wp\/v2\/posts"}],"about":[{"href":"https:\/\/www.visit-ulcinj.com\/blog\/wp-json\/wp\/v2\/types\/post"}],"author":[{"embeddable":true,"href":"https:\/\/www.visit-ulcinj.com\/blog\/wp-json\/wp\/v2\/users\/1"}],"replies":[{"embeddable":true,"href":"https:\/\/www.visit-ulcinj.com\/blog\/wp-json\/wp\/v2\/comments?post=36667"}],"version-history":[{"count":0,"href":"https:\/\/www.visit-ulcinj.com\/blog\/wp-json\/wp\/v2\/posts\/36667\/revisions"}],"wp:attachment":[{"href":"https:\/\/www.visit-ulcinj.com\/blog\/wp-json\/wp\/v2\/media?parent=36667"}],"wp:term":[{"taxonomy":"category","embeddable":true,"href":"https:\/\/www.visit-ulcinj.com\/blog\/wp-json\/wp\/v2\/categories?post=36667"},{"taxonomy":"post_tag","embeddable":true,"href":"https:\/\/www.visit-ulcinj.com\/blog\/wp-json\/wp\/v2\/tags?post=36667"}],"curies":[{"name":"wp","href":"https:\/\/api.w.org\/{rel}","templated":true}]}}