{"id":36678,"date":"2010-09-04T18:37:49","date_gmt":"2010-09-04T16:37:49","guid":{"rendered":"http:\/\/www.visit-ulcinj.com\/blog\/?p=36678"},"modified":"2010-09-04T18:37:49","modified_gmt":"2010-09-04T16:37:49","slug":"forca-ponovila-optuzbe-zbog-gradnje-lucice-u-ulcinju","status":"publish","type":"post","link":"https:\/\/www.visit-ulcinj.com\/blog\/2010\/09\/04\/forca-ponovila-optuzbe-zbog-gradnje-lucice-u-ulcinju\/","title":{"rendered":"Forca ponovila optu\u017ebe zbog gradnje lu\u010dice u Ulcinju"},"content":{"rendered":"<p><strong><a href=\"http:\/\/www.forca.me\/program_2010\/FORCA_Izborni_Program_2010-2014.pdf\" target=\"_blank\"><img loading=\"lazy\" class=\"alignleft size-full wp-image-36679\" title=\"Forca_Ulcinj\" src=\"http:\/\/www.visit-ulcinj.com\/blog\/wp-content\/uploads\/2010\/09\/Forca_Ulcinj.jpg\" alt=\"\" width=\"490\" height=\"340\" \/><\/a>Za\u0161to ne spuste rampu na Kacemi<\/strong><\/p>\n<p>Ulcinj &#8211; Forca je ponovila optu\u017ebe na ra\u010dun \u201eMorskog dobra\u201c povodom izgradnje Kaceme ispod Starog grada, isti\u010du\u0107i da bi to koliko je lu\u010dica \u201e\u010dista\u201c, trebalo da utvrde Tu\u017eila\u0161tvo i Ministarstvo ure\u0111enja prostora.<br \/>\n\u201cNadle\u017eni iz \\&#8217;Morskog dobra\\&#8217; sami isti\u010du da objekat nije stavljen u funkciju i da se jo\u0161 ne mo\u017ee bezbjedno koristiti. Stoga postavljamo pitanje, za\u0161to investitoru nije nalo\u017eeno da obezbijedi i zabrani kori\u0161\u0107enje Kaceme? Time se barke vlasnika ne bi dovele u opasnost kao \u0161to se to desilo po lagano uzburkanom moru. Zar gospoda misli da \u0107e neko povjerovati da \u0107e se ure\u0111enjem okoline pobolj\u0161ati bezbjednost lu\u010dice\u201d, navodi se u reagovanju Force na tekst \u201cKacema je \u010dista\u201d.<\/p>\n<p>Isti\u010de se da je \u201ckonstrukcija lu\u010dice zavr\u0161ena\u201d.<br \/>\n\u201cOdgovorni iz \\&#8217;Morskog dobra\\&#8217; o\u010dekuju da se korekcijama mogu otkloniti nedostaci. Da li je to izvodljivo i koliko \u0107e to dodatno da ko\u0161ta? Nadamo se da nas iz Force ne\u0107e optu\u017eiti za pogre\u0161no odabrane projektante i nadzorne organe ili je, pak, ne\u0161to drugo u pitanju. JP je betonske blokove za ovu lu\u010dicu obezbijedilo jo\u0161 po\u010detkom 2008, uz obe\u0107anje da \u0107e lu\u010dica biti zavr\u0161ena prije ljeta 2009. Polako izmi\u010de 2010, pa stoga postavljamo pitanje kada \u0107e sve faze biti zavr\u0161ene i kada o\u010dekuju upotrebnu dozvolu, odnosno da ka\u017eu kada \u0107e lu\u010dica biti \\&#8217;kori\u0161\u0107ena na stru\u010dan i profesionalna na\u010din\\&#8217;\u201d, zaklju\u010duje se u reagovanju.<\/p>\n<p><strong>S. A.<br \/>\n<a href=\"http:\/\/www.vijesti.me\/\" target=\"_blank\">Vijesti<\/a><\/strong><\/p>\n","protected":false},"excerpt":{"rendered":"<p>Za\u0161to ne spuste rampu na Kacemi Ulcinj &#8211; Forca je ponovila optu\u017ebe na ra\u010dun \u201eMorskog dobra\u201c povodom izgradnje Kaceme ispod Starog grada, isti\u010du\u0107i da bi to koliko je lu\u010dica \u201e\u010dista\u201c, trebalo da utvrde Tu\u017eila\u0161tvo i Ministarstvo ure\u0111enja prostora. \u201cNadle\u017eni iz \\&#8217;Morskog dobra\\&#8217; sami isti\u010du da objekat nije stavljen u funkciju i da se jo\u0161 ne [&hellip;]<\/p>\n","protected":false},"author":1,"featured_media":0,"comment_status":"open","ping_status":"closed","sticky":false,"template":"","format":"standard","meta":{"spay_email":"","jetpack_publicize_message":"","jetpack_is_tweetstorm":false,"jetpack_publicize_feature_enabled":true},"categories":[8337],"tags":[2725,4666,19],"jetpack_publicize_connections":[],"yoast_head":"<!-- This site is optimized with the Yoast SEO plugin v19.1 - https:\/\/yoast.com\/wordpress\/plugins\/seo\/ -->\n<title>Forca ponovila optu\u017ebe zbog gradnje lu\u010dice u Ulcinju - Lajme nga Ulqini<\/title>\n<meta name=\"description\" content=\"Za\u0161to ne spuste rampu na Kacemi Ulcinj - Forca je ponovila optu\u017ebe na ra\u010dun \u201eMorskog dobra\u201c povodom izgradnje Kaceme ispod Starog grada, isti\u010du\u0107i da bi to\" \/>\n<meta name=\"robots\" content=\"index, follow, max-snippet:-1, max-image-preview:large, max-video-preview:-1\" \/>\n<link rel=\"canonical\" href=\"https:\/\/www.visit-ulcinj.com\/blog\/2010\/09\/04\/forca-ponovila-optuzbe-zbog-gradnje-lucice-u-ulcinju\/\" \/>\n<meta property=\"og:locale\" content=\"en_US\" \/>\n<meta property=\"og:type\" content=\"article\" \/>\n<meta property=\"og:title\" content=\"Forca ponovila optu\u017ebe zbog gradnje lu\u010dice u Ulcinju - Lajme nga Ulqini\" \/>\n<meta property=\"og:description\" content=\"Za\u0161to ne spuste rampu na Kacemi Ulcinj - Forca je ponovila optu\u017ebe na ra\u010dun \u201eMorskog dobra\u201c povodom izgradnje Kaceme ispod Starog grada, isti\u010du\u0107i da bi to\" \/>\n<meta property=\"og:url\" content=\"https:\/\/www.visit-ulcinj.com\/blog\/2010\/09\/04\/forca-ponovila-optuzbe-zbog-gradnje-lucice-u-ulcinju\/\" \/>\n<meta property=\"og:site_name\" content=\"Lajme nga Ulqini\" \/>\n<meta property=\"article:published_time\" content=\"2010-09-04T16:37:49+00:00\" \/>\n<meta property=\"og:image\" content=\"http:\/\/www.visit-ulcinj.com\/blog\/wp-content\/uploads\/2010\/09\/Forca_Ulcinj.jpg\" \/>\n<meta name=\"twitter:label1\" content=\"Written by\" \/>\n\t<meta name=\"twitter:data1\" content=\"ulqini\" \/>\n\t<meta name=\"twitter:label2\" content=\"Est. reading time\" \/>\n\t<meta name=\"twitter:data2\" content=\"1 minute\" \/>\n<script type=\"application\/ld+json\" class=\"yoast-schema-graph\">{\"@context\":\"https:\/\/schema.org\",\"@graph\":[{\"@type\":\"WebSite\",\"@id\":\"https:\/\/www.visit-ulcinj.com\/blog\/#website\",\"url\":\"https:\/\/www.visit-ulcinj.com\/blog\/\",\"name\":\"Lajme nga Ulqini\",\"description\":\"Lajme,Vijesti,Ulqini,Ulqin,Crna Gora,Mali i Zi\",\"potentialAction\":[{\"@type\":\"SearchAction\",\"target\":{\"@type\":\"EntryPoint\",\"urlTemplate\":\"https:\/\/www.visit-ulcinj.com\/blog\/?s={search_term_string}\"},\"query-input\":\"required name=search_term_string\"}],\"inLanguage\":\"en-US\"},{\"@type\":\"ImageObject\",\"inLanguage\":\"en-US\",\"@id\":\"https:\/\/www.visit-ulcinj.com\/blog\/2010\/09\/04\/forca-ponovila-optuzbe-zbog-gradnje-lucice-u-ulcinju\/#primaryimage\",\"url\":\"https:\/\/www.visit-ulcinj.com\/blog\/wp-content\/uploads\/2010\/09\/Forca_Ulcinj.jpg\",\"contentUrl\":\"https:\/\/www.visit-ulcinj.com\/blog\/wp-content\/uploads\/2010\/09\/Forca_Ulcinj.jpg\",\"width\":\"454\",\"height\":\"340\"},{\"@type\":\"WebPage\",\"@id\":\"https:\/\/www.visit-ulcinj.com\/blog\/2010\/09\/04\/forca-ponovila-optuzbe-zbog-gradnje-lucice-u-ulcinju\/#webpage\",\"url\":\"https:\/\/www.visit-ulcinj.com\/blog\/2010\/09\/04\/forca-ponovila-optuzbe-zbog-gradnje-lucice-u-ulcinju\/\",\"name\":\"Forca ponovila optu\u017ebe zbog gradnje lu\u010dice u Ulcinju - Lajme nga Ulqini\",\"isPartOf\":{\"@id\":\"https:\/\/www.visit-ulcinj.com\/blog\/#website\"},\"primaryImageOfPage\":{\"@id\":\"https:\/\/www.visit-ulcinj.com\/blog\/2010\/09\/04\/forca-ponovila-optuzbe-zbog-gradnje-lucice-u-ulcinju\/#primaryimage\"},\"datePublished\":\"2010-09-04T16:37:49+00:00\",\"dateModified\":\"2010-09-04T16:37:49+00:00\",\"author\":{\"@id\":\"https:\/\/www.visit-ulcinj.com\/blog\/#\/schema\/person\/dcab619c614d3038751c63bc2aadc06d\"},\"description\":\"Za\u0161to ne spuste rampu na Kacemi Ulcinj - Forca je ponovila optu\u017ebe na ra\u010dun \u201eMorskog dobra\u201c povodom izgradnje Kaceme ispod Starog grada, isti\u010du\u0107i da bi to\",\"breadcrumb\":{\"@id\":\"https:\/\/www.visit-ulcinj.com\/blog\/2010\/09\/04\/forca-ponovila-optuzbe-zbog-gradnje-lucice-u-ulcinju\/#breadcrumb\"},\"inLanguage\":\"en-US\",\"potentialAction\":[{\"@type\":\"ReadAction\",\"target\":[\"https:\/\/www.visit-ulcinj.com\/blog\/2010\/09\/04\/forca-ponovila-optuzbe-zbog-gradnje-lucice-u-ulcinju\/\"]}]},{\"@type\":\"BreadcrumbList\",\"@id\":\"https:\/\/www.visit-ulcinj.com\/blog\/2010\/09\/04\/forca-ponovila-optuzbe-zbog-gradnje-lucice-u-ulcinju\/#breadcrumb\",\"itemListElement\":[{\"@type\":\"ListItem\",\"position\":1,\"name\":\"Forca ponovila optu\u017ebe zbog gradnje lu\u010dice u Ulcinju\"}]},{\"@type\":\"Person\",\"@id\":\"https:\/\/www.visit-ulcinj.com\/blog\/#\/schema\/person\/dcab619c614d3038751c63bc2aadc06d\",\"name\":\"ulqini\",\"sameAs\":[\"http:\/\/www.visit-ulcinj.com\"],\"url\":\"https:\/\/www.visit-ulcinj.com\/blog\/author\/admin\/\"}]}<\/script>\n<!-- \/ Yoast SEO plugin. -->","yoast_head_json":{"title":"Forca ponovila optu\u017ebe zbog gradnje lu\u010dice u Ulcinju - Lajme nga Ulqini","description":"Za\u0161to ne spuste rampu na Kacemi Ulcinj - Forca je ponovila optu\u017ebe na ra\u010dun \u201eMorskog dobra\u201c povodom izgradnje Kaceme ispod Starog grada, isti\u010du\u0107i da bi to","robots":{"index":"index","follow":"follow","max-snippet":"max-snippet:-1","max-image-preview":"max-image-preview:large","max-video-preview":"max-video-preview:-1"},"canonical":"https:\/\/www.visit-ulcinj.com\/blog\/2010\/09\/04\/forca-ponovila-optuzbe-zbog-gradnje-lucice-u-ulcinju\/","og_locale":"en_US","og_type":"article","og_title":"Forca ponovila optu\u017ebe zbog gradnje lu\u010dice u Ulcinju - Lajme nga Ulqini","og_description":"Za\u0161to ne spuste rampu na Kacemi Ulcinj - Forca je ponovila optu\u017ebe na ra\u010dun \u201eMorskog dobra\u201c povodom izgradnje Kaceme ispod Starog grada, isti\u010du\u0107i da bi to","og_url":"https:\/\/www.visit-ulcinj.com\/blog\/2010\/09\/04\/forca-ponovila-optuzbe-zbog-gradnje-lucice-u-ulcinju\/","og_site_name":"Lajme nga Ulqini","article_published_time":"2010-09-04T16:37:49+00:00","og_image":[{"url":"http:\/\/www.visit-ulcinj.com\/blog\/wp-content\/uploads\/2010\/09\/Forca_Ulcinj.jpg"}],"twitter_misc":{"Written by":"ulqini","Est. reading time":"1 minute"},"schema":{"@context":"https:\/\/schema.org","@graph":[{"@type":"WebSite","@id":"https:\/\/www.visit-ulcinj.com\/blog\/#website","url":"https:\/\/www.visit-ulcinj.com\/blog\/","name":"Lajme nga Ulqini","description":"Lajme,Vijesti,Ulqini,Ulqin,Crna Gora,Mali i Zi","potentialAction":[{"@type":"SearchAction","target":{"@type":"EntryPoint","urlTemplate":"https:\/\/www.visit-ulcinj.com\/blog\/?s={search_term_string}"},"query-input":"required name=search_term_string"}],"inLanguage":"en-US"},{"@type":"ImageObject","inLanguage":"en-US","@id":"https:\/\/www.visit-ulcinj.com\/blog\/2010\/09\/04\/forca-ponovila-optuzbe-zbog-gradnje-lucice-u-ulcinju\/#primaryimage","url":"https:\/\/www.visit-ulcinj.com\/blog\/wp-content\/uploads\/2010\/09\/Forca_Ulcinj.jpg","contentUrl":"https:\/\/www.visit-ulcinj.com\/blog\/wp-content\/uploads\/2010\/09\/Forca_Ulcinj.jpg","width":"454","height":"340"},{"@type":"WebPage","@id":"https:\/\/www.visit-ulcinj.com\/blog\/2010\/09\/04\/forca-ponovila-optuzbe-zbog-gradnje-lucice-u-ulcinju\/#webpage","url":"https:\/\/www.visit-ulcinj.com\/blog\/2010\/09\/04\/forca-ponovila-optuzbe-zbog-gradnje-lucice-u-ulcinju\/","name":"Forca ponovila optu\u017ebe zbog gradnje lu\u010dice u Ulcinju - Lajme nga Ulqini","isPartOf":{"@id":"https:\/\/www.visit-ulcinj.com\/blog\/#website"},"primaryImageOfPage":{"@id":"https:\/\/www.visit-ulcinj.com\/blog\/2010\/09\/04\/forca-ponovila-optuzbe-zbog-gradnje-lucice-u-ulcinju\/#primaryimage"},"datePublished":"2010-09-04T16:37:49+00:00","dateModified":"2010-09-04T16:37:49+00:00","author":{"@id":"https:\/\/www.visit-ulcinj.com\/blog\/#\/schema\/person\/dcab619c614d3038751c63bc2aadc06d"},"description":"Za\u0161to ne spuste rampu na Kacemi Ulcinj - Forca je ponovila optu\u017ebe na ra\u010dun \u201eMorskog dobra\u201c povodom izgradnje Kaceme ispod Starog grada, isti\u010du\u0107i da bi to","breadcrumb":{"@id":"https:\/\/www.visit-ulcinj.com\/blog\/2010\/09\/04\/forca-ponovila-optuzbe-zbog-gradnje-lucice-u-ulcinju\/#breadcrumb"},"inLanguage":"en-US","potentialAction":[{"@type":"ReadAction","target":["https:\/\/www.visit-ulcinj.com\/blog\/2010\/09\/04\/forca-ponovila-optuzbe-zbog-gradnje-lucice-u-ulcinju\/"]}]},{"@type":"BreadcrumbList","@id":"https:\/\/www.visit-ulcinj.com\/blog\/2010\/09\/04\/forca-ponovila-optuzbe-zbog-gradnje-lucice-u-ulcinju\/#breadcrumb","itemListElement":[{"@type":"ListItem","position":1,"name":"Forca ponovila optu\u017ebe zbog gradnje lu\u010dice u Ulcinju"}]},{"@type":"Person","@id":"https:\/\/www.visit-ulcinj.com\/blog\/#\/schema\/person\/dcab619c614d3038751c63bc2aadc06d","name":"ulqini","sameAs":["http:\/\/www.visit-ulcinj.com"],"url":"https:\/\/www.visit-ulcinj.com\/blog\/author\/admin\/"}]}},"jetpack_featured_media_url":"","jetpack_sharing_enabled":true,"jetpack_shortlink":"https:\/\/wp.me\/pe6lTn-9xA","_links":{"self":[{"href":"https:\/\/www.visit-ulcinj.com\/blog\/wp-json\/wp\/v2\/posts\/36678"}],"collection":[{"href":"https:\/\/www.visit-ulcinj.com\/blog\/wp-json\/wp\/v2\/posts"}],"about":[{"href":"https:\/\/www.visit-ulcinj.com\/blog\/wp-json\/wp\/v2\/types\/post"}],"author":[{"embeddable":true,"href":"https:\/\/www.visit-ulcinj.com\/blog\/wp-json\/wp\/v2\/users\/1"}],"replies":[{"embeddable":true,"href":"https:\/\/www.visit-ulcinj.com\/blog\/wp-json\/wp\/v2\/comments?post=36678"}],"version-history":[{"count":0,"href":"https:\/\/www.visit-ulcinj.com\/blog\/wp-json\/wp\/v2\/posts\/36678\/revisions"}],"wp:attachment":[{"href":"https:\/\/www.visit-ulcinj.com\/blog\/wp-json\/wp\/v2\/media?parent=36678"}],"wp:term":[{"taxonomy":"category","embeddable":true,"href":"https:\/\/www.visit-ulcinj.com\/blog\/wp-json\/wp\/v2\/categories?post=36678"},{"taxonomy":"post_tag","embeddable":true,"href":"https:\/\/www.visit-ulcinj.com\/blog\/wp-json\/wp\/v2\/tags?post=36678"}],"curies":[{"name":"wp","href":"https:\/\/api.w.org\/{rel}","templated":true}]}}