{"id":36682,"date":"2010-09-05T13:15:16","date_gmt":"2010-09-05T11:15:16","guid":{"rendered":"http:\/\/www.visit-ulcinj.com\/blog\/?p=36682"},"modified":"2010-09-12T16:11:17","modified_gmt":"2010-09-12T14:11:17","slug":"forca-per-bashkim-te-faktorit-shqiptar-kunder-pushtetit-aktual","status":"publish","type":"post","link":"https:\/\/www.visit-ulcinj.com\/blog\/2010\/09\/05\/forca-per-bashkim-te-faktorit-shqiptar-kunder-pushtetit-aktual\/","title":{"rendered":"FORCA p\u00ebr bashkim t\u00eb faktorit Shqiptar kunder pushtetit aktual"},"content":{"rendered":"<p><strong><a href=\"http:\/\/www.visit-ulcinj.com\/blog\/wp-content\/uploads\/2010\/09\/Forca-e-zhvillimit_Ulqin.jpg\"><img loading=\"lazy\" class=\"alignleft size-full wp-image-36683\" title=\"Forca e zhvillimit_Ulqin\" src=\"http:\/\/www.visit-ulcinj.com\/blog\/wp-content\/uploads\/2010\/09\/Forca-e-zhvillimit_Ulqin.jpg\" alt=\"\" width=\"490\" height=\"370\" \/><\/a>N\u00eb mbledhjen e K\u00ebshillit qendror t\u00eb mbajtur me 03.09.2010, pas vendimit t\u00eb nxjerr\u00eb, Forca del me k\u00ebt\u00eb deklarat\u00eb q\u00eb e p\u00ebrcjellim:<\/strong><\/p>\n<p><strong>T\u00eb nderuar qytetar\u00eb,<\/strong><\/p>\n<p>Forca e Re Demokratike, si partia shqiptare m\u00eb e fuqishme n\u00eb Komun\u00ebn e Ulqinit ka ftuar n\u00eb nj\u00eb tryez\u00eb t\u00eb rrumbullak\u00ebt t\u00eb gjitha partit\u00eb shqiptare opozitare n\u00eb p\u00ebrpjekje p\u00ebr t&#8217;u futur n\u00eb zgjedhje t\u00eb reja me nj\u00eb bashkim t\u00eb faktorit shqiptar kund\u00ebr pushtetit aktual. Ne kemi parashikuar nj\u00eb dark\u00eb pune me p\u00ebrfaq\u00ebsuesit e k\u00ebtyre partive t\u00eb diel\u00ebn.<\/p>\n<p>Rezultatet e zgjedhjeve t\u00eb kaluara e treguan qart\u00eb q\u00eb qytetar\u00ebt e Ulqinit kan\u00eb votuar p\u00ebr t&#8217;i th\u00ebn\u00eb ndal qeverisjes s\u00eb deritanishme. Duke patur parasysh kushtet ekstreme ku \u00ebsht\u00eb katandisur komuna e Ulqinit nevojitet q\u00eb t\u00eb gjith\u00eb ne t\u00eb angazhohemi p\u00ebr ta rim\u00ebk\u00ebmbur komun\u00ebn dhe p\u00ebr t&#8217;i dh\u00ebn\u00eb nj\u00eb t\u00eb ardhme m\u00eb t\u00eb mir\u00eb f\u00ebmij\u00ebve ton\u00eb. Fatkeq\u00ebsisht p\u00ebr\u00e7arja e partive ka b\u00ebr\u00eb q\u00eb shum\u00eb vota opozitare t\u00eb shkojn\u00eb d\u00ebm e mos t\u00eb p\u00ebrkthehen n\u00eb mandate t\u00eb an\u00ebtar\u00ebve t\u00eb kuvendit komunal.<\/p>\n<p>Gjithashtu kjo p\u00ebr\u00e7arje e madhe ka ngjallur skepticiz\u00ebm t\u00eb thell\u00eb tek qytetar\u00ebt tan\u00eb dhe ka b\u00ebr\u00eb q\u00eb nj\u00eb pjes\u00eb e mir\u00eb e tyre t\u00eb mos dalin fare n\u00eb zgjedhje. Duhet v\u00ebn\u00eb gjithashtu n\u00eb dukje, se Forca e nd\u00ebrmerr k\u00ebt\u00eb iniciativ\u00eb edhe n\u00eb shenj\u00eb mir\u00ebnjohje e konsiderate p\u00ebr k\u00ebrkesat e vazhdueshme t\u00eb diaspor\u00ebs son\u00eb e cila nuk ka rreshtur s\u00eb b\u00ebruri thirrje p\u00ebr bashkim. P\u00ebrpos k\u00ebsaj, sistemi zgjedhor parashikon ndarjen e mandateve n\u00ebp\u00ebrmjet formul\u00ebs d&#8217;Hondt prandaj ne jemi t\u00eb bindur se n\u00ebp\u00ebrmjet nj\u00eb koalicioni t\u00eb gjer\u00eb do t\u00eb sigurohen m\u00eb shum\u00eb mandate p\u00ebr ta rr\u00ebzuar qeverisjen e deritanishme.<\/p>\n<p>Prandaj ne ftojm\u00eb partit\u00eb e ndryshme opozitare shqiptare q\u00eb t\u00eb marrin t\u00eb gjitha pjes\u00eb n\u00eb k\u00ebt\u00eb takim dhe t\u00eb sillen n\u00eb m\u00ebnyr\u00eb sa m\u00eb konstruktive dhe t\u00eb p\u00ebrgjegjshme p\u00ebr t\u00eb mir\u00ebn e qytetar\u00ebve. Gjithashtu ne i b\u00ebjm\u00eb thirrje qytetar\u00ebve t\u00eb Ulqinit dhe mbar\u00eb diaspor\u00ebs, q\u00eb t\u00eb ushtroj\u00eb presion ndaj p\u00ebrfaq\u00ebsuesve e tyre t\u00eb ndrysh\u00ebm politik, n\u00eb m\u00ebnyr\u00eb q\u00eb lider\u00ebt e partive shqiptare t\u00eb l\u00ebn\u00eb m\u00ebnjan\u00eb ndasit\u00eb, mosmarr\u00ebveshjet \u00a0apo grindjet personale e t\u00eb bashk\u00ebpunojn\u00eb p\u00ebr nj\u00eb t\u00eb ardhme m\u00eb t\u00eb mir\u00eb t\u00eb popullit ton\u00eb.<\/p>\n<p>\ufeff<\/p>\n<p><strong>Sherbimi per Informim i Forces<br \/>\n<!--YouTube Error: bad URL entered--><\/strong><\/p>\n","protected":false},"excerpt":{"rendered":"<p>N\u00eb mbledhjen e K\u00ebshillit qendror t\u00eb mbajtur me 03.09.2010, pas vendimit t\u00eb nxjerr\u00eb, Forca del me k\u00ebt\u00eb deklarat\u00eb q\u00eb e p\u00ebrcjellim: T\u00eb nderuar qytetar\u00eb, Forca e Re Demokratike, si partia shqiptare m\u00eb e fuqishme n\u00eb Komun\u00ebn e Ulqinit ka ftuar n\u00eb nj\u00eb tryez\u00eb t\u00eb rrumbullak\u00ebt t\u00eb gjitha partit\u00eb shqiptare opozitare n\u00eb p\u00ebrpjekje p\u00ebr t&#8217;u futur [&hellip;]<\/p>\n","protected":false},"author":1,"featured_media":0,"comment_status":"open","ping_status":"closed","sticky":false,"template":"","format":"standard","meta":{"spay_email":"","jetpack_publicize_message":"","jetpack_is_tweetstorm":false,"jetpack_publicize_feature_enabled":true},"categories":[12],"tags":[117,874,672,200,18],"jetpack_publicize_connections":[],"yoast_head":"<!-- This site is optimized with the Yoast SEO plugin v19.1 - https:\/\/yoast.com\/wordpress\/plugins\/seo\/ -->\n<title>FORCA p\u00ebr bashkim t\u00eb faktorit Shqiptar kunder pushtetit aktual - Lajme nga Ulqini<\/title>\n<meta name=\"description\" content=\"N\u00eb mbledhjen e K\u00ebshillit qendror t\u00eb mbajtur me 03.09.2010, pas vendimit t\u00eb nxjerr\u00eb, Forca del me k\u00ebt\u00eb deklarat\u00eb q\u00eb e p\u00ebrcjellim: T\u00eb nderuar qytetar\u00eb,\" \/>\n<meta name=\"robots\" content=\"index, follow, max-snippet:-1, max-image-preview:large, max-video-preview:-1\" \/>\n<link rel=\"canonical\" href=\"https:\/\/www.visit-ulcinj.com\/blog\/2010\/09\/05\/forca-per-bashkim-te-faktorit-shqiptar-kunder-pushtetit-aktual\/\" \/>\n<meta property=\"og:locale\" content=\"en_US\" \/>\n<meta property=\"og:type\" content=\"article\" \/>\n<meta property=\"og:title\" content=\"FORCA p\u00ebr bashkim t\u00eb faktorit Shqiptar kunder pushtetit aktual - Lajme nga Ulqini\" \/>\n<meta property=\"og:description\" content=\"N\u00eb mbledhjen e K\u00ebshillit qendror t\u00eb mbajtur me 03.09.2010, pas vendimit t\u00eb nxjerr\u00eb, Forca del me k\u00ebt\u00eb deklarat\u00eb q\u00eb e p\u00ebrcjellim: T\u00eb nderuar qytetar\u00eb,\" \/>\n<meta property=\"og:url\" content=\"https:\/\/www.visit-ulcinj.com\/blog\/2010\/09\/05\/forca-per-bashkim-te-faktorit-shqiptar-kunder-pushtetit-aktual\/\" \/>\n<meta property=\"og:site_name\" content=\"Lajme nga Ulqini\" \/>\n<meta property=\"article:published_time\" content=\"2010-09-05T11:15:16+00:00\" \/>\n<meta property=\"article:modified_time\" content=\"2010-09-12T14:11:17+00:00\" \/>\n<meta property=\"og:image\" content=\"http:\/\/www.visit-ulcinj.com\/blog\/wp-content\/uploads\/2010\/09\/Forca-e-zhvillimit_Ulqin.jpg\" \/>\n<meta name=\"twitter:label1\" content=\"Written by\" \/>\n\t<meta name=\"twitter:data1\" content=\"ulqini\" \/>\n\t<meta name=\"twitter:label2\" content=\"Est. reading time\" \/>\n\t<meta name=\"twitter:data2\" content=\"2 minutes\" \/>\n<script type=\"application\/ld+json\" class=\"yoast-schema-graph\">{\"@context\":\"https:\/\/schema.org\",\"@graph\":[{\"@type\":\"WebSite\",\"@id\":\"https:\/\/www.visit-ulcinj.com\/blog\/#website\",\"url\":\"https:\/\/www.visit-ulcinj.com\/blog\/\",\"name\":\"Lajme nga Ulqini\",\"description\":\"Lajme,Vijesti,Ulqini,Ulqin,Crna Gora,Mali i Zi\",\"potentialAction\":[{\"@type\":\"SearchAction\",\"target\":{\"@type\":\"EntryPoint\",\"urlTemplate\":\"https:\/\/www.visit-ulcinj.com\/blog\/?s={search_term_string}\"},\"query-input\":\"required name=search_term_string\"}],\"inLanguage\":\"en-US\"},{\"@type\":\"ImageObject\",\"inLanguage\":\"en-US\",\"@id\":\"https:\/\/www.visit-ulcinj.com\/blog\/2010\/09\/05\/forca-per-bashkim-te-faktorit-shqiptar-kunder-pushtetit-aktual\/#primaryimage\",\"url\":\"https:\/\/www.visit-ulcinj.com\/blog\/wp-content\/uploads\/2010\/09\/Forca-e-zhvillimit_Ulqin.jpg\",\"contentUrl\":\"https:\/\/www.visit-ulcinj.com\/blog\/wp-content\/uploads\/2010\/09\/Forca-e-zhvillimit_Ulqin.jpg\",\"width\":\"720\",\"height\":\"720\"},{\"@type\":\"WebPage\",\"@id\":\"https:\/\/www.visit-ulcinj.com\/blog\/2010\/09\/05\/forca-per-bashkim-te-faktorit-shqiptar-kunder-pushtetit-aktual\/#webpage\",\"url\":\"https:\/\/www.visit-ulcinj.com\/blog\/2010\/09\/05\/forca-per-bashkim-te-faktorit-shqiptar-kunder-pushtetit-aktual\/\",\"name\":\"FORCA p\u00ebr bashkim t\u00eb faktorit Shqiptar kunder pushtetit aktual - Lajme nga Ulqini\",\"isPartOf\":{\"@id\":\"https:\/\/www.visit-ulcinj.com\/blog\/#website\"},\"primaryImageOfPage\":{\"@id\":\"https:\/\/www.visit-ulcinj.com\/blog\/2010\/09\/05\/forca-per-bashkim-te-faktorit-shqiptar-kunder-pushtetit-aktual\/#primaryimage\"},\"datePublished\":\"2010-09-05T11:15:16+00:00\",\"dateModified\":\"2010-09-12T14:11:17+00:00\",\"author\":{\"@id\":\"https:\/\/www.visit-ulcinj.com\/blog\/#\/schema\/person\/dcab619c614d3038751c63bc2aadc06d\"},\"description\":\"N\u00eb mbledhjen e K\u00ebshillit qendror t\u00eb mbajtur me 03.09.2010, pas vendimit t\u00eb nxjerr\u00eb, Forca del me k\u00ebt\u00eb deklarat\u00eb q\u00eb e p\u00ebrcjellim: T\u00eb nderuar qytetar\u00eb,\",\"breadcrumb\":{\"@id\":\"https:\/\/www.visit-ulcinj.com\/blog\/2010\/09\/05\/forca-per-bashkim-te-faktorit-shqiptar-kunder-pushtetit-aktual\/#breadcrumb\"},\"inLanguage\":\"en-US\",\"potentialAction\":[{\"@type\":\"ReadAction\",\"target\":[\"https:\/\/www.visit-ulcinj.com\/blog\/2010\/09\/05\/forca-per-bashkim-te-faktorit-shqiptar-kunder-pushtetit-aktual\/\"]}]},{\"@type\":\"BreadcrumbList\",\"@id\":\"https:\/\/www.visit-ulcinj.com\/blog\/2010\/09\/05\/forca-per-bashkim-te-faktorit-shqiptar-kunder-pushtetit-aktual\/#breadcrumb\",\"itemListElement\":[{\"@type\":\"ListItem\",\"position\":1,\"name\":\"FORCA p\u00ebr bashkim t\u00eb faktorit Shqiptar kunder pushtetit aktual\"}]},{\"@type\":\"Person\",\"@id\":\"https:\/\/www.visit-ulcinj.com\/blog\/#\/schema\/person\/dcab619c614d3038751c63bc2aadc06d\",\"name\":\"ulqini\",\"sameAs\":[\"http:\/\/www.visit-ulcinj.com\"],\"url\":\"https:\/\/www.visit-ulcinj.com\/blog\/author\/admin\/\"}]}<\/script>\n<!-- \/ Yoast SEO plugin. -->","yoast_head_json":{"title":"FORCA p\u00ebr bashkim t\u00eb faktorit Shqiptar kunder pushtetit aktual - Lajme nga Ulqini","description":"N\u00eb mbledhjen e K\u00ebshillit qendror t\u00eb mbajtur me 03.09.2010, pas vendimit t\u00eb nxjerr\u00eb, Forca del me k\u00ebt\u00eb deklarat\u00eb q\u00eb e p\u00ebrcjellim: T\u00eb nderuar qytetar\u00eb,","robots":{"index":"index","follow":"follow","max-snippet":"max-snippet:-1","max-image-preview":"max-image-preview:large","max-video-preview":"max-video-preview:-1"},"canonical":"https:\/\/www.visit-ulcinj.com\/blog\/2010\/09\/05\/forca-per-bashkim-te-faktorit-shqiptar-kunder-pushtetit-aktual\/","og_locale":"en_US","og_type":"article","og_title":"FORCA p\u00ebr bashkim t\u00eb faktorit Shqiptar kunder pushtetit aktual - Lajme nga Ulqini","og_description":"N\u00eb mbledhjen e K\u00ebshillit qendror t\u00eb mbajtur me 03.09.2010, pas vendimit t\u00eb nxjerr\u00eb, Forca del me k\u00ebt\u00eb deklarat\u00eb q\u00eb e p\u00ebrcjellim: T\u00eb nderuar qytetar\u00eb,","og_url":"https:\/\/www.visit-ulcinj.com\/blog\/2010\/09\/05\/forca-per-bashkim-te-faktorit-shqiptar-kunder-pushtetit-aktual\/","og_site_name":"Lajme nga Ulqini","article_published_time":"2010-09-05T11:15:16+00:00","article_modified_time":"2010-09-12T14:11:17+00:00","og_image":[{"url":"http:\/\/www.visit-ulcinj.com\/blog\/wp-content\/uploads\/2010\/09\/Forca-e-zhvillimit_Ulqin.jpg"}],"twitter_misc":{"Written by":"ulqini","Est. reading time":"2 minutes"},"schema":{"@context":"https:\/\/schema.org","@graph":[{"@type":"WebSite","@id":"https:\/\/www.visit-ulcinj.com\/blog\/#website","url":"https:\/\/www.visit-ulcinj.com\/blog\/","name":"Lajme nga Ulqini","description":"Lajme,Vijesti,Ulqini,Ulqin,Crna Gora,Mali i Zi","potentialAction":[{"@type":"SearchAction","target":{"@type":"EntryPoint","urlTemplate":"https:\/\/www.visit-ulcinj.com\/blog\/?s={search_term_string}"},"query-input":"required name=search_term_string"}],"inLanguage":"en-US"},{"@type":"ImageObject","inLanguage":"en-US","@id":"https:\/\/www.visit-ulcinj.com\/blog\/2010\/09\/05\/forca-per-bashkim-te-faktorit-shqiptar-kunder-pushtetit-aktual\/#primaryimage","url":"https:\/\/www.visit-ulcinj.com\/blog\/wp-content\/uploads\/2010\/09\/Forca-e-zhvillimit_Ulqin.jpg","contentUrl":"https:\/\/www.visit-ulcinj.com\/blog\/wp-content\/uploads\/2010\/09\/Forca-e-zhvillimit_Ulqin.jpg","width":"720","height":"720"},{"@type":"WebPage","@id":"https:\/\/www.visit-ulcinj.com\/blog\/2010\/09\/05\/forca-per-bashkim-te-faktorit-shqiptar-kunder-pushtetit-aktual\/#webpage","url":"https:\/\/www.visit-ulcinj.com\/blog\/2010\/09\/05\/forca-per-bashkim-te-faktorit-shqiptar-kunder-pushtetit-aktual\/","name":"FORCA p\u00ebr bashkim t\u00eb faktorit Shqiptar kunder pushtetit aktual - Lajme nga Ulqini","isPartOf":{"@id":"https:\/\/www.visit-ulcinj.com\/blog\/#website"},"primaryImageOfPage":{"@id":"https:\/\/www.visit-ulcinj.com\/blog\/2010\/09\/05\/forca-per-bashkim-te-faktorit-shqiptar-kunder-pushtetit-aktual\/#primaryimage"},"datePublished":"2010-09-05T11:15:16+00:00","dateModified":"2010-09-12T14:11:17+00:00","author":{"@id":"https:\/\/www.visit-ulcinj.com\/blog\/#\/schema\/person\/dcab619c614d3038751c63bc2aadc06d"},"description":"N\u00eb mbledhjen e K\u00ebshillit qendror t\u00eb mbajtur me 03.09.2010, pas vendimit t\u00eb nxjerr\u00eb, Forca del me k\u00ebt\u00eb deklarat\u00eb q\u00eb e p\u00ebrcjellim: T\u00eb nderuar qytetar\u00eb,","breadcrumb":{"@id":"https:\/\/www.visit-ulcinj.com\/blog\/2010\/09\/05\/forca-per-bashkim-te-faktorit-shqiptar-kunder-pushtetit-aktual\/#breadcrumb"},"inLanguage":"en-US","potentialAction":[{"@type":"ReadAction","target":["https:\/\/www.visit-ulcinj.com\/blog\/2010\/09\/05\/forca-per-bashkim-te-faktorit-shqiptar-kunder-pushtetit-aktual\/"]}]},{"@type":"BreadcrumbList","@id":"https:\/\/www.visit-ulcinj.com\/blog\/2010\/09\/05\/forca-per-bashkim-te-faktorit-shqiptar-kunder-pushtetit-aktual\/#breadcrumb","itemListElement":[{"@type":"ListItem","position":1,"name":"FORCA p\u00ebr bashkim t\u00eb faktorit Shqiptar kunder pushtetit aktual"}]},{"@type":"Person","@id":"https:\/\/www.visit-ulcinj.com\/blog\/#\/schema\/person\/dcab619c614d3038751c63bc2aadc06d","name":"ulqini","sameAs":["http:\/\/www.visit-ulcinj.com"],"url":"https:\/\/www.visit-ulcinj.com\/blog\/author\/admin\/"}]}},"jetpack_featured_media_url":"","jetpack_sharing_enabled":true,"jetpack_shortlink":"https:\/\/wp.me\/pe6lTn-9xE","_links":{"self":[{"href":"https:\/\/www.visit-ulcinj.com\/blog\/wp-json\/wp\/v2\/posts\/36682"}],"collection":[{"href":"https:\/\/www.visit-ulcinj.com\/blog\/wp-json\/wp\/v2\/posts"}],"about":[{"href":"https:\/\/www.visit-ulcinj.com\/blog\/wp-json\/wp\/v2\/types\/post"}],"author":[{"embeddable":true,"href":"https:\/\/www.visit-ulcinj.com\/blog\/wp-json\/wp\/v2\/users\/1"}],"replies":[{"embeddable":true,"href":"https:\/\/www.visit-ulcinj.com\/blog\/wp-json\/wp\/v2\/comments?post=36682"}],"version-history":[{"count":0,"href":"https:\/\/www.visit-ulcinj.com\/blog\/wp-json\/wp\/v2\/posts\/36682\/revisions"}],"wp:attachment":[{"href":"https:\/\/www.visit-ulcinj.com\/blog\/wp-json\/wp\/v2\/media?parent=36682"}],"wp:term":[{"taxonomy":"category","embeddable":true,"href":"https:\/\/www.visit-ulcinj.com\/blog\/wp-json\/wp\/v2\/categories?post=36682"},{"taxonomy":"post_tag","embeddable":true,"href":"https:\/\/www.visit-ulcinj.com\/blog\/wp-json\/wp\/v2\/tags?post=36682"}],"curies":[{"name":"wp","href":"https:\/\/api.w.org\/{rel}","templated":true}]}}