{"id":36689,"date":"2010-09-05T13:56:09","date_gmt":"2010-09-05T11:56:09","guid":{"rendered":"http:\/\/www.visit-ulcinj.com\/blog\/?p=36689"},"modified":"2010-09-05T13:57:01","modified_gmt":"2010-09-05T11:57:01","slug":"opozicija-stvorila-mit-o-dukanovicu","status":"publish","type":"post","link":"https:\/\/www.visit-ulcinj.com\/blog\/2010\/09\/05\/opozicija-stvorila-mit-o-dukanovicu\/","title":{"rendered":"Opozicija stvorila mit o \u0110ukanovi\u0107u"},"content":{"rendered":"<p><a href=\"http:\/\/www.visit-ulcinj.com\/blog\/wp-content\/uploads\/2010\/09\/Dritan-Abazovic.jpg\"><img loading=\"lazy\" class=\"alignleft size-full wp-image-36692\" title=\"Dritan Abazovic\" src=\"http:\/\/www.visit-ulcinj.com\/blog\/wp-content\/uploads\/2010\/09\/Dritan-Abazovic.jpg\" alt=\"\" width=\"320\" height=\"212\" srcset=\"https:\/\/www.visit-ulcinj.com\/blog\/wp-content\/uploads\/2010\/09\/Dritan-Abazovic.jpg 320w, https:\/\/www.visit-ulcinj.com\/blog\/wp-content\/uploads\/2010\/09\/Dritan-Abazovic-300x198.jpg 300w\" sizes=\"(max-width: 320px) 100vw, 320px\" \/><\/a>Gost je politi\u010dki analiti\u010dar i \u010dlan Foruma 2010, Dritan Abazovi\u0107, koji govori o spekulacijama u vezi sa navodnim odlaskom premijera Mila \u0110ukanovi\u0107a sa politi\u010dke scene, novim poku\u0161ajima opozicije da osna\u017ei savez tri najja\u010de partije tog bloka, kao i \u0161ansama Crne Gore da do kraja godine dobije status kandidata za EU.<\/p>\n<p><strong>RSE: Ponovo se \u0161pekulisalo o odlasku premijera \u0110ukanovi\u0107a sa politi\u010dke scene. Prema pisanju pojedinih medija, to se o\u010dekuje ve\u0107 u oktobru. Za upu\u0107enije, to je i suvi\u0161e rano, te oni ne o\u010dekuju da \u0107e se \u0110ukanovi\u0107 povu\u0107i do kraja godine. \u0160ta vi mislite?<\/strong><\/p>\n<p><strong>Abazovi\u0107:<\/strong> Mislim da se po pitanju odlaska premijera \u0110ukanovi\u0107a sa politi\u010dke i javne scene zaista u Crnoj Gori de\u0161ava jedna politi\u010dka novela, jedna sapunica, koja vi\u0161e slu\u017ei za uveseljavanje masa i za popunjavanje medijskih stupaca.<\/p>\n<p>Opozicija u Crnoj Gori je stvorila mit o Milu \u0110ukanovi\u0107u kao o nepobjedivoj li\u010dnosti, tako da mu sve ovo ide u prilog. On je sebe prikazao, ali i mediji su mu u tome pomogli, kao nedodirljivog, sve do momenta kada on sam ne bude napustio politi\u010dku scenu. Sve dok on bude bio tu, njegove pozicije ne mogu biti ugro\u017eene. To samo govori o jednoj nesposobnosti i nekreativnosti opozicije koja nikako ne mo\u017ee da prona\u0111e moduse, nego stalno, tim \u0161pekulacijama o njegovom odlasku, \u017eeli da stvori sebi pozicije.<br \/>\nMislim da \u0107e premijer \u0110ukanovi\u0107 napustiti javnu scenu, ali li\u010dno mislim da se to ne\u0107e desiti uskoro. Jednostavno mislim da je do\u0161lo i kod njega do jednog prezasi\u0107enja i da bi on \u017eelio na jedan korektan na\u010din da se izvu\u010de iz toga. Velika zamjerka premijeru \u0110ukanovi\u0107u jeste da ipak nije stvorio adekvatne li\u010dnosti koje bi mogle, na jedan dobar i kvalitetan na\u010din, da ga zamjene.<\/p>\n<p>\u0160pekulacije, ne samo o njegovom odlasku i o njegovom naslijedniku, \u0107e se nastaviti u jednom daljnjem periodu, ali to samo govori o jednoj palana\u010dkoj svijesti koja vlada u Crnoj Gori, a ne o ne\u010demu konkretnom. Meni sve to izgleda kao da sahranjujete \u010dovjeka dok je jo\u0161 \u017eiv, pa ho\u0107ete da vidite ko \u0107e da mu do\u0111e na sahranu.<br \/>\nRSE: Postoje mi\u0161ljenja da odlazak \u0110ukanovi\u0107a tra\u017ei Brisel. Navodno mu je sugerisano da dalje dr\u017eava ne mo\u017ee sa njim na \u010delu. Da li mislite da mu je ova su\u0161tinska poruka Brisela direktno re\u010dena?<\/p>\n<p>Milo \u0110ukanovi\u0107 glasa na lokalnim izborima, Podgorica, 23. maj 2010.<\/p>\n<p><strong>Abazovi\u0107:<\/strong> Naprotiv. Mislim da Brisel jako cijeni gospodina \u0110ukanovi\u0107a, mada ne znam za\u0161to. Valjda zato \u0161to je on iskazivao u nekim te\u0161kim vremenima jedan profil koji jako vole ljudi na Zapadu, a to je li\u010dnost koja nije ekstremna u svojim stavovima, nego koja poku\u0161ava da pronalazi neki balans. S druge strane, obavio je i neke poslove za njih, ali su oni svjesni da jedno rukovodstvo, koje se 20 godina nije mijenjalo i koje je vodilo zemlju, i kroz rat i kroz mir, ne mo\u017ee da bude i ono koje \u0107e da vodi zemlju i kroz Evropsku uniju.<\/p>\n<p>Da li su mu direktno sugerisali ili ne, mislim da to niko ne mo\u017ee da ka\u017ee, osim gospodina \u0110ukanovi\u0107a. U svakom slu\u010daju, postoje pritisci da se on politi\u010dki penzioni\u0161e i da se udalji sa javne scene, kako bi i ova zemlja do\u017eivjela one promjene koje je trebala da do\u017eivi ranije, kako bi mogla u tu evropsku pri\u010du da u\u0111e sa jednim novim refre\u0161om politi\u010dke scene, koji je naprosto neophodan i koji je nemogu\u0107e da se desi prije negoli odre\u0111ene strukture, me\u0111u kojima je i gospodin \u0110ukanovi\u0107, napuste svoje pozicije.<\/p>\n<p>S druge strane, i sam gospodin \u0110ukanovi\u0107, bez obzira na bilo kakve sugestije, vjerovatno, kada bi mogao da ode bez nekih velikih posljedica po svoju partiju i po dr\u017eavu Crnu Goru, bi se i sam povukao. Poslije 20 godina, mislim da je do\u0161lo i kod njega do prezasi\u0107enja.<\/p>\n<p>Crnoj Gori treba defosilizacija politi\u010dke scene<\/p>\n<p><strong>RSE: Koliko ste zagovornik teze pojedinih analiti\u010dara kako stvarne promjene u Crnoj Gori ne\u0107e do\u0107i s polja, niti \u0107e se desiti da opozicija pobijedi na izborima, ve\u0107 \u0107e prije svega scenario biti takav da \u0107e se podjelom ili rascjepom u DPS-u dogoditi ne\u0161to kvalitativno na politi\u010dkoj sceni u Crnoj Gori?<\/strong><\/p>\n<p><strong>Abazovi\u0107:<\/strong> Opoziciji nedostaje jedna politi\u010dka snaga i jedna nova kreativnost, jedna nova pri\u010da, kako bi uvela u politi\u010dke tokove Crne Gore svoju strategiju. Sve se bazira na nekim \u0161pekulacijama da \u0107e do\u0107i do rascijepa unutar DPS-a. Nisam siguran da \u0107e do\u0107i do rascijepa unutar DPS-a, mada je i to jedan od mogu\u0107ih scenarija. To se ina\u010de de\u0161ava kada veliki lideri napu\u0161taju pozicije jer je DPS jedna velika interesna grupa. Vjerovatno \u0107e brzo shvatiti da im se rascjep kosi sa njihovim li\u010dnim interesima i da \u0107e ipak morati da progutaju neke stvari da o\u010duvaju partiju.<br \/>\nOpozicija se, po meni, tu pona\u0161a na neodgovoran na\u010din. \u010ceka da se nekome desi ne\u0161to lo\u0161e, u smislu rascijepa, da bi ona mogla da zaposjedne njihove pozicije, koje ne mo\u017eda da osvoji normalnim putem i nekom kampanjom, koja bi mogla da privu\u010de ve\u0107i broj bira\u010da, nego \u0161to je to bilo do sada.<\/p>\n<p><strong>RSE: Ljuti \u0110ukanovi\u0107evi politi\u010dki protivnici na doma\u0107oj sceni i dosada\u0161nji gubitnici u izbornim okr\u0161ajima, opozicionari, ponovo poku\u0161avaju da se organiziraju i da osna\u017ee svoj savez. Najnovija vijest iz tog tabora je Deklaracija koju je kolegama uputio potpredsjednik Pokreta za promjene, Branko Radulovi\u0107. \u0160ta taj dokument mo\u017ee donijeti novo, \u0161to do sada opozicija nije imala?<\/strong><\/p>\n<p><strong>Abazovi\u0107:<\/strong> Mislim da je gospodin Radulovi\u0107 krenuo sa jednom dobrom namjerom, koja je i prije postojala u Crnoj Gori, i prije su postojale takve platforme i poku\u0161aji da se napravi jedan ve\u0107i senzibilitet vezan za civilni sektor, za nezavisne intelektualce i prave opozicionare unutar Crne Gore. \u0160to ja vidim kao problem, jeste da je gospodin Radulovi\u0107 mo\u017eda malo i kasno shvatio da partija, kojoj on pripada, do sada nije uspjela da na\u0111e jedan pravi kurs. Mislim da \u0107e to zaka\u0161njenje da ko\u0161ta i gospodina Radulovi\u0107a i tu politi\u010dku platformu. Ipak se to trebalo desiti mnogo ranije, ali zbog politike koju je na pogre\u0161an na\u010din vodio lider Pokreta za promjene, nije moglo da se desi onda kada je bila realna \u0161ansa da se to desi.<\/p>\n<p>Ponovno nu\u0111enje politi\u010dkih platformi za mene nije ni\u0161ta novo. To su vi\u0111eni scenariji. Crnoj Gori treba defosilizacija politi\u010dke scene, a to zna\u010di da moraju da se inkorporiraju neki novi ljudi, ina\u010de \u0107e uvijek da se vu\u010de ista etiketa &#8211; opet poku\u0161avaju istu stvar ve\u0107 po hiljaditi put, a ne mogu da uspiju u tome. Zbog toga mi ta platforma ne izgleda kao ne\u0161to \u0161to \u0107e napraviti neku ve\u0107u privla\u010dnost za ljude koji nisu na politi\u010dkoj sceni, ili za ljude koji \u017eele promjene u Crnoj Gori, ali u svakom slu\u010daju, po\u0161tujem gospodina Radulovi\u0107a i njegovu inicijativu.<\/p>\n<p><strong>RSE: <\/strong>Evropske integracije su jedno od rijetkih pitanja oko kojeg postoji konsenzus u Crnoj Gori. Da li o\u010dekujete da \u0107e Crna Gora do kraja godine dobiti status kandidata za \u010dlanstvo u Evropskoj uniji? Prema nekim informacijama, to se ne\u0107e desiti prije kraja naredne godine?<br \/>\nAbazovi\u0107: Ne o\u010dekujem da \u0107emo do kraja ove godine dobiti status kandidata. Sigurno je da \u0107emo mi, vjerovatno veoma brzo, dobiti status kandidata. Problem u Crnoj Gori je demagogija i upotreba jezika u smislu manipulacije javnim mnijenjem, a to se de\u0161ava stalno. Propagiraju kandidaturu kao ne\u0161to pozitivno. To i jeste jako pozitivno, ali ipak Crna Gora treba da osjeti promjene, treba da osjeti reforme unutar same dr\u017eave, \u0161to se ipak ne de\u0161ava na terenu.<\/p>\n<p>Postoji velika pri\u010da o evropskim integracijama. Ina\u010de je karakteristika crnogorske vlasti da se hvata za velike pri\u010de. Te pri\u010de su vezane za Evropsku uniju i za NATO. Uspjeh u tim velikim pri\u010dama se pokazuje kao najve\u0107i politi\u010dki rezultat. Zaista bih volio da mi dobijemo status kandidata, isto kao \u0161to bih voleo da se integracija Crne Gore u NATO zavr\u0161i \u0161to ranije, ali bih isto tako volio da reforme unutar samog crnogorskog dru\u0161tva osjete svi gra\u0111ani na jedan na\u010din koji do sada nisu osjetili. Da vide kako se institucije sistema ponovo po\u010dinju da funkcioni\u0161u.<\/p>\n<p><strong>RSE: Po vama, na mikro-planu, gra\u0111anin jo\u0161 ne osje\u0107a boljitak od te velike pri\u010de o evropskim integracijama?<\/strong><\/p>\n<p><strong>Abazovi\u0107: <\/strong>Zaista se to ne osje\u0107a. Mo\u017eemo da govorimo o nekim pomacima. Po\u0161to je u Crnoj Gori mentalitet takav, govori se o nekim statistikama, kako se ne\u0161to postizalo, kako su sudovi bili funkcionalni, ali konkretno, to ne mo\u017eemo da osjetimo.<\/p>\n<p>Vrijeme je majstorsko re\u0161eto i njega ne mo\u017eete da osjetite, ne mo\u017eete da osjetite da ste prije pet godina \u017eivjeli na isti na\u010din kao \u0161to \u017eivite i danas. Postoje neka pobolj\u0161anja, ali konkretno ne vidite da sudovi potpuno nezavisno funkcioni\u0161u, ne vidite kako funkcioni\u0161e zdravstvo na jedan druga\u010diji na\u010din, \u0161kolstvo ili policija. U Crnoj Gori i dalje ne mo\u017eete re\u0107i da vidite kako taj birokratski sistem stvara uslove za strane investicije, za slobodan razvoj biznisa, koji ne\u0107e biti optere\u0107en nekim li\u010dnim vezama. Vi to i dalje u Crnoj Gori ne osje\u0107ate, ve\u0107 se sve zavr\u0161ava na ovim velikim pri\u010dama i velikim demagogijama. Ina\u010de se velika la\u017e guta mnogo lak\u0161e nego manja.<\/p>\n<p><a href=\"http:\/\/www.danas.org\/author\/17637.html\">Predrag Tomovi\u0107<\/a><br \/>\n<a href=\"http:\/\/www.danas.org\/content\/intervju_dritan_abazovic_opozicija_je_stvorila_mit_o_djukanovicu\/2148670.html\" target=\"_blank\">Slobodnaevropa<\/a><\/p>\n","protected":false},"excerpt":{"rendered":"<p>Gost je politi\u010dki analiti\u010dar i \u010dlan Foruma 2010, Dritan Abazovi\u0107, koji govori o spekulacijama u vezi sa navodnim odlaskom premijera Mila \u0110ukanovi\u0107a sa politi\u010dke scene, novim poku\u0161ajima opozicije da osna\u017ei savez tri najja\u010de partije tog bloka, kao i \u0161ansama Crne Gore da do kraja godine dobije status kandidata za EU. RSE: Ponovo se \u0161pekulisalo o [&hellip;]<\/p>\n","protected":false},"author":1,"featured_media":0,"comment_status":"open","ping_status":"closed","sticky":false,"template":"","format":"standard","meta":{"spay_email":"","jetpack_publicize_message":"","jetpack_is_tweetstorm":false,"jetpack_publicize_feature_enabled":true},"categories":[5],"tags":[20,13706,19],"jetpack_publicize_connections":[],"yoast_head":"<!-- This site is optimized with the Yoast SEO plugin v19.1 - https:\/\/yoast.com\/wordpress\/plugins\/seo\/ -->\n<title>Opozicija stvorila mit o \u0110ukanovi\u0107u - Lajme nga Ulqini<\/title>\n<meta name=\"description\" content=\"Gost je politi\u010dki analiti\u010dar i \u010dlan Foruma 2010, Dritan Abazovi\u0107, koji govori o spekulacijama u vezi sa navodnim odlaskom premijera Mila \u0110ukanovi\u0107a sa\" \/>\n<meta name=\"robots\" content=\"index, follow, max-snippet:-1, max-image-preview:large, max-video-preview:-1\" \/>\n<link rel=\"canonical\" href=\"https:\/\/www.visit-ulcinj.com\/blog\/2010\/09\/05\/opozicija-stvorila-mit-o-dukanovicu\/\" \/>\n<meta property=\"og:locale\" content=\"en_US\" \/>\n<meta property=\"og:type\" content=\"article\" \/>\n<meta property=\"og:title\" content=\"Opozicija stvorila mit o \u0110ukanovi\u0107u - Lajme nga Ulqini\" \/>\n<meta property=\"og:description\" content=\"Gost je politi\u010dki analiti\u010dar i \u010dlan Foruma 2010, Dritan Abazovi\u0107, koji govori o spekulacijama u vezi sa navodnim odlaskom premijera Mila \u0110ukanovi\u0107a sa\" \/>\n<meta property=\"og:url\" content=\"https:\/\/www.visit-ulcinj.com\/blog\/2010\/09\/05\/opozicija-stvorila-mit-o-dukanovicu\/\" \/>\n<meta property=\"og:site_name\" content=\"Lajme nga Ulqini\" \/>\n<meta property=\"article:published_time\" content=\"2010-09-05T11:56:09+00:00\" \/>\n<meta property=\"article:modified_time\" content=\"2010-09-05T11:57:01+00:00\" \/>\n<meta property=\"og:image\" content=\"http:\/\/www.visit-ulcinj.com\/blog\/wp-content\/uploads\/2010\/09\/Dritan-Abazovic.jpg\" \/>\n<meta name=\"twitter:label1\" content=\"Written by\" \/>\n\t<meta name=\"twitter:data1\" content=\"ulqini\" \/>\n\t<meta name=\"twitter:label2\" content=\"Est. reading time\" \/>\n\t<meta name=\"twitter:data2\" content=\"8 minutes\" \/>\n<script type=\"application\/ld+json\" class=\"yoast-schema-graph\">{\"@context\":\"https:\/\/schema.org\",\"@graph\":[{\"@type\":\"WebSite\",\"@id\":\"https:\/\/www.visit-ulcinj.com\/blog\/#website\",\"url\":\"https:\/\/www.visit-ulcinj.com\/blog\/\",\"name\":\"Lajme nga Ulqini\",\"description\":\"Lajme,Vijesti,Ulqini,Ulqin,Crna Gora,Mali i Zi\",\"potentialAction\":[{\"@type\":\"SearchAction\",\"target\":{\"@type\":\"EntryPoint\",\"urlTemplate\":\"https:\/\/www.visit-ulcinj.com\/blog\/?s={search_term_string}\"},\"query-input\":\"required name=search_term_string\"}],\"inLanguage\":\"en-US\"},{\"@type\":\"ImageObject\",\"inLanguage\":\"en-US\",\"@id\":\"https:\/\/www.visit-ulcinj.com\/blog\/2010\/09\/05\/opozicija-stvorila-mit-o-dukanovicu\/#primaryimage\",\"url\":\"https:\/\/www.visit-ulcinj.com\/blog\/wp-content\/uploads\/2010\/09\/Dritan-Abazovic.jpg\",\"contentUrl\":\"https:\/\/www.visit-ulcinj.com\/blog\/wp-content\/uploads\/2010\/09\/Dritan-Abazovic.jpg\",\"width\":\"320\",\"height\":\"212\"},{\"@type\":\"WebPage\",\"@id\":\"https:\/\/www.visit-ulcinj.com\/blog\/2010\/09\/05\/opozicija-stvorila-mit-o-dukanovicu\/#webpage\",\"url\":\"https:\/\/www.visit-ulcinj.com\/blog\/2010\/09\/05\/opozicija-stvorila-mit-o-dukanovicu\/\",\"name\":\"Opozicija stvorila mit o \u0110ukanovi\u0107u - Lajme nga Ulqini\",\"isPartOf\":{\"@id\":\"https:\/\/www.visit-ulcinj.com\/blog\/#website\"},\"primaryImageOfPage\":{\"@id\":\"https:\/\/www.visit-ulcinj.com\/blog\/2010\/09\/05\/opozicija-stvorila-mit-o-dukanovicu\/#primaryimage\"},\"datePublished\":\"2010-09-05T11:56:09+00:00\",\"dateModified\":\"2010-09-05T11:57:01+00:00\",\"author\":{\"@id\":\"https:\/\/www.visit-ulcinj.com\/blog\/#\/schema\/person\/dcab619c614d3038751c63bc2aadc06d\"},\"description\":\"Gost je politi\u010dki analiti\u010dar i \u010dlan Foruma 2010, Dritan Abazovi\u0107, koji govori o spekulacijama u vezi sa navodnim odlaskom premijera Mila \u0110ukanovi\u0107a sa\",\"breadcrumb\":{\"@id\":\"https:\/\/www.visit-ulcinj.com\/blog\/2010\/09\/05\/opozicija-stvorila-mit-o-dukanovicu\/#breadcrumb\"},\"inLanguage\":\"en-US\",\"potentialAction\":[{\"@type\":\"ReadAction\",\"target\":[\"https:\/\/www.visit-ulcinj.com\/blog\/2010\/09\/05\/opozicija-stvorila-mit-o-dukanovicu\/\"]}]},{\"@type\":\"BreadcrumbList\",\"@id\":\"https:\/\/www.visit-ulcinj.com\/blog\/2010\/09\/05\/opozicija-stvorila-mit-o-dukanovicu\/#breadcrumb\",\"itemListElement\":[{\"@type\":\"ListItem\",\"position\":1,\"name\":\"Opozicija stvorila mit o \u0110ukanovi\u0107u\"}]},{\"@type\":\"Person\",\"@id\":\"https:\/\/www.visit-ulcinj.com\/blog\/#\/schema\/person\/dcab619c614d3038751c63bc2aadc06d\",\"name\":\"ulqini\",\"sameAs\":[\"http:\/\/www.visit-ulcinj.com\"],\"url\":\"https:\/\/www.visit-ulcinj.com\/blog\/author\/admin\/\"}]}<\/script>\n<!-- \/ Yoast SEO plugin. -->","yoast_head_json":{"title":"Opozicija stvorila mit o \u0110ukanovi\u0107u - Lajme nga Ulqini","description":"Gost je politi\u010dki analiti\u010dar i \u010dlan Foruma 2010, Dritan Abazovi\u0107, koji govori o spekulacijama u vezi sa navodnim odlaskom premijera Mila \u0110ukanovi\u0107a sa","robots":{"index":"index","follow":"follow","max-snippet":"max-snippet:-1","max-image-preview":"max-image-preview:large","max-video-preview":"max-video-preview:-1"},"canonical":"https:\/\/www.visit-ulcinj.com\/blog\/2010\/09\/05\/opozicija-stvorila-mit-o-dukanovicu\/","og_locale":"en_US","og_type":"article","og_title":"Opozicija stvorila mit o \u0110ukanovi\u0107u - Lajme nga Ulqini","og_description":"Gost je politi\u010dki analiti\u010dar i \u010dlan Foruma 2010, Dritan Abazovi\u0107, koji govori o spekulacijama u vezi sa navodnim odlaskom premijera Mila \u0110ukanovi\u0107a sa","og_url":"https:\/\/www.visit-ulcinj.com\/blog\/2010\/09\/05\/opozicija-stvorila-mit-o-dukanovicu\/","og_site_name":"Lajme nga Ulqini","article_published_time":"2010-09-05T11:56:09+00:00","article_modified_time":"2010-09-05T11:57:01+00:00","og_image":[{"url":"http:\/\/www.visit-ulcinj.com\/blog\/wp-content\/uploads\/2010\/09\/Dritan-Abazovic.jpg"}],"twitter_misc":{"Written by":"ulqini","Est. reading time":"8 minutes"},"schema":{"@context":"https:\/\/schema.org","@graph":[{"@type":"WebSite","@id":"https:\/\/www.visit-ulcinj.com\/blog\/#website","url":"https:\/\/www.visit-ulcinj.com\/blog\/","name":"Lajme nga Ulqini","description":"Lajme,Vijesti,Ulqini,Ulqin,Crna Gora,Mali i Zi","potentialAction":[{"@type":"SearchAction","target":{"@type":"EntryPoint","urlTemplate":"https:\/\/www.visit-ulcinj.com\/blog\/?s={search_term_string}"},"query-input":"required name=search_term_string"}],"inLanguage":"en-US"},{"@type":"ImageObject","inLanguage":"en-US","@id":"https:\/\/www.visit-ulcinj.com\/blog\/2010\/09\/05\/opozicija-stvorila-mit-o-dukanovicu\/#primaryimage","url":"https:\/\/www.visit-ulcinj.com\/blog\/wp-content\/uploads\/2010\/09\/Dritan-Abazovic.jpg","contentUrl":"https:\/\/www.visit-ulcinj.com\/blog\/wp-content\/uploads\/2010\/09\/Dritan-Abazovic.jpg","width":"320","height":"212"},{"@type":"WebPage","@id":"https:\/\/www.visit-ulcinj.com\/blog\/2010\/09\/05\/opozicija-stvorila-mit-o-dukanovicu\/#webpage","url":"https:\/\/www.visit-ulcinj.com\/blog\/2010\/09\/05\/opozicija-stvorila-mit-o-dukanovicu\/","name":"Opozicija stvorila mit o \u0110ukanovi\u0107u - Lajme nga Ulqini","isPartOf":{"@id":"https:\/\/www.visit-ulcinj.com\/blog\/#website"},"primaryImageOfPage":{"@id":"https:\/\/www.visit-ulcinj.com\/blog\/2010\/09\/05\/opozicija-stvorila-mit-o-dukanovicu\/#primaryimage"},"datePublished":"2010-09-05T11:56:09+00:00","dateModified":"2010-09-05T11:57:01+00:00","author":{"@id":"https:\/\/www.visit-ulcinj.com\/blog\/#\/schema\/person\/dcab619c614d3038751c63bc2aadc06d"},"description":"Gost je politi\u010dki analiti\u010dar i \u010dlan Foruma 2010, Dritan Abazovi\u0107, koji govori o spekulacijama u vezi sa navodnim odlaskom premijera Mila \u0110ukanovi\u0107a sa","breadcrumb":{"@id":"https:\/\/www.visit-ulcinj.com\/blog\/2010\/09\/05\/opozicija-stvorila-mit-o-dukanovicu\/#breadcrumb"},"inLanguage":"en-US","potentialAction":[{"@type":"ReadAction","target":["https:\/\/www.visit-ulcinj.com\/blog\/2010\/09\/05\/opozicija-stvorila-mit-o-dukanovicu\/"]}]},{"@type":"BreadcrumbList","@id":"https:\/\/www.visit-ulcinj.com\/blog\/2010\/09\/05\/opozicija-stvorila-mit-o-dukanovicu\/#breadcrumb","itemListElement":[{"@type":"ListItem","position":1,"name":"Opozicija stvorila mit o \u0110ukanovi\u0107u"}]},{"@type":"Person","@id":"https:\/\/www.visit-ulcinj.com\/blog\/#\/schema\/person\/dcab619c614d3038751c63bc2aadc06d","name":"ulqini","sameAs":["http:\/\/www.visit-ulcinj.com"],"url":"https:\/\/www.visit-ulcinj.com\/blog\/author\/admin\/"}]}},"jetpack_featured_media_url":"","jetpack_sharing_enabled":true,"jetpack_shortlink":"https:\/\/wp.me\/pe6lTn-9xL","_links":{"self":[{"href":"https:\/\/www.visit-ulcinj.com\/blog\/wp-json\/wp\/v2\/posts\/36689"}],"collection":[{"href":"https:\/\/www.visit-ulcinj.com\/blog\/wp-json\/wp\/v2\/posts"}],"about":[{"href":"https:\/\/www.visit-ulcinj.com\/blog\/wp-json\/wp\/v2\/types\/post"}],"author":[{"embeddable":true,"href":"https:\/\/www.visit-ulcinj.com\/blog\/wp-json\/wp\/v2\/users\/1"}],"replies":[{"embeddable":true,"href":"https:\/\/www.visit-ulcinj.com\/blog\/wp-json\/wp\/v2\/comments?post=36689"}],"version-history":[{"count":0,"href":"https:\/\/www.visit-ulcinj.com\/blog\/wp-json\/wp\/v2\/posts\/36689\/revisions"}],"wp:attachment":[{"href":"https:\/\/www.visit-ulcinj.com\/blog\/wp-json\/wp\/v2\/media?parent=36689"}],"wp:term":[{"taxonomy":"category","embeddable":true,"href":"https:\/\/www.visit-ulcinj.com\/blog\/wp-json\/wp\/v2\/categories?post=36689"},{"taxonomy":"post_tag","embeddable":true,"href":"https:\/\/www.visit-ulcinj.com\/blog\/wp-json\/wp\/v2\/tags?post=36689"}],"curies":[{"name":"wp","href":"https:\/\/api.w.org\/{rel}","templated":true}]}}