{"id":36715,"date":"2010-09-05T15:23:07","date_gmt":"2010-09-05T13:23:07","guid":{"rendered":"http:\/\/www.visit-ulcinj.com\/blog\/?p=36715"},"modified":"2010-09-05T15:23:07","modified_gmt":"2010-09-05T13:23:07","slug":"nora-s%e2%80%99ka-ndermend-te-martohet","status":"publish","type":"post","link":"https:\/\/www.visit-ulcinj.com\/blog\/2010\/09\/05\/nora-s%e2%80%99ka-ndermend-te-martohet\/","title":{"rendered":"Nora, s\u2019ka nd\u00ebrmend t\u00eb martohet"},"content":{"rendered":"<p><a href=\"http:\/\/www.visit-ulcinj.com\/blog\/wp-content\/uploads\/2010\/09\/Nora-Istrefi.1.jpg\"><img loading=\"lazy\" class=\"alignleft size-full wp-image-36717\" title=\"Nora Istrefi.1\" src=\"http:\/\/www.visit-ulcinj.com\/blog\/wp-content\/uploads\/2010\/09\/Nora-Istrefi.1.jpg\" alt=\"\" width=\"490\" height=\"380\" \/><\/a>Nora Istrefi ka premtuar edhe nj\u00eb videoklip t\u00eb ri muajin e ardhsh\u00ebm, sapo t\u00eb shijoj\u00eb ca koh\u00eb pushim nga vera e ngjeshur. \u201cMomentalisht jam duke pushuar, por besoj se pas nj\u00eb muaji do t\u00eb lansoj edhe nj\u00eb video-klip t\u00eb ri\u201d, ka th\u00ebn\u00eb Nora p\u00ebr media.<\/p>\n<p>K\u00ebng\u00ebtarja kosovare, e cila jav\u00eb m\u00eb par\u00eb realizoi videoklipin n\u00eb bashk\u00ebpunim me hip-hop grupin TDS, \u00ebsht\u00eb shprehur se \u00ebsht\u00eb shum\u00eb e k\u00ebnaqur me suksesin e k\u00ebng\u00ebs.<br \/>\n\u201cBashk\u00ebpunimi me grupin \u2018TDS\u2019 ka rrjedhur shum\u00eb natyrsh\u00ebm. Nd\u00ebrsa sa i p\u00ebrket martes\u00ebs, Nora ka th\u00ebn\u00eb se nj\u00ebher\u00eb p\u00ebrnj\u00ebher\u00eb nuk ka asnj\u00eb plan, por sigurisht se n\u00eb t\u00eb ardhmen e af\u00ebrt ajo do ta kuror\u00ebzoj\u00eb fejes\u00ebn e saj me Robertin edhe me martes\u00eb.<\/p>\n<p><strong>Ekonomisti<br \/>\n<br \/>\n<!--YouTube Error: bad URL entered--><\/strong><\/p>\n","protected":false},"excerpt":{"rendered":"<p>Nora Istrefi ka premtuar edhe nj\u00eb videoklip t\u00eb ri muajin e ardhsh\u00ebm, sapo t\u00eb shijoj\u00eb ca koh\u00eb pushim nga vera e ngjeshur. \u201cMomentalisht jam duke pushuar, por besoj se pas nj\u00eb muaji do t\u00eb lansoj edhe nj\u00eb video-klip t\u00eb ri\u201d, ka th\u00ebn\u00eb Nora p\u00ebr media. K\u00ebng\u00ebtarja kosovare, e cila jav\u00eb m\u00eb par\u00eb realizoi videoklipin n\u00eb [&hellip;]<\/p>\n","protected":false},"author":1,"featured_media":0,"comment_status":"open","ping_status":"closed","sticky":false,"template":"","format":"standard","meta":{"spay_email":"","jetpack_publicize_message":"","jetpack_is_tweetstorm":false,"jetpack_publicize_feature_enabled":true},"categories":[1],"tags":[4939],"jetpack_publicize_connections":[],"yoast_head":"<!-- This site is optimized with the Yoast SEO plugin v19.1 - https:\/\/yoast.com\/wordpress\/plugins\/seo\/ -->\n<title>Nora, s\u2019ka nd\u00ebrmend t\u00eb martohet - Lajme nga Ulqini<\/title>\n<meta name=\"description\" content=\"Nora Istrefi ka premtuar edhe nj\u00eb videoklip t\u00eb ri muajin e ardhsh\u00ebm, sapo t\u00eb shijoj\u00eb ca koh\u00eb pushim nga vera e ngjeshur. \u201cMomentalisht jam duke pushuar,\" \/>\n<meta name=\"robots\" content=\"index, follow, max-snippet:-1, max-image-preview:large, max-video-preview:-1\" \/>\n<link rel=\"canonical\" href=\"https:\/\/www.visit-ulcinj.com\/blog\/2010\/09\/05\/nora-s\u2019ka-ndermend-te-martohet\/\" \/>\n<meta property=\"og:locale\" content=\"en_US\" \/>\n<meta property=\"og:type\" content=\"article\" \/>\n<meta property=\"og:title\" content=\"Nora, s\u2019ka nd\u00ebrmend t\u00eb martohet - Lajme nga Ulqini\" \/>\n<meta property=\"og:description\" content=\"Nora Istrefi ka premtuar edhe nj\u00eb videoklip t\u00eb ri muajin e ardhsh\u00ebm, sapo t\u00eb shijoj\u00eb ca koh\u00eb pushim nga vera e ngjeshur. \u201cMomentalisht jam duke pushuar,\" \/>\n<meta property=\"og:url\" content=\"https:\/\/www.visit-ulcinj.com\/blog\/2010\/09\/05\/nora-s\u2019ka-ndermend-te-martohet\/\" \/>\n<meta property=\"og:site_name\" content=\"Lajme nga Ulqini\" \/>\n<meta property=\"article:published_time\" content=\"2010-09-05T13:23:07+00:00\" \/>\n<meta property=\"og:image\" content=\"https:\/\/www.visit-ulcinj.com\/blog\/wp-content\/uploads\/2010\/09\/nora-Istrefi-_robert-dhe-50-cent-150x150.jpg\" \/>\n<meta name=\"twitter:label1\" content=\"Written by\" \/>\n\t<meta name=\"twitter:data1\" content=\"ulqini\" \/>\n\t<meta name=\"twitter:label2\" content=\"Est. reading time\" \/>\n\t<meta name=\"twitter:data2\" content=\"1 minute\" \/>\n<script type=\"application\/ld+json\" class=\"yoast-schema-graph\">{\"@context\":\"https:\/\/schema.org\",\"@graph\":[{\"@type\":\"WebSite\",\"@id\":\"https:\/\/www.visit-ulcinj.com\/blog\/#website\",\"url\":\"https:\/\/www.visit-ulcinj.com\/blog\/\",\"name\":\"Lajme nga Ulqini\",\"description\":\"Lajme,Vijesti,Ulqini,Ulqin,Crna Gora,Mali i Zi\",\"potentialAction\":[{\"@type\":\"SearchAction\",\"target\":{\"@type\":\"EntryPoint\",\"urlTemplate\":\"https:\/\/www.visit-ulcinj.com\/blog\/?s={search_term_string}\"},\"query-input\":\"required name=search_term_string\"}],\"inLanguage\":\"en-US\"},{\"@type\":\"ImageObject\",\"inLanguage\":\"en-US\",\"@id\":\"https:\/\/www.visit-ulcinj.com\/blog\/2010\/09\/05\/nora-s%e2%80%99ka-ndermend-te-martohet\/#primaryimage\",\"url\":\"http:\/\/www.visit-ulcinj.com\/blog\/wp-content\/uploads\/2010\/09\/Nora-Istrefi.1.jpg\",\"contentUrl\":\"http:\/\/www.visit-ulcinj.com\/blog\/wp-content\/uploads\/2010\/09\/Nora-Istrefi.1.jpg\"},{\"@type\":\"WebPage\",\"@id\":\"https:\/\/www.visit-ulcinj.com\/blog\/2010\/09\/05\/nora-s%e2%80%99ka-ndermend-te-martohet\/#webpage\",\"url\":\"https:\/\/www.visit-ulcinj.com\/blog\/2010\/09\/05\/nora-s%e2%80%99ka-ndermend-te-martohet\/\",\"name\":\"Nora, s\u2019ka nd\u00ebrmend t\u00eb martohet - Lajme nga Ulqini\",\"isPartOf\":{\"@id\":\"https:\/\/www.visit-ulcinj.com\/blog\/#website\"},\"primaryImageOfPage\":{\"@id\":\"https:\/\/www.visit-ulcinj.com\/blog\/2010\/09\/05\/nora-s%e2%80%99ka-ndermend-te-martohet\/#primaryimage\"},\"datePublished\":\"2010-09-05T13:23:07+00:00\",\"dateModified\":\"2010-09-05T13:23:07+00:00\",\"author\":{\"@id\":\"https:\/\/www.visit-ulcinj.com\/blog\/#\/schema\/person\/dcab619c614d3038751c63bc2aadc06d\"},\"description\":\"Nora Istrefi ka premtuar edhe nj\u00eb videoklip t\u00eb ri muajin e ardhsh\u00ebm, sapo t\u00eb shijoj\u00eb ca koh\u00eb pushim nga vera e ngjeshur. \u201cMomentalisht jam duke pushuar,\",\"breadcrumb\":{\"@id\":\"https:\/\/www.visit-ulcinj.com\/blog\/2010\/09\/05\/nora-s%e2%80%99ka-ndermend-te-martohet\/#breadcrumb\"},\"inLanguage\":\"en-US\",\"potentialAction\":[{\"@type\":\"ReadAction\",\"target\":[\"https:\/\/www.visit-ulcinj.com\/blog\/2010\/09\/05\/nora-s%e2%80%99ka-ndermend-te-martohet\/\"]}]},{\"@type\":\"BreadcrumbList\",\"@id\":\"https:\/\/www.visit-ulcinj.com\/blog\/2010\/09\/05\/nora-s%e2%80%99ka-ndermend-te-martohet\/#breadcrumb\",\"itemListElement\":[{\"@type\":\"ListItem\",\"position\":1,\"name\":\"Nora, s\u2019ka nd\u00ebrmend t\u00eb martohet\"}]},{\"@type\":\"Person\",\"@id\":\"https:\/\/www.visit-ulcinj.com\/blog\/#\/schema\/person\/dcab619c614d3038751c63bc2aadc06d\",\"name\":\"ulqini\",\"sameAs\":[\"http:\/\/www.visit-ulcinj.com\"],\"url\":\"https:\/\/www.visit-ulcinj.com\/blog\/author\/admin\/\"}]}<\/script>\n<!-- \/ Yoast SEO plugin. -->","yoast_head_json":{"title":"Nora, s\u2019ka nd\u00ebrmend t\u00eb martohet - Lajme nga Ulqini","description":"Nora Istrefi ka premtuar edhe nj\u00eb videoklip t\u00eb ri muajin e ardhsh\u00ebm, sapo t\u00eb shijoj\u00eb ca koh\u00eb pushim nga vera e ngjeshur. \u201cMomentalisht jam duke pushuar,","robots":{"index":"index","follow":"follow","max-snippet":"max-snippet:-1","max-image-preview":"max-image-preview:large","max-video-preview":"max-video-preview:-1"},"canonical":"https:\/\/www.visit-ulcinj.com\/blog\/2010\/09\/05\/nora-s\u2019ka-ndermend-te-martohet\/","og_locale":"en_US","og_type":"article","og_title":"Nora, s\u2019ka nd\u00ebrmend t\u00eb martohet - Lajme nga Ulqini","og_description":"Nora Istrefi ka premtuar edhe nj\u00eb videoklip t\u00eb ri muajin e ardhsh\u00ebm, sapo t\u00eb shijoj\u00eb ca koh\u00eb pushim nga vera e ngjeshur. \u201cMomentalisht jam duke pushuar,","og_url":"https:\/\/www.visit-ulcinj.com\/blog\/2010\/09\/05\/nora-s\u2019ka-ndermend-te-martohet\/","og_site_name":"Lajme nga Ulqini","article_published_time":"2010-09-05T13:23:07+00:00","og_image":[{"url":"https:\/\/www.visit-ulcinj.com\/blog\/wp-content\/uploads\/2010\/09\/nora-Istrefi-_robert-dhe-50-cent-150x150.jpg"}],"twitter_misc":{"Written by":"ulqini","Est. reading time":"1 minute"},"schema":{"@context":"https:\/\/schema.org","@graph":[{"@type":"WebSite","@id":"https:\/\/www.visit-ulcinj.com\/blog\/#website","url":"https:\/\/www.visit-ulcinj.com\/blog\/","name":"Lajme nga Ulqini","description":"Lajme,Vijesti,Ulqini,Ulqin,Crna Gora,Mali i Zi","potentialAction":[{"@type":"SearchAction","target":{"@type":"EntryPoint","urlTemplate":"https:\/\/www.visit-ulcinj.com\/blog\/?s={search_term_string}"},"query-input":"required name=search_term_string"}],"inLanguage":"en-US"},{"@type":"ImageObject","inLanguage":"en-US","@id":"https:\/\/www.visit-ulcinj.com\/blog\/2010\/09\/05\/nora-s%e2%80%99ka-ndermend-te-martohet\/#primaryimage","url":"http:\/\/www.visit-ulcinj.com\/blog\/wp-content\/uploads\/2010\/09\/Nora-Istrefi.1.jpg","contentUrl":"http:\/\/www.visit-ulcinj.com\/blog\/wp-content\/uploads\/2010\/09\/Nora-Istrefi.1.jpg"},{"@type":"WebPage","@id":"https:\/\/www.visit-ulcinj.com\/blog\/2010\/09\/05\/nora-s%e2%80%99ka-ndermend-te-martohet\/#webpage","url":"https:\/\/www.visit-ulcinj.com\/blog\/2010\/09\/05\/nora-s%e2%80%99ka-ndermend-te-martohet\/","name":"Nora, s\u2019ka nd\u00ebrmend t\u00eb martohet - Lajme nga Ulqini","isPartOf":{"@id":"https:\/\/www.visit-ulcinj.com\/blog\/#website"},"primaryImageOfPage":{"@id":"https:\/\/www.visit-ulcinj.com\/blog\/2010\/09\/05\/nora-s%e2%80%99ka-ndermend-te-martohet\/#primaryimage"},"datePublished":"2010-09-05T13:23:07+00:00","dateModified":"2010-09-05T13:23:07+00:00","author":{"@id":"https:\/\/www.visit-ulcinj.com\/blog\/#\/schema\/person\/dcab619c614d3038751c63bc2aadc06d"},"description":"Nora Istrefi ka premtuar edhe nj\u00eb videoklip t\u00eb ri muajin e ardhsh\u00ebm, sapo t\u00eb shijoj\u00eb ca koh\u00eb pushim nga vera e ngjeshur. \u201cMomentalisht jam duke pushuar,","breadcrumb":{"@id":"https:\/\/www.visit-ulcinj.com\/blog\/2010\/09\/05\/nora-s%e2%80%99ka-ndermend-te-martohet\/#breadcrumb"},"inLanguage":"en-US","potentialAction":[{"@type":"ReadAction","target":["https:\/\/www.visit-ulcinj.com\/blog\/2010\/09\/05\/nora-s%e2%80%99ka-ndermend-te-martohet\/"]}]},{"@type":"BreadcrumbList","@id":"https:\/\/www.visit-ulcinj.com\/blog\/2010\/09\/05\/nora-s%e2%80%99ka-ndermend-te-martohet\/#breadcrumb","itemListElement":[{"@type":"ListItem","position":1,"name":"Nora, s\u2019ka nd\u00ebrmend t\u00eb martohet"}]},{"@type":"Person","@id":"https:\/\/www.visit-ulcinj.com\/blog\/#\/schema\/person\/dcab619c614d3038751c63bc2aadc06d","name":"ulqini","sameAs":["http:\/\/www.visit-ulcinj.com"],"url":"https:\/\/www.visit-ulcinj.com\/blog\/author\/admin\/"}]}},"jetpack_featured_media_url":"","jetpack_sharing_enabled":true,"jetpack_shortlink":"https:\/\/wp.me\/pe6lTn-9yb","_links":{"self":[{"href":"https:\/\/www.visit-ulcinj.com\/blog\/wp-json\/wp\/v2\/posts\/36715"}],"collection":[{"href":"https:\/\/www.visit-ulcinj.com\/blog\/wp-json\/wp\/v2\/posts"}],"about":[{"href":"https:\/\/www.visit-ulcinj.com\/blog\/wp-json\/wp\/v2\/types\/post"}],"author":[{"embeddable":true,"href":"https:\/\/www.visit-ulcinj.com\/blog\/wp-json\/wp\/v2\/users\/1"}],"replies":[{"embeddable":true,"href":"https:\/\/www.visit-ulcinj.com\/blog\/wp-json\/wp\/v2\/comments?post=36715"}],"version-history":[{"count":0,"href":"https:\/\/www.visit-ulcinj.com\/blog\/wp-json\/wp\/v2\/posts\/36715\/revisions"}],"wp:attachment":[{"href":"https:\/\/www.visit-ulcinj.com\/blog\/wp-json\/wp\/v2\/media?parent=36715"}],"wp:term":[{"taxonomy":"category","embeddable":true,"href":"https:\/\/www.visit-ulcinj.com\/blog\/wp-json\/wp\/v2\/categories?post=36715"},{"taxonomy":"post_tag","embeddable":true,"href":"https:\/\/www.visit-ulcinj.com\/blog\/wp-json\/wp\/v2\/tags?post=36715"}],"curies":[{"name":"wp","href":"https:\/\/api.w.org\/{rel}","templated":true}]}}