{"id":36737,"date":"2010-09-05T16:09:11","date_gmt":"2010-09-05T14:09:11","guid":{"rendered":"http:\/\/www.visit-ulcinj.com\/blog\/?p=36737"},"modified":"2010-09-05T16:09:11","modified_gmt":"2010-09-05T14:09:11","slug":"%e2%80%9ctds%e2%80%9d-xhamajkanet-e-kosoves","status":"publish","type":"post","link":"https:\/\/www.visit-ulcinj.com\/blog\/2010\/09\/05\/%e2%80%9ctds%e2%80%9d-xhamajkanet-e-kosoves\/","title":{"rendered":"\u201cTDS\u201d, xhamajkan\u00ebt e Kosov\u00ebs"},"content":{"rendered":"<p><a href=\"http:\/\/www.visit-ulcinj.com\/blog\/wp-content\/uploads\/2010\/09\/Shpend-Hajredini_TDS.jpg\"><img loading=\"lazy\" class=\"alignleft size-full wp-image-36738\" title=\"Shpend Hajredini_TDS\" src=\"http:\/\/www.visit-ulcinj.com\/blog\/wp-content\/uploads\/2010\/09\/Shpend-Hajredini_TDS.jpg\" alt=\"\" width=\"490\" height=\"348\" \/><\/a>Grupi \u201cTDS\u201d \u00ebsht\u00eb krijuar q\u00eb nga viti 2005. N\u00eb fillim kan\u00eb qen\u00eb 8 an\u00ebtar\u00eb por gradualisht kan\u00eb mbetur vet\u00ebm n\u00eb tre. Ata kan\u00eb edituar nj\u00eb album me titull \u201cku n\u00eb at\u00eb 7 arsye\u201d, mir\u00ebpo viti 2010 ishte viti i sukseseve t\u00eb tyre. K\u00ebnga n\u00eb bashk\u00ebpunim me \u201cSkillz\u201d \u201cSi manikene\u201d dhe e fundit \u201cKah je\u201d me Nora Istrefin i b\u00ebn \u201cTDS\u201d nj\u00eb nga grupet m\u00eb t\u00eb p\u00eblqyera t\u00eb rep muzik\u00ebs n\u00eb Kosov\u00eb. N\u00eb intervist\u00eb p\u00ebr \u201cZ\u00ebrin\u201d biseduam m\u00eb an\u00ebtarin e grupit, Shpend Hajredinin.<\/p>\n<p><strong>Kush jan\u00eb \u201cTDS\u201d?<\/strong><\/p>\n<p>Ne jemi tre an\u00ebtar\u00eb: Shpend Hajredini \u2013 \u201cMC Mix\u201d, Kastriot Rexhaj \u2013 \u201cDr.Mic\u201d si dhe Ornat Shufta. \u201cTDS\u201d \u00ebsht\u00eb shkurtes\u00eb nga anglishtja q\u00eb do t\u00eb thot\u00eb ana e err\u00ebt, nd\u00ebrsa p\u00ebrmes fjal\u00ebve t\u00eb teksteve tona kemi menduar q\u00eb ta shndrisim at\u00eb an\u00ebn e err\u00ebt. Ne jemi shok\u00eb prej f\u00ebmij\u00ebris\u00eb dhe meq\u00eb jemi p\u00ebrshtat me ide dhe biseda, at\u00ebher\u00eb kemi krijuar edhe grupin ton\u00eb \u201cTDS\u201d.<\/p>\n<p><strong>Megjithat\u00eb me k\u00ebng\u00ebn \u201cSi manikene\u201d q\u00eb ishte n\u00eb bashk\u00ebpunim me \u201cSkillz\u201d, ju \u201cshndritet\u201d n\u00eb sken\u00ebn muzikore. E keni pritur k\u00ebt\u00eb sukses?<\/strong><\/p>\n<p>Ne kemi punuar vazhdimisht p\u00ebr t\u00eb ardhur deri te suksesi. K\u00ebnga \u201cSi manikene\u201d \u00ebsht\u00eb mir\u00ebpritur jasht\u00ebzakonisht shum\u00eb dhe jemi t\u00eb k\u00ebnaqur me pun\u00ebn t\u00eb cil\u00ebn e kemi b\u00ebr\u00eb p\u00ebr k\u00ebt\u00eb k\u00ebng\u00eb.<\/p>\n<p><strong>\u00c7far\u00eb mendon se e b\u00ebri grupin tuaj t\u00eb ve\u00e7ant\u00eb q\u00eb p\u00ebr koh\u00eb kaq t\u00eb shpejt t\u00eb popullarizoheni?<\/strong><\/p>\n<p>Ndoshta bashk\u00ebpunimi yn\u00eb dhe stili i muzik\u00ebs q\u00eb ndryshon pak nga rep grupet tjera e gjithashtu edhe z\u00ebri i an\u00ebtarit t\u00eb grupit ton\u00eb, Kastriotit i cili ka z\u00eb t\u00eb ve\u00e7ant\u00eb dhe e karakterizon edhe grupin ton\u00eb.<\/p>\n<p><strong>K\u00ebng\u00ebt e juaja dhe stili duket si nj\u00eb zhan\u00ebr xhamajkan. \u00cbsht\u00eb kjo nj\u00eb risi n\u00eb rep sken\u00ebn ton\u00eb muzikore?<\/strong><\/p>\n<p>K\u00ebng\u00ebt tona kan\u00eb t\u00eb b\u00ebjn\u00eb me nj\u00eb stil xhamajkan, por nuk \u00ebsht\u00eb asgj\u00eb e huazuar as si k\u00ebng\u00eb dhe as si stil muzikor.<\/p>\n<p><strong>P\u00ebrpos k\u00ebng\u00ebve n\u00eb grup, ju keni b\u00ebr\u00eb edhe k\u00ebng\u00eb ve\u00e7mas me k\u00ebng\u00ebtar\u00eb t\u00eb tjer\u00eb. Ka qen\u00eb kjo e mir\u00ebkuptueshme q\u00eb secili an\u00ebtar t\u00eb k\u00ebndon me k\u00ebng\u00ebtar\u00eb t\u00eb tjer\u00eb?<\/strong><\/p>\n<p>Po, ne jemi ra n\u00eb dakord q\u00eb an\u00ebtar\u00ebt e grupit t\u00eb jan\u00eb t\u00eb pavarur p\u00ebr t\u00eb bashk\u00ebpunuar edhe m\u00eb k\u00ebng\u00ebtar\u00eb t\u00eb tjer\u00eb, por n\u00eb pajtim me gjith\u00eb an\u00ebtar\u00ebt e grupit.<\/p>\n<p><strong>M\u00eb shum\u00eb b\u00ebni ju oferta k\u00ebng\u00ebtar\u00ebve, apo ata iu ofrohen juve p\u00ebr t\u00eb bashk\u00ebpunuar?<\/strong><\/p>\n<p>Kemi ftesa edhe nga k\u00ebng\u00ebtar\u00eb t\u00eb shumt\u00eb, por edhe ne ju b\u00ebjm\u00eb atyre q\u00eb mendojm\u00eb se ia vlejn\u00eb. Me Nora Istrefin kemi qen\u00eb duke biseduar dhe na ka ardhur si ide p\u00ebr t\u00eb realizuar nj\u00eb k\u00ebng\u00eb bashk\u00ebrisht. K\u00ebnga doli e mir\u00eb dhe na vjen mir\u00eb q\u00eb po p\u00eblqehet edhe nga publiku.<\/p>\n<p><strong>Cilat jan\u00eb planet e juaja t\u00eb af\u00ebrta?<\/strong><\/p>\n<p>Pas Ramazanit mendojm\u00eb q\u00eb ta editojm\u00eb edhe nj\u00eb k\u00ebng\u00eb t\u00eb re me videoklip. K\u00ebnga \u00ebsht\u00eb e realizuar por ende nuk \u00ebsht\u00eb e p\u00ebrfunduar. Besojm\u00eb se n\u00eb k\u00ebt\u00eb k\u00ebng\u00eb do t\u00eb dalim vet\u00ebm ne si grup, jo n\u00eb bashk\u00ebpunim me ndonj\u00eb k\u00ebng\u00ebtar\u00eb tjet\u00ebr. Pastaj jemi duke punuar intensivisht q\u00eb n\u00eb ver\u00ebn e vitit t\u00eb ardhsh\u00ebm t\u00eb sjellim edhe albumin ton\u00eb t\u00eb dyt\u00eb.<\/p>\n<p><strong>Me \u00e7far\u00eb merrni tjet\u00ebr, p\u00ebrpos muzik\u00ebs?<\/strong><\/p>\n<p>Un\u00eb e kam nj\u00eb studio timen muzikore ku punoj k\u00ebng\u00eb edhe p\u00ebr k\u00ebng\u00ebtar\u00eb t\u00eb tjer\u00eb, nd\u00ebrsa edhe an\u00ebtar\u00ebt tjer\u00eb jan\u00eb t\u00eb angazhuar me koncerte dhe realizime p\u00ebr k\u00ebng\u00eb t\u00eb reja.<\/p>\n<p><strong>Gazeta Zeri<!--YouTube Error: bad URL entered--><br \/>\n<\/strong><\/p>\n","protected":false},"excerpt":{"rendered":"<p>Grupi \u201cTDS\u201d \u00ebsht\u00eb krijuar q\u00eb nga viti 2005. N\u00eb fillim kan\u00eb qen\u00eb 8 an\u00ebtar\u00eb por gradualisht kan\u00eb mbetur vet\u00ebm n\u00eb tre. Ata kan\u00eb edituar nj\u00eb album me titull \u201cku n\u00eb at\u00eb 7 arsye\u201d, mir\u00ebpo viti 2010 ishte viti i sukseseve t\u00eb tyre. K\u00ebnga n\u00eb bashk\u00ebpunim me \u201cSkillz\u201d \u201cSi manikene\u201d dhe e fundit \u201cKah je\u201d me [&hellip;]<\/p>\n","protected":false},"author":1,"featured_media":0,"comment_status":"open","ping_status":"closed","sticky":false,"template":"","format":"standard","meta":{"spay_email":"","jetpack_publicize_message":"","jetpack_is_tweetstorm":false,"jetpack_publicize_feature_enabled":true},"categories":[1],"tags":[15261,15260],"jetpack_publicize_connections":[],"yoast_head":"<!-- This site is optimized with the Yoast SEO plugin v19.1 - https:\/\/yoast.com\/wordpress\/plugins\/seo\/ -->\n<title>\u201cTDS\u201d, xhamajkan\u00ebt e Kosov\u00ebs - Lajme nga Ulqini<\/title>\n<meta name=\"description\" content=\"Grupi \u201cTDS\u201d \u00ebsht\u00eb krijuar q\u00eb nga viti 2005. N\u00eb fillim kan\u00eb qen\u00eb 8 an\u00ebtar\u00eb por gradualisht kan\u00eb mbetur vet\u00ebm n\u00eb tre. Ata kan\u00eb edituar nj\u00eb album me titull\" \/>\n<meta name=\"robots\" content=\"index, follow, max-snippet:-1, max-image-preview:large, max-video-preview:-1\" \/>\n<link rel=\"canonical\" href=\"https:\/\/www.visit-ulcinj.com\/blog\/2010\/09\/05\/\u201ctds\u201d-xhamajkanet-e-kosoves\/\" \/>\n<meta property=\"og:locale\" content=\"en_US\" \/>\n<meta property=\"og:type\" content=\"article\" \/>\n<meta property=\"og:title\" content=\"\u201cTDS\u201d, xhamajkan\u00ebt e Kosov\u00ebs - Lajme nga Ulqini\" \/>\n<meta property=\"og:description\" content=\"Grupi \u201cTDS\u201d \u00ebsht\u00eb krijuar q\u00eb nga viti 2005. N\u00eb fillim kan\u00eb qen\u00eb 8 an\u00ebtar\u00eb por gradualisht kan\u00eb mbetur vet\u00ebm n\u00eb tre. Ata kan\u00eb edituar nj\u00eb album me titull\" \/>\n<meta property=\"og:url\" content=\"https:\/\/www.visit-ulcinj.com\/blog\/2010\/09\/05\/\u201ctds\u201d-xhamajkanet-e-kosoves\/\" \/>\n<meta property=\"og:site_name\" content=\"Lajme nga Ulqini\" \/>\n<meta property=\"article:published_time\" content=\"2010-09-05T14:09:11+00:00\" \/>\n<meta property=\"og:image\" content=\"http:\/\/www.visit-ulcinj.com\/blog\/wp-content\/uploads\/2010\/09\/Shpend-Hajredini_TDS.jpg\" \/>\n<meta name=\"twitter:label1\" content=\"Written by\" \/>\n\t<meta name=\"twitter:data1\" content=\"ulqini\" \/>\n\t<meta name=\"twitter:label2\" content=\"Est. reading time\" \/>\n\t<meta name=\"twitter:data2\" content=\"3 minutes\" \/>\n<script type=\"application\/ld+json\" class=\"yoast-schema-graph\">{\"@context\":\"https:\/\/schema.org\",\"@graph\":[{\"@type\":\"WebSite\",\"@id\":\"https:\/\/www.visit-ulcinj.com\/blog\/#website\",\"url\":\"https:\/\/www.visit-ulcinj.com\/blog\/\",\"name\":\"Lajme nga Ulqini\",\"description\":\"Lajme,Vijesti,Ulqini,Ulqin,Crna Gora,Mali i Zi\",\"potentialAction\":[{\"@type\":\"SearchAction\",\"target\":{\"@type\":\"EntryPoint\",\"urlTemplate\":\"https:\/\/www.visit-ulcinj.com\/blog\/?s={search_term_string}\"},\"query-input\":\"required name=search_term_string\"}],\"inLanguage\":\"en-US\"},{\"@type\":\"ImageObject\",\"inLanguage\":\"en-US\",\"@id\":\"https:\/\/www.visit-ulcinj.com\/blog\/2010\/09\/05\/%e2%80%9ctds%e2%80%9d-xhamajkanet-e-kosoves\/#primaryimage\",\"url\":\"http:\/\/www.visit-ulcinj.com\/blog\/wp-content\/uploads\/2010\/09\/Shpend-Hajredini_TDS.jpg\",\"contentUrl\":\"http:\/\/www.visit-ulcinj.com\/blog\/wp-content\/uploads\/2010\/09\/Shpend-Hajredini_TDS.jpg\"},{\"@type\":\"WebPage\",\"@id\":\"https:\/\/www.visit-ulcinj.com\/blog\/2010\/09\/05\/%e2%80%9ctds%e2%80%9d-xhamajkanet-e-kosoves\/#webpage\",\"url\":\"https:\/\/www.visit-ulcinj.com\/blog\/2010\/09\/05\/%e2%80%9ctds%e2%80%9d-xhamajkanet-e-kosoves\/\",\"name\":\"\u201cTDS\u201d, xhamajkan\u00ebt e Kosov\u00ebs - Lajme nga Ulqini\",\"isPartOf\":{\"@id\":\"https:\/\/www.visit-ulcinj.com\/blog\/#website\"},\"primaryImageOfPage\":{\"@id\":\"https:\/\/www.visit-ulcinj.com\/blog\/2010\/09\/05\/%e2%80%9ctds%e2%80%9d-xhamajkanet-e-kosoves\/#primaryimage\"},\"datePublished\":\"2010-09-05T14:09:11+00:00\",\"dateModified\":\"2010-09-05T14:09:11+00:00\",\"author\":{\"@id\":\"https:\/\/www.visit-ulcinj.com\/blog\/#\/schema\/person\/dcab619c614d3038751c63bc2aadc06d\"},\"description\":\"Grupi \u201cTDS\u201d \u00ebsht\u00eb krijuar q\u00eb nga viti 2005. N\u00eb fillim kan\u00eb qen\u00eb 8 an\u00ebtar\u00eb por gradualisht kan\u00eb mbetur vet\u00ebm n\u00eb tre. Ata kan\u00eb edituar nj\u00eb album me titull\",\"breadcrumb\":{\"@id\":\"https:\/\/www.visit-ulcinj.com\/blog\/2010\/09\/05\/%e2%80%9ctds%e2%80%9d-xhamajkanet-e-kosoves\/#breadcrumb\"},\"inLanguage\":\"en-US\",\"potentialAction\":[{\"@type\":\"ReadAction\",\"target\":[\"https:\/\/www.visit-ulcinj.com\/blog\/2010\/09\/05\/%e2%80%9ctds%e2%80%9d-xhamajkanet-e-kosoves\/\"]}]},{\"@type\":\"BreadcrumbList\",\"@id\":\"https:\/\/www.visit-ulcinj.com\/blog\/2010\/09\/05\/%e2%80%9ctds%e2%80%9d-xhamajkanet-e-kosoves\/#breadcrumb\",\"itemListElement\":[{\"@type\":\"ListItem\",\"position\":1,\"name\":\"\u201cTDS\u201d, xhamajkan\u00ebt e Kosov\u00ebs\"}]},{\"@type\":\"Person\",\"@id\":\"https:\/\/www.visit-ulcinj.com\/blog\/#\/schema\/person\/dcab619c614d3038751c63bc2aadc06d\",\"name\":\"ulqini\",\"sameAs\":[\"http:\/\/www.visit-ulcinj.com\"],\"url\":\"https:\/\/www.visit-ulcinj.com\/blog\/author\/admin\/\"}]}<\/script>\n<!-- \/ Yoast SEO plugin. -->","yoast_head_json":{"title":"\u201cTDS\u201d, xhamajkan\u00ebt e Kosov\u00ebs - Lajme nga Ulqini","description":"Grupi \u201cTDS\u201d \u00ebsht\u00eb krijuar q\u00eb nga viti 2005. N\u00eb fillim kan\u00eb qen\u00eb 8 an\u00ebtar\u00eb por gradualisht kan\u00eb mbetur vet\u00ebm n\u00eb tre. Ata kan\u00eb edituar nj\u00eb album me titull","robots":{"index":"index","follow":"follow","max-snippet":"max-snippet:-1","max-image-preview":"max-image-preview:large","max-video-preview":"max-video-preview:-1"},"canonical":"https:\/\/www.visit-ulcinj.com\/blog\/2010\/09\/05\/\u201ctds\u201d-xhamajkanet-e-kosoves\/","og_locale":"en_US","og_type":"article","og_title":"\u201cTDS\u201d, xhamajkan\u00ebt e Kosov\u00ebs - Lajme nga Ulqini","og_description":"Grupi \u201cTDS\u201d \u00ebsht\u00eb krijuar q\u00eb nga viti 2005. N\u00eb fillim kan\u00eb qen\u00eb 8 an\u00ebtar\u00eb por gradualisht kan\u00eb mbetur vet\u00ebm n\u00eb tre. Ata kan\u00eb edituar nj\u00eb album me titull","og_url":"https:\/\/www.visit-ulcinj.com\/blog\/2010\/09\/05\/\u201ctds\u201d-xhamajkanet-e-kosoves\/","og_site_name":"Lajme nga Ulqini","article_published_time":"2010-09-05T14:09:11+00:00","og_image":[{"url":"http:\/\/www.visit-ulcinj.com\/blog\/wp-content\/uploads\/2010\/09\/Shpend-Hajredini_TDS.jpg"}],"twitter_misc":{"Written by":"ulqini","Est. reading time":"3 minutes"},"schema":{"@context":"https:\/\/schema.org","@graph":[{"@type":"WebSite","@id":"https:\/\/www.visit-ulcinj.com\/blog\/#website","url":"https:\/\/www.visit-ulcinj.com\/blog\/","name":"Lajme nga Ulqini","description":"Lajme,Vijesti,Ulqini,Ulqin,Crna Gora,Mali i Zi","potentialAction":[{"@type":"SearchAction","target":{"@type":"EntryPoint","urlTemplate":"https:\/\/www.visit-ulcinj.com\/blog\/?s={search_term_string}"},"query-input":"required name=search_term_string"}],"inLanguage":"en-US"},{"@type":"ImageObject","inLanguage":"en-US","@id":"https:\/\/www.visit-ulcinj.com\/blog\/2010\/09\/05\/%e2%80%9ctds%e2%80%9d-xhamajkanet-e-kosoves\/#primaryimage","url":"http:\/\/www.visit-ulcinj.com\/blog\/wp-content\/uploads\/2010\/09\/Shpend-Hajredini_TDS.jpg","contentUrl":"http:\/\/www.visit-ulcinj.com\/blog\/wp-content\/uploads\/2010\/09\/Shpend-Hajredini_TDS.jpg"},{"@type":"WebPage","@id":"https:\/\/www.visit-ulcinj.com\/blog\/2010\/09\/05\/%e2%80%9ctds%e2%80%9d-xhamajkanet-e-kosoves\/#webpage","url":"https:\/\/www.visit-ulcinj.com\/blog\/2010\/09\/05\/%e2%80%9ctds%e2%80%9d-xhamajkanet-e-kosoves\/","name":"\u201cTDS\u201d, xhamajkan\u00ebt e Kosov\u00ebs - Lajme nga Ulqini","isPartOf":{"@id":"https:\/\/www.visit-ulcinj.com\/blog\/#website"},"primaryImageOfPage":{"@id":"https:\/\/www.visit-ulcinj.com\/blog\/2010\/09\/05\/%e2%80%9ctds%e2%80%9d-xhamajkanet-e-kosoves\/#primaryimage"},"datePublished":"2010-09-05T14:09:11+00:00","dateModified":"2010-09-05T14:09:11+00:00","author":{"@id":"https:\/\/www.visit-ulcinj.com\/blog\/#\/schema\/person\/dcab619c614d3038751c63bc2aadc06d"},"description":"Grupi \u201cTDS\u201d \u00ebsht\u00eb krijuar q\u00eb nga viti 2005. N\u00eb fillim kan\u00eb qen\u00eb 8 an\u00ebtar\u00eb por gradualisht kan\u00eb mbetur vet\u00ebm n\u00eb tre. Ata kan\u00eb edituar nj\u00eb album me titull","breadcrumb":{"@id":"https:\/\/www.visit-ulcinj.com\/blog\/2010\/09\/05\/%e2%80%9ctds%e2%80%9d-xhamajkanet-e-kosoves\/#breadcrumb"},"inLanguage":"en-US","potentialAction":[{"@type":"ReadAction","target":["https:\/\/www.visit-ulcinj.com\/blog\/2010\/09\/05\/%e2%80%9ctds%e2%80%9d-xhamajkanet-e-kosoves\/"]}]},{"@type":"BreadcrumbList","@id":"https:\/\/www.visit-ulcinj.com\/blog\/2010\/09\/05\/%e2%80%9ctds%e2%80%9d-xhamajkanet-e-kosoves\/#breadcrumb","itemListElement":[{"@type":"ListItem","position":1,"name":"\u201cTDS\u201d, xhamajkan\u00ebt e Kosov\u00ebs"}]},{"@type":"Person","@id":"https:\/\/www.visit-ulcinj.com\/blog\/#\/schema\/person\/dcab619c614d3038751c63bc2aadc06d","name":"ulqini","sameAs":["http:\/\/www.visit-ulcinj.com"],"url":"https:\/\/www.visit-ulcinj.com\/blog\/author\/admin\/"}]}},"jetpack_featured_media_url":"","jetpack_sharing_enabled":true,"jetpack_shortlink":"https:\/\/wp.me\/pe6lTn-9yx","_links":{"self":[{"href":"https:\/\/www.visit-ulcinj.com\/blog\/wp-json\/wp\/v2\/posts\/36737"}],"collection":[{"href":"https:\/\/www.visit-ulcinj.com\/blog\/wp-json\/wp\/v2\/posts"}],"about":[{"href":"https:\/\/www.visit-ulcinj.com\/blog\/wp-json\/wp\/v2\/types\/post"}],"author":[{"embeddable":true,"href":"https:\/\/www.visit-ulcinj.com\/blog\/wp-json\/wp\/v2\/users\/1"}],"replies":[{"embeddable":true,"href":"https:\/\/www.visit-ulcinj.com\/blog\/wp-json\/wp\/v2\/comments?post=36737"}],"version-history":[{"count":0,"href":"https:\/\/www.visit-ulcinj.com\/blog\/wp-json\/wp\/v2\/posts\/36737\/revisions"}],"wp:attachment":[{"href":"https:\/\/www.visit-ulcinj.com\/blog\/wp-json\/wp\/v2\/media?parent=36737"}],"wp:term":[{"taxonomy":"category","embeddable":true,"href":"https:\/\/www.visit-ulcinj.com\/blog\/wp-json\/wp\/v2\/categories?post=36737"},{"taxonomy":"post_tag","embeddable":true,"href":"https:\/\/www.visit-ulcinj.com\/blog\/wp-json\/wp\/v2\/tags?post=36737"}],"curies":[{"name":"wp","href":"https:\/\/api.w.org\/{rel}","templated":true}]}}