{"id":36741,"date":"2010-09-05T16:33:06","date_gmt":"2010-09-05T14:33:06","guid":{"rendered":"http:\/\/www.visit-ulcinj.com\/blog\/?p=36741"},"modified":"2010-09-05T16:33:06","modified_gmt":"2010-09-05T14:33:06","slug":"rovena-stefa-sezoni-i-deshtuar-dhe-%e2%80%9czhvatja%e2%80%9d-e-kosovareve","status":"publish","type":"post","link":"https:\/\/www.visit-ulcinj.com\/blog\/2010\/09\/05\/rovena-stefa-sezoni-i-deshtuar-dhe-%e2%80%9czhvatja%e2%80%9d-e-kosovareve\/","title":{"rendered":"Rovena Stefa, sezoni i d\u00ebshtuar dhe \u201czhvatja\u201d e kosovar\u00ebve"},"content":{"rendered":"<p><a href=\"http:\/\/www.visit-ulcinj.com\/blog\/wp-content\/uploads\/2010\/09\/Rovena-Stefa-CLUB.jpg\"><img loading=\"lazy\" class=\"alignleft size-full wp-image-36742\" title=\"Rovena Stefa CLUB\" src=\"http:\/\/www.visit-ulcinj.com\/blog\/wp-content\/uploads\/2010\/09\/Rovena-Stefa-CLUB.jpg\" alt=\"\" width=\"490\" height=\"380\" \/><\/a>Krejt rast\u00ebsisht n\u00eb Durr\u00ebs n\u00eb fundjav\u00ebn e kaluar, pik\u00ebrisht m\u00eb dat\u00ebn 29 Gusht, kur k\u00ebng\u00ebtarja shqiptare Rovena Stefa organizonte shown e fundit t\u00eb saj t\u00eb mbylljes s\u00eb sezonit veror t\u00eb k\u00ebtij viti, duke p\u00ebrsh\u00ebndetur kosovar\u00ebt nga Peja, Gjakova, Prishtina, Prizreni\u2026 e duke k\u00ebnduar vet\u00eb Rovena, n\u00eb klubin e saj, live p\u00ebr t\u00eb gjith\u00eb ata q\u00eb do t\u00eb linin pushimet. E ta merrte mendja, se p\u00ebr nj\u00eb k\u00ebng\u00ebtare si Rovena, klubi do t\u00eb ishte mbushur plot me njer\u00ebz.<\/p>\n<p>Por sa hyje te nj\u00eb port\u00eb e sajuar, ku t\u00eb priste e motra e Roven\u00ebs, t\u00eb shfaqej nj\u00eb vend gjigand, me postera t\u00eb Roven\u00ebs gjithandej, por q\u00eb gjith\u00eb e gjith\u00eb brenda klubit, ishin vet\u00ebm nja 20 a 30 vet\u00eb. Epo ndoshta me koh\u00ebn do t\u00eb vinin, dhe ky ishte mendimi i par\u00eb q\u00eb t\u00eb vinte n\u00eb mend.<\/p>\n<p>Rovena k\u00ebndonte e k\u00ebndonte pa pushim, k\u00ebng\u00eb nga Shqip\u00ebria e k\u00ebng\u00eb nga Kosova, por askush nuk dukej te porta. Dhe me vete pyet se pse. Por sa p\u00ebrfundon birr\u00ebn e par\u00eb, k\u00ebrkon fatur\u00ebn: e c\u2019t\u00eb shoh\u00ebsh, nj\u00eb birr\u00eb te klubi i Roven\u00ebs kushton jo pak, por plot 7000 lek\u00eb, dhe b\u00ebhej fjal\u00eb p\u00ebr t\u00eb nj\u00ebjt\u00ebn birr\u00eb q\u00eb me shumic\u00eb e gjen vet\u00ebm 700 lek\u00eb t\u00eb vjetra.<\/p>\n<p>Sigurisht, dikush do t\u00eb thot\u00eb se \u00ebsht\u00eb lokali i saj, zgjedhje e k\u00ebng\u00ebtares, dhe kush do ta d\u00ebgjoj\u00eb live duke k\u00ebnduar, do t\u00eb duhet t\u00eb pranonte edhe \u00e7mimet e kripura t\u00eb klubit. Por njer\u00ebzit, q\u00eb sot nuk jan\u00eb \u201cbudallenj\u201d e kishin b\u00ebr\u00eb zgjedhjen e tyre.<\/p>\n<p><strong>Bluetooth<br \/>\n<br \/>\n<!--YouTube Error: bad URL entered--><\/strong><\/p>\n","protected":false},"excerpt":{"rendered":"<p>Krejt rast\u00ebsisht n\u00eb Durr\u00ebs n\u00eb fundjav\u00ebn e kaluar, pik\u00ebrisht m\u00eb dat\u00ebn 29 Gusht, kur k\u00ebng\u00ebtarja shqiptare Rovena Stefa organizonte shown e fundit t\u00eb saj t\u00eb mbylljes s\u00eb sezonit veror t\u00eb k\u00ebtij viti, duke p\u00ebrsh\u00ebndetur kosovar\u00ebt nga Peja, Gjakova, Prishtina, Prizreni\u2026 e duke k\u00ebnduar vet\u00eb Rovena, n\u00eb klubin e saj, live p\u00ebr t\u00eb gjith\u00eb ata q\u00eb [&hellip;]<\/p>\n","protected":false},"author":1,"featured_media":0,"comment_status":"open","ping_status":"closed","sticky":false,"template":"","format":"standard","meta":{"spay_email":"","jetpack_publicize_message":"","jetpack_is_tweetstorm":false,"jetpack_publicize_feature_enabled":true},"categories":[1],"tags":[4869,15262],"jetpack_publicize_connections":[],"yoast_head":"<!-- This site is optimized with the Yoast SEO plugin v19.1 - https:\/\/yoast.com\/wordpress\/plugins\/seo\/ -->\n<title>Rovena Stefa, sezoni i d\u00ebshtuar dhe \u201czhvatja\u201d e kosovar\u00ebve - Lajme nga Ulqini<\/title>\n<meta name=\"description\" content=\"Krejt rast\u00ebsisht n\u00eb Durr\u00ebs n\u00eb fundjav\u00ebn e kaluar, pik\u00ebrisht m\u00eb dat\u00ebn 29 Gusht, kur k\u00ebng\u00ebtarja shqiptare Rovena Stefa organizonte shown e fundit t\u00eb saj t\u00eb\" \/>\n<meta name=\"robots\" content=\"index, follow, max-snippet:-1, max-image-preview:large, max-video-preview:-1\" \/>\n<link rel=\"canonical\" href=\"https:\/\/www.visit-ulcinj.com\/blog\/2010\/09\/05\/rovena-stefa-sezoni-i-deshtuar-dhe-\u201czhvatja\u201d-e-kosovareve\/\" \/>\n<meta property=\"og:locale\" content=\"en_US\" \/>\n<meta property=\"og:type\" content=\"article\" \/>\n<meta property=\"og:title\" content=\"Rovena Stefa, sezoni i d\u00ebshtuar dhe \u201czhvatja\u201d e kosovar\u00ebve - Lajme nga Ulqini\" \/>\n<meta property=\"og:description\" content=\"Krejt rast\u00ebsisht n\u00eb Durr\u00ebs n\u00eb fundjav\u00ebn e kaluar, pik\u00ebrisht m\u00eb dat\u00ebn 29 Gusht, kur k\u00ebng\u00ebtarja shqiptare Rovena Stefa organizonte shown e fundit t\u00eb saj t\u00eb\" \/>\n<meta property=\"og:url\" content=\"https:\/\/www.visit-ulcinj.com\/blog\/2010\/09\/05\/rovena-stefa-sezoni-i-deshtuar-dhe-\u201czhvatja\u201d-e-kosovareve\/\" \/>\n<meta property=\"og:site_name\" content=\"Lajme nga Ulqini\" \/>\n<meta property=\"article:published_time\" content=\"2010-09-05T14:33:06+00:00\" \/>\n<meta property=\"og:image\" content=\"https:\/\/www.visit-ulcinj.com\/blog\/wp-content\/uploads\/2010\/09\/Rovena-Stefa-CLUB-150x150.jpg\" \/>\n<meta name=\"twitter:label1\" content=\"Written by\" \/>\n\t<meta name=\"twitter:data1\" content=\"ulqini\" \/>\n\t<meta name=\"twitter:label2\" content=\"Est. reading time\" \/>\n\t<meta name=\"twitter:data2\" content=\"1 minute\" \/>\n<script type=\"application\/ld+json\" class=\"yoast-schema-graph\">{\"@context\":\"https:\/\/schema.org\",\"@graph\":[{\"@type\":\"WebSite\",\"@id\":\"https:\/\/www.visit-ulcinj.com\/blog\/#website\",\"url\":\"https:\/\/www.visit-ulcinj.com\/blog\/\",\"name\":\"Lajme nga Ulqini\",\"description\":\"Lajme,Vijesti,Ulqini,Ulqin,Crna Gora,Mali i Zi\",\"potentialAction\":[{\"@type\":\"SearchAction\",\"target\":{\"@type\":\"EntryPoint\",\"urlTemplate\":\"https:\/\/www.visit-ulcinj.com\/blog\/?s={search_term_string}\"},\"query-input\":\"required name=search_term_string\"}],\"inLanguage\":\"en-US\"},{\"@type\":\"ImageObject\",\"inLanguage\":\"en-US\",\"@id\":\"https:\/\/www.visit-ulcinj.com\/blog\/2010\/09\/05\/rovena-stefa-sezoni-i-deshtuar-dhe-%e2%80%9czhvatja%e2%80%9d-e-kosovareve\/#primaryimage\",\"url\":\"http:\/\/www.visit-ulcinj.com\/blog\/wp-content\/uploads\/2010\/09\/Rovena-Stefa-CLUB.jpg\",\"contentUrl\":\"http:\/\/www.visit-ulcinj.com\/blog\/wp-content\/uploads\/2010\/09\/Rovena-Stefa-CLUB.jpg\"},{\"@type\":\"WebPage\",\"@id\":\"https:\/\/www.visit-ulcinj.com\/blog\/2010\/09\/05\/rovena-stefa-sezoni-i-deshtuar-dhe-%e2%80%9czhvatja%e2%80%9d-e-kosovareve\/#webpage\",\"url\":\"https:\/\/www.visit-ulcinj.com\/blog\/2010\/09\/05\/rovena-stefa-sezoni-i-deshtuar-dhe-%e2%80%9czhvatja%e2%80%9d-e-kosovareve\/\",\"name\":\"Rovena Stefa, sezoni i d\u00ebshtuar dhe \u201czhvatja\u201d e kosovar\u00ebve - Lajme nga Ulqini\",\"isPartOf\":{\"@id\":\"https:\/\/www.visit-ulcinj.com\/blog\/#website\"},\"primaryImageOfPage\":{\"@id\":\"https:\/\/www.visit-ulcinj.com\/blog\/2010\/09\/05\/rovena-stefa-sezoni-i-deshtuar-dhe-%e2%80%9czhvatja%e2%80%9d-e-kosovareve\/#primaryimage\"},\"datePublished\":\"2010-09-05T14:33:06+00:00\",\"dateModified\":\"2010-09-05T14:33:06+00:00\",\"author\":{\"@id\":\"https:\/\/www.visit-ulcinj.com\/blog\/#\/schema\/person\/dcab619c614d3038751c63bc2aadc06d\"},\"description\":\"Krejt rast\u00ebsisht n\u00eb Durr\u00ebs n\u00eb fundjav\u00ebn e kaluar, pik\u00ebrisht m\u00eb dat\u00ebn 29 Gusht, kur k\u00ebng\u00ebtarja shqiptare Rovena Stefa organizonte shown e fundit t\u00eb saj t\u00eb\",\"breadcrumb\":{\"@id\":\"https:\/\/www.visit-ulcinj.com\/blog\/2010\/09\/05\/rovena-stefa-sezoni-i-deshtuar-dhe-%e2%80%9czhvatja%e2%80%9d-e-kosovareve\/#breadcrumb\"},\"inLanguage\":\"en-US\",\"potentialAction\":[{\"@type\":\"ReadAction\",\"target\":[\"https:\/\/www.visit-ulcinj.com\/blog\/2010\/09\/05\/rovena-stefa-sezoni-i-deshtuar-dhe-%e2%80%9czhvatja%e2%80%9d-e-kosovareve\/\"]}]},{\"@type\":\"BreadcrumbList\",\"@id\":\"https:\/\/www.visit-ulcinj.com\/blog\/2010\/09\/05\/rovena-stefa-sezoni-i-deshtuar-dhe-%e2%80%9czhvatja%e2%80%9d-e-kosovareve\/#breadcrumb\",\"itemListElement\":[{\"@type\":\"ListItem\",\"position\":1,\"name\":\"Rovena Stefa, sezoni i d\u00ebshtuar dhe \u201czhvatja\u201d e kosovar\u00ebve\"}]},{\"@type\":\"Person\",\"@id\":\"https:\/\/www.visit-ulcinj.com\/blog\/#\/schema\/person\/dcab619c614d3038751c63bc2aadc06d\",\"name\":\"ulqini\",\"sameAs\":[\"http:\/\/www.visit-ulcinj.com\"],\"url\":\"https:\/\/www.visit-ulcinj.com\/blog\/author\/admin\/\"}]}<\/script>\n<!-- \/ Yoast SEO plugin. -->","yoast_head_json":{"title":"Rovena Stefa, sezoni i d\u00ebshtuar dhe \u201czhvatja\u201d e kosovar\u00ebve - Lajme nga Ulqini","description":"Krejt rast\u00ebsisht n\u00eb Durr\u00ebs n\u00eb fundjav\u00ebn e kaluar, pik\u00ebrisht m\u00eb dat\u00ebn 29 Gusht, kur k\u00ebng\u00ebtarja shqiptare Rovena Stefa organizonte shown e fundit t\u00eb saj t\u00eb","robots":{"index":"index","follow":"follow","max-snippet":"max-snippet:-1","max-image-preview":"max-image-preview:large","max-video-preview":"max-video-preview:-1"},"canonical":"https:\/\/www.visit-ulcinj.com\/blog\/2010\/09\/05\/rovena-stefa-sezoni-i-deshtuar-dhe-\u201czhvatja\u201d-e-kosovareve\/","og_locale":"en_US","og_type":"article","og_title":"Rovena Stefa, sezoni i d\u00ebshtuar dhe \u201czhvatja\u201d e kosovar\u00ebve - Lajme nga Ulqini","og_description":"Krejt rast\u00ebsisht n\u00eb Durr\u00ebs n\u00eb fundjav\u00ebn e kaluar, pik\u00ebrisht m\u00eb dat\u00ebn 29 Gusht, kur k\u00ebng\u00ebtarja shqiptare Rovena Stefa organizonte shown e fundit t\u00eb saj t\u00eb","og_url":"https:\/\/www.visit-ulcinj.com\/blog\/2010\/09\/05\/rovena-stefa-sezoni-i-deshtuar-dhe-\u201czhvatja\u201d-e-kosovareve\/","og_site_name":"Lajme nga Ulqini","article_published_time":"2010-09-05T14:33:06+00:00","og_image":[{"url":"https:\/\/www.visit-ulcinj.com\/blog\/wp-content\/uploads\/2010\/09\/Rovena-Stefa-CLUB-150x150.jpg"}],"twitter_misc":{"Written by":"ulqini","Est. reading time":"1 minute"},"schema":{"@context":"https:\/\/schema.org","@graph":[{"@type":"WebSite","@id":"https:\/\/www.visit-ulcinj.com\/blog\/#website","url":"https:\/\/www.visit-ulcinj.com\/blog\/","name":"Lajme nga Ulqini","description":"Lajme,Vijesti,Ulqini,Ulqin,Crna Gora,Mali i Zi","potentialAction":[{"@type":"SearchAction","target":{"@type":"EntryPoint","urlTemplate":"https:\/\/www.visit-ulcinj.com\/blog\/?s={search_term_string}"},"query-input":"required name=search_term_string"}],"inLanguage":"en-US"},{"@type":"ImageObject","inLanguage":"en-US","@id":"https:\/\/www.visit-ulcinj.com\/blog\/2010\/09\/05\/rovena-stefa-sezoni-i-deshtuar-dhe-%e2%80%9czhvatja%e2%80%9d-e-kosovareve\/#primaryimage","url":"http:\/\/www.visit-ulcinj.com\/blog\/wp-content\/uploads\/2010\/09\/Rovena-Stefa-CLUB.jpg","contentUrl":"http:\/\/www.visit-ulcinj.com\/blog\/wp-content\/uploads\/2010\/09\/Rovena-Stefa-CLUB.jpg"},{"@type":"WebPage","@id":"https:\/\/www.visit-ulcinj.com\/blog\/2010\/09\/05\/rovena-stefa-sezoni-i-deshtuar-dhe-%e2%80%9czhvatja%e2%80%9d-e-kosovareve\/#webpage","url":"https:\/\/www.visit-ulcinj.com\/blog\/2010\/09\/05\/rovena-stefa-sezoni-i-deshtuar-dhe-%e2%80%9czhvatja%e2%80%9d-e-kosovareve\/","name":"Rovena Stefa, sezoni i d\u00ebshtuar dhe \u201czhvatja\u201d e kosovar\u00ebve - Lajme nga Ulqini","isPartOf":{"@id":"https:\/\/www.visit-ulcinj.com\/blog\/#website"},"primaryImageOfPage":{"@id":"https:\/\/www.visit-ulcinj.com\/blog\/2010\/09\/05\/rovena-stefa-sezoni-i-deshtuar-dhe-%e2%80%9czhvatja%e2%80%9d-e-kosovareve\/#primaryimage"},"datePublished":"2010-09-05T14:33:06+00:00","dateModified":"2010-09-05T14:33:06+00:00","author":{"@id":"https:\/\/www.visit-ulcinj.com\/blog\/#\/schema\/person\/dcab619c614d3038751c63bc2aadc06d"},"description":"Krejt rast\u00ebsisht n\u00eb Durr\u00ebs n\u00eb fundjav\u00ebn e kaluar, pik\u00ebrisht m\u00eb dat\u00ebn 29 Gusht, kur k\u00ebng\u00ebtarja shqiptare Rovena Stefa organizonte shown e fundit t\u00eb saj t\u00eb","breadcrumb":{"@id":"https:\/\/www.visit-ulcinj.com\/blog\/2010\/09\/05\/rovena-stefa-sezoni-i-deshtuar-dhe-%e2%80%9czhvatja%e2%80%9d-e-kosovareve\/#breadcrumb"},"inLanguage":"en-US","potentialAction":[{"@type":"ReadAction","target":["https:\/\/www.visit-ulcinj.com\/blog\/2010\/09\/05\/rovena-stefa-sezoni-i-deshtuar-dhe-%e2%80%9czhvatja%e2%80%9d-e-kosovareve\/"]}]},{"@type":"BreadcrumbList","@id":"https:\/\/www.visit-ulcinj.com\/blog\/2010\/09\/05\/rovena-stefa-sezoni-i-deshtuar-dhe-%e2%80%9czhvatja%e2%80%9d-e-kosovareve\/#breadcrumb","itemListElement":[{"@type":"ListItem","position":1,"name":"Rovena Stefa, sezoni i d\u00ebshtuar dhe \u201czhvatja\u201d e kosovar\u00ebve"}]},{"@type":"Person","@id":"https:\/\/www.visit-ulcinj.com\/blog\/#\/schema\/person\/dcab619c614d3038751c63bc2aadc06d","name":"ulqini","sameAs":["http:\/\/www.visit-ulcinj.com"],"url":"https:\/\/www.visit-ulcinj.com\/blog\/author\/admin\/"}]}},"jetpack_featured_media_url":"","jetpack_sharing_enabled":true,"jetpack_shortlink":"https:\/\/wp.me\/pe6lTn-9yB","_links":{"self":[{"href":"https:\/\/www.visit-ulcinj.com\/blog\/wp-json\/wp\/v2\/posts\/36741"}],"collection":[{"href":"https:\/\/www.visit-ulcinj.com\/blog\/wp-json\/wp\/v2\/posts"}],"about":[{"href":"https:\/\/www.visit-ulcinj.com\/blog\/wp-json\/wp\/v2\/types\/post"}],"author":[{"embeddable":true,"href":"https:\/\/www.visit-ulcinj.com\/blog\/wp-json\/wp\/v2\/users\/1"}],"replies":[{"embeddable":true,"href":"https:\/\/www.visit-ulcinj.com\/blog\/wp-json\/wp\/v2\/comments?post=36741"}],"version-history":[{"count":0,"href":"https:\/\/www.visit-ulcinj.com\/blog\/wp-json\/wp\/v2\/posts\/36741\/revisions"}],"wp:attachment":[{"href":"https:\/\/www.visit-ulcinj.com\/blog\/wp-json\/wp\/v2\/media?parent=36741"}],"wp:term":[{"taxonomy":"category","embeddable":true,"href":"https:\/\/www.visit-ulcinj.com\/blog\/wp-json\/wp\/v2\/categories?post=36741"},{"taxonomy":"post_tag","embeddable":true,"href":"https:\/\/www.visit-ulcinj.com\/blog\/wp-json\/wp\/v2\/tags?post=36741"}],"curies":[{"name":"wp","href":"https:\/\/api.w.org\/{rel}","templated":true}]}}