{"id":36747,"date":"2010-09-05T17:31:37","date_gmt":"2010-09-05T15:31:37","guid":{"rendered":"http:\/\/www.visit-ulcinj.com\/blog\/?p=36747"},"modified":"2011-08-21T08:43:19","modified_gmt":"2011-08-21T07:43:19","slug":"kush-eshte-sabina-osmanoviq-nga-ulqini","status":"publish","type":"post","link":"https:\/\/www.visit-ulcinj.com\/blog\/2010\/09\/05\/kush-eshte-sabina-osmanoviq-nga-ulqini\/","title":{"rendered":"Kush \u00ebsht\u00eb Sabina Osmanoviq nga Ulqini &#8211; Video"},"content":{"rendered":"<p><a href=\"http:\/\/www.visit-ulcinj.com\/blog\/wp-content\/uploads\/2010\/09\/Sabina-Osmanoviq.1.jpg\"><img loading=\"lazy\" class=\"alignleft size-full wp-image-36750\" title=\"Sabina Osmanoviq.1\" src=\"http:\/\/www.visit-ulcinj.com\/blog\/wp-content\/uploads\/2010\/09\/Sabina-Osmanoviq.1.jpg\" alt=\"\" width=\"490\" height=\"380\" \/><\/a>Tekstin dua ta shkruaj n\u00eb gjuh\u00ebn serbo-malazeze pasi q\u00eb d\u00ebshiroj ta njoftoj opinionin n\u00eb t\u00ebrsi p\u00ebr ngjarje dhe personazhe nga kultura dhe veprimtaria t\u00eb popullat\u00ebs ton\u00eb Shqiptare &#8230;shumica e popullat\u00ebs n\u00eb k\u00ebto treva e njeh mir\u00eb gjuh\u00ebn serbo-malazeze, ndersa oto gjuh\u00ebn ton\u00eb pak, prandaj edhe shkruaj q\u00eb t\u00eb m\u00eb kuptojn\u00eb t\u00eb gjith\u00eb&#8230; Na slavnom Trgu robova ili trgu &#8221; Servantesa&#8221;, kako ga mi sada \u010desto i nazivamo, de\u0161ava se pone\u0161to \u0161to je i vrijedno pomena. Ja sam stalno prisutan i pa\u017eljivo gledam sve \u0161ta se de\u0161ava na &#8220;Letnoj sceni&#8221;. Namjerno sam napisao pod znacima navoda i izvoda, zato \u0161to je pogre\u0161no napisano. Naravno, ne bi ni bilo tako tragi\u010dno, kada se ne bi radilo o &#8220;Centru za kulturu&#8221;, dakle instituciji kulture..itd.itd..svaki drugi komentar je suvi\u0161an. Sino\u0107 je bilo puno poezije na oba jezika. Mijenjali su se pjesnici i bilo je zaista jedan prelijep ugo\u0111aj slu\u0161ati i gledati ljude koji pi\u0161u i vole poeziju. Me\u0111utim, &#8220;\u0161lag&#8221; ve\u010deri se desio negdje pred kraj ve\u010deri, kada je \u0161armantna i prelijepa voditeljka pozvala na scenu Sabinu Osmani. Ne bi ni u tome bilo ni\u010dega \u010dudnoga, jer mladi ljudi pi\u0161u i pjevaju pjesme, kada se ne bi radilo o jednoj izuzetnoj mladoj dami, koja ne pi\u0161e pjesme. Za mene, kao njenog biv\u0161eg profesora i ponekoga u publici njeno pozivanje na sceni i nije bilo iznena\u0111enje, dok za \u0161iri auditorijum i publiku sigurno da. Sabina je danas najmla\u0111i doktor nauka u Crnoj Gori a vjerovatno i \u0161ire. Zbog toga je, u to nema sumnje,i njeno pozivanje i predstavljanje za ve\u0107inu i bilo iznena\u0111enje. Vjerujem da je za sve prisutne na slavnom Trgu, to i bilo najprijatnije iznena\u0111enje ve\u010deri.<br \/>\nSabina je zavr\u0161ila gimnaziju u Ulcinju. Bila je vrijedna i posebno se izdvajala i isticala u fantasti\u010dnom poznavanju Njema\u010dkog jezika. Upisala je germanistiku u Skadru gdje je zavr\u0161ila kao najbolji student generacije. Za informaciju \u010diaocima fcb. germanistiku u Skadru finansira i dr\u017ei Republika Austija i nema \u0161anse da se zaradi diploma druga\u010dije, osim znanjem&#8230; Nakon zavr\u0161etka studija germanistike, dobija je stipendiju Austijske vlade za nastavak i usavr\u0161avanje studija u Gracu. Podsje\u0107am \u010ditaoce da universitet u Gracu ima vi\u0161e od \u010detrsto godina dugu tradiciju. Danas je ona najmla\u0111i doktor nauka u Crnoj Gori, a vjerujem i \u0161ire. Zamislite sre\u0107ne roditelje i Sabinu. Prelijepa, vaspitana i izvanredno obrazovanu mlada dama, koja danas ima sve atribute da u skoroj budu\u0107nosti postane predstavnik ili ambasador na\u0161e kulture i na\u0161e zemlje bilo gdje u svijetu. I ja sam bio ponosan sino\u0107. Ja sam joj predavao Njema\u010dki jezik i dok sam joj \u010destitao razmi\u0161ljao sam o tome kako sam i ja dao jedan skromni doprinos u njenom obrazovanju. Slikao sam je u dru\u0161tvu prof. dr. Ru\u017edi U\u0161akua, nau\u010dnika i pisca, \u010dovjeka koji je pozivan da ispituje i na Sorboni. Danas je on jedan od naja\u010dih romanista na Balkanu&#8230; nijesu se slu\u010dajno na\u0161li, sjedeli su jedan do drugoga, dvije generacije sa ovih prostora&#8230;<\/p>\n<h3><a href=\"http:\/\/www.facebook.com\/sabina.osmanovic\">Sabina Osmanovic Facebook<\/a><\/h3>\n<p><strong><a href=\"http:\/\/www.facebook.com\/profile.php?id=1359492972\">Ismet Karamanaga Facebook<br \/>\n\n\t\t<style type=\"text\/css\">\n\t\t\t#gallery-1 {\n\t\t\t\tmargin: auto;\n\t\t\t}\n\t\t\t#gallery-1 .gallery-item {\n\t\t\t\tfloat: left;\n\t\t\t\tmargin-top: 10px;\n\t\t\t\ttext-align: center;\n\t\t\t\twidth: 33%;\n\t\t\t}\n\t\t\t#gallery-1 img {\n\t\t\t\tborder: 2px solid #cfcfcf;\n\t\t\t}\n\t\t\t#gallery-1 .gallery-caption {\n\t\t\t\tmargin-left: 0;\n\t\t\t}\n\t\t\t\/* see gallery_shortcode() in wp-includes\/media.php *\/\n\t\t<\/style>\n\t\t<div id='gallery-1' class='gallery galleryid-36747 gallery-columns-3 gallery-size-thumbnail'><dl class='gallery-item'>\n\t\t\t<dt class='gallery-icon landscape'>\n\t\t\t\t<a href='https:\/\/www.visit-ulcinj.com\/blog\/wp-content\/uploads\/2010\/09\/Ruzhdi-Ushaku_Sabina-Osmanoviq.jpg'><img width=\"150\" height=\"150\" src=\"https:\/\/www.visit-ulcinj.com\/blog\/wp-content\/uploads\/2010\/09\/Ruzhdi-Ushaku_Sabina-Osmanoviq-150x150.jpg\" class=\"attachment-thumbnail size-thumbnail\" alt=\"\" loading=\"lazy\" \/><\/a>\n\t\t\t<\/dt><\/dl><dl class='gallery-item'>\n\t\t\t<dt class='gallery-icon portrait'>\n\t\t\t\t<a href='https:\/\/www.visit-ulcinj.com\/blog\/wp-content\/uploads\/2010\/09\/Sabina-Osmanoviq_picnik.jpg'><img width=\"150\" height=\"150\" src=\"https:\/\/www.visit-ulcinj.com\/blog\/wp-content\/uploads\/2010\/09\/Sabina-Osmanoviq_picnik-150x150.jpg\" class=\"attachment-thumbnail size-thumbnail\" alt=\"\" loading=\"lazy\" srcset=\"https:\/\/www.visit-ulcinj.com\/blog\/wp-content\/uploads\/2010\/09\/Sabina-Osmanoviq_picnik-150x150.jpg 150w, https:\/\/www.visit-ulcinj.com\/blog\/wp-content\/uploads\/2010\/09\/Sabina-Osmanoviq_picnik.jpg 713w\" sizes=\"(max-width: 150px) 100vw, 150px\" \/><\/a>\n\t\t\t<\/dt><\/dl><dl class='gallery-item'>\n\t\t\t<dt class='gallery-icon landscape'>\n\t\t\t\t<a href='https:\/\/www.visit-ulcinj.com\/blog\/wp-content\/uploads\/2010\/09\/Sabina-Osmanoviq.1.jpg'><img width=\"150\" height=\"150\" src=\"https:\/\/www.visit-ulcinj.com\/blog\/wp-content\/uploads\/2010\/09\/Sabina-Osmanoviq.1-150x150.jpg\" class=\"attachment-thumbnail size-thumbnail\" alt=\"\" loading=\"lazy\" \/><\/a>\n\t\t\t<\/dt><\/dl><br style=\"clear: both\" \/>\n\t\t<\/div>\n<br \/>\n<\/a><!--YouTube Error: bad URL entered--><br \/>\n<\/strong><\/p>\n","protected":false},"excerpt":{"rendered":"<p>Tekstin dua ta shkruaj n\u00eb gjuh\u00ebn serbo-malazeze pasi q\u00eb d\u00ebshiroj ta njoftoj opinionin n\u00eb t\u00ebrsi p\u00ebr ngjarje dhe personazhe nga kultura dhe veprimtaria t\u00eb popullat\u00ebs ton\u00eb Shqiptare &#8230;shumica e popullat\u00ebs n\u00eb k\u00ebto treva e njeh mir\u00eb gjuh\u00ebn serbo-malazeze, ndersa oto gjuh\u00ebn ton\u00eb pak, prandaj edhe shkruaj q\u00eb t\u00eb m\u00eb kuptojn\u00eb t\u00eb gjith\u00eb&#8230; Na slavnom Trgu [&hellip;]<\/p>\n","protected":false},"author":1,"featured_media":0,"comment_status":"open","ping_status":"closed","sticky":false,"template":"","format":"standard","meta":{"spay_email":"","jetpack_publicize_message":"","jetpack_is_tweetstorm":false,"jetpack_publicize_feature_enabled":true},"categories":[4],"tags":[15264,15263,19,200,18],"jetpack_publicize_connections":[],"yoast_head":"<!-- This site is optimized with the Yoast SEO plugin v19.1 - https:\/\/yoast.com\/wordpress\/plugins\/seo\/ -->\n<title>Kush \u00ebsht\u00eb Sabina Osmanoviq nga Ulqini - Video - Lajme nga Ulqini<\/title>\n<meta name=\"description\" content=\"Tekstin dua ta shkruaj n\u00eb gjuh\u00ebn serbo-malazeze pasi q\u00eb d\u00ebshiroj ta njoftoj opinionin n\u00eb t\u00ebrsi p\u00ebr ngjarje dhe personazhe nga kultura dhe veprimtaria t\u00eb\" \/>\n<meta name=\"robots\" content=\"index, follow, max-snippet:-1, max-image-preview:large, max-video-preview:-1\" \/>\n<link rel=\"canonical\" href=\"https:\/\/www.visit-ulcinj.com\/blog\/2010\/09\/05\/kush-eshte-sabina-osmanoviq-nga-ulqini\/\" \/>\n<meta property=\"og:locale\" content=\"en_US\" \/>\n<meta property=\"og:type\" content=\"article\" \/>\n<meta property=\"og:title\" content=\"Kush \u00ebsht\u00eb Sabina Osmanoviq nga Ulqini - Video - Lajme nga Ulqini\" \/>\n<meta property=\"og:description\" content=\"Tekstin dua ta shkruaj n\u00eb gjuh\u00ebn serbo-malazeze pasi q\u00eb d\u00ebshiroj ta njoftoj opinionin n\u00eb t\u00ebrsi p\u00ebr ngjarje dhe personazhe nga kultura dhe veprimtaria t\u00eb\" \/>\n<meta property=\"og:url\" content=\"https:\/\/www.visit-ulcinj.com\/blog\/2010\/09\/05\/kush-eshte-sabina-osmanoviq-nga-ulqini\/\" \/>\n<meta property=\"og:site_name\" content=\"Lajme nga Ulqini\" \/>\n<meta property=\"article:published_time\" content=\"2010-09-05T15:31:37+00:00\" \/>\n<meta property=\"article:modified_time\" content=\"2011-08-21T07:43:19+00:00\" \/>\n<meta property=\"og:image\" content=\"https:\/\/www.visit-ulcinj.com\/blog\/wp-content\/uploads\/2010\/09\/Ruzhdi-Ushaku_Sabina-Osmanoviq-150x150.jpg\" \/>\n<meta name=\"twitter:label1\" content=\"Written by\" \/>\n\t<meta name=\"twitter:data1\" content=\"ulqini\" \/>\n\t<meta name=\"twitter:label2\" content=\"Est. reading time\" \/>\n\t<meta name=\"twitter:data2\" content=\"3 minutes\" \/>\n<script type=\"application\/ld+json\" class=\"yoast-schema-graph\">{\"@context\":\"https:\/\/schema.org\",\"@graph\":[{\"@type\":\"WebSite\",\"@id\":\"https:\/\/www.visit-ulcinj.com\/blog\/#website\",\"url\":\"https:\/\/www.visit-ulcinj.com\/blog\/\",\"name\":\"Lajme nga Ulqini\",\"description\":\"Lajme,Vijesti,Ulqini,Ulqin,Crna Gora,Mali i Zi\",\"potentialAction\":[{\"@type\":\"SearchAction\",\"target\":{\"@type\":\"EntryPoint\",\"urlTemplate\":\"https:\/\/www.visit-ulcinj.com\/blog\/?s={search_term_string}\"},\"query-input\":\"required name=search_term_string\"}],\"inLanguage\":\"en-US\"},{\"@type\":\"ImageObject\",\"inLanguage\":\"en-US\",\"@id\":\"https:\/\/www.visit-ulcinj.com\/blog\/2010\/09\/05\/kush-eshte-sabina-osmanoviq-nga-ulqini\/#primaryimage\",\"url\":\"https:\/\/www.visit-ulcinj.com\/blog\/wp-content\/uploads\/2010\/09\/Sabina-Osmanoviq.1.jpg\",\"contentUrl\":\"https:\/\/www.visit-ulcinj.com\/blog\/wp-content\/uploads\/2010\/09\/Sabina-Osmanoviq.1.jpg\",\"width\":\"720\",\"height\":\"542\"},{\"@type\":\"WebPage\",\"@id\":\"https:\/\/www.visit-ulcinj.com\/blog\/2010\/09\/05\/kush-eshte-sabina-osmanoviq-nga-ulqini\/#webpage\",\"url\":\"https:\/\/www.visit-ulcinj.com\/blog\/2010\/09\/05\/kush-eshte-sabina-osmanoviq-nga-ulqini\/\",\"name\":\"Kush \u00ebsht\u00eb Sabina Osmanoviq nga Ulqini - Video - Lajme nga Ulqini\",\"isPartOf\":{\"@id\":\"https:\/\/www.visit-ulcinj.com\/blog\/#website\"},\"primaryImageOfPage\":{\"@id\":\"https:\/\/www.visit-ulcinj.com\/blog\/2010\/09\/05\/kush-eshte-sabina-osmanoviq-nga-ulqini\/#primaryimage\"},\"datePublished\":\"2010-09-05T15:31:37+00:00\",\"dateModified\":\"2011-08-21T07:43:19+00:00\",\"author\":{\"@id\":\"https:\/\/www.visit-ulcinj.com\/blog\/#\/schema\/person\/dcab619c614d3038751c63bc2aadc06d\"},\"description\":\"Tekstin dua ta shkruaj n\u00eb gjuh\u00ebn serbo-malazeze pasi q\u00eb d\u00ebshiroj ta njoftoj opinionin n\u00eb t\u00ebrsi p\u00ebr ngjarje dhe personazhe nga kultura dhe veprimtaria t\u00eb\",\"breadcrumb\":{\"@id\":\"https:\/\/www.visit-ulcinj.com\/blog\/2010\/09\/05\/kush-eshte-sabina-osmanoviq-nga-ulqini\/#breadcrumb\"},\"inLanguage\":\"en-US\",\"potentialAction\":[{\"@type\":\"ReadAction\",\"target\":[\"https:\/\/www.visit-ulcinj.com\/blog\/2010\/09\/05\/kush-eshte-sabina-osmanoviq-nga-ulqini\/\"]}]},{\"@type\":\"BreadcrumbList\",\"@id\":\"https:\/\/www.visit-ulcinj.com\/blog\/2010\/09\/05\/kush-eshte-sabina-osmanoviq-nga-ulqini\/#breadcrumb\",\"itemListElement\":[{\"@type\":\"ListItem\",\"position\":1,\"name\":\"Kush \u00ebsht\u00eb Sabina Osmanoviq nga Ulqini &#8211; Video\"}]},{\"@type\":\"Person\",\"@id\":\"https:\/\/www.visit-ulcinj.com\/blog\/#\/schema\/person\/dcab619c614d3038751c63bc2aadc06d\",\"name\":\"ulqini\",\"sameAs\":[\"http:\/\/www.visit-ulcinj.com\"],\"url\":\"https:\/\/www.visit-ulcinj.com\/blog\/author\/admin\/\"}]}<\/script>\n<!-- \/ Yoast SEO plugin. -->","yoast_head_json":{"title":"Kush \u00ebsht\u00eb Sabina Osmanoviq nga Ulqini - Video - Lajme nga Ulqini","description":"Tekstin dua ta shkruaj n\u00eb gjuh\u00ebn serbo-malazeze pasi q\u00eb d\u00ebshiroj ta njoftoj opinionin n\u00eb t\u00ebrsi p\u00ebr ngjarje dhe personazhe nga kultura dhe veprimtaria t\u00eb","robots":{"index":"index","follow":"follow","max-snippet":"max-snippet:-1","max-image-preview":"max-image-preview:large","max-video-preview":"max-video-preview:-1"},"canonical":"https:\/\/www.visit-ulcinj.com\/blog\/2010\/09\/05\/kush-eshte-sabina-osmanoviq-nga-ulqini\/","og_locale":"en_US","og_type":"article","og_title":"Kush \u00ebsht\u00eb Sabina Osmanoviq nga Ulqini - Video - Lajme nga Ulqini","og_description":"Tekstin dua ta shkruaj n\u00eb gjuh\u00ebn serbo-malazeze pasi q\u00eb d\u00ebshiroj ta njoftoj opinionin n\u00eb t\u00ebrsi p\u00ebr ngjarje dhe personazhe nga kultura dhe veprimtaria t\u00eb","og_url":"https:\/\/www.visit-ulcinj.com\/blog\/2010\/09\/05\/kush-eshte-sabina-osmanoviq-nga-ulqini\/","og_site_name":"Lajme nga Ulqini","article_published_time":"2010-09-05T15:31:37+00:00","article_modified_time":"2011-08-21T07:43:19+00:00","og_image":[{"url":"https:\/\/www.visit-ulcinj.com\/blog\/wp-content\/uploads\/2010\/09\/Ruzhdi-Ushaku_Sabina-Osmanoviq-150x150.jpg"}],"twitter_misc":{"Written by":"ulqini","Est. reading time":"3 minutes"},"schema":{"@context":"https:\/\/schema.org","@graph":[{"@type":"WebSite","@id":"https:\/\/www.visit-ulcinj.com\/blog\/#website","url":"https:\/\/www.visit-ulcinj.com\/blog\/","name":"Lajme nga Ulqini","description":"Lajme,Vijesti,Ulqini,Ulqin,Crna Gora,Mali i Zi","potentialAction":[{"@type":"SearchAction","target":{"@type":"EntryPoint","urlTemplate":"https:\/\/www.visit-ulcinj.com\/blog\/?s={search_term_string}"},"query-input":"required name=search_term_string"}],"inLanguage":"en-US"},{"@type":"ImageObject","inLanguage":"en-US","@id":"https:\/\/www.visit-ulcinj.com\/blog\/2010\/09\/05\/kush-eshte-sabina-osmanoviq-nga-ulqini\/#primaryimage","url":"https:\/\/www.visit-ulcinj.com\/blog\/wp-content\/uploads\/2010\/09\/Sabina-Osmanoviq.1.jpg","contentUrl":"https:\/\/www.visit-ulcinj.com\/blog\/wp-content\/uploads\/2010\/09\/Sabina-Osmanoviq.1.jpg","width":"720","height":"542"},{"@type":"WebPage","@id":"https:\/\/www.visit-ulcinj.com\/blog\/2010\/09\/05\/kush-eshte-sabina-osmanoviq-nga-ulqini\/#webpage","url":"https:\/\/www.visit-ulcinj.com\/blog\/2010\/09\/05\/kush-eshte-sabina-osmanoviq-nga-ulqini\/","name":"Kush \u00ebsht\u00eb Sabina Osmanoviq nga Ulqini - Video - Lajme nga Ulqini","isPartOf":{"@id":"https:\/\/www.visit-ulcinj.com\/blog\/#website"},"primaryImageOfPage":{"@id":"https:\/\/www.visit-ulcinj.com\/blog\/2010\/09\/05\/kush-eshte-sabina-osmanoviq-nga-ulqini\/#primaryimage"},"datePublished":"2010-09-05T15:31:37+00:00","dateModified":"2011-08-21T07:43:19+00:00","author":{"@id":"https:\/\/www.visit-ulcinj.com\/blog\/#\/schema\/person\/dcab619c614d3038751c63bc2aadc06d"},"description":"Tekstin dua ta shkruaj n\u00eb gjuh\u00ebn serbo-malazeze pasi q\u00eb d\u00ebshiroj ta njoftoj opinionin n\u00eb t\u00ebrsi p\u00ebr ngjarje dhe personazhe nga kultura dhe veprimtaria t\u00eb","breadcrumb":{"@id":"https:\/\/www.visit-ulcinj.com\/blog\/2010\/09\/05\/kush-eshte-sabina-osmanoviq-nga-ulqini\/#breadcrumb"},"inLanguage":"en-US","potentialAction":[{"@type":"ReadAction","target":["https:\/\/www.visit-ulcinj.com\/blog\/2010\/09\/05\/kush-eshte-sabina-osmanoviq-nga-ulqini\/"]}]},{"@type":"BreadcrumbList","@id":"https:\/\/www.visit-ulcinj.com\/blog\/2010\/09\/05\/kush-eshte-sabina-osmanoviq-nga-ulqini\/#breadcrumb","itemListElement":[{"@type":"ListItem","position":1,"name":"Kush \u00ebsht\u00eb Sabina Osmanoviq nga Ulqini &#8211; Video"}]},{"@type":"Person","@id":"https:\/\/www.visit-ulcinj.com\/blog\/#\/schema\/person\/dcab619c614d3038751c63bc2aadc06d","name":"ulqini","sameAs":["http:\/\/www.visit-ulcinj.com"],"url":"https:\/\/www.visit-ulcinj.com\/blog\/author\/admin\/"}]}},"jetpack_featured_media_url":"","jetpack_sharing_enabled":true,"jetpack_shortlink":"https:\/\/wp.me\/pe6lTn-9yH","_links":{"self":[{"href":"https:\/\/www.visit-ulcinj.com\/blog\/wp-json\/wp\/v2\/posts\/36747"}],"collection":[{"href":"https:\/\/www.visit-ulcinj.com\/blog\/wp-json\/wp\/v2\/posts"}],"about":[{"href":"https:\/\/www.visit-ulcinj.com\/blog\/wp-json\/wp\/v2\/types\/post"}],"author":[{"embeddable":true,"href":"https:\/\/www.visit-ulcinj.com\/blog\/wp-json\/wp\/v2\/users\/1"}],"replies":[{"embeddable":true,"href":"https:\/\/www.visit-ulcinj.com\/blog\/wp-json\/wp\/v2\/comments?post=36747"}],"version-history":[{"count":1,"href":"https:\/\/www.visit-ulcinj.com\/blog\/wp-json\/wp\/v2\/posts\/36747\/revisions"}],"predecessor-version":[{"id":49954,"href":"https:\/\/www.visit-ulcinj.com\/blog\/wp-json\/wp\/v2\/posts\/36747\/revisions\/49954"}],"wp:attachment":[{"href":"https:\/\/www.visit-ulcinj.com\/blog\/wp-json\/wp\/v2\/media?parent=36747"}],"wp:term":[{"taxonomy":"category","embeddable":true,"href":"https:\/\/www.visit-ulcinj.com\/blog\/wp-json\/wp\/v2\/categories?post=36747"},{"taxonomy":"post_tag","embeddable":true,"href":"https:\/\/www.visit-ulcinj.com\/blog\/wp-json\/wp\/v2\/tags?post=36747"}],"curies":[{"name":"wp","href":"https:\/\/api.w.org\/{rel}","templated":true}]}}