{"id":3676,"date":"2008-09-28T11:57:58","date_gmt":"2008-09-28T16:57:58","guid":{"rendered":"http:\/\/www.visit-ulcinj.com\/blog\/?p=3676"},"modified":"2008-10-17T14:04:31","modified_gmt":"2008-10-17T19:04:31","slug":"dragan-radovic-i-zvanicno-novi-trener-ulcinja","status":"publish","type":"post","link":"https:\/\/www.visit-ulcinj.com\/blog\/2008\/09\/28\/dragan-radovic-i-zvanicno-novi-trener-ulcinja\/","title":{"rendered":"Dragan Radovi? i zvani?no novi trener Ulcinja"},"content":{"rendered":"<p><a href=\"http:\/\/www.visit-ulcinj.com\/blog\/wp-content\/uploads\/2008\/09\/dragan-radovic.jpg\"><img loading=\"lazy\" class=\"alignleft size-medium wp-image-3677\" title=\"dragan-radovic\" src=\"http:\/\/www.visit-ulcinj.com\/blog\/wp-content\/uploads\/2008\/09\/dragan-radovic.jpg\" alt=\"\" width=\"290\" height=\"190\" \/><\/a><strong>Opstanak glavni cilj<\/strong><br \/>\nPodgorica &#8211; Dragan Radovi?, doskora\u0161nji trener Lov?ena, od ju?e je i zvani?no \u0161ef stru?nog \u0161taba Ulcinja. Mladi i ambiciozni stru?njak, dogovorio je sa klubom iz najju\u017enijeg crnogorskog grada dvogodi\u0161nju saradnju. U prvoj sezoni, zbog problema koji su pratili klub poosljednjih mjeseci, glavni cilj je konsolidacija ekipe, a naredne ?e cilj biti plasman u sam vrh crnogorske ko\u0161arke.<br \/>\n&#8211; Ovo je novi izazov za mene. Ve? pet-\u0161est dana sam u Ulcinju, imali smo neke probne treninge. Nijesam \u017eelio da potpi\u0161em ugovor dok ne vidim sa kakvom ?u ekipom raspolagati. Uradili smo dosta za ovo kratko vrijeme i mislim da ?emo imati solidnu ekipu. Naredne sezone je glavni cilj opstanak u ligi, a sve preko toga bi?e veliki uspjeh. Tako?e, nova sezona ?e biti svojevrstan filter da vidimo na koje igra?e mo\u017eemo da ra?unamo i sa kim mo\u017eemo da produ\u017eimo ugovor na kraju sezone &#8211; ka\u017ee novi trener Ulcinja.<br \/>\nPrije desetak dana uprava je podnijela ostavke, ali se klub brzo stabilizovao.<br \/>\n&#8211; U razgovoru sa ljudima koji su sada na ?elu kluba, vidio sam da imaju velike ambicije i ljubav prema ko\u0161arci. Siguran sam da ?e Ulcinj za godinu-dvije po svemu biti me?u najboljim crnogorskim klubovima.<br \/>\nOsim velikih ambicija, jo\u0161 jedan razlog je naveo Radovi?a da preuzme Ulcinj.<br \/>\n&#8211; Godinama imaju sjajnu atmosferu na tribinama i to je jedan od najve?ih razloga \u0161to sam do\u0161ao u Ulcinj. Nadam se da ?emo naredne sezone imati veliku podr\u0161ku navija?a.<br \/>\nIgra?ki kadar za novu sezonu je prakti?no kompletiran dolaskom ?ak osam novajlija.<br \/>\n&#8211; Stigli su Miljan Vukoti? (Nik\u0161i?), Ivan Jankovi? (Mladost Zemun), Sr?an Stani? (Slavija Srpsko Sarajevo), Slobodan Lali? (Slavija Srpsko Sarajevo), Rajko Malovi? (Slavija Srpsko Sarajevo), Rade Ivanovi? (Budu?nost), Nemanja Paunovi? (Borac Banjaluka), Stefan ?or?evi? (Mega Hypo Lizing) i Elmir Forto (Treis Karden, Njema?ka). Uz starosjedioce Aleksandra Ivanovi?a, Luku Dabanovi?a i Sandro ?uka, to je ekipa koju ?emo imati na raspolaganju. Edvin Kalezi? ide u Ameriku i na njega ne?emo mo?i da ra?unano u prvom dijelu sezone &#8211; zaklju?io je Radovi?.<br \/>\n<strong>D.M.<br \/>\nIzvor \/\u00a0 Vijesti<\/strong><br \/>\n<!--YouTube Error: bad URL entered--><\/p>\n<p style=\"text-align: center;\"><a class=\"aligncenter size-medium wp-image-3551\" href=\"http:\/\/www.visit-ulcinj.com\/blog\/wp-content\/uploads\/2008\/09\/kk_ulcinj.gif\"><img loading=\"lazy\" class=\"aligncenter size-medium wp-image-3551\" title=\"kk_ulcinj\" src=\"http:\/\/www.visit-ulcinj.com\/blog\/wp-content\/uploads\/2008\/09\/kk_ulcinj-300x181.gif\" alt=\"\" width=\"400\" height=\"200\" \/><\/a><\/p>\n","protected":false},"excerpt":{"rendered":"<p>Opstanak glavni cilj Podgorica &#8211; Dragan Radovi?, doskora\u0161nji trener Lov?ena, od ju?e je i zvani?no \u0161ef stru?nog \u0161taba Ulcinja. Mladi i ambiciozni stru?njak, dogovorio je sa klubom iz najju\u017enijeg crnogorskog grada dvogodi\u0161nju saradnju. U prvoj sezoni, zbog problema koji su pratili klub poosljednjih mjeseci, glavni cilj je konsolidacija ekipe, a naredne ?e cilj biti plasman [&hellip;]<\/p>\n","protected":false},"author":1,"featured_media":0,"comment_status":"open","ping_status":"closed","sticky":false,"template":"","format":"standard","meta":{"spay_email":"","jetpack_publicize_message":"","jetpack_is_tweetstorm":false,"jetpack_publicize_feature_enabled":true},"categories":[12,3],"tags":[4604,4605,19],"jetpack_publicize_connections":[],"yoast_head":"<!-- This site is optimized with the Yoast SEO plugin v19.1 - https:\/\/yoast.com\/wordpress\/plugins\/seo\/ -->\n<title>Dragan Radovi? i zvani?no novi trener Ulcinja - Lajme nga Ulqini<\/title>\n<meta name=\"description\" content=\"Opstanak glavni cilj Podgorica - Dragan Radovi?, doskora\u0161nji trener Lov?ena, od ju?e je i zvani?no \u0161ef stru?nog \u0161taba Ulcinja. Mladi i ambiciozni\" \/>\n<meta name=\"robots\" content=\"index, follow, max-snippet:-1, max-image-preview:large, max-video-preview:-1\" \/>\n<link rel=\"canonical\" href=\"https:\/\/www.visit-ulcinj.com\/blog\/2008\/09\/28\/dragan-radovic-i-zvanicno-novi-trener-ulcinja\/\" \/>\n<meta property=\"og:locale\" content=\"en_US\" \/>\n<meta property=\"og:type\" content=\"article\" \/>\n<meta property=\"og:title\" content=\"Dragan Radovi? i zvani?no novi trener Ulcinja - Lajme nga Ulqini\" \/>\n<meta property=\"og:description\" content=\"Opstanak glavni cilj Podgorica - Dragan Radovi?, doskora\u0161nji trener Lov?ena, od ju?e je i zvani?no \u0161ef stru?nog \u0161taba Ulcinja. Mladi i ambiciozni\" \/>\n<meta property=\"og:url\" content=\"https:\/\/www.visit-ulcinj.com\/blog\/2008\/09\/28\/dragan-radovic-i-zvanicno-novi-trener-ulcinja\/\" \/>\n<meta property=\"og:site_name\" content=\"Lajme nga Ulqini\" \/>\n<meta property=\"article:published_time\" content=\"2008-09-28T16:57:58+00:00\" \/>\n<meta property=\"article:modified_time\" content=\"2008-10-17T19:04:31+00:00\" \/>\n<meta property=\"og:image\" content=\"http:\/\/www.visit-ulcinj.com\/blog\/wp-content\/uploads\/2008\/09\/dragan-radovic.jpg\" \/>\n<meta name=\"twitter:label1\" content=\"Written by\" \/>\n\t<meta name=\"twitter:data1\" content=\"ulqini\" \/>\n\t<meta name=\"twitter:label2\" content=\"Est. reading time\" \/>\n\t<meta name=\"twitter:data2\" content=\"2 minutes\" \/>\n<script type=\"application\/ld+json\" class=\"yoast-schema-graph\">{\"@context\":\"https:\/\/schema.org\",\"@graph\":[{\"@type\":\"WebSite\",\"@id\":\"https:\/\/www.visit-ulcinj.com\/blog\/#website\",\"url\":\"https:\/\/www.visit-ulcinj.com\/blog\/\",\"name\":\"Lajme nga Ulqini\",\"description\":\"Lajme,Vijesti,Ulqini,Ulqin,Crna Gora,Mali i Zi\",\"potentialAction\":[{\"@type\":\"SearchAction\",\"target\":{\"@type\":\"EntryPoint\",\"urlTemplate\":\"https:\/\/www.visit-ulcinj.com\/blog\/?s={search_term_string}\"},\"query-input\":\"required name=search_term_string\"}],\"inLanguage\":\"en-US\"},{\"@type\":\"ImageObject\",\"inLanguage\":\"en-US\",\"@id\":\"https:\/\/www.visit-ulcinj.com\/blog\/2008\/09\/28\/dragan-radovic-i-zvanicno-novi-trener-ulcinja\/#primaryimage\",\"url\":\"http:\/\/www.visit-ulcinj.com\/blog\/wp-content\/uploads\/2008\/09\/dragan-radovic.jpg\",\"contentUrl\":\"http:\/\/www.visit-ulcinj.com\/blog\/wp-content\/uploads\/2008\/09\/dragan-radovic.jpg\"},{\"@type\":\"WebPage\",\"@id\":\"https:\/\/www.visit-ulcinj.com\/blog\/2008\/09\/28\/dragan-radovic-i-zvanicno-novi-trener-ulcinja\/#webpage\",\"url\":\"https:\/\/www.visit-ulcinj.com\/blog\/2008\/09\/28\/dragan-radovic-i-zvanicno-novi-trener-ulcinja\/\",\"name\":\"Dragan Radovi? i zvani?no novi trener Ulcinja - Lajme nga Ulqini\",\"isPartOf\":{\"@id\":\"https:\/\/www.visit-ulcinj.com\/blog\/#website\"},\"primaryImageOfPage\":{\"@id\":\"https:\/\/www.visit-ulcinj.com\/blog\/2008\/09\/28\/dragan-radovic-i-zvanicno-novi-trener-ulcinja\/#primaryimage\"},\"datePublished\":\"2008-09-28T16:57:58+00:00\",\"dateModified\":\"2008-10-17T19:04:31+00:00\",\"author\":{\"@id\":\"https:\/\/www.visit-ulcinj.com\/blog\/#\/schema\/person\/dcab619c614d3038751c63bc2aadc06d\"},\"description\":\"Opstanak glavni cilj Podgorica - Dragan Radovi?, doskora\u0161nji trener Lov?ena, od ju?e je i zvani?no \u0161ef stru?nog \u0161taba Ulcinja. Mladi i ambiciozni\",\"breadcrumb\":{\"@id\":\"https:\/\/www.visit-ulcinj.com\/blog\/2008\/09\/28\/dragan-radovic-i-zvanicno-novi-trener-ulcinja\/#breadcrumb\"},\"inLanguage\":\"en-US\",\"potentialAction\":[{\"@type\":\"ReadAction\",\"target\":[\"https:\/\/www.visit-ulcinj.com\/blog\/2008\/09\/28\/dragan-radovic-i-zvanicno-novi-trener-ulcinja\/\"]}]},{\"@type\":\"BreadcrumbList\",\"@id\":\"https:\/\/www.visit-ulcinj.com\/blog\/2008\/09\/28\/dragan-radovic-i-zvanicno-novi-trener-ulcinja\/#breadcrumb\",\"itemListElement\":[{\"@type\":\"ListItem\",\"position\":1,\"name\":\"Dragan Radovi? i zvani?no novi trener Ulcinja\"}]},{\"@type\":\"Person\",\"@id\":\"https:\/\/www.visit-ulcinj.com\/blog\/#\/schema\/person\/dcab619c614d3038751c63bc2aadc06d\",\"name\":\"ulqini\",\"sameAs\":[\"http:\/\/www.visit-ulcinj.com\"],\"url\":\"https:\/\/www.visit-ulcinj.com\/blog\/author\/admin\/\"}]}<\/script>\n<!-- \/ Yoast SEO plugin. -->","yoast_head_json":{"title":"Dragan Radovi? i zvani?no novi trener Ulcinja - Lajme nga Ulqini","description":"Opstanak glavni cilj Podgorica - Dragan Radovi?, doskora\u0161nji trener Lov?ena, od ju?e je i zvani?no \u0161ef stru?nog \u0161taba Ulcinja. Mladi i ambiciozni","robots":{"index":"index","follow":"follow","max-snippet":"max-snippet:-1","max-image-preview":"max-image-preview:large","max-video-preview":"max-video-preview:-1"},"canonical":"https:\/\/www.visit-ulcinj.com\/blog\/2008\/09\/28\/dragan-radovic-i-zvanicno-novi-trener-ulcinja\/","og_locale":"en_US","og_type":"article","og_title":"Dragan Radovi? i zvani?no novi trener Ulcinja - Lajme nga Ulqini","og_description":"Opstanak glavni cilj Podgorica - Dragan Radovi?, doskora\u0161nji trener Lov?ena, od ju?e je i zvani?no \u0161ef stru?nog \u0161taba Ulcinja. Mladi i ambiciozni","og_url":"https:\/\/www.visit-ulcinj.com\/blog\/2008\/09\/28\/dragan-radovic-i-zvanicno-novi-trener-ulcinja\/","og_site_name":"Lajme nga Ulqini","article_published_time":"2008-09-28T16:57:58+00:00","article_modified_time":"2008-10-17T19:04:31+00:00","og_image":[{"url":"http:\/\/www.visit-ulcinj.com\/blog\/wp-content\/uploads\/2008\/09\/dragan-radovic.jpg"}],"twitter_misc":{"Written by":"ulqini","Est. reading time":"2 minutes"},"schema":{"@context":"https:\/\/schema.org","@graph":[{"@type":"WebSite","@id":"https:\/\/www.visit-ulcinj.com\/blog\/#website","url":"https:\/\/www.visit-ulcinj.com\/blog\/","name":"Lajme nga Ulqini","description":"Lajme,Vijesti,Ulqini,Ulqin,Crna Gora,Mali i Zi","potentialAction":[{"@type":"SearchAction","target":{"@type":"EntryPoint","urlTemplate":"https:\/\/www.visit-ulcinj.com\/blog\/?s={search_term_string}"},"query-input":"required name=search_term_string"}],"inLanguage":"en-US"},{"@type":"ImageObject","inLanguage":"en-US","@id":"https:\/\/www.visit-ulcinj.com\/blog\/2008\/09\/28\/dragan-radovic-i-zvanicno-novi-trener-ulcinja\/#primaryimage","url":"http:\/\/www.visit-ulcinj.com\/blog\/wp-content\/uploads\/2008\/09\/dragan-radovic.jpg","contentUrl":"http:\/\/www.visit-ulcinj.com\/blog\/wp-content\/uploads\/2008\/09\/dragan-radovic.jpg"},{"@type":"WebPage","@id":"https:\/\/www.visit-ulcinj.com\/blog\/2008\/09\/28\/dragan-radovic-i-zvanicno-novi-trener-ulcinja\/#webpage","url":"https:\/\/www.visit-ulcinj.com\/blog\/2008\/09\/28\/dragan-radovic-i-zvanicno-novi-trener-ulcinja\/","name":"Dragan Radovi? i zvani?no novi trener Ulcinja - Lajme nga Ulqini","isPartOf":{"@id":"https:\/\/www.visit-ulcinj.com\/blog\/#website"},"primaryImageOfPage":{"@id":"https:\/\/www.visit-ulcinj.com\/blog\/2008\/09\/28\/dragan-radovic-i-zvanicno-novi-trener-ulcinja\/#primaryimage"},"datePublished":"2008-09-28T16:57:58+00:00","dateModified":"2008-10-17T19:04:31+00:00","author":{"@id":"https:\/\/www.visit-ulcinj.com\/blog\/#\/schema\/person\/dcab619c614d3038751c63bc2aadc06d"},"description":"Opstanak glavni cilj Podgorica - Dragan Radovi?, doskora\u0161nji trener Lov?ena, od ju?e je i zvani?no \u0161ef stru?nog \u0161taba Ulcinja. Mladi i ambiciozni","breadcrumb":{"@id":"https:\/\/www.visit-ulcinj.com\/blog\/2008\/09\/28\/dragan-radovic-i-zvanicno-novi-trener-ulcinja\/#breadcrumb"},"inLanguage":"en-US","potentialAction":[{"@type":"ReadAction","target":["https:\/\/www.visit-ulcinj.com\/blog\/2008\/09\/28\/dragan-radovic-i-zvanicno-novi-trener-ulcinja\/"]}]},{"@type":"BreadcrumbList","@id":"https:\/\/www.visit-ulcinj.com\/blog\/2008\/09\/28\/dragan-radovic-i-zvanicno-novi-trener-ulcinja\/#breadcrumb","itemListElement":[{"@type":"ListItem","position":1,"name":"Dragan Radovi? i zvani?no novi trener Ulcinja"}]},{"@type":"Person","@id":"https:\/\/www.visit-ulcinj.com\/blog\/#\/schema\/person\/dcab619c614d3038751c63bc2aadc06d","name":"ulqini","sameAs":["http:\/\/www.visit-ulcinj.com"],"url":"https:\/\/www.visit-ulcinj.com\/blog\/author\/admin\/"}]}},"jetpack_featured_media_url":"","jetpack_sharing_enabled":true,"jetpack_shortlink":"https:\/\/wp.me\/pe6lTn-Xi","_links":{"self":[{"href":"https:\/\/www.visit-ulcinj.com\/blog\/wp-json\/wp\/v2\/posts\/3676"}],"collection":[{"href":"https:\/\/www.visit-ulcinj.com\/blog\/wp-json\/wp\/v2\/posts"}],"about":[{"href":"https:\/\/www.visit-ulcinj.com\/blog\/wp-json\/wp\/v2\/types\/post"}],"author":[{"embeddable":true,"href":"https:\/\/www.visit-ulcinj.com\/blog\/wp-json\/wp\/v2\/users\/1"}],"replies":[{"embeddable":true,"href":"https:\/\/www.visit-ulcinj.com\/blog\/wp-json\/wp\/v2\/comments?post=3676"}],"version-history":[{"count":0,"href":"https:\/\/www.visit-ulcinj.com\/blog\/wp-json\/wp\/v2\/posts\/3676\/revisions"}],"wp:attachment":[{"href":"https:\/\/www.visit-ulcinj.com\/blog\/wp-json\/wp\/v2\/media?parent=3676"}],"wp:term":[{"taxonomy":"category","embeddable":true,"href":"https:\/\/www.visit-ulcinj.com\/blog\/wp-json\/wp\/v2\/categories?post=3676"},{"taxonomy":"post_tag","embeddable":true,"href":"https:\/\/www.visit-ulcinj.com\/blog\/wp-json\/wp\/v2\/tags?post=3676"}],"curies":[{"name":"wp","href":"https:\/\/api.w.org\/{rel}","templated":true}]}}