{"id":36765,"date":"2010-09-05T19:58:09","date_gmt":"2010-09-05T17:58:09","guid":{"rendered":"http:\/\/www.visit-ulcinj.com\/blog\/?p=36765"},"modified":"2010-09-05T19:59:12","modified_gmt":"2010-09-05T17:59:12","slug":"biznismenima-ce-biti-usko-na-adi-bojani","status":"publish","type":"post","link":"https:\/\/www.visit-ulcinj.com\/blog\/2010\/09\/05\/biznismenima-ce-biti-usko-na-adi-bojani\/","title":{"rendered":"Biznismenima \u0107e biti usko na Adi Bojani"},"content":{"rendered":"<p><strong><a href=\"http:\/\/www.visit-ulcinj.com\/blog\/wp-content\/uploads\/2010\/09\/Ada-Bojana.31.jpg\"><img loading=\"lazy\" class=\"alignleft size-full wp-image-36766\" title=\"&lt;Digimax S500 \/ Kenox S500 \/ Digimax Cyber 530&gt;\" src=\"http:\/\/www.visit-ulcinj.com\/blog\/wp-content\/uploads\/2010\/09\/Ada-Bojana.31.jpg\" alt=\"\" width=\"490\" height=\"380\" \/><\/a>U morskom dobru kategori\u010dni da \u0107e ru\u0161iti sve objekte \u010diji vlasnici ne zaklju\u010de ugovore<\/strong><br \/>\nUlcinj &#8211; Vi\u0161e od pola vlasnika ku\u0107ica na Adi Bojani nije podnijelo zahtjev za zaklju\u010denje ugovora o kori\u0161\u0107enju dr\u017eavnog zemlji\u0161ta \u0161to je razljutilo \u010delnike \u201eMorskog dobra\u201c i Ministarstva za ure\u0111enje prostora i za\u0161tite \u017eivotne sredine koji najavljuju rigorozne mjere prema \u201eneposlu\u0161nim\u201c. Vlasnicima je dat ultimatum- ko ne potpi\u0161e, \u201eleti\u201c sa Bojane. A me\u0111u njih 230 koji se nijesu odazvali pozivu \u201eMorskog dobra\u201c, najvi\u0161e je ulicnjskih i barskih biznismena, ali i onih malo poznatijih iz Podgorice i Ro\u017eaja. Za sada, prema podacima iz Programa privremenih objekata 2008, poslednjih dostupnih javnosti, za ugovor nijesu zaintersovani podgori\u010dki biznismeni Vesko Barovi\u0107 koji se ba\u0161kari na 98m2 i Dejan Mili\u0107, sa ku\u0107icom od preko 100m2. Zahtjev nije podnio ni nekada\u0161nji fudbalski mag, a sada predsjednik FCCG Dejan Savi\u0107evi\u0107, ali i javnosti nepoznati Beranac Slavko Vuji\u010di\u0107 \u010dija se vikendica prostire na \u010dak 243m2. Tu je i \u010duveni Ro\u017eajac Hakib Musi\u0107 koji ima vikendicu od 140m2, ali i Beogra\u0111anin Miroljub Kurtovi\u0107 koji ima nekoliko objekata ukupne povr\u0161ine od oko 300m2.<\/p>\n<p>Onaj najve\u0107i od 170m2, preko puta restorana \u201ePegassus\u201c, ve\u0107 godinama je u fazi raspada, ali ni vlasniku ni nadle\u017enim inspekcijama zasada ne pada na pamet da sklone taj kr\u0161 koji kvari idili\u010dni krajolik. U Morskom dobru i Ministarstvu su svjesni da povratka nazad nema.<br \/>\n&#8211; Ve\u0107 krajem ovog mjeseca po\u010de\u0107emo proceduru za uklanjanje svih objekata \u010diji vlasnici nijesu zaklju\u010dili ugovore &#8211; kategori\u010dni su u \u201eMorskom dobru\u201c.<br \/>\nKako su saop\u0161tili, do 31. avgusta, od ukupno 442 objekta, za 200 su podnijeti zahtjevi za zaklju\u010denje ugovora koje je do sada potpisalo samo 11 vlasnika.<br \/>\n-Pora\u017eavaju\u0107e veliki broj nezaintersovanih za akciju \u201eMorskog dobra\u201c i Ministarstva ure\u0111enja prostora i za\u0161tite \u017eivotne sredine rezultira\u0107e anga\u017eovanjem svih raspolo\u017eivih snaga da se cijeli posao privede kraju- re\u010deno je \u201eVijestima\u201c u \u201eMorskom dobru\u201c. Prema saznanjima \u201eVijesti\u201c, tokom posljednjih dana vlada ve\u0107e interesovanje za podno\u0161enja zahtjeva, kojih je sada oko 300, od \u010dega je 30 zaklju\u010denih.<\/p>\n<p>I dok su za ugovore uglavnom zaintersovani vlasnici ribarskih ku\u0107ica ili manjih objekata, vikenda\u0161i sa du\u017eim sta\u017eom na obalama Bojane i pove\u0107im gabaritima svojih vila, iz sjenke prate razvoj situacije i eventulano kolebanje nadle\u017enih institucija kada je u pitanju cjenovna politika.<br \/>\n&#8211; Nema popusta jer bi time izigrali ove ljude koji su zaklju\u010dili ili \u0107e tek zaklju\u010diti ugovore sa Morskim dobrom &#8211; kazao je sagovornik \u201cVijesti\u201d.<br \/>\nPrema cjenovniku koji je potvrdilo Ministarstvo, vlasnici vikend ku\u0107ica od 30 kavdrata pla\u0107aju naknadu u visini od hiljadu eura. Za svaki kvadrat vi\u0161e, vlasnik je du\u017ean da plati dodatnih 30 eura a za platformu pet eura. Naknada za kori\u0161\u0107enje kvadrata zemlji\u0161ta iznosi jedan euro, dok vlasnici ribarskih ku\u0107ica, godi\u0161nje pla\u0107aju 150 eura.<br \/>\nVlasnici su ve\u0107inom nezadovoljni cijenama zakupa za koje ka\u017eu da su astronomske.<br \/>\n&#8211; Puno brate, mora\u0107u da skidam sprat da bih mogao da platim- po\u017ealio se \u201eVijestima\u201c jedan od vlasnika iz Podgorice. Ulcinjanin, koji na desnoj obali ima ku\u0107icu skromnih gabarita, bio je raspolo\u017eeniji za razgovor.<br \/>\n&#8211; Izgleda da je do\u0161lo vrijeme da se i za u\u017eivanje pla\u0107a &#8211; \u0161eretski je kazao on.<br \/>\nU Morskom dobru, kako saznajemo, nezadovoljni su odnosom lokalnih i barskih biznismena, za koje ka\u017eu da posjeduju veliki broj objekata na Adi Bojani<br \/>\n&#8211; Oni su me\u0111u prvima morali da plate i daju primjer drugima- kazao je na\u0161 sagovornik.<\/p>\n<p>Vlasnik \u201ePrimusa\u201c D\u017eaudet Cakuli kazao je da je me\u0111u prvima predao zahtjev za zaklju\u010denje ugovora. Osim na cijene, on ima primjedbu i \u0161to su objekti klasifikovani samo po veli\u010dini.<br \/>\n&#8211; Logi\u010dno je bilo razli\u010dito tretirati ku\u0107ice koje se koriste za odmor od onih koje vlasnicima slu\u017ee za izdavanje. Tako\u0111e, Ulcinjani su morali imati neke benifite jer je Bojana ipak na teritoriji na\u0161e op\u0161tine &#8211; kazao je Cakuli \u201eVijestima\u201c.<br \/>\nNeki od vlasnika po\u017ealili su se \u201eVijestima\u201c da im nije uva\u017een zahtjev za posebnu kategorizaciju objekata u kojima \u017eive.<br \/>\n&#8211; Tu se ne odmaram, ne ljetujem i ne izdajem. \u017divim tu 12 mjeseci godi\u0161nje i moralo se voditi ra\u010duna i o tome &#8211; kazao je jedan od njih.<br \/>\nPlanom objekata privremenog karaktera u zoni morskog dobra u op\u0161tini Ulcinj, koje je donijelo Ministarstvo ure\u0111enja prostora i za\u0161tite \u017eivotne sredine, monta\u017eni objekti na zemlji\u0161tu u dr\u017eavnoj svojini, na obalama rijeke Bojane, za 2010. godinu, tretirani su kao privremeni objekti. JP za upravljanje morskim dobrom i Ministarstvo ure\u0111enja prostora i za\u0161tite \u017eivotne sredine pozvali su vlasnike objekata da zaklju\u010de ugovor sa JP za postavljene privremene objekte. U Morskom dobru tvrde da su svi prihodi ostvareni potpisivanjem ugovora sa JP kao i nadoknada za dr\u017eavno zemlji\u0161te koje je dato na kori\u0161\u0107enje, planirani za rje\u0161avanje infrastrukturnih i ekolo\u0161kih problema u Op\u0161tini Ulcinj.<\/p>\n<p><strong>S. ADROVI\u0106<br \/>\n<a href=\"http:\/\/www.vijesti.me\/\" target=\"_blank\">Vijesti<br \/>\n\n\t\t<style type=\"text\/css\">\n\t\t\t#gallery-1 {\n\t\t\t\tmargin: auto;\n\t\t\t}\n\t\t\t#gallery-1 .gallery-item {\n\t\t\t\tfloat: left;\n\t\t\t\tmargin-top: 10px;\n\t\t\t\ttext-align: center;\n\t\t\t\twidth: 33%;\n\t\t\t}\n\t\t\t#gallery-1 img {\n\t\t\t\tborder: 2px solid #cfcfcf;\n\t\t\t}\n\t\t\t#gallery-1 .gallery-caption {\n\t\t\t\tmargin-left: 0;\n\t\t\t}\n\t\t\t\/* see gallery_shortcode() in wp-includes\/media.php *\/\n\t\t<\/style>\n\t\t<div id='gallery-1' class='gallery galleryid-36765 gallery-columns-3 gallery-size-thumbnail'><dl class='gallery-item'>\n\t\t\t<dt class='gallery-icon landscape'>\n\t\t\t\t<a href='https:\/\/www.visit-ulcinj.com\/blog\/wp-content\/uploads\/2010\/09\/Ada-Bojana.31.jpg'><img width=\"150\" height=\"150\" src=\"https:\/\/www.visit-ulcinj.com\/blog\/wp-content\/uploads\/2010\/09\/Ada-Bojana.31-150x150.jpg\" class=\"attachment-thumbnail size-thumbnail\" alt=\"\" loading=\"lazy\" \/><\/a>\n\t\t\t<\/dt><\/dl><dl class='gallery-item'>\n\t\t\t<dt class='gallery-icon landscape'>\n\t\t\t\t<a href='https:\/\/www.visit-ulcinj.com\/blog\/wp-content\/uploads\/2010\/09\/Ada-Bojana.11.jpg'><img width=\"150\" height=\"150\" src=\"https:\/\/www.visit-ulcinj.com\/blog\/wp-content\/uploads\/2010\/09\/Ada-Bojana.11-150x150.jpg\" class=\"attachment-thumbnail size-thumbnail\" alt=\"\" loading=\"lazy\" \/><\/a>\n\t\t\t<\/dt><\/dl><dl class='gallery-item'>\n\t\t\t<dt class='gallery-icon landscape'>\n\t\t\t\t<a href='https:\/\/www.visit-ulcinj.com\/blog\/wp-content\/uploads\/2010\/09\/Ada-Bojana.21.jpg'><img width=\"150\" height=\"150\" src=\"https:\/\/www.visit-ulcinj.com\/blog\/wp-content\/uploads\/2010\/09\/Ada-Bojana.21-150x150.jpg\" class=\"attachment-thumbnail size-thumbnail\" alt=\"\" loading=\"lazy\" \/><\/a>\n\t\t\t<\/dt><\/dl><br style=\"clear: both\" \/>\n\t\t<\/div>\n<br \/>\n<\/a><!--YouTube Error: bad URL entered--><a href=\"http:\/\/www.vijesti.me\/\" target=\"_blank\"><\/a><\/strong><\/p>\n","protected":false},"excerpt":{"rendered":"<p>U morskom dobru kategori\u010dni da \u0107e ru\u0161iti sve objekte \u010diji vlasnici ne zaklju\u010de ugovore Ulcinj &#8211; Vi\u0161e od pola vlasnika ku\u0107ica na Adi Bojani nije podnijelo zahtjev za zaklju\u010denje ugovora o kori\u0161\u0107enju dr\u017eavnog zemlji\u0161ta \u0161to je razljutilo \u010delnike \u201eMorskog dobra\u201c i Ministarstva za ure\u0111enje prostora i za\u0161tite \u017eivotne sredine koji najavljuju rigorozne mjere prema \u201eneposlu\u0161nim\u201c. [&hellip;]<\/p>\n","protected":false},"author":1,"featured_media":0,"comment_status":"open","ping_status":"closed","sticky":false,"template":"","format":"standard","meta":{"spay_email":"","jetpack_publicize_message":"","jetpack_is_tweetstorm":false,"jetpack_publicize_feature_enabled":true},"categories":[8337],"tags":[15268,700,3194,2795,19],"jetpack_publicize_connections":[],"yoast_head":"<!-- This site is optimized with the Yoast SEO plugin v19.1 - https:\/\/yoast.com\/wordpress\/plugins\/seo\/ -->\n<title>Biznismenima \u0107e biti usko na Adi Bojani - Lajme nga Ulqini<\/title>\n<meta name=\"description\" content=\"U morskom dobru kategori\u010dni da \u0107e ru\u0161iti sve objekte \u010diji vlasnici ne zaklju\u010de ugovore Ulcinj - Vi\u0161e od pola vlasnika ku\u0107ica na Adi Bojani nije podnijelo\" \/>\n<meta name=\"robots\" content=\"index, follow, max-snippet:-1, max-image-preview:large, max-video-preview:-1\" \/>\n<link rel=\"canonical\" href=\"https:\/\/www.visit-ulcinj.com\/blog\/2010\/09\/05\/biznismenima-ce-biti-usko-na-adi-bojani\/\" \/>\n<meta property=\"og:locale\" content=\"en_US\" \/>\n<meta property=\"og:type\" content=\"article\" \/>\n<meta property=\"og:title\" content=\"Biznismenima \u0107e biti usko na Adi Bojani - Lajme nga Ulqini\" \/>\n<meta property=\"og:description\" content=\"U morskom dobru kategori\u010dni da \u0107e ru\u0161iti sve objekte \u010diji vlasnici ne zaklju\u010de ugovore Ulcinj - Vi\u0161e od pola vlasnika ku\u0107ica na Adi Bojani nije podnijelo\" \/>\n<meta property=\"og:url\" content=\"https:\/\/www.visit-ulcinj.com\/blog\/2010\/09\/05\/biznismenima-ce-biti-usko-na-adi-bojani\/\" \/>\n<meta property=\"og:site_name\" content=\"Lajme nga Ulqini\" \/>\n<meta property=\"article:published_time\" content=\"2010-09-05T17:58:09+00:00\" \/>\n<meta property=\"article:modified_time\" content=\"2010-09-05T17:59:12+00:00\" \/>\n<meta property=\"og:image\" content=\"https:\/\/www.visit-ulcinj.com\/blog\/wp-content\/uploads\/2010\/09\/Ada-Bojana.31-150x150.jpg\" \/>\n<meta name=\"twitter:label1\" content=\"Written by\" \/>\n\t<meta name=\"twitter:data1\" content=\"ulqini\" \/>\n\t<meta name=\"twitter:label2\" content=\"Est. reading time\" \/>\n\t<meta name=\"twitter:data2\" content=\"4 minutes\" \/>\n<script type=\"application\/ld+json\" class=\"yoast-schema-graph\">{\"@context\":\"https:\/\/schema.org\",\"@graph\":[{\"@type\":\"WebSite\",\"@id\":\"https:\/\/www.visit-ulcinj.com\/blog\/#website\",\"url\":\"https:\/\/www.visit-ulcinj.com\/blog\/\",\"name\":\"Lajme nga Ulqini\",\"description\":\"Lajme,Vijesti,Ulqini,Ulqin,Crna Gora,Mali i Zi\",\"potentialAction\":[{\"@type\":\"SearchAction\",\"target\":{\"@type\":\"EntryPoint\",\"urlTemplate\":\"https:\/\/www.visit-ulcinj.com\/blog\/?s={search_term_string}\"},\"query-input\":\"required name=search_term_string\"}],\"inLanguage\":\"en-US\"},{\"@type\":\"ImageObject\",\"inLanguage\":\"en-US\",\"@id\":\"https:\/\/www.visit-ulcinj.com\/blog\/2010\/09\/05\/biznismenima-ce-biti-usko-na-adi-bojani\/#primaryimage\",\"url\":\"https:\/\/www.visit-ulcinj.com\/blog\/wp-content\/uploads\/2010\/09\/Ada-Bojana.31.jpg\",\"contentUrl\":\"https:\/\/www.visit-ulcinj.com\/blog\/wp-content\/uploads\/2010\/09\/Ada-Bojana.31.jpg\",\"width\":\"778\",\"height\":\"583\"},{\"@type\":\"WebPage\",\"@id\":\"https:\/\/www.visit-ulcinj.com\/blog\/2010\/09\/05\/biznismenima-ce-biti-usko-na-adi-bojani\/#webpage\",\"url\":\"https:\/\/www.visit-ulcinj.com\/blog\/2010\/09\/05\/biznismenima-ce-biti-usko-na-adi-bojani\/\",\"name\":\"Biznismenima \u0107e biti usko na Adi Bojani - Lajme nga Ulqini\",\"isPartOf\":{\"@id\":\"https:\/\/www.visit-ulcinj.com\/blog\/#website\"},\"primaryImageOfPage\":{\"@id\":\"https:\/\/www.visit-ulcinj.com\/blog\/2010\/09\/05\/biznismenima-ce-biti-usko-na-adi-bojani\/#primaryimage\"},\"datePublished\":\"2010-09-05T17:58:09+00:00\",\"dateModified\":\"2010-09-05T17:59:12+00:00\",\"author\":{\"@id\":\"https:\/\/www.visit-ulcinj.com\/blog\/#\/schema\/person\/dcab619c614d3038751c63bc2aadc06d\"},\"description\":\"U morskom dobru kategori\u010dni da \u0107e ru\u0161iti sve objekte \u010diji vlasnici ne zaklju\u010de ugovore Ulcinj - Vi\u0161e od pola vlasnika ku\u0107ica na Adi Bojani nije podnijelo\",\"breadcrumb\":{\"@id\":\"https:\/\/www.visit-ulcinj.com\/blog\/2010\/09\/05\/biznismenima-ce-biti-usko-na-adi-bojani\/#breadcrumb\"},\"inLanguage\":\"en-US\",\"potentialAction\":[{\"@type\":\"ReadAction\",\"target\":[\"https:\/\/www.visit-ulcinj.com\/blog\/2010\/09\/05\/biznismenima-ce-biti-usko-na-adi-bojani\/\"]}]},{\"@type\":\"BreadcrumbList\",\"@id\":\"https:\/\/www.visit-ulcinj.com\/blog\/2010\/09\/05\/biznismenima-ce-biti-usko-na-adi-bojani\/#breadcrumb\",\"itemListElement\":[{\"@type\":\"ListItem\",\"position\":1,\"name\":\"Biznismenima \u0107e biti usko na Adi Bojani\"}]},{\"@type\":\"Person\",\"@id\":\"https:\/\/www.visit-ulcinj.com\/blog\/#\/schema\/person\/dcab619c614d3038751c63bc2aadc06d\",\"name\":\"ulqini\",\"sameAs\":[\"http:\/\/www.visit-ulcinj.com\"],\"url\":\"https:\/\/www.visit-ulcinj.com\/blog\/author\/admin\/\"}]}<\/script>\n<!-- \/ Yoast SEO plugin. -->","yoast_head_json":{"title":"Biznismenima \u0107e biti usko na Adi Bojani - Lajme nga Ulqini","description":"U morskom dobru kategori\u010dni da \u0107e ru\u0161iti sve objekte \u010diji vlasnici ne zaklju\u010de ugovore Ulcinj - Vi\u0161e od pola vlasnika ku\u0107ica na Adi Bojani nije podnijelo","robots":{"index":"index","follow":"follow","max-snippet":"max-snippet:-1","max-image-preview":"max-image-preview:large","max-video-preview":"max-video-preview:-1"},"canonical":"https:\/\/www.visit-ulcinj.com\/blog\/2010\/09\/05\/biznismenima-ce-biti-usko-na-adi-bojani\/","og_locale":"en_US","og_type":"article","og_title":"Biznismenima \u0107e biti usko na Adi Bojani - Lajme nga Ulqini","og_description":"U morskom dobru kategori\u010dni da \u0107e ru\u0161iti sve objekte \u010diji vlasnici ne zaklju\u010de ugovore Ulcinj - Vi\u0161e od pola vlasnika ku\u0107ica na Adi Bojani nije podnijelo","og_url":"https:\/\/www.visit-ulcinj.com\/blog\/2010\/09\/05\/biznismenima-ce-biti-usko-na-adi-bojani\/","og_site_name":"Lajme nga Ulqini","article_published_time":"2010-09-05T17:58:09+00:00","article_modified_time":"2010-09-05T17:59:12+00:00","og_image":[{"url":"https:\/\/www.visit-ulcinj.com\/blog\/wp-content\/uploads\/2010\/09\/Ada-Bojana.31-150x150.jpg"}],"twitter_misc":{"Written by":"ulqini","Est. reading time":"4 minutes"},"schema":{"@context":"https:\/\/schema.org","@graph":[{"@type":"WebSite","@id":"https:\/\/www.visit-ulcinj.com\/blog\/#website","url":"https:\/\/www.visit-ulcinj.com\/blog\/","name":"Lajme nga Ulqini","description":"Lajme,Vijesti,Ulqini,Ulqin,Crna Gora,Mali i Zi","potentialAction":[{"@type":"SearchAction","target":{"@type":"EntryPoint","urlTemplate":"https:\/\/www.visit-ulcinj.com\/blog\/?s={search_term_string}"},"query-input":"required name=search_term_string"}],"inLanguage":"en-US"},{"@type":"ImageObject","inLanguage":"en-US","@id":"https:\/\/www.visit-ulcinj.com\/blog\/2010\/09\/05\/biznismenima-ce-biti-usko-na-adi-bojani\/#primaryimage","url":"https:\/\/www.visit-ulcinj.com\/blog\/wp-content\/uploads\/2010\/09\/Ada-Bojana.31.jpg","contentUrl":"https:\/\/www.visit-ulcinj.com\/blog\/wp-content\/uploads\/2010\/09\/Ada-Bojana.31.jpg","width":"778","height":"583"},{"@type":"WebPage","@id":"https:\/\/www.visit-ulcinj.com\/blog\/2010\/09\/05\/biznismenima-ce-biti-usko-na-adi-bojani\/#webpage","url":"https:\/\/www.visit-ulcinj.com\/blog\/2010\/09\/05\/biznismenima-ce-biti-usko-na-adi-bojani\/","name":"Biznismenima \u0107e biti usko na Adi Bojani - Lajme nga Ulqini","isPartOf":{"@id":"https:\/\/www.visit-ulcinj.com\/blog\/#website"},"primaryImageOfPage":{"@id":"https:\/\/www.visit-ulcinj.com\/blog\/2010\/09\/05\/biznismenima-ce-biti-usko-na-adi-bojani\/#primaryimage"},"datePublished":"2010-09-05T17:58:09+00:00","dateModified":"2010-09-05T17:59:12+00:00","author":{"@id":"https:\/\/www.visit-ulcinj.com\/blog\/#\/schema\/person\/dcab619c614d3038751c63bc2aadc06d"},"description":"U morskom dobru kategori\u010dni da \u0107e ru\u0161iti sve objekte \u010diji vlasnici ne zaklju\u010de ugovore Ulcinj - Vi\u0161e od pola vlasnika ku\u0107ica na Adi Bojani nije podnijelo","breadcrumb":{"@id":"https:\/\/www.visit-ulcinj.com\/blog\/2010\/09\/05\/biznismenima-ce-biti-usko-na-adi-bojani\/#breadcrumb"},"inLanguage":"en-US","potentialAction":[{"@type":"ReadAction","target":["https:\/\/www.visit-ulcinj.com\/blog\/2010\/09\/05\/biznismenima-ce-biti-usko-na-adi-bojani\/"]}]},{"@type":"BreadcrumbList","@id":"https:\/\/www.visit-ulcinj.com\/blog\/2010\/09\/05\/biznismenima-ce-biti-usko-na-adi-bojani\/#breadcrumb","itemListElement":[{"@type":"ListItem","position":1,"name":"Biznismenima \u0107e biti usko na Adi Bojani"}]},{"@type":"Person","@id":"https:\/\/www.visit-ulcinj.com\/blog\/#\/schema\/person\/dcab619c614d3038751c63bc2aadc06d","name":"ulqini","sameAs":["http:\/\/www.visit-ulcinj.com"],"url":"https:\/\/www.visit-ulcinj.com\/blog\/author\/admin\/"}]}},"jetpack_featured_media_url":"","jetpack_sharing_enabled":true,"jetpack_shortlink":"https:\/\/wp.me\/pe6lTn-9yZ","_links":{"self":[{"href":"https:\/\/www.visit-ulcinj.com\/blog\/wp-json\/wp\/v2\/posts\/36765"}],"collection":[{"href":"https:\/\/www.visit-ulcinj.com\/blog\/wp-json\/wp\/v2\/posts"}],"about":[{"href":"https:\/\/www.visit-ulcinj.com\/blog\/wp-json\/wp\/v2\/types\/post"}],"author":[{"embeddable":true,"href":"https:\/\/www.visit-ulcinj.com\/blog\/wp-json\/wp\/v2\/users\/1"}],"replies":[{"embeddable":true,"href":"https:\/\/www.visit-ulcinj.com\/blog\/wp-json\/wp\/v2\/comments?post=36765"}],"version-history":[{"count":0,"href":"https:\/\/www.visit-ulcinj.com\/blog\/wp-json\/wp\/v2\/posts\/36765\/revisions"}],"wp:attachment":[{"href":"https:\/\/www.visit-ulcinj.com\/blog\/wp-json\/wp\/v2\/media?parent=36765"}],"wp:term":[{"taxonomy":"category","embeddable":true,"href":"https:\/\/www.visit-ulcinj.com\/blog\/wp-json\/wp\/v2\/categories?post=36765"},{"taxonomy":"post_tag","embeddable":true,"href":"https:\/\/www.visit-ulcinj.com\/blog\/wp-json\/wp\/v2\/tags?post=36765"}],"curies":[{"name":"wp","href":"https:\/\/api.w.org\/{rel}","templated":true}]}}