{"id":36773,"date":"2010-09-06T05:54:16","date_gmt":"2010-09-06T03:54:16","guid":{"rendered":"http:\/\/www.visit-ulcinj.com\/blog\/?p=36773"},"modified":"2010-09-06T05:54:39","modified_gmt":"2010-09-06T03:54:39","slug":"milo-otkazao-dinosi","status":"publish","type":"post","link":"https:\/\/www.visit-ulcinj.com\/blog\/2010\/09\/06\/milo-otkazao-dinosi\/","title":{"rendered":"Milo otkazao Dino\u0161i"},"content":{"rendered":"<p><strong><a href=\"http:\/\/www.visit-ulcinj.com\/blog\/wp-content\/uploads\/2010\/09\/Luigj-Lui-Shkrela-Kampanja-2010-god.jpg\"><img loading=\"lazy\" class=\"alignleft size-medium wp-image-36774\" title=\"Luigj Lui Shkrela - Kampanja 2010 god\" src=\"http:\/\/www.visit-ulcinj.com\/blog\/wp-content\/uploads\/2010\/09\/Luigj-Lui-Shkrela-Kampanja-2010-god-200x300.jpg\" alt=\"\" width=\"276\" height=\"327\" \/><\/a>Predsjedni\u0161tvo DPS-a okon\u010dalo dileme o izbornom nastupu u Ulcinju<\/strong><br \/>\nPredsjedni\u0161tvo DPS-a prihvatilo je prije par dana mi\u0161ljenje op\u0161tinskog odbora u Ulcinju da samostalno iza\u0111u na ulcinjske lokalne izbore 17. oktobra. Do sada je DPS bila u koaliciji sa Demokratskom unijom Albanaca, a taj je savez nastupio i na posljednjim majskim izborima, kada im je falilo nekoliko mandata da preuzmu ve\u0107inu, ali nijesu postigli dogovor sa drugim partijama.<br \/>\nRanije ju\u010de, kako pi\u0161e Portal analitika, poslanik DPS-a Lui\u0111 \u0160krelja kazao je Anteni M da su u toj partiji svjesni da bi samostalan nastup na izborima mogao biti svojevrstan test za DPS.<br \/>\n&#8211; Mi smo svjesni da u Ulcinju ne mo\u017eemo samostalno vr\u0161iti vlast i zato ne bje\u017eimo od saradnje. Ali, mo\u017eemo da vidimo koliko smo sna\u017eni, pa da se naspram toga jo\u0161 ja\u010de pozicioniramo u vlasti. Koalicija sa bilo kojom drugom partijom osim DUA u Ulcinju je nemogu\u0107a. Nema govora o izla\u017eenju na izbore sa nekom drugom partijom. Ako ne idemo sa DUA, idemo samostalno &#8211; kazao je \u0160krelja.<br \/>\nU borbi za lokalni parlament u Ulicinju u\u010destvuju i udru\u017eena opozicija, zatim FORCA, Demokratski savez Albanaca, SDP i PDP, kao i jo\u0161 nekoliko stranaka. Na \u010delu DUA je ministar za ljudska i manjinska prava Ferhat Dino\u0161a, koji je dugogodi\u0161nji saradnik DPS-a i njenog lidera Mila \u0110ukanovi\u0107a.<\/p>\n<p><strong>M.V.<br \/>\n<a href=\"http:\/\/www.dan.co.me\/?nivo=3&amp;rubrika=Politika&amp;clanak=245496&amp;datum=2010-09-05\" target=\"_blank\">DAN<\/a><\/strong><\/p>\n","protected":false},"excerpt":{"rendered":"<p>Predsjedni\u0161tvo DPS-a okon\u010dalo dileme o izbornom nastupu u Ulcinju Predsjedni\u0161tvo DPS-a prihvatilo je prije par dana mi\u0161ljenje op\u0161tinskog odbora u Ulcinju da samostalno iza\u0111u na ulcinjske lokalne izbore 17. oktobra. Do sada je DPS bila u koaliciji sa Demokratskom unijom Albanaca, a taj je savez nastupio i na posljednjim majskim izborima, kada im je falilo [&hellip;]<\/p>\n","protected":false},"author":1,"featured_media":0,"comment_status":"open","ping_status":"closed","sticky":false,"template":"","format":"standard","meta":{"spay_email":"","jetpack_publicize_message":"","jetpack_is_tweetstorm":false,"jetpack_publicize_feature_enabled":true},"categories":[8337],"tags":[15271,88,117,15272,15269,15270,10047,3594,19],"jetpack_publicize_connections":[],"yoast_head":"<!-- This site is optimized with the Yoast SEO plugin v19.1 - https:\/\/yoast.com\/wordpress\/plugins\/seo\/ -->\n<title>Milo otkazao Dino\u0161i - Lajme nga Ulqini<\/title>\n<meta name=\"description\" content=\"Predsjedni\u0161tvo DPS-a okon\u010dalo dileme o izbornom nastupu u Ulcinju Predsjedni\u0161tvo DPS-a prihvatilo je prije par dana mi\u0161ljenje op\u0161tinskog odbora u Ulcinju\" \/>\n<meta name=\"robots\" content=\"index, follow, max-snippet:-1, max-image-preview:large, max-video-preview:-1\" \/>\n<link rel=\"canonical\" href=\"https:\/\/www.visit-ulcinj.com\/blog\/2010\/09\/06\/milo-otkazao-dinosi\/\" \/>\n<meta property=\"og:locale\" content=\"en_US\" \/>\n<meta property=\"og:type\" content=\"article\" \/>\n<meta property=\"og:title\" content=\"Milo otkazao Dino\u0161i - Lajme nga Ulqini\" \/>\n<meta property=\"og:description\" content=\"Predsjedni\u0161tvo DPS-a okon\u010dalo dileme o izbornom nastupu u Ulcinju Predsjedni\u0161tvo DPS-a prihvatilo je prije par dana mi\u0161ljenje op\u0161tinskog odbora u Ulcinju\" \/>\n<meta property=\"og:url\" content=\"https:\/\/www.visit-ulcinj.com\/blog\/2010\/09\/06\/milo-otkazao-dinosi\/\" \/>\n<meta property=\"og:site_name\" content=\"Lajme nga Ulqini\" \/>\n<meta property=\"article:published_time\" content=\"2010-09-06T03:54:16+00:00\" \/>\n<meta property=\"article:modified_time\" content=\"2010-09-06T03:54:39+00:00\" \/>\n<meta property=\"og:image\" content=\"http:\/\/www.visit-ulcinj.com\/blog\/wp-content\/uploads\/2010\/09\/Luigj-Lui-Shkrela-Kampanja-2010-god-200x300.jpg\" \/>\n<meta name=\"twitter:label1\" content=\"Written by\" \/>\n\t<meta name=\"twitter:data1\" content=\"ulqini\" \/>\n\t<meta name=\"twitter:label2\" content=\"Est. reading time\" \/>\n\t<meta name=\"twitter:data2\" content=\"1 minute\" \/>\n<script type=\"application\/ld+json\" class=\"yoast-schema-graph\">{\"@context\":\"https:\/\/schema.org\",\"@graph\":[{\"@type\":\"WebSite\",\"@id\":\"https:\/\/www.visit-ulcinj.com\/blog\/#website\",\"url\":\"https:\/\/www.visit-ulcinj.com\/blog\/\",\"name\":\"Lajme nga Ulqini\",\"description\":\"Lajme,Vijesti,Ulqini,Ulqin,Crna Gora,Mali i Zi\",\"potentialAction\":[{\"@type\":\"SearchAction\",\"target\":{\"@type\":\"EntryPoint\",\"urlTemplate\":\"https:\/\/www.visit-ulcinj.com\/blog\/?s={search_term_string}\"},\"query-input\":\"required name=search_term_string\"}],\"inLanguage\":\"en-US\"},{\"@type\":\"ImageObject\",\"inLanguage\":\"en-US\",\"@id\":\"https:\/\/www.visit-ulcinj.com\/blog\/2010\/09\/06\/milo-otkazao-dinosi\/#primaryimage\",\"url\":\"https:\/\/www.visit-ulcinj.com\/blog\/wp-content\/uploads\/2010\/09\/Luigj-Lui-Shkrela-Kampanja-2010-god.jpg\",\"contentUrl\":\"https:\/\/www.visit-ulcinj.com\/blog\/wp-content\/uploads\/2010\/09\/Luigj-Lui-Shkrela-Kampanja-2010-god.jpg\",\"width\":\"400\",\"height\":\"600\"},{\"@type\":\"WebPage\",\"@id\":\"https:\/\/www.visit-ulcinj.com\/blog\/2010\/09\/06\/milo-otkazao-dinosi\/#webpage\",\"url\":\"https:\/\/www.visit-ulcinj.com\/blog\/2010\/09\/06\/milo-otkazao-dinosi\/\",\"name\":\"Milo otkazao Dino\u0161i - Lajme nga Ulqini\",\"isPartOf\":{\"@id\":\"https:\/\/www.visit-ulcinj.com\/blog\/#website\"},\"primaryImageOfPage\":{\"@id\":\"https:\/\/www.visit-ulcinj.com\/blog\/2010\/09\/06\/milo-otkazao-dinosi\/#primaryimage\"},\"datePublished\":\"2010-09-06T03:54:16+00:00\",\"dateModified\":\"2010-09-06T03:54:39+00:00\",\"author\":{\"@id\":\"https:\/\/www.visit-ulcinj.com\/blog\/#\/schema\/person\/dcab619c614d3038751c63bc2aadc06d\"},\"description\":\"Predsjedni\u0161tvo DPS-a okon\u010dalo dileme o izbornom nastupu u Ulcinju Predsjedni\u0161tvo DPS-a prihvatilo je prije par dana mi\u0161ljenje op\u0161tinskog odbora u Ulcinju\",\"breadcrumb\":{\"@id\":\"https:\/\/www.visit-ulcinj.com\/blog\/2010\/09\/06\/milo-otkazao-dinosi\/#breadcrumb\"},\"inLanguage\":\"en-US\",\"potentialAction\":[{\"@type\":\"ReadAction\",\"target\":[\"https:\/\/www.visit-ulcinj.com\/blog\/2010\/09\/06\/milo-otkazao-dinosi\/\"]}]},{\"@type\":\"BreadcrumbList\",\"@id\":\"https:\/\/www.visit-ulcinj.com\/blog\/2010\/09\/06\/milo-otkazao-dinosi\/#breadcrumb\",\"itemListElement\":[{\"@type\":\"ListItem\",\"position\":1,\"name\":\"Milo otkazao Dino\u0161i\"}]},{\"@type\":\"Person\",\"@id\":\"https:\/\/www.visit-ulcinj.com\/blog\/#\/schema\/person\/dcab619c614d3038751c63bc2aadc06d\",\"name\":\"ulqini\",\"sameAs\":[\"http:\/\/www.visit-ulcinj.com\"],\"url\":\"https:\/\/www.visit-ulcinj.com\/blog\/author\/admin\/\"}]}<\/script>\n<!-- \/ Yoast SEO plugin. -->","yoast_head_json":{"title":"Milo otkazao Dino\u0161i - Lajme nga Ulqini","description":"Predsjedni\u0161tvo DPS-a okon\u010dalo dileme o izbornom nastupu u Ulcinju Predsjedni\u0161tvo DPS-a prihvatilo je prije par dana mi\u0161ljenje op\u0161tinskog odbora u Ulcinju","robots":{"index":"index","follow":"follow","max-snippet":"max-snippet:-1","max-image-preview":"max-image-preview:large","max-video-preview":"max-video-preview:-1"},"canonical":"https:\/\/www.visit-ulcinj.com\/blog\/2010\/09\/06\/milo-otkazao-dinosi\/","og_locale":"en_US","og_type":"article","og_title":"Milo otkazao Dino\u0161i - Lajme nga Ulqini","og_description":"Predsjedni\u0161tvo DPS-a okon\u010dalo dileme o izbornom nastupu u Ulcinju Predsjedni\u0161tvo DPS-a prihvatilo je prije par dana mi\u0161ljenje op\u0161tinskog odbora u Ulcinju","og_url":"https:\/\/www.visit-ulcinj.com\/blog\/2010\/09\/06\/milo-otkazao-dinosi\/","og_site_name":"Lajme nga Ulqini","article_published_time":"2010-09-06T03:54:16+00:00","article_modified_time":"2010-09-06T03:54:39+00:00","og_image":[{"url":"http:\/\/www.visit-ulcinj.com\/blog\/wp-content\/uploads\/2010\/09\/Luigj-Lui-Shkrela-Kampanja-2010-god-200x300.jpg"}],"twitter_misc":{"Written by":"ulqini","Est. reading time":"1 minute"},"schema":{"@context":"https:\/\/schema.org","@graph":[{"@type":"WebSite","@id":"https:\/\/www.visit-ulcinj.com\/blog\/#website","url":"https:\/\/www.visit-ulcinj.com\/blog\/","name":"Lajme nga Ulqini","description":"Lajme,Vijesti,Ulqini,Ulqin,Crna Gora,Mali i Zi","potentialAction":[{"@type":"SearchAction","target":{"@type":"EntryPoint","urlTemplate":"https:\/\/www.visit-ulcinj.com\/blog\/?s={search_term_string}"},"query-input":"required name=search_term_string"}],"inLanguage":"en-US"},{"@type":"ImageObject","inLanguage":"en-US","@id":"https:\/\/www.visit-ulcinj.com\/blog\/2010\/09\/06\/milo-otkazao-dinosi\/#primaryimage","url":"https:\/\/www.visit-ulcinj.com\/blog\/wp-content\/uploads\/2010\/09\/Luigj-Lui-Shkrela-Kampanja-2010-god.jpg","contentUrl":"https:\/\/www.visit-ulcinj.com\/blog\/wp-content\/uploads\/2010\/09\/Luigj-Lui-Shkrela-Kampanja-2010-god.jpg","width":"400","height":"600"},{"@type":"WebPage","@id":"https:\/\/www.visit-ulcinj.com\/blog\/2010\/09\/06\/milo-otkazao-dinosi\/#webpage","url":"https:\/\/www.visit-ulcinj.com\/blog\/2010\/09\/06\/milo-otkazao-dinosi\/","name":"Milo otkazao Dino\u0161i - Lajme nga Ulqini","isPartOf":{"@id":"https:\/\/www.visit-ulcinj.com\/blog\/#website"},"primaryImageOfPage":{"@id":"https:\/\/www.visit-ulcinj.com\/blog\/2010\/09\/06\/milo-otkazao-dinosi\/#primaryimage"},"datePublished":"2010-09-06T03:54:16+00:00","dateModified":"2010-09-06T03:54:39+00:00","author":{"@id":"https:\/\/www.visit-ulcinj.com\/blog\/#\/schema\/person\/dcab619c614d3038751c63bc2aadc06d"},"description":"Predsjedni\u0161tvo DPS-a okon\u010dalo dileme o izbornom nastupu u Ulcinju Predsjedni\u0161tvo DPS-a prihvatilo je prije par dana mi\u0161ljenje op\u0161tinskog odbora u Ulcinju","breadcrumb":{"@id":"https:\/\/www.visit-ulcinj.com\/blog\/2010\/09\/06\/milo-otkazao-dinosi\/#breadcrumb"},"inLanguage":"en-US","potentialAction":[{"@type":"ReadAction","target":["https:\/\/www.visit-ulcinj.com\/blog\/2010\/09\/06\/milo-otkazao-dinosi\/"]}]},{"@type":"BreadcrumbList","@id":"https:\/\/www.visit-ulcinj.com\/blog\/2010\/09\/06\/milo-otkazao-dinosi\/#breadcrumb","itemListElement":[{"@type":"ListItem","position":1,"name":"Milo otkazao Dino\u0161i"}]},{"@type":"Person","@id":"https:\/\/www.visit-ulcinj.com\/blog\/#\/schema\/person\/dcab619c614d3038751c63bc2aadc06d","name":"ulqini","sameAs":["http:\/\/www.visit-ulcinj.com"],"url":"https:\/\/www.visit-ulcinj.com\/blog\/author\/admin\/"}]}},"jetpack_featured_media_url":"","jetpack_sharing_enabled":true,"jetpack_shortlink":"https:\/\/wp.me\/pe6lTn-9z7","_links":{"self":[{"href":"https:\/\/www.visit-ulcinj.com\/blog\/wp-json\/wp\/v2\/posts\/36773"}],"collection":[{"href":"https:\/\/www.visit-ulcinj.com\/blog\/wp-json\/wp\/v2\/posts"}],"about":[{"href":"https:\/\/www.visit-ulcinj.com\/blog\/wp-json\/wp\/v2\/types\/post"}],"author":[{"embeddable":true,"href":"https:\/\/www.visit-ulcinj.com\/blog\/wp-json\/wp\/v2\/users\/1"}],"replies":[{"embeddable":true,"href":"https:\/\/www.visit-ulcinj.com\/blog\/wp-json\/wp\/v2\/comments?post=36773"}],"version-history":[{"count":0,"href":"https:\/\/www.visit-ulcinj.com\/blog\/wp-json\/wp\/v2\/posts\/36773\/revisions"}],"wp:attachment":[{"href":"https:\/\/www.visit-ulcinj.com\/blog\/wp-json\/wp\/v2\/media?parent=36773"}],"wp:term":[{"taxonomy":"category","embeddable":true,"href":"https:\/\/www.visit-ulcinj.com\/blog\/wp-json\/wp\/v2\/categories?post=36773"},{"taxonomy":"post_tag","embeddable":true,"href":"https:\/\/www.visit-ulcinj.com\/blog\/wp-json\/wp\/v2\/tags?post=36773"}],"curies":[{"name":"wp","href":"https:\/\/api.w.org\/{rel}","templated":true}]}}