{"id":36778,"date":"2010-09-06T21:57:16","date_gmt":"2010-09-06T19:57:16","guid":{"rendered":"http:\/\/www.visit-ulcinj.com\/blog\/?p=36778"},"modified":"2010-09-11T11:54:53","modified_gmt":"2010-09-11T09:54:53","slug":"srpska-pjevacica-ana-nikolic-snima-na-adi-bojani","status":"publish","type":"post","link":"https:\/\/www.visit-ulcinj.com\/blog\/2010\/09\/06\/srpska-pjevacica-ana-nikolic-snima-na-adi-bojani\/","title":{"rendered":"Srpska pjeva\u010dica Ana Nikoli\u0107 snima na Adi Bojani"},"content":{"rendered":"<p><strong><a href=\"http:\/\/www.visit-ulcinj.com\/blog\/wp-content\/uploads\/2010\/09\/Ana-Nikolic_Spot_-Ada-Bojana.jpg\"><img loading=\"lazy\" class=\"alignleft size-full wp-image-36779\" title=\"Ana Nikolic_Spot_ Ada Bojana\" src=\"http:\/\/www.visit-ulcinj.com\/blog\/wp-content\/uploads\/2010\/09\/Ana-Nikolic_Spot_-Ada-Bojana.jpg\" alt=\"\" width=\"490\" height=\"380\" \/><\/a>O\u010darana ljepotom ostrva<\/strong><\/p>\n<p>Ulcinj \u2013 Ovih dana se na Adi Bojani snimaju dva muzi\u010dka spota pjeva\u010dice Ane Nikoli\u0107.<\/p>\n<p>&#8211; Prvi put sam na Adi, a odabrala sam ovu lokaciju za snimanje spota zato \u0161to sam \u010dula da je ambijent fantasti\u010dan. Sivi pijesak, plavo more i sjajna priroda. Sada sam se i sama uvjerila da je ovdje sjajno \u2013 ka\u017ee popularna pjeva\u010dica.<\/p>\n<p>Nikoli\u0107 ka\u017ee da \u0107e \u010ditav spot za pjesmu ,,Nisam za triput\u2019\u2019 biti snimljen na ovoj pla\u017ei, gdje \u0107e snimiti i kadrove za pjesmu ,,Mi\u0161o moj\u2019\u2019.<\/p>\n<p>Ana Nikoli\u0107 je sa ekipom DM SAT koja producira spot stigla na Adu Bojanu u petak prijepodne, a snimanje je trajalo do kasnih popodnevnih sati.<\/p>\n<p>Ovo je tre\u0107a ekipa koja snima spotove na Adi ovog ljeta. U maju je Sergej \u0106etkovi\u0107 snimao pjesmu za spot ,,Dva minuta\u201d, a po\u010detkom avgusta kadrovi iz spota ,,Celebrity\u201d Milene Vu\u010di\u0107 snimljeni su na ovom \u201crajskom ostrvu\u201d.<\/p>\n<h3>Ana \u017divanovi\u0107<\/h3>\n\n<!--YouTube Error: bad URL entered-->\n","protected":false},"excerpt":{"rendered":"<p>O\u010darana ljepotom ostrva Ulcinj \u2013 Ovih dana se na Adi Bojani snimaju dva muzi\u010dka spota pjeva\u010dice Ane Nikoli\u0107. &#8211; Prvi put sam na Adi, a odabrala sam ovu lokaciju za snimanje spota zato \u0161to sam \u010dula da je ambijent fantasti\u010dan. Sivi pijesak, plavo more i sjajna priroda. Sada sam se i sama uvjerila da je [&hellip;]<\/p>\n","protected":false},"author":1,"featured_media":0,"comment_status":"open","ping_status":"closed","sticky":false,"template":"","format":"standard","meta":{"spay_email":"","jetpack_publicize_message":"","jetpack_is_tweetstorm":false,"jetpack_publicize_feature_enabled":true},"categories":[15],"tags":[138,15273,20,15274,19],"jetpack_publicize_connections":[],"yoast_head":"<!-- This site is optimized with the Yoast SEO plugin v19.1 - https:\/\/yoast.com\/wordpress\/plugins\/seo\/ -->\n<title>Srpska pjeva\u010dica Ana Nikoli\u0107 snima na Adi Bojani - Lajme nga Ulqini<\/title>\n<meta name=\"description\" content=\"O\u010darana ljepotom ostrva Ulcinj \u2013 Ovih dana se na Adi Bojani snimaju dva muzi\u010dka spota pjeva\u010dice Ane Nikoli\u0107. - Prvi put sam na Adi, a odabrala sam ovu\" \/>\n<meta name=\"robots\" content=\"index, follow, max-snippet:-1, max-image-preview:large, max-video-preview:-1\" \/>\n<link rel=\"canonical\" href=\"https:\/\/www.visit-ulcinj.com\/blog\/2010\/09\/06\/srpska-pjevacica-ana-nikolic-snima-na-adi-bojani\/\" \/>\n<meta property=\"og:locale\" content=\"en_US\" \/>\n<meta property=\"og:type\" content=\"article\" \/>\n<meta property=\"og:title\" content=\"Srpska pjeva\u010dica Ana Nikoli\u0107 snima na Adi Bojani - Lajme nga Ulqini\" \/>\n<meta property=\"og:description\" content=\"O\u010darana ljepotom ostrva Ulcinj \u2013 Ovih dana se na Adi Bojani snimaju dva muzi\u010dka spota pjeva\u010dice Ane Nikoli\u0107. - Prvi put sam na Adi, a odabrala sam ovu\" \/>\n<meta property=\"og:url\" content=\"https:\/\/www.visit-ulcinj.com\/blog\/2010\/09\/06\/srpska-pjevacica-ana-nikolic-snima-na-adi-bojani\/\" \/>\n<meta property=\"og:site_name\" content=\"Lajme nga Ulqini\" \/>\n<meta property=\"article:published_time\" content=\"2010-09-06T19:57:16+00:00\" \/>\n<meta property=\"article:modified_time\" content=\"2010-09-11T09:54:53+00:00\" \/>\n<meta property=\"og:image\" content=\"https:\/\/www.visit-ulcinj.com\/blog\/wp-content\/uploads\/2010\/09\/Ana-Nikolic_Spot_-Ada-Bojana-150x150.jpg\" \/>\n<meta name=\"twitter:label1\" content=\"Written by\" \/>\n\t<meta name=\"twitter:data1\" content=\"ulqini\" \/>\n\t<meta name=\"twitter:label2\" content=\"Est. reading time\" \/>\n\t<meta name=\"twitter:data2\" content=\"1 minute\" \/>\n<script type=\"application\/ld+json\" class=\"yoast-schema-graph\">{\"@context\":\"https:\/\/schema.org\",\"@graph\":[{\"@type\":\"WebSite\",\"@id\":\"https:\/\/www.visit-ulcinj.com\/blog\/#website\",\"url\":\"https:\/\/www.visit-ulcinj.com\/blog\/\",\"name\":\"Lajme nga Ulqini\",\"description\":\"Lajme,Vijesti,Ulqini,Ulqin,Crna Gora,Mali i Zi\",\"potentialAction\":[{\"@type\":\"SearchAction\",\"target\":{\"@type\":\"EntryPoint\",\"urlTemplate\":\"https:\/\/www.visit-ulcinj.com\/blog\/?s={search_term_string}\"},\"query-input\":\"required name=search_term_string\"}],\"inLanguage\":\"en-US\"},{\"@type\":\"ImageObject\",\"inLanguage\":\"en-US\",\"@id\":\"https:\/\/www.visit-ulcinj.com\/blog\/2010\/09\/06\/srpska-pjevacica-ana-nikolic-snima-na-adi-bojani\/#primaryimage\",\"url\":\"http:\/\/www.visit-ulcinj.com\/blog\/wp-content\/uploads\/2010\/09\/Ana-Nikolic_Spot_-Ada-Bojana.jpg\",\"contentUrl\":\"http:\/\/www.visit-ulcinj.com\/blog\/wp-content\/uploads\/2010\/09\/Ana-Nikolic_Spot_-Ada-Bojana.jpg\"},{\"@type\":\"WebPage\",\"@id\":\"https:\/\/www.visit-ulcinj.com\/blog\/2010\/09\/06\/srpska-pjevacica-ana-nikolic-snima-na-adi-bojani\/#webpage\",\"url\":\"https:\/\/www.visit-ulcinj.com\/blog\/2010\/09\/06\/srpska-pjevacica-ana-nikolic-snima-na-adi-bojani\/\",\"name\":\"Srpska pjeva\u010dica Ana Nikoli\u0107 snima na Adi Bojani - Lajme nga Ulqini\",\"isPartOf\":{\"@id\":\"https:\/\/www.visit-ulcinj.com\/blog\/#website\"},\"primaryImageOfPage\":{\"@id\":\"https:\/\/www.visit-ulcinj.com\/blog\/2010\/09\/06\/srpska-pjevacica-ana-nikolic-snima-na-adi-bojani\/#primaryimage\"},\"datePublished\":\"2010-09-06T19:57:16+00:00\",\"dateModified\":\"2010-09-11T09:54:53+00:00\",\"author\":{\"@id\":\"https:\/\/www.visit-ulcinj.com\/blog\/#\/schema\/person\/dcab619c614d3038751c63bc2aadc06d\"},\"description\":\"O\u010darana ljepotom ostrva Ulcinj \u2013 Ovih dana se na Adi Bojani snimaju dva muzi\u010dka spota pjeva\u010dice Ane Nikoli\u0107. - Prvi put sam na Adi, a odabrala sam ovu\",\"breadcrumb\":{\"@id\":\"https:\/\/www.visit-ulcinj.com\/blog\/2010\/09\/06\/srpska-pjevacica-ana-nikolic-snima-na-adi-bojani\/#breadcrumb\"},\"inLanguage\":\"en-US\",\"potentialAction\":[{\"@type\":\"ReadAction\",\"target\":[\"https:\/\/www.visit-ulcinj.com\/blog\/2010\/09\/06\/srpska-pjevacica-ana-nikolic-snima-na-adi-bojani\/\"]}]},{\"@type\":\"BreadcrumbList\",\"@id\":\"https:\/\/www.visit-ulcinj.com\/blog\/2010\/09\/06\/srpska-pjevacica-ana-nikolic-snima-na-adi-bojani\/#breadcrumb\",\"itemListElement\":[{\"@type\":\"ListItem\",\"position\":1,\"name\":\"Srpska pjeva\u010dica Ana Nikoli\u0107 snima na Adi Bojani\"}]},{\"@type\":\"Person\",\"@id\":\"https:\/\/www.visit-ulcinj.com\/blog\/#\/schema\/person\/dcab619c614d3038751c63bc2aadc06d\",\"name\":\"ulqini\",\"sameAs\":[\"http:\/\/www.visit-ulcinj.com\"],\"url\":\"https:\/\/www.visit-ulcinj.com\/blog\/author\/admin\/\"}]}<\/script>\n<!-- \/ Yoast SEO plugin. -->","yoast_head_json":{"title":"Srpska pjeva\u010dica Ana Nikoli\u0107 snima na Adi Bojani - Lajme nga Ulqini","description":"O\u010darana ljepotom ostrva Ulcinj \u2013 Ovih dana se na Adi Bojani snimaju dva muzi\u010dka spota pjeva\u010dice Ane Nikoli\u0107. - Prvi put sam na Adi, a odabrala sam ovu","robots":{"index":"index","follow":"follow","max-snippet":"max-snippet:-1","max-image-preview":"max-image-preview:large","max-video-preview":"max-video-preview:-1"},"canonical":"https:\/\/www.visit-ulcinj.com\/blog\/2010\/09\/06\/srpska-pjevacica-ana-nikolic-snima-na-adi-bojani\/","og_locale":"en_US","og_type":"article","og_title":"Srpska pjeva\u010dica Ana Nikoli\u0107 snima na Adi Bojani - Lajme nga Ulqini","og_description":"O\u010darana ljepotom ostrva Ulcinj \u2013 Ovih dana se na Adi Bojani snimaju dva muzi\u010dka spota pjeva\u010dice Ane Nikoli\u0107. - Prvi put sam na Adi, a odabrala sam ovu","og_url":"https:\/\/www.visit-ulcinj.com\/blog\/2010\/09\/06\/srpska-pjevacica-ana-nikolic-snima-na-adi-bojani\/","og_site_name":"Lajme nga Ulqini","article_published_time":"2010-09-06T19:57:16+00:00","article_modified_time":"2010-09-11T09:54:53+00:00","og_image":[{"url":"https:\/\/www.visit-ulcinj.com\/blog\/wp-content\/uploads\/2010\/09\/Ana-Nikolic_Spot_-Ada-Bojana-150x150.jpg"}],"twitter_misc":{"Written by":"ulqini","Est. reading time":"1 minute"},"schema":{"@context":"https:\/\/schema.org","@graph":[{"@type":"WebSite","@id":"https:\/\/www.visit-ulcinj.com\/blog\/#website","url":"https:\/\/www.visit-ulcinj.com\/blog\/","name":"Lajme nga Ulqini","description":"Lajme,Vijesti,Ulqini,Ulqin,Crna Gora,Mali i Zi","potentialAction":[{"@type":"SearchAction","target":{"@type":"EntryPoint","urlTemplate":"https:\/\/www.visit-ulcinj.com\/blog\/?s={search_term_string}"},"query-input":"required name=search_term_string"}],"inLanguage":"en-US"},{"@type":"ImageObject","inLanguage":"en-US","@id":"https:\/\/www.visit-ulcinj.com\/blog\/2010\/09\/06\/srpska-pjevacica-ana-nikolic-snima-na-adi-bojani\/#primaryimage","url":"http:\/\/www.visit-ulcinj.com\/blog\/wp-content\/uploads\/2010\/09\/Ana-Nikolic_Spot_-Ada-Bojana.jpg","contentUrl":"http:\/\/www.visit-ulcinj.com\/blog\/wp-content\/uploads\/2010\/09\/Ana-Nikolic_Spot_-Ada-Bojana.jpg"},{"@type":"WebPage","@id":"https:\/\/www.visit-ulcinj.com\/blog\/2010\/09\/06\/srpska-pjevacica-ana-nikolic-snima-na-adi-bojani\/#webpage","url":"https:\/\/www.visit-ulcinj.com\/blog\/2010\/09\/06\/srpska-pjevacica-ana-nikolic-snima-na-adi-bojani\/","name":"Srpska pjeva\u010dica Ana Nikoli\u0107 snima na Adi Bojani - Lajme nga Ulqini","isPartOf":{"@id":"https:\/\/www.visit-ulcinj.com\/blog\/#website"},"primaryImageOfPage":{"@id":"https:\/\/www.visit-ulcinj.com\/blog\/2010\/09\/06\/srpska-pjevacica-ana-nikolic-snima-na-adi-bojani\/#primaryimage"},"datePublished":"2010-09-06T19:57:16+00:00","dateModified":"2010-09-11T09:54:53+00:00","author":{"@id":"https:\/\/www.visit-ulcinj.com\/blog\/#\/schema\/person\/dcab619c614d3038751c63bc2aadc06d"},"description":"O\u010darana ljepotom ostrva Ulcinj \u2013 Ovih dana se na Adi Bojani snimaju dva muzi\u010dka spota pjeva\u010dice Ane Nikoli\u0107. - Prvi put sam na Adi, a odabrala sam ovu","breadcrumb":{"@id":"https:\/\/www.visit-ulcinj.com\/blog\/2010\/09\/06\/srpska-pjevacica-ana-nikolic-snima-na-adi-bojani\/#breadcrumb"},"inLanguage":"en-US","potentialAction":[{"@type":"ReadAction","target":["https:\/\/www.visit-ulcinj.com\/blog\/2010\/09\/06\/srpska-pjevacica-ana-nikolic-snima-na-adi-bojani\/"]}]},{"@type":"BreadcrumbList","@id":"https:\/\/www.visit-ulcinj.com\/blog\/2010\/09\/06\/srpska-pjevacica-ana-nikolic-snima-na-adi-bojani\/#breadcrumb","itemListElement":[{"@type":"ListItem","position":1,"name":"Srpska pjeva\u010dica Ana Nikoli\u0107 snima na Adi Bojani"}]},{"@type":"Person","@id":"https:\/\/www.visit-ulcinj.com\/blog\/#\/schema\/person\/dcab619c614d3038751c63bc2aadc06d","name":"ulqini","sameAs":["http:\/\/www.visit-ulcinj.com"],"url":"https:\/\/www.visit-ulcinj.com\/blog\/author\/admin\/"}]}},"jetpack_featured_media_url":"","jetpack_sharing_enabled":true,"jetpack_shortlink":"https:\/\/wp.me\/pe6lTn-9zc","_links":{"self":[{"href":"https:\/\/www.visit-ulcinj.com\/blog\/wp-json\/wp\/v2\/posts\/36778"}],"collection":[{"href":"https:\/\/www.visit-ulcinj.com\/blog\/wp-json\/wp\/v2\/posts"}],"about":[{"href":"https:\/\/www.visit-ulcinj.com\/blog\/wp-json\/wp\/v2\/types\/post"}],"author":[{"embeddable":true,"href":"https:\/\/www.visit-ulcinj.com\/blog\/wp-json\/wp\/v2\/users\/1"}],"replies":[{"embeddable":true,"href":"https:\/\/www.visit-ulcinj.com\/blog\/wp-json\/wp\/v2\/comments?post=36778"}],"version-history":[{"count":0,"href":"https:\/\/www.visit-ulcinj.com\/blog\/wp-json\/wp\/v2\/posts\/36778\/revisions"}],"wp:attachment":[{"href":"https:\/\/www.visit-ulcinj.com\/blog\/wp-json\/wp\/v2\/media?parent=36778"}],"wp:term":[{"taxonomy":"category","embeddable":true,"href":"https:\/\/www.visit-ulcinj.com\/blog\/wp-json\/wp\/v2\/categories?post=36778"},{"taxonomy":"post_tag","embeddable":true,"href":"https:\/\/www.visit-ulcinj.com\/blog\/wp-json\/wp\/v2\/tags?post=36778"}],"curies":[{"name":"wp","href":"https:\/\/api.w.org\/{rel}","templated":true}]}}