{"id":36785,"date":"2010-09-06T22:16:48","date_gmt":"2010-09-06T20:16:48","guid":{"rendered":"http:\/\/www.visit-ulcinj.com\/blog\/?p=36785"},"modified":"2010-09-06T22:16:48","modified_gmt":"2010-09-06T20:16:48","slug":"demokratski-savez-u-crnoj-gori-pripremaju-se-da-idu-sami","status":"publish","type":"post","link":"https:\/\/www.visit-ulcinj.com\/blog\/2010\/09\/06\/demokratski-savez-u-crnoj-gori-pripremaju-se-da-idu-sami\/","title":{"rendered":"Demokratski savez u Crnoj Gori: Pripremaju se da idu sami"},"content":{"rendered":"<p><strong><a href=\"http:\/\/www.visit-ulcinj.com\/blog\/wp-content\/uploads\/2010\/09\/Lidhja-Demokratike-n\u00eb-Mal-t\u00eb-Zi.jpg\"><img loading=\"lazy\" class=\"alignleft size-medium wp-image-36786\" title=\"Lidhja Demokratike n\u00eb Mal t\u00eb Zi\" src=\"http:\/\/www.visit-ulcinj.com\/blog\/wp-content\/uploads\/2010\/09\/Lidhja-Demokratike-n\u00eb-Mal-t\u00eb-Zi-249x300.jpg\" alt=\"\" width=\"300\" height=\"360\" srcset=\"https:\/\/www.visit-ulcinj.com\/blog\/wp-content\/uploads\/2010\/09\/Lidhja-Demokratike-n\u00eb-Mal-t\u00eb-Zi-249x300.jpg 249w, https:\/\/www.visit-ulcinj.com\/blog\/wp-content\/uploads\/2010\/09\/Lidhja-Demokratike-n\u00eb-Mal-t\u00eb-Zi.jpg 599w\" sizes=\"(max-width: 300px) 100vw, 300px\" \/><\/a>Bardhi o nastupu njegove stranke u Ulcinju<\/strong><br \/>\nUlcinj (MINA) \u2013 Demokratski savez u Crnoj Gori (DSuCG) priprema se za samostalan nastup na predstoje\u0107im lokalnim izborima u Ulcinju, iako je otvoren za razgovor o zajedni\u010dkom nastupu sa opozicijom, ali i s vla\u0161\u0107u pod odre\u0111enim uslovima, saop\u0161tio je lider Mehmet Bardhi.<br \/>\nOn je agenciji MINA rekao da DSuCG nije imao dobar rezultat u prvom krugu izbora u Ulcinju, ali da \u0107e bez obzira na to nastaviti organizovanje i politi\u010dko djelovanje za predstoje\u0107e izbore.<br \/>\nBardhi je objasnio da je DSuCG u Ulcinju organizovan na nivou ogranaka i da su ta tijela ve\u0107 odr\u017eala sastanak na kojem je svako preuzeo svoje zadatke.<br \/>\n\u201ePreuzimamo sve kao da na izbore izlazimo samostalno, a spremni smo da poku\u0161amo da razgovaramo sa srodnim opozicionim i drugim strankama. Smatramo da bi trebalo formirati \u0161iru koaliciju koja bi mogla da izdejstvuje bolji rezultat i smjenu vlasti koja je prokockala kupljeno povjerenje bira\u010da\u201c, kazao je on.<\/p>\n<p>Bardhi je rekao da je DSuCG dobio poziv za razgovor od Demokratske snage Forca, dodaju\u0107i da bi danas trebalo da bude odr\u017ean inicijalni sastanak na kome bi se razgovaralo o izborima.<br \/>\nGovore\u0107i o platformi koju je opozicionim partijama uputio potpredsjednik Pokreta za promjene Branko Radulovi\u0107, Bardhi je kazao da se sa sadr\u017einom tog dokumenta upoznao iz medija.<br \/>\n\u201eMi nijesmo dobili platformu. \u0160to se ti\u010de Ulcinja, mali je uticaj PzP, ali, prema na\u0161em mi\u0161ljenju, bitno je sakupiti \u0161to vi\u0161e glasova kako bi imali vi\u0161e mjesta u parlamentu da bi mogli formirati vlast. Svima je jasno da samostalno niko ne mo\u017ee dobiti vlast\u201c, naveo je on.<br \/>\nBardhi je rekao da je DSuCG otvoren i za koaliciju sa partijama na vlasti, ali samo pod uslovom ako bi se sa\u010dinila platforma koja bi podrazumijevala \u201epobolj\u0161anje statusa Albanaca u Crnoj Gori\u201c.<br \/>\n\u201eKada bi postojala volja i \u017eelja da preokrenu stvari stvarnim \u010dinjenjem za ostvarivanje prava Albanaca i formiranje demokratske vlasti, za\u0161to da ne\u201c, naveo je on.<br \/>\nBardhi je kazao da \u0107e DSuCG u ovom krugu izbora imati druga\u010diji pristup kampanji zbog nedostatka novca, jer Op\u0161tina Ulcinj nije uplatila lokalnim partijama dio koji je u obavezi da upla\u0107uje iz bud\u017eeta, a i na dr\u017eavnom nivou smanjen je iznos koji se upla\u0107uje parlamentarnim strankama.<\/p>\n<p><a href=\"http:\/\/www.vijesti.me\/\" target=\"_blank\"><strong>Vijesti<\/strong><\/a><\/p>\n","protected":false},"excerpt":{"rendered":"<p>Bardhi o nastupu njegove stranke u Ulcinju Ulcinj (MINA) \u2013 Demokratski savez u Crnoj Gori (DSuCG) priprema se za samostalan nastup na predstoje\u0107im lokalnim izborima u Ulcinju, iako je otvoren za razgovor o zajedni\u010dkom nastupu sa opozicijom, ali i s vla\u0161\u0107u pod odre\u0111enim uslovima, saop\u0161tio je lider Mehmet Bardhi. On je agenciji MINA rekao da [&hellip;]<\/p>\n","protected":false},"author":1,"featured_media":0,"comment_status":"open","ping_status":"closed","sticky":false,"template":"","format":"standard","meta":{"spay_email":"","jetpack_publicize_message":"","jetpack_is_tweetstorm":false,"jetpack_publicize_feature_enabled":true},"categories":[8337],"tags":[15275,347,19],"jetpack_publicize_connections":[],"yoast_head":"<!-- This site is optimized with the Yoast SEO plugin v19.1 - https:\/\/yoast.com\/wordpress\/plugins\/seo\/ -->\n<title>Demokratski savez u Crnoj Gori: Pripremaju se da idu sami - Lajme nga Ulqini<\/title>\n<meta name=\"description\" content=\"Bardhi o nastupu njegove stranke u Ulcinju Ulcinj (MINA) \u2013 Demokratski savez u Crnoj Gori (DSuCG) priprema se za samostalan nastup na predstoje\u0107im\" \/>\n<meta name=\"robots\" content=\"index, follow, max-snippet:-1, max-image-preview:large, max-video-preview:-1\" \/>\n<link rel=\"canonical\" href=\"https:\/\/www.visit-ulcinj.com\/blog\/2010\/09\/06\/demokratski-savez-u-crnoj-gori-pripremaju-se-da-idu-sami\/\" \/>\n<meta property=\"og:locale\" content=\"en_US\" \/>\n<meta property=\"og:type\" content=\"article\" \/>\n<meta property=\"og:title\" content=\"Demokratski savez u Crnoj Gori: Pripremaju se da idu sami - Lajme nga Ulqini\" \/>\n<meta property=\"og:description\" content=\"Bardhi o nastupu njegove stranke u Ulcinju Ulcinj (MINA) \u2013 Demokratski savez u Crnoj Gori (DSuCG) priprema se za samostalan nastup na predstoje\u0107im\" \/>\n<meta property=\"og:url\" content=\"https:\/\/www.visit-ulcinj.com\/blog\/2010\/09\/06\/demokratski-savez-u-crnoj-gori-pripremaju-se-da-idu-sami\/\" \/>\n<meta property=\"og:site_name\" content=\"Lajme nga Ulqini\" \/>\n<meta property=\"article:published_time\" content=\"2010-09-06T20:16:48+00:00\" \/>\n<meta name=\"twitter:label1\" content=\"Written by\" \/>\n\t<meta name=\"twitter:data1\" content=\"ulqini\" \/>\n\t<meta name=\"twitter:label2\" content=\"Est. reading time\" \/>\n\t<meta name=\"twitter:data2\" content=\"2 minutes\" \/>\n<script type=\"application\/ld+json\" class=\"yoast-schema-graph\">{\"@context\":\"https:\/\/schema.org\",\"@graph\":[{\"@type\":\"WebSite\",\"@id\":\"https:\/\/www.visit-ulcinj.com\/blog\/#website\",\"url\":\"https:\/\/www.visit-ulcinj.com\/blog\/\",\"name\":\"Lajme nga Ulqini\",\"description\":\"Lajme,Vijesti,Ulqini,Ulqin,Crna Gora,Mali i Zi\",\"potentialAction\":[{\"@type\":\"SearchAction\",\"target\":{\"@type\":\"EntryPoint\",\"urlTemplate\":\"https:\/\/www.visit-ulcinj.com\/blog\/?s={search_term_string}\"},\"query-input\":\"required name=search_term_string\"}],\"inLanguage\":\"en-US\"},{\"@type\":\"WebPage\",\"@id\":\"https:\/\/www.visit-ulcinj.com\/blog\/2010\/09\/06\/demokratski-savez-u-crnoj-gori-pripremaju-se-da-idu-sami\/#webpage\",\"url\":\"https:\/\/www.visit-ulcinj.com\/blog\/2010\/09\/06\/demokratski-savez-u-crnoj-gori-pripremaju-se-da-idu-sami\/\",\"name\":\"Demokratski savez u Crnoj Gori: Pripremaju se da idu sami - Lajme nga Ulqini\",\"isPartOf\":{\"@id\":\"https:\/\/www.visit-ulcinj.com\/blog\/#website\"},\"datePublished\":\"2010-09-06T20:16:48+00:00\",\"dateModified\":\"2010-09-06T20:16:48+00:00\",\"author\":{\"@id\":\"https:\/\/www.visit-ulcinj.com\/blog\/#\/schema\/person\/dcab619c614d3038751c63bc2aadc06d\"},\"description\":\"Bardhi o nastupu njegove stranke u Ulcinju Ulcinj (MINA) \u2013 Demokratski savez u Crnoj Gori (DSuCG) priprema se za samostalan nastup na predstoje\u0107im\",\"breadcrumb\":{\"@id\":\"https:\/\/www.visit-ulcinj.com\/blog\/2010\/09\/06\/demokratski-savez-u-crnoj-gori-pripremaju-se-da-idu-sami\/#breadcrumb\"},\"inLanguage\":\"en-US\",\"potentialAction\":[{\"@type\":\"ReadAction\",\"target\":[\"https:\/\/www.visit-ulcinj.com\/blog\/2010\/09\/06\/demokratski-savez-u-crnoj-gori-pripremaju-se-da-idu-sami\/\"]}]},{\"@type\":\"BreadcrumbList\",\"@id\":\"https:\/\/www.visit-ulcinj.com\/blog\/2010\/09\/06\/demokratski-savez-u-crnoj-gori-pripremaju-se-da-idu-sami\/#breadcrumb\",\"itemListElement\":[{\"@type\":\"ListItem\",\"position\":1,\"name\":\"Demokratski savez u Crnoj Gori: Pripremaju se da idu sami\"}]},{\"@type\":\"Person\",\"@id\":\"https:\/\/www.visit-ulcinj.com\/blog\/#\/schema\/person\/dcab619c614d3038751c63bc2aadc06d\",\"name\":\"ulqini\",\"sameAs\":[\"http:\/\/www.visit-ulcinj.com\"],\"url\":\"https:\/\/www.visit-ulcinj.com\/blog\/author\/admin\/\"}]}<\/script>\n<!-- \/ Yoast SEO plugin. -->","yoast_head_json":{"title":"Demokratski savez u Crnoj Gori: Pripremaju se da idu sami - Lajme nga Ulqini","description":"Bardhi o nastupu njegove stranke u Ulcinju Ulcinj (MINA) \u2013 Demokratski savez u Crnoj Gori (DSuCG) priprema se za samostalan nastup na predstoje\u0107im","robots":{"index":"index","follow":"follow","max-snippet":"max-snippet:-1","max-image-preview":"max-image-preview:large","max-video-preview":"max-video-preview:-1"},"canonical":"https:\/\/www.visit-ulcinj.com\/blog\/2010\/09\/06\/demokratski-savez-u-crnoj-gori-pripremaju-se-da-idu-sami\/","og_locale":"en_US","og_type":"article","og_title":"Demokratski savez u Crnoj Gori: Pripremaju se da idu sami - Lajme nga Ulqini","og_description":"Bardhi o nastupu njegove stranke u Ulcinju Ulcinj (MINA) \u2013 Demokratski savez u Crnoj Gori (DSuCG) priprema se za samostalan nastup na predstoje\u0107im","og_url":"https:\/\/www.visit-ulcinj.com\/blog\/2010\/09\/06\/demokratski-savez-u-crnoj-gori-pripremaju-se-da-idu-sami\/","og_site_name":"Lajme nga Ulqini","article_published_time":"2010-09-06T20:16:48+00:00","twitter_misc":{"Written by":"ulqini","Est. reading time":"2 minutes"},"schema":{"@context":"https:\/\/schema.org","@graph":[{"@type":"WebSite","@id":"https:\/\/www.visit-ulcinj.com\/blog\/#website","url":"https:\/\/www.visit-ulcinj.com\/blog\/","name":"Lajme nga Ulqini","description":"Lajme,Vijesti,Ulqini,Ulqin,Crna Gora,Mali i Zi","potentialAction":[{"@type":"SearchAction","target":{"@type":"EntryPoint","urlTemplate":"https:\/\/www.visit-ulcinj.com\/blog\/?s={search_term_string}"},"query-input":"required name=search_term_string"}],"inLanguage":"en-US"},{"@type":"WebPage","@id":"https:\/\/www.visit-ulcinj.com\/blog\/2010\/09\/06\/demokratski-savez-u-crnoj-gori-pripremaju-se-da-idu-sami\/#webpage","url":"https:\/\/www.visit-ulcinj.com\/blog\/2010\/09\/06\/demokratski-savez-u-crnoj-gori-pripremaju-se-da-idu-sami\/","name":"Demokratski savez u Crnoj Gori: Pripremaju se da idu sami - Lajme nga Ulqini","isPartOf":{"@id":"https:\/\/www.visit-ulcinj.com\/blog\/#website"},"datePublished":"2010-09-06T20:16:48+00:00","dateModified":"2010-09-06T20:16:48+00:00","author":{"@id":"https:\/\/www.visit-ulcinj.com\/blog\/#\/schema\/person\/dcab619c614d3038751c63bc2aadc06d"},"description":"Bardhi o nastupu njegove stranke u Ulcinju Ulcinj (MINA) \u2013 Demokratski savez u Crnoj Gori (DSuCG) priprema se za samostalan nastup na predstoje\u0107im","breadcrumb":{"@id":"https:\/\/www.visit-ulcinj.com\/blog\/2010\/09\/06\/demokratski-savez-u-crnoj-gori-pripremaju-se-da-idu-sami\/#breadcrumb"},"inLanguage":"en-US","potentialAction":[{"@type":"ReadAction","target":["https:\/\/www.visit-ulcinj.com\/blog\/2010\/09\/06\/demokratski-savez-u-crnoj-gori-pripremaju-se-da-idu-sami\/"]}]},{"@type":"BreadcrumbList","@id":"https:\/\/www.visit-ulcinj.com\/blog\/2010\/09\/06\/demokratski-savez-u-crnoj-gori-pripremaju-se-da-idu-sami\/#breadcrumb","itemListElement":[{"@type":"ListItem","position":1,"name":"Demokratski savez u Crnoj Gori: Pripremaju se da idu sami"}]},{"@type":"Person","@id":"https:\/\/www.visit-ulcinj.com\/blog\/#\/schema\/person\/dcab619c614d3038751c63bc2aadc06d","name":"ulqini","sameAs":["http:\/\/www.visit-ulcinj.com"],"url":"https:\/\/www.visit-ulcinj.com\/blog\/author\/admin\/"}]}},"jetpack_featured_media_url":"","jetpack_sharing_enabled":true,"jetpack_shortlink":"https:\/\/wp.me\/pe6lTn-9zj","_links":{"self":[{"href":"https:\/\/www.visit-ulcinj.com\/blog\/wp-json\/wp\/v2\/posts\/36785"}],"collection":[{"href":"https:\/\/www.visit-ulcinj.com\/blog\/wp-json\/wp\/v2\/posts"}],"about":[{"href":"https:\/\/www.visit-ulcinj.com\/blog\/wp-json\/wp\/v2\/types\/post"}],"author":[{"embeddable":true,"href":"https:\/\/www.visit-ulcinj.com\/blog\/wp-json\/wp\/v2\/users\/1"}],"replies":[{"embeddable":true,"href":"https:\/\/www.visit-ulcinj.com\/blog\/wp-json\/wp\/v2\/comments?post=36785"}],"version-history":[{"count":0,"href":"https:\/\/www.visit-ulcinj.com\/blog\/wp-json\/wp\/v2\/posts\/36785\/revisions"}],"wp:attachment":[{"href":"https:\/\/www.visit-ulcinj.com\/blog\/wp-json\/wp\/v2\/media?parent=36785"}],"wp:term":[{"taxonomy":"category","embeddable":true,"href":"https:\/\/www.visit-ulcinj.com\/blog\/wp-json\/wp\/v2\/categories?post=36785"},{"taxonomy":"post_tag","embeddable":true,"href":"https:\/\/www.visit-ulcinj.com\/blog\/wp-json\/wp\/v2\/tags?post=36785"}],"curies":[{"name":"wp","href":"https:\/\/api.w.org\/{rel}","templated":true}]}}