{"id":368,"date":"2008-02-04T11:47:36","date_gmt":"2008-02-04T16:47:36","guid":{"rendered":"http:\/\/www.visit-ulcinj.com\/blog\/2008\/02\/04\/ferhat-dinosha-perseri-lider-i-udsh-se\/"},"modified":"2008-02-12T20:30:47","modified_gmt":"2008-02-13T01:30:47","slug":"ferhat-dinosha-perseri-lider-i-udsh-se","status":"publish","type":"post","link":"https:\/\/www.visit-ulcinj.com\/blog\/2008\/02\/04\/ferhat-dinosha-perseri-lider-i-udsh-se\/","title":{"rendered":"Ferhat Dinosha p\u00ebrs\u00ebri lider i UDSH-s\u00eb"},"content":{"rendered":"<p><img loading=\"lazy\" src=\"http:\/\/www.visit-ulcinj.com\/blog\/wp-content\/uploads\/2008\/02\/ferhat-dinosha1.thumbnail.jpg\" align=\"left\" border=\"0\" height=\"128\" hspace=\"2\" vspace=\"2\" width=\"128\" \/>Kuvendi i V zgjedhor i Unionit Demokratik t\u00eb Shqiptar\u00ebve rizgjodhi Ferhat Dinosh\u00ebn p\u00ebr kryetar t\u00eb partis\u00eb. Kuvendi nxori edhe dokumente partiake si\u00e7 jan\u00eb; Statuti partiak, Programi politik i partis\u00eb, Raportin n\u00eb mes t\u00eb dy Kuvendeve si dhe rezolut\u00ebn p\u00ebr Kosov\u00ebn ku kjo e fundit shkaktoi reagime t\u00eb shumta tek partit\u00eb opozitare. Reagimet p\u00ebr rezolut\u00ebn filluan q\u00eb n\u00eb Kuvend ku, Aleksandar Damjanoviq nga Partia Popullore Socialiste deklaroi se, UDSH dhe PPS kan\u00eb q\u00ebndrime t\u00eb kund\u00ebrta lidhur me statusin e Kosov\u00ebs.<!--more--><br \/>\nQ\u00ebndrimin e liderit Dinosha, q\u00eb ky do t\u00eb jet\u00eb viti i pavar\u00ebsis\u00eb s\u00eb Kosov\u00ebs, si dhe miratimi i Rezolut\u00ebs p\u00ebr Kosov\u00ebn ku k\u00ebrkohet q\u00eb Kosova sa m\u00eb par\u00eb t\u00eb jet\u00eb e pavarur, \u00ebsht\u00eb i pa pranuesh\u00ebm dhe kategorikisht e kund\u00ebrshton edhe Lista Serbe deklaroi z\u00ebdh\u00ebn\u00ebsi i saj, Dobrillo Dedeiq.<br \/>\nKuvendi shkaktoi edhe reagime tjera ku p\u00ebr t\u00eb p\u00ebrditshmen \u201cDAN\u201d kryetari i Lidhjes Demokratike t\u00eb Malit t\u00eb Zi, Mehmet Bardhi, subjekt ky q\u00eb nuk ishte prezent n\u00eb Kuvend, shpreh dyshimet e veta duke vler\u00ebsuar se tjet\u00ebr thuhet e tjet\u00ebr veprohet.<br \/>\nIntonimi i vet\u00ebm himnit shqiptar dhe jo edhe atij malazias si dhe mosreagimi i p\u00ebrfaq\u00ebsuesve t\u00eb partive n\u00eb pushtet po ashtu ka shkaktuar \u201chabi\u201d tek e p\u00ebrditshmja \u201cDan\u201d.<br \/>\nN\u00eb Kuvend t\u00eb pranish\u00ebm ishin nj\u00eb num\u00ebr i madh i p\u00ebrfaq\u00ebsuesve t\u00eb partive politike nga vendi dhe rajoni, kori diplomatik, p\u00ebrfaq\u00ebsues t\u00eb institucioneve nd\u00ebrkomb\u00ebtar\u00eb si dhe simpatizues t\u00eb Unionit Demokratik t\u00eb Shqiptar\u00ebve.<\/p>\n<p><strong>G\u00ebzim Ibro\u00e7i<\/strong><a href=\"http:\/\/www.visit-ulcinj.com\/blog\/wp-admin\/Kuvendi%20i%20V%20zgjedhor%20i%20Unionit%20Demokratik%20t%C3%AB%20Shqiptar%C3%ABve%20rizgjodhi%20Ferhat%20Dinosh%C3%ABn%20p%C3%ABr%20kryetar%20t%C3%AB%20partis%C3%AB.%20Kuvendi%20nxori%20edhe%20dokumente%20partiake%20si%C3%A7%20jan%C3%AB;%20Statuti%20partiak,%20Programi%20politik%20i%20partis%C3%AB,%20Raportin%20n%C3%AB%20mes%20t%C3%AB%20dy%20Kuvendeve%20si%20dhe%20rezolut%C3%ABn%20p%C3%ABr%20Kosov%C3%ABn%20ku%20kjo%20e%20fundit%20shkaktoi%20reagime%20t%C3%AB%20shumta%20tek%20partit%C3%AB%20opozitare.%20Reagimet%20p%C3%ABr%20rezolut%C3%ABn%20filluan%20q%C3%AB%20n%C3%AB%20Kuvend%20ku,%20Aleksandar%20Damjanoviq%20nga%20Partia%20Popullore%20Socialiste%20deklaroi%20se,%20UDSH%20dhe%20PPS%20kan%C3%AB%20q%C3%ABndrime%20t%C3%AB%20kund%C3%ABrta%20lidhur%20me%20statusin%20e%20Kosov%C3%ABs.\" target=\"_blank\" title=\"Ferhat Dinosha p\u00ebrs\u00ebri lider i UDSH-s\u00eb\"><strong><br \/>\ntelegrafi.com<\/strong><\/a><\/p>\n","protected":false},"excerpt":{"rendered":"<p><img loading=\"lazy\" src=\"http:\/\/www.visit-ulcinj.com\/blog\/wp-content\/uploads\/2008\/02\/ferhat-dinosha1.thumbnail.jpg\" height=\"140\" width=\"140\" \/><\/p>\n","protected":false},"author":1,"featured_media":0,"comment_status":"open","ping_status":"closed","sticky":false,"template":"","format":"standard","meta":{"spay_email":"","jetpack_publicize_message":"","jetpack_is_tweetstorm":false,"jetpack_publicize_feature_enabled":true},"categories":[1],"tags":[],"jetpack_publicize_connections":[],"yoast_head":"<!-- This site is optimized with the Yoast SEO plugin v19.1 - https:\/\/yoast.com\/wordpress\/plugins\/seo\/ -->\n<title>Ferhat Dinosha p\u00ebrs\u00ebri lider i UDSH-s\u00eb - Lajme nga Ulqini<\/title>\n<meta name=\"robots\" content=\"index, follow, max-snippet:-1, max-image-preview:large, max-video-preview:-1\" \/>\n<link rel=\"canonical\" href=\"https:\/\/www.visit-ulcinj.com\/blog\/2008\/02\/04\/ferhat-dinosha-perseri-lider-i-udsh-se\/\" \/>\n<meta property=\"og:locale\" content=\"en_US\" \/>\n<meta property=\"og:type\" content=\"article\" \/>\n<meta property=\"og:title\" content=\"Ferhat Dinosha p\u00ebrs\u00ebri lider i UDSH-s\u00eb - Lajme nga Ulqini\" \/>\n<meta property=\"og:url\" content=\"https:\/\/www.visit-ulcinj.com\/blog\/2008\/02\/04\/ferhat-dinosha-perseri-lider-i-udsh-se\/\" \/>\n<meta property=\"og:site_name\" content=\"Lajme nga Ulqini\" \/>\n<meta property=\"article:published_time\" content=\"2008-02-04T16:47:36+00:00\" \/>\n<meta property=\"article:modified_time\" content=\"2008-02-13T01:30:47+00:00\" \/>\n<meta property=\"og:image\" content=\"http:\/\/www.visit-ulcinj.com\/blog\/wp-content\/uploads\/2008\/02\/ferhat-dinosha1.thumbnail.jpg\" \/>\n<meta name=\"twitter:label1\" content=\"Written by\" \/>\n\t<meta name=\"twitter:data1\" content=\"ulqini\" \/>\n\t<meta name=\"twitter:label2\" content=\"Est. reading time\" \/>\n\t<meta name=\"twitter:data2\" content=\"1 minute\" \/>\n<script type=\"application\/ld+json\" class=\"yoast-schema-graph\">{\"@context\":\"https:\/\/schema.org\",\"@graph\":[{\"@type\":\"WebSite\",\"@id\":\"https:\/\/www.visit-ulcinj.com\/blog\/#website\",\"url\":\"https:\/\/www.visit-ulcinj.com\/blog\/\",\"name\":\"Lajme nga Ulqini\",\"description\":\"Lajme,Vijesti,Ulqini,Ulqin,Crna Gora,Mali i Zi\",\"potentialAction\":[{\"@type\":\"SearchAction\",\"target\":{\"@type\":\"EntryPoint\",\"urlTemplate\":\"https:\/\/www.visit-ulcinj.com\/blog\/?s={search_term_string}\"},\"query-input\":\"required name=search_term_string\"}],\"inLanguage\":\"en-US\"},{\"@type\":\"ImageObject\",\"inLanguage\":\"en-US\",\"@id\":\"https:\/\/www.visit-ulcinj.com\/blog\/2008\/02\/04\/ferhat-dinosha-perseri-lider-i-udsh-se\/#primaryimage\",\"url\":\"http:\/\/www.visit-ulcinj.com\/blog\/wp-content\/uploads\/2008\/02\/ferhat-dinosha1.thumbnail.jpg\",\"contentUrl\":\"http:\/\/www.visit-ulcinj.com\/blog\/wp-content\/uploads\/2008\/02\/ferhat-dinosha1.thumbnail.jpg\"},{\"@type\":\"WebPage\",\"@id\":\"https:\/\/www.visit-ulcinj.com\/blog\/2008\/02\/04\/ferhat-dinosha-perseri-lider-i-udsh-se\/#webpage\",\"url\":\"https:\/\/www.visit-ulcinj.com\/blog\/2008\/02\/04\/ferhat-dinosha-perseri-lider-i-udsh-se\/\",\"name\":\"Ferhat Dinosha p\u00ebrs\u00ebri lider i UDSH-s\u00eb - Lajme nga Ulqini\",\"isPartOf\":{\"@id\":\"https:\/\/www.visit-ulcinj.com\/blog\/#website\"},\"primaryImageOfPage\":{\"@id\":\"https:\/\/www.visit-ulcinj.com\/blog\/2008\/02\/04\/ferhat-dinosha-perseri-lider-i-udsh-se\/#primaryimage\"},\"datePublished\":\"2008-02-04T16:47:36+00:00\",\"dateModified\":\"2008-02-13T01:30:47+00:00\",\"author\":{\"@id\":\"https:\/\/www.visit-ulcinj.com\/blog\/#\/schema\/person\/dcab619c614d3038751c63bc2aadc06d\"},\"breadcrumb\":{\"@id\":\"https:\/\/www.visit-ulcinj.com\/blog\/2008\/02\/04\/ferhat-dinosha-perseri-lider-i-udsh-se\/#breadcrumb\"},\"inLanguage\":\"en-US\",\"potentialAction\":[{\"@type\":\"ReadAction\",\"target\":[\"https:\/\/www.visit-ulcinj.com\/blog\/2008\/02\/04\/ferhat-dinosha-perseri-lider-i-udsh-se\/\"]}]},{\"@type\":\"BreadcrumbList\",\"@id\":\"https:\/\/www.visit-ulcinj.com\/blog\/2008\/02\/04\/ferhat-dinosha-perseri-lider-i-udsh-se\/#breadcrumb\",\"itemListElement\":[{\"@type\":\"ListItem\",\"position\":1,\"name\":\"Ferhat Dinosha p\u00ebrs\u00ebri lider i UDSH-s\u00eb\"}]},{\"@type\":\"Person\",\"@id\":\"https:\/\/www.visit-ulcinj.com\/blog\/#\/schema\/person\/dcab619c614d3038751c63bc2aadc06d\",\"name\":\"ulqini\",\"sameAs\":[\"http:\/\/www.visit-ulcinj.com\"],\"url\":\"https:\/\/www.visit-ulcinj.com\/blog\/author\/admin\/\"}]}<\/script>\n<!-- \/ Yoast SEO plugin. -->","yoast_head_json":{"title":"Ferhat Dinosha p\u00ebrs\u00ebri lider i UDSH-s\u00eb - Lajme nga Ulqini","robots":{"index":"index","follow":"follow","max-snippet":"max-snippet:-1","max-image-preview":"max-image-preview:large","max-video-preview":"max-video-preview:-1"},"canonical":"https:\/\/www.visit-ulcinj.com\/blog\/2008\/02\/04\/ferhat-dinosha-perseri-lider-i-udsh-se\/","og_locale":"en_US","og_type":"article","og_title":"Ferhat Dinosha p\u00ebrs\u00ebri lider i UDSH-s\u00eb - Lajme nga Ulqini","og_url":"https:\/\/www.visit-ulcinj.com\/blog\/2008\/02\/04\/ferhat-dinosha-perseri-lider-i-udsh-se\/","og_site_name":"Lajme nga Ulqini","article_published_time":"2008-02-04T16:47:36+00:00","article_modified_time":"2008-02-13T01:30:47+00:00","og_image":[{"url":"http:\/\/www.visit-ulcinj.com\/blog\/wp-content\/uploads\/2008\/02\/ferhat-dinosha1.thumbnail.jpg"}],"twitter_misc":{"Written by":"ulqini","Est. reading time":"1 minute"},"schema":{"@context":"https:\/\/schema.org","@graph":[{"@type":"WebSite","@id":"https:\/\/www.visit-ulcinj.com\/blog\/#website","url":"https:\/\/www.visit-ulcinj.com\/blog\/","name":"Lajme nga Ulqini","description":"Lajme,Vijesti,Ulqini,Ulqin,Crna Gora,Mali i Zi","potentialAction":[{"@type":"SearchAction","target":{"@type":"EntryPoint","urlTemplate":"https:\/\/www.visit-ulcinj.com\/blog\/?s={search_term_string}"},"query-input":"required name=search_term_string"}],"inLanguage":"en-US"},{"@type":"ImageObject","inLanguage":"en-US","@id":"https:\/\/www.visit-ulcinj.com\/blog\/2008\/02\/04\/ferhat-dinosha-perseri-lider-i-udsh-se\/#primaryimage","url":"http:\/\/www.visit-ulcinj.com\/blog\/wp-content\/uploads\/2008\/02\/ferhat-dinosha1.thumbnail.jpg","contentUrl":"http:\/\/www.visit-ulcinj.com\/blog\/wp-content\/uploads\/2008\/02\/ferhat-dinosha1.thumbnail.jpg"},{"@type":"WebPage","@id":"https:\/\/www.visit-ulcinj.com\/blog\/2008\/02\/04\/ferhat-dinosha-perseri-lider-i-udsh-se\/#webpage","url":"https:\/\/www.visit-ulcinj.com\/blog\/2008\/02\/04\/ferhat-dinosha-perseri-lider-i-udsh-se\/","name":"Ferhat Dinosha p\u00ebrs\u00ebri lider i UDSH-s\u00eb - Lajme nga Ulqini","isPartOf":{"@id":"https:\/\/www.visit-ulcinj.com\/blog\/#website"},"primaryImageOfPage":{"@id":"https:\/\/www.visit-ulcinj.com\/blog\/2008\/02\/04\/ferhat-dinosha-perseri-lider-i-udsh-se\/#primaryimage"},"datePublished":"2008-02-04T16:47:36+00:00","dateModified":"2008-02-13T01:30:47+00:00","author":{"@id":"https:\/\/www.visit-ulcinj.com\/blog\/#\/schema\/person\/dcab619c614d3038751c63bc2aadc06d"},"breadcrumb":{"@id":"https:\/\/www.visit-ulcinj.com\/blog\/2008\/02\/04\/ferhat-dinosha-perseri-lider-i-udsh-se\/#breadcrumb"},"inLanguage":"en-US","potentialAction":[{"@type":"ReadAction","target":["https:\/\/www.visit-ulcinj.com\/blog\/2008\/02\/04\/ferhat-dinosha-perseri-lider-i-udsh-se\/"]}]},{"@type":"BreadcrumbList","@id":"https:\/\/www.visit-ulcinj.com\/blog\/2008\/02\/04\/ferhat-dinosha-perseri-lider-i-udsh-se\/#breadcrumb","itemListElement":[{"@type":"ListItem","position":1,"name":"Ferhat Dinosha p\u00ebrs\u00ebri lider i UDSH-s\u00eb"}]},{"@type":"Person","@id":"https:\/\/www.visit-ulcinj.com\/blog\/#\/schema\/person\/dcab619c614d3038751c63bc2aadc06d","name":"ulqini","sameAs":["http:\/\/www.visit-ulcinj.com"],"url":"https:\/\/www.visit-ulcinj.com\/blog\/author\/admin\/"}]}},"jetpack_featured_media_url":"","jetpack_sharing_enabled":true,"jetpack_shortlink":"https:\/\/wp.me\/pe6lTn-5W","_links":{"self":[{"href":"https:\/\/www.visit-ulcinj.com\/blog\/wp-json\/wp\/v2\/posts\/368"}],"collection":[{"href":"https:\/\/www.visit-ulcinj.com\/blog\/wp-json\/wp\/v2\/posts"}],"about":[{"href":"https:\/\/www.visit-ulcinj.com\/blog\/wp-json\/wp\/v2\/types\/post"}],"author":[{"embeddable":true,"href":"https:\/\/www.visit-ulcinj.com\/blog\/wp-json\/wp\/v2\/users\/1"}],"replies":[{"embeddable":true,"href":"https:\/\/www.visit-ulcinj.com\/blog\/wp-json\/wp\/v2\/comments?post=368"}],"version-history":[{"count":0,"href":"https:\/\/www.visit-ulcinj.com\/blog\/wp-json\/wp\/v2\/posts\/368\/revisions"}],"wp:attachment":[{"href":"https:\/\/www.visit-ulcinj.com\/blog\/wp-json\/wp\/v2\/media?parent=368"}],"wp:term":[{"taxonomy":"category","embeddable":true,"href":"https:\/\/www.visit-ulcinj.com\/blog\/wp-json\/wp\/v2\/categories?post=368"},{"taxonomy":"post_tag","embeddable":true,"href":"https:\/\/www.visit-ulcinj.com\/blog\/wp-json\/wp\/v2\/tags?post=368"}],"curies":[{"name":"wp","href":"https:\/\/api.w.org\/{rel}","templated":true}]}}