{"id":36807,"date":"2015-04-28T01:16:49","date_gmt":"2015-04-28T00:16:49","guid":{"rendered":"http:\/\/www.visit-ulcinj.com\/blog\/?p=36807"},"modified":"2015-04-29T16:30:39","modified_gmt":"2015-04-29T15:30:39","slug":"kujtimet-nga-e-kaluara-e-ismail-bushatit-si-deshen-te-na-largonin-nga-kalaja","status":"publish","type":"post","link":"https:\/\/www.visit-ulcinj.com\/blog\/2015\/04\/28\/kujtimet-nga-e-kaluara-e-ismail-bushatit-si-deshen-te-na-largonin-nga-kalaja\/","title":{"rendered":"Kujtimet nga e kaluara e Ismail Bushatit: Si desh\u00ebn t\u00eb na largonin nga Kalaja!"},"content":{"rendered":"<p><strong><a href=\"http:\/\/www.visit-ulcinj.com\/blog\/wp-content\/uploads\/2010\/09\/Ismajl-Bushati-_Kalaja-e-Ulqinit.jpg\"><img loading=\"lazy\" class=\"alignleft size-full wp-image-36809\" title=\"Ismajl Bushati _Kalaja e Ulqinit\" src=\"http:\/\/www.visit-ulcinj.com\/blog\/wp-content\/uploads\/2010\/09\/Ismajl-Bushati-_Kalaja-e-Ulqinit.jpg\" alt=\"\" width=\"330\" height=\"347\" srcset=\"https:\/\/www.visit-ulcinj.com\/blog\/wp-content\/uploads\/2010\/09\/Ismajl-Bushati-_Kalaja-e-Ulqinit.jpg 330w, https:\/\/www.visit-ulcinj.com\/blog\/wp-content\/uploads\/2010\/09\/Ismajl-Bushati-_Kalaja-e-Ulqinit-285x300.jpg 285w\" sizes=\"(max-width: 330px) 100vw, 330px\" \/><\/a>Kujtime nga e kaluara: Ismajl Bushati \u2013 rr\u00ebfime autentike mbi t\u00ebrmetin n\u00eb Ulqin<\/strong><br \/>\nIsmajl Bushati ndjehet sot krenar\u00eb p\u00ebr veprimin e nd\u00ebrmarr\u00eb pas t\u00ebrmetit t\u00eb vitit 1979 p\u00ebr t\u00eb mos e l\u00ebshuar me asnj\u00eb kusht Kalan\u00eb e Ulqinit, i vet\u00ebdijsh\u00ebm se historia dhe realiteti mbase do t\u00eb kishte qen\u00eb ndryshe sikur banor\u00ebt e saj t\u00eb kishin pranuar t\u00eb largohen nga ajo. Ismajl Bushati, i cili p\u00ebr disa dit\u00eb do t\u00eb mbush\u00eb 80 vje\u00e7, rri ulur n\u00eb tarrac\u00ebn e restorantit t\u00eb tij \u201cKalaja\u201d dhe sodit Ulqinin dhe detin. N\u00eb kok\u00ebn e tij jan\u00eb rr\u00ebnjosur shum\u00eb ngjarje t\u00eb p\u00ebrjetuara gjat\u00eb jet\u00ebs. Por t\u00ebrmeti i vitit 1979 \u00ebsht\u00eb nj\u00eb histori n\u00eb vete. K\u00ebt\u00eb histori personale, rr\u00ebfim autentik t\u00eb p\u00ebrjetuar, por q\u00eb ka t\u00eb b\u00ebj\u00eb me t\u00eb gjith\u00eb Ulqinin, ai ia tregon gati \u00e7do mysafiri t\u00eb restorantit t\u00eb tij. P\u00ebr k\u00ebt\u00eb ka arsye, sepse si\u00e7 thot\u00eb ai, \u201cti n\u00eb Kala sot nuk kishe qen\u00eb. As ti, as un\u00eb\u201d. Edhe pse kan\u00eb kaluar m\u00eb tep\u00ebr se tridhjet\u00eb vjet nga t\u00ebrmeti i vitit 1979, atij i kujtohen si sot ato ngjarje q\u00eb pasuan pas t\u00ebrmetit kur pushteti i asaj kohe n\u00ebn pretekstin e rrezikut q\u00eb ekzistonte p\u00ebr shkak t\u00eb rr\u00ebnimit t\u00eb objekteve n\u00eb Kala, donte t\u2019i largonte t\u00eb gjith\u00eb banor\u00ebt nga Kalaja. <a href=\"http:\/\/www.visit-ulcinj.com\/blog\/wp-content\/uploads\/2010\/09\/Ismajl-Bushati-_Kalaja-e-Ulqinit.1.jpg\"><img loading=\"lazy\" class=\"alignleft size-full wp-image-36810\" title=\"Ismajl Bushati _Kalaja e Ulqinit.1\" src=\"http:\/\/www.visit-ulcinj.com\/blog\/wp-content\/uploads\/2010\/09\/Ismajl-Bushati-_Kalaja-e-Ulqinit.1.jpg\" alt=\"\" width=\"392\" height=\"406\" srcset=\"https:\/\/www.visit-ulcinj.com\/blog\/wp-content\/uploads\/2010\/09\/Ismajl-Bushati-_Kalaja-e-Ulqinit.1.jpg 392w, https:\/\/www.visit-ulcinj.com\/blog\/wp-content\/uploads\/2010\/09\/Ismajl-Bushati-_Kalaja-e-Ulqinit.1-289x300.jpg 289w\" sizes=\"(max-width: 392px) 100vw, 392px\" \/><\/a>\u201cAt\u00eb dit\u00eb q\u00eb ka ndodhur t\u00ebrmeti kan\u00eb ardhur gjasht\u00eb polic\u00eb dhe komandiri Ganiq t\u00eb na nxjerrin jasht\u00eb\u201d, fillon rr\u00ebfimin e tij Ismajli. N\u00ebn pretekstin e rrezikut, t\u00eb 68 familjet q\u00eb jetonin n\u00eb Kala ishin detyruar t\u00eb largoheshin duke u vendosur disa n\u00eb \u201cFerijalni Savez\u201d n\u00eb Plazhin e Madh, nd\u00ebrsa nj\u00eb pjes\u00eb tjet\u00ebr n\u00eb objektet e hotelit \u201cMediteran\u201d. Pes\u00eb dit\u00eb pas t\u00ebrmetit, t\u00eb gjith\u00eb kalalit\u00eb (banor\u00ebt e Kalas\u00eb) i kishin ftuar n\u00eb nj\u00eb takim n\u00eb hotelin \u201cBellevue\u201d ku merrnin pjes\u00eb Bllazhija Vuk\u00e7eviq, Lolo Mi\u00e7etiq, Dul Holli dhe Xhemal Fici. Ata u premtuan banor\u00ebve t\u00eb Kalas\u00eb se kush don t\u00eb largohet do t\u00eb fitoj\u00eb nga 500 dinar\u00eb, nj\u00eb shum\u00eb relativisht e madhe n\u00eb at\u00eb koh\u00eb, me t\u00eb cil\u00ebn sipas Bushatit \u201ckan\u00eb mundur t\u00eb nd\u00ebrtohen tre kate sht\u00ebpi\u201d.<\/p>\n<p><a href=\"http:\/\/www.visit-ulcinj.com\/blog\/wp-content\/uploads\/2010\/09\/Ismajl-Bushati-_Kalaja-e-Ulqinit.2.jpg\"><img loading=\"lazy\" class=\"alignleft size-full wp-image-36811\" title=\"Ismajl Bushati _Kalaja e Ulqinit.2\" src=\"http:\/\/www.visit-ulcinj.com\/blog\/wp-content\/uploads\/2010\/09\/Ismajl-Bushati-_Kalaja-e-Ulqinit.2.jpg\" alt=\"\" width=\"490\" height=\"390\" \/><\/a>Nga frika, por t\u00eb joshur edhe nga shum\u00eb e lart\u00eb e parave, banor\u00ebt e Kalas\u00eb u pajtuan me propozimin dhe \u00e7uan duart n\u00eb shenj\u00eb aprovimi, me p\u00ebrjashtim t\u00eb Ismajlit. At\u00ebher\u00eb Bllazhija dhe Loloja m\u00eb than\u00eb: \u201cBushat, pse s\u2019po flet?\u201d \u201cBllazhija, pse don me i rrejt\u00eb. Ku don me i marr\u00eb nga 500 dinar\u00eb? Un\u00eb Kalan\u00eb nuk e l\u00ebshoj. Rahmet past\u00eb, ashtu si ka dal\u00eb baba nga Kalaja do t\u00eb dal edhe un\u00eb. Policia mund t\u00eb m\u00eb nxjerr\u00eb, por un\u00eb nuk do t\u00eb jetoj m\u00eb n\u00eb Ulqin\u201d, ishte p\u00ebrgjigjja e Ismajlit. Vet\u00ebm disa dit\u00eb pas t\u00ebrmetit, pushteti i at\u00ebhersh\u00ebm kishte marr\u00eb vendim p\u00ebr mbylljen e Kalas\u00eb. P\u00ebr k\u00ebt\u00eb q\u00ebllim kishin porositur dyert prej hekuri t\u00eb cilat do t\u00eb vendoseshin n\u00eb hyrjen e poshtme dhe t\u00eb sip\u00ebrme t\u00eb Kalas\u00eb. Sapo mori vesh k\u00ebt\u00eb lajm, Ismajli shkoi te kryetari i at\u00ebhersh\u00ebm i Komun\u00ebs s\u00eb Ulqinit, Marko Kallugjeroviqi. Ai e priti shum\u00eb keq duke i th\u00ebn\u00eb: \u201cDuhet ta l\u00ebshosh gjithsesi Kalan\u00eb\u201d. Dritat n\u00eb Kala dhe \u201cshp\u00ebtimtari\u201d Tito Por Ismajli ishte betuar se nuk do ta l\u00ebshonte Kalan\u00eb dhe se nuk do t\u2019i bindej pushtetit t\u00eb asaj kohe. N\u00eb kok\u00ebn e tij tashm\u00eb kishte hartuar nj\u00eb plan. Sapo doli nga takimi me kryetarin Kallugjeroviq, s\u00eb bashku me djalin e tij t\u00eb madh, Ragipin, shkuan me makin\u00eb te nj\u00eb mik i tij n\u00eb Tuz nga i cili mori nj\u00eb gjenerator. \u201cKur u kthyem, gjet\u00ebm dy polic\u00eb n\u00eb hyrje t\u00eb Kalas\u00eb. Ju them se dua t\u00eb shkoj t\u00eb marr kostu kostumin n\u00eb sht\u00ebpi n\u00eb Kala. P\u00ebr t\u2019i mashtruar i \u00e7ova n\u00eb nj\u00eb kafe. Ragipi nd\u00ebrkoh\u00eb futi gjeneratorin n\u00eb Kala. Kur u kthye, Ragipi m\u00eb thot\u00eb se nuk e ka gjetur kostumin\u201d, vazhdon rr\u00ebfimin e tij Ismajli. N\u00ebn pretekstin e mosgjetjes s\u00eb kostumit, ai u mori leje polic\u00ebve t\u00eb patrull\u00ebs t\u00eb hynte n\u00eb Kala. \u201cIshte ora 13.55. Edhe pes\u00eb minuta duhej t\u00eb nd\u00ebrrohej patrulla e policis\u00eb\u201d, kujton Ismajli.<\/p>\n<p><a href=\"http:\/\/www.visit-ulcinj.com\/blog\/wp-content\/uploads\/2010\/09\/Kadro-Bushati.jpg\"><img loading=\"lazy\" class=\"alignleft  wp-image-78241\" src=\"http:\/\/www.visit-ulcinj.com\/blog\/wp-content\/uploads\/2010\/09\/Kadro-Bushati.jpg\" alt=\"Kadro-Bushati\" width=\"508\" height=\"360\" \/><\/a><\/p>\n<p>Me t\u00eb mb\u00ebrritur n\u00eb sht\u00ebpin\u00eb e tij kishte filluar pun\u00ebn p\u00ebr rregullimin e dritave p\u00ebr ndezjen e t\u00eb cilave do t\u00eb p\u00ebrdorte gjeneratorin. \u201cFotografis\u00eb s\u00eb Titos i vendosa dy drita\u201d, thot\u00eb Ismajli. P\u00ebr planin e tij i kishte treguar edhe Novakut nga policia t\u00eb cilit i kishte premtuar se \u201cn\u00eb or\u00ebn 19 do t\u00eb ndezen dritat n\u00eb Kala\u201d. Madje i kishte th\u00ebn\u00eb q\u00eb t\u00eb dal\u00eb n\u00eb Ran\u00eb dhe t\u00eb shikoj\u00eb. Tamam n\u00eb or\u00ebn 19, ai ndezi gjeneratorin dhe dritat u ndez\u00ebn s\u00ebrish n\u00eb Kala. \u201cRreth 200 vet\u00eb kan\u00eb dal\u00eb t\u00eb shohin n\u00eb Ran\u00eb\u201d, thot\u00eb Ismajli. Dy malazeze t\u00eb cilat i kishte takuar m\u00eb von\u00eb dhe t\u00eb cilat po ashtu kishin qen\u00eb d\u00ebshmitare t\u00eb ndezjes s\u00eb dritave n\u00eb Kala me mall\u00ebngjim i kishin th\u00ebn\u00eb se \u201cna \u00ebsht\u00eb dukur sikur t\u00eb ishte ndezur feriboti\u201d. Por kjo ngjarje kishte irituar policin\u00eb. \u201cNuk kan\u00eb kaluar 30 minuta dhe kan\u00eb ardhur tet\u00eb polic\u00eb, t\u00eb udh\u00ebhequr nga komandanti Ganiq\u201d, kujton Ismajli. Por \u201cdiplomacia\u201d e tij kishte fituar. \u201cA \u00ebsht\u00eb gjynah t\u00eb rrij\u00eb ky njeri n\u00eb terr?\u201d, u kishte th\u00ebn\u00eb ai polic\u00ebve duke Ju treguar fotografin\u00eb e Titos, t\u00eb cil\u00ebn e kishte ndri\u00e7uar me dy drita. At\u00ebher\u00eb komandanti Ganiq u kishte dh\u00ebn\u00eb urdh\u00ebr polic\u00ebve q\u00eb t\u00eb ulen dhe t\u00eb rrin\u00eb. \u201cKan\u00eb ndenjur duke pir\u00eb deri n\u00eb or\u00ebn dy t\u00eb m\u00ebngjesit\u201d, kujton Ismajli. Dy vjet pa uj\u00eb dhe rrym\u00eb Ndezja e dritave n\u00eb Kala ishte b\u00ebr\u00eb problem p\u00ebr pushtetin e at\u00ebhersh\u00ebm sepse ishte shkelur vendimi i tij. T\u00eb nes\u00ebrmen n\u00eb m\u00ebngjes n\u00eb der\u00ebn e Ismajl Bushatit erdhi korrieri i Komun\u00ebs s\u00eb Ulqinit me ftes\u00ebn p\u00ebr t\u2019u paraqitur te kryetari i Komun\u00ebs, Marko Kallugjeroviq. Ai e priti shum\u00eb keq. \u201cSi ka pasur mund\u00ebsi t\u2019i ndez\u00ebsh dritat?\u201d, m\u00eb tha, tregon Ismajli, duke e p\u00ebrkujtuar se kishin marr\u00eb vendim q\u00eb Kalaja t\u00eb mos hapet p\u00ebr 10-15 vjet. \u201c\u00c7far\u00eb mendon ti i vetmi t\u00eb ndez\u00ebsh dritat n\u00eb Kala?\u201d, vazhdoi kryetari Kallugjeroviq. N\u00eb pyetjen e Kallugjeroviqit, Ismajli iu p\u00ebrgjigj: \u201cDo t\u2019i ndezi un\u00eb p\u00ebrs\u00ebri\u201d. Kallugjeroviq iu k\u00ebrc\u00ebnua p\u00ebrs\u00ebri duke i th\u00ebn\u00eb: \u201cP\u00ebr nj\u00eb gjysm\u00eb ore duhet ta l\u00ebshosh Kalan\u00eb\u201d. Por, edhe n\u00eb k\u00ebt\u00eb fitoi p\u00ebrgjigjen me vendosm\u00ebri t\u00eb Ismajlit: \u201cNuk e l\u00ebshoj Kalan\u00eb\u201d. T\u00eb nj\u00ebjt\u00ebn p\u00ebrgjigje, Ismajli kishte fituar edhe te sekretari i Komitetit, Elez Mu\u00e7oviqi. N\u00eb pyetjen e tij drejtuar Mu\u00e7oviqit \u201cA je edhe ti p\u00ebr me e l\u00ebshuar Kalan\u00eb?\u201d, ai fitoi p\u00ebrgjigjen \u201cDuhet ta l\u00ebshosh Kalan\u00eb\u201d. I vendosur n\u00eb k\u00ebrkimin e t\u00eb drejt\u00ebs s\u00eb tij, Ismajli nuk u mjaftua me p\u00ebrgjigjen q\u00eb mori nga drejtuesit lokal\u00eb. Ai po t\u00eb nj\u00ebjt\u00ebn dit\u00eb shkoi n\u00eb Podgoric\u00eb. \u201cT\u00eb nj\u00ebjt\u00ebn dit\u00eb kam shkuar n\u00eb Podgoric\u00eb te Veljko Millatoviq, kryetar i Kryesis\u00eb s\u00eb Republik\u00ebs Socialiste t\u00eb Malit t\u00eb Zi. Ai m\u00eb pranoi. Ia tregova situat\u00ebn. M\u00eb pyeti: Ku flen ti? I thash\u00eb n\u00eb restorant. Nuk d\u00ebshiroj ta l\u00ebshoj Kalan\u00eb\u201d, kujton Ismajli. Millatoviq e p\u00ebrcolli me fjal\u00ebn \u201cShko\u201d. At\u00eb nat\u00eb, pas kthimit nga Podgorica, Ismajli nuk kishte fjetur fare nga ankthi. N\u00eb m\u00ebngjesin e nes\u00ebrm erdhi korrieri i cili ia solli letr\u00ebn me firm\u00ebn dhe vul\u00ebn e kryetarit Millatoviq, n\u00eb t\u00eb cil\u00ebn shkruhej: \u201cK\u00ebt\u00eb person mos e prekni\u201d. Ismajlit i kujtohet se kur s\u00ebrish e kishte takuar m\u00eb pas Elez Mu\u00e7oviqin n\u00eb qytet i kishte th\u00ebn\u00eb: \u201cSa shpejt mb\u00ebrrite n\u00eb Podgoric\u00eb!\u201d<br \/>\n<a href=\"http:\/\/www.visit-ulcinj.com\/blog\/wp-content\/uploads\/2010\/09\/Restoranti-Kalaja_ulqin.jpg\"><img loading=\"lazy\" class=\"alignleft size-full wp-image-37014\" title=\"Restoranti Kalaja_ulqin\" src=\"http:\/\/www.visit-ulcinj.com\/blog\/wp-content\/uploads\/2010\/09\/Restoranti-Kalaja_ulqin.jpg\" alt=\"\" width=\"490\" height=\"380\" \/><\/a>N\u00eb k\u00ebt\u00eb m\u00ebnyr\u00eb, k\u00ebmb\u00ebngulja e Ismajlit p\u00ebr t\u00eb mos e l\u00ebshuar Kalan\u00eb fitoi. Por peripecit\u00eb e tij nuk mbaruan. Pas kthimit p\u00ebr t\u00eb jetuar n\u00eb Kala s\u00eb bashku me familjen e tij, ai dhe familja e Jakup Nimanbegut, dy familjet e vetme q\u00eb u kthyen menj\u00ebher\u00eb pas t\u00ebrmetit p\u00ebr t\u00eb jetuar n\u00eb Kala, jetuan dy vjet pa uj\u00eb dhe rrym\u00eb. Pushteti i at\u00ebhersh\u00ebm lokal nuk e mbajti premtimin q\u00eb u pat dh\u00ebn\u00eb kalalinjve p\u00ebr t\u2019i l\u00ebshuar sht\u00ebpit\u00eb e veta. \u201cAto 500 dinar\u00eb nuk i dhan\u00eb kurr\u00eb\u201d, thot\u00eb Ismajli. Pas dy vjet\u00ebsh nga t\u00ebrmeti, kryetari i at\u00ebhersh\u00ebm i Komun\u00ebs s\u00eb Ulqinit, Marko Kallugjeroviqi, i tuboi s\u00ebrish kalalit\u00eb n\u00eb kineman\u00eb e qytetit p\u00ebr t\u2019u kumtuar lajmin: \u201cKush ka sht\u00ebpi t\u00eb forta le t\u00eb kthehet n\u00eb Kala\u201d. Ky ishte nj\u00eb satisfaksion tjet\u00ebr p\u00ebr Ismajlin n\u00eb k\u00ebmb\u00ebnguljen e tij p\u00ebr t\u00eb mos e l\u00ebshuar Kalan\u00eb. Pas tij dhe familjes s\u00eb Jakup Nimanbegut, pjesa m\u00eb e madhe e familjeve q\u00eb m\u00eb par\u00eb jetonin n\u00eb Kala u kthyen p\u00ebr t\u00eb jetuar aty. Nga 68 familje q\u00eb para t\u00ebrmetit jetonin n\u00eb Kala, 20 \u2013 25 familje nuk u kthyen m\u00eb kurr\u00eb p\u00ebr t\u00eb jetuar n\u00eb Kala pas t\u00ebrmetit. \u201cJan\u00eb kthyer t\u00eb gjith\u00eb q\u00eb kan\u00eb pasur sht\u00ebpi t\u00eb forta. T\u00eb tjer\u00ebve Komuna iu ka dh\u00ebn\u00eb troje p\u00ebr nd\u00ebrtimin e sht\u00ebpive\u201d, thot\u00eb Ismajli. Ismajli ndjehet sot krenar\u00eb p\u00ebr veprimin e nd\u00ebrmarr\u00eb n\u00eb at\u00eb koh\u00eb, i vet\u00ebdijsh\u00ebm se historia dhe realiteti i Kalas\u00eb mbase do t\u00eb kishte qen\u00eb ndryshe sikur banor\u00ebt e saj t\u00eb kishin pranuar t\u00eb largohen nga ajo pas t\u00ebrmetit. Dashurin\u00eb e tij ndaj Kalas\u00eb, Ismajli e ka p\u00ebrjet\u00ebsuar edhe n\u00eb emrin e restorantit t\u00eb tij, restorantit t\u00eb par\u00eb n\u00eb Kalan\u00eb e Ulqinit, t\u00eb hapur para t\u00ebrmetit t\u00eb vitit 1979, t\u00eb cilit i ka v\u00ebn\u00eb emrin \u201cKalaja\u201d. \u201cNuk mund t\u00eb paramendoja t\u2019i vendosja em\u00ebr tjet\u00ebr nj\u00eb restoranti n\u00eb Kala\u201d, thot\u00eb ai.<br \/>\n<a href=\"http:\/\/www.visit-ulcinj.com\/blog\/wp-content\/uploads\/2010\/09\/Hotel-galeb-stari_ulcinj.jpg\"><img loading=\"lazy\" class=\"alignleft size-full wp-image-37031\" title=\"Hotel galeb stari_ulcinj\" src=\"http:\/\/www.visit-ulcinj.com\/blog\/wp-content\/uploads\/2010\/09\/Hotel-galeb-stari_ulcinj.jpg\" alt=\"\" width=\"490\" height=\"342\" \/><\/a><\/p>\n<p><strong>\u201cGaleb\u201d-i, dashuria e humbur <\/strong><\/p>\n<p>P\u00ebrve\u00e7 Kalas\u00eb, Ismajl Bushati flet me dashuri edhe p\u00ebr hotelin \u201cGaleb\u201d, ku ai ka punuar si kamarier rreth dyzet vjet. \u201cKa qen\u00eb lezet t\u00eb punosh n\u00eb \u201cGaleb\u201d. Nga Ulqini deri n\u00eb Herceg Novi nuk ka pasur hotel m\u00eb t\u00eb bukur\u201d, thot\u00eb ai, dhe kritikon ata q\u00eb kan\u00eb vendosur prishjen e tij. Sipas Ismajlit, shteti i Malit t\u00eb Zi ka ndjekur gjithmon\u00eb politik\u00eb q\u00eb nuk ka qen\u00eb n\u00eb favor t\u00eb Ulqinit dhe zhvillimit t\u00eb tij. \u201cPo t\u00eb kishin dashur do ta kishin nd\u00ebrtuar edhe \u201cJadran\u201d-in\u201d, thot\u00eb ai, duke menduar p\u00ebr hotelin n\u00eb Kepin e Suk\u00ebs q\u00eb u prish gjat\u00eb t\u00ebrmetit<\/p>\n<p><a href=\"http:\/\/www.visit-ulcinj.com\/blog\/wp-content\/uploads\/2012\/05\/Ismajl-Bushati_kalaja-e-ulqinit.jpg\"><img loading=\"lazy\" class=\"alignleft wp-image-60008\" src=\"http:\/\/www.visit-ulcinj.com\/blog\/wp-content\/uploads\/2012\/05\/Ismajl-Bushati_kalaja-e-ulqinit.jpg\" alt=\"Ismajl Bushati_kalaja e ulqinit\" width=\"508\" height=\"381\" srcset=\"https:\/\/www.visit-ulcinj.com\/blog\/wp-content\/uploads\/2012\/05\/Ismajl-Bushati_kalaja-e-ulqinit.jpg 960w, https:\/\/www.visit-ulcinj.com\/blog\/wp-content\/uploads\/2012\/05\/Ismajl-Bushati_kalaja-e-ulqinit-300x225.jpg 300w\" sizes=\"(max-width: 508px) 100vw, 508px\" \/><\/a><\/p>\n<p><strong>I.Kallaba<br \/>\nKoha Javore<br \/>\n<!--YouTube Error: bad URL entered--><\/strong><\/p>\n","protected":false},"excerpt":{"rendered":"<p>Kujtime nga e kaluara: Ismajl Bushati \u2013 rr\u00ebfime autentike mbi t\u00ebrmetin n\u00eb Ulqin Ismajl Bushati ndjehet sot krenar\u00eb p\u00ebr veprimin e nd\u00ebrmarr\u00eb pas t\u00ebrmetit t\u00eb vitit 1979 p\u00ebr t\u00eb mos e l\u00ebshuar me asnj\u00eb kusht Kalan\u00eb e Ulqinit, i vet\u00ebdijsh\u00ebm se historia dhe realiteti mbase do t\u00eb kishte qen\u00eb ndryshe sikur banor\u00ebt e saj t\u00eb [&hellip;]<\/p>\n","protected":false},"author":1,"featured_media":0,"comment_status":"open","ping_status":"closed","sticky":false,"template":"","format":"standard","meta":{"spay_email":"","jetpack_publicize_message":"","jetpack_is_tweetstorm":false,"jetpack_publicize_feature_enabled":true},"categories":[1,13],"tags":[15282,15284,15285,15283,200,37],"jetpack_publicize_connections":[],"yoast_head":"<!-- This site is optimized with the Yoast SEO plugin v19.1 - https:\/\/yoast.com\/wordpress\/plugins\/seo\/ -->\n<title>Kujtimet nga e kaluara e Ismail Bushatit: Si desh\u00ebn t\u00eb na largonin nga Kalaja! - Lajme nga Ulqini<\/title>\n<meta name=\"description\" content=\"Kujtime nga e kaluara: Ismajl Bushati \u2013 rr\u00ebfime autentike mbi t\u00ebrmetin n\u00eb Ulqin Ismajl Bushati ndjehet sot krenar\u00eb p\u00ebr veprimin e nd\u00ebrmarr\u00eb pas t\u00ebrmetit\" \/>\n<meta name=\"robots\" content=\"index, follow, max-snippet:-1, max-image-preview:large, max-video-preview:-1\" \/>\n<link rel=\"canonical\" href=\"https:\/\/www.visit-ulcinj.com\/blog\/2015\/04\/28\/kujtimet-nga-e-kaluara-e-ismail-bushatit-si-deshen-te-na-largonin-nga-kalaja\/\" \/>\n<meta property=\"og:locale\" content=\"en_US\" \/>\n<meta property=\"og:type\" content=\"article\" \/>\n<meta property=\"og:title\" content=\"Kujtimet nga e kaluara e Ismail Bushatit: Si desh\u00ebn t\u00eb na largonin nga Kalaja! - Lajme nga Ulqini\" \/>\n<meta property=\"og:description\" content=\"Kujtime nga e kaluara: Ismajl Bushati \u2013 rr\u00ebfime autentike mbi t\u00ebrmetin n\u00eb Ulqin Ismajl Bushati ndjehet sot krenar\u00eb p\u00ebr veprimin e nd\u00ebrmarr\u00eb pas t\u00ebrmetit\" \/>\n<meta property=\"og:url\" content=\"https:\/\/www.visit-ulcinj.com\/blog\/2015\/04\/28\/kujtimet-nga-e-kaluara-e-ismail-bushatit-si-deshen-te-na-largonin-nga-kalaja\/\" \/>\n<meta property=\"og:site_name\" content=\"Lajme nga Ulqini\" \/>\n<meta property=\"article:published_time\" content=\"2015-04-28T00:16:49+00:00\" \/>\n<meta property=\"article:modified_time\" content=\"2015-04-29T15:30:39+00:00\" \/>\n<meta property=\"og:image\" content=\"http:\/\/www.visit-ulcinj.com\/blog\/wp-content\/uploads\/2010\/09\/Ismajl-Bushati-_Kalaja-e-Ulqinit.jpg\" \/>\n<meta name=\"twitter:label1\" content=\"Written by\" \/>\n\t<meta name=\"twitter:data1\" content=\"ulqini\" \/>\n\t<meta name=\"twitter:label2\" content=\"Est. reading time\" \/>\n\t<meta name=\"twitter:data2\" content=\"9 minutes\" \/>\n<script type=\"application\/ld+json\" class=\"yoast-schema-graph\">{\"@context\":\"https:\/\/schema.org\",\"@graph\":[{\"@type\":\"WebSite\",\"@id\":\"https:\/\/www.visit-ulcinj.com\/blog\/#website\",\"url\":\"https:\/\/www.visit-ulcinj.com\/blog\/\",\"name\":\"Lajme nga Ulqini\",\"description\":\"Lajme,Vijesti,Ulqini,Ulqin,Crna Gora,Mali i Zi\",\"potentialAction\":[{\"@type\":\"SearchAction\",\"target\":{\"@type\":\"EntryPoint\",\"urlTemplate\":\"https:\/\/www.visit-ulcinj.com\/blog\/?s={search_term_string}\"},\"query-input\":\"required name=search_term_string\"}],\"inLanguage\":\"en-US\"},{\"@type\":\"ImageObject\",\"inLanguage\":\"en-US\",\"@id\":\"https:\/\/www.visit-ulcinj.com\/blog\/2015\/04\/28\/kujtimet-nga-e-kaluara-e-ismail-bushatit-si-deshen-te-na-largonin-nga-kalaja\/#primaryimage\",\"url\":\"https:\/\/www.visit-ulcinj.com\/blog\/wp-content\/uploads\/2010\/09\/Ismajl-Bushati-_Kalaja-e-Ulqinit.jpg\",\"contentUrl\":\"https:\/\/www.visit-ulcinj.com\/blog\/wp-content\/uploads\/2010\/09\/Ismajl-Bushati-_Kalaja-e-Ulqinit.jpg\",\"width\":\"330\",\"height\":\"347\"},{\"@type\":\"WebPage\",\"@id\":\"https:\/\/www.visit-ulcinj.com\/blog\/2015\/04\/28\/kujtimet-nga-e-kaluara-e-ismail-bushatit-si-deshen-te-na-largonin-nga-kalaja\/#webpage\",\"url\":\"https:\/\/www.visit-ulcinj.com\/blog\/2015\/04\/28\/kujtimet-nga-e-kaluara-e-ismail-bushatit-si-deshen-te-na-largonin-nga-kalaja\/\",\"name\":\"Kujtimet nga e kaluara e Ismail Bushatit: Si desh\u00ebn t\u00eb na largonin nga Kalaja! - Lajme nga Ulqini\",\"isPartOf\":{\"@id\":\"https:\/\/www.visit-ulcinj.com\/blog\/#website\"},\"primaryImageOfPage\":{\"@id\":\"https:\/\/www.visit-ulcinj.com\/blog\/2015\/04\/28\/kujtimet-nga-e-kaluara-e-ismail-bushatit-si-deshen-te-na-largonin-nga-kalaja\/#primaryimage\"},\"datePublished\":\"2015-04-28T00:16:49+00:00\",\"dateModified\":\"2015-04-29T15:30:39+00:00\",\"author\":{\"@id\":\"https:\/\/www.visit-ulcinj.com\/blog\/#\/schema\/person\/dcab619c614d3038751c63bc2aadc06d\"},\"description\":\"Kujtime nga e kaluara: Ismajl Bushati \u2013 rr\u00ebfime autentike mbi t\u00ebrmetin n\u00eb Ulqin Ismajl Bushati ndjehet sot krenar\u00eb p\u00ebr veprimin e nd\u00ebrmarr\u00eb pas t\u00ebrmetit\",\"breadcrumb\":{\"@id\":\"https:\/\/www.visit-ulcinj.com\/blog\/2015\/04\/28\/kujtimet-nga-e-kaluara-e-ismail-bushatit-si-deshen-te-na-largonin-nga-kalaja\/#breadcrumb\"},\"inLanguage\":\"en-US\",\"potentialAction\":[{\"@type\":\"ReadAction\",\"target\":[\"https:\/\/www.visit-ulcinj.com\/blog\/2015\/04\/28\/kujtimet-nga-e-kaluara-e-ismail-bushatit-si-deshen-te-na-largonin-nga-kalaja\/\"]}]},{\"@type\":\"BreadcrumbList\",\"@id\":\"https:\/\/www.visit-ulcinj.com\/blog\/2015\/04\/28\/kujtimet-nga-e-kaluara-e-ismail-bushatit-si-deshen-te-na-largonin-nga-kalaja\/#breadcrumb\",\"itemListElement\":[{\"@type\":\"ListItem\",\"position\":1,\"name\":\"Kujtimet nga e kaluara e Ismail Bushatit: Si desh\u00ebn t\u00eb na largonin nga Kalaja!\"}]},{\"@type\":\"Person\",\"@id\":\"https:\/\/www.visit-ulcinj.com\/blog\/#\/schema\/person\/dcab619c614d3038751c63bc2aadc06d\",\"name\":\"ulqini\",\"sameAs\":[\"http:\/\/www.visit-ulcinj.com\"],\"url\":\"https:\/\/www.visit-ulcinj.com\/blog\/author\/admin\/\"}]}<\/script>\n<!-- \/ Yoast SEO plugin. -->","yoast_head_json":{"title":"Kujtimet nga e kaluara e Ismail Bushatit: Si desh\u00ebn t\u00eb na largonin nga Kalaja! - Lajme nga Ulqini","description":"Kujtime nga e kaluara: Ismajl Bushati \u2013 rr\u00ebfime autentike mbi t\u00ebrmetin n\u00eb Ulqin Ismajl Bushati ndjehet sot krenar\u00eb p\u00ebr veprimin e nd\u00ebrmarr\u00eb pas t\u00ebrmetit","robots":{"index":"index","follow":"follow","max-snippet":"max-snippet:-1","max-image-preview":"max-image-preview:large","max-video-preview":"max-video-preview:-1"},"canonical":"https:\/\/www.visit-ulcinj.com\/blog\/2015\/04\/28\/kujtimet-nga-e-kaluara-e-ismail-bushatit-si-deshen-te-na-largonin-nga-kalaja\/","og_locale":"en_US","og_type":"article","og_title":"Kujtimet nga e kaluara e Ismail Bushatit: Si desh\u00ebn t\u00eb na largonin nga Kalaja! - Lajme nga Ulqini","og_description":"Kujtime nga e kaluara: Ismajl Bushati \u2013 rr\u00ebfime autentike mbi t\u00ebrmetin n\u00eb Ulqin Ismajl Bushati ndjehet sot krenar\u00eb p\u00ebr veprimin e nd\u00ebrmarr\u00eb pas t\u00ebrmetit","og_url":"https:\/\/www.visit-ulcinj.com\/blog\/2015\/04\/28\/kujtimet-nga-e-kaluara-e-ismail-bushatit-si-deshen-te-na-largonin-nga-kalaja\/","og_site_name":"Lajme nga Ulqini","article_published_time":"2015-04-28T00:16:49+00:00","article_modified_time":"2015-04-29T15:30:39+00:00","og_image":[{"url":"http:\/\/www.visit-ulcinj.com\/blog\/wp-content\/uploads\/2010\/09\/Ismajl-Bushati-_Kalaja-e-Ulqinit.jpg"}],"twitter_misc":{"Written by":"ulqini","Est. reading time":"9 minutes"},"schema":{"@context":"https:\/\/schema.org","@graph":[{"@type":"WebSite","@id":"https:\/\/www.visit-ulcinj.com\/blog\/#website","url":"https:\/\/www.visit-ulcinj.com\/blog\/","name":"Lajme nga Ulqini","description":"Lajme,Vijesti,Ulqini,Ulqin,Crna Gora,Mali i Zi","potentialAction":[{"@type":"SearchAction","target":{"@type":"EntryPoint","urlTemplate":"https:\/\/www.visit-ulcinj.com\/blog\/?s={search_term_string}"},"query-input":"required name=search_term_string"}],"inLanguage":"en-US"},{"@type":"ImageObject","inLanguage":"en-US","@id":"https:\/\/www.visit-ulcinj.com\/blog\/2015\/04\/28\/kujtimet-nga-e-kaluara-e-ismail-bushatit-si-deshen-te-na-largonin-nga-kalaja\/#primaryimage","url":"https:\/\/www.visit-ulcinj.com\/blog\/wp-content\/uploads\/2010\/09\/Ismajl-Bushati-_Kalaja-e-Ulqinit.jpg","contentUrl":"https:\/\/www.visit-ulcinj.com\/blog\/wp-content\/uploads\/2010\/09\/Ismajl-Bushati-_Kalaja-e-Ulqinit.jpg","width":"330","height":"347"},{"@type":"WebPage","@id":"https:\/\/www.visit-ulcinj.com\/blog\/2015\/04\/28\/kujtimet-nga-e-kaluara-e-ismail-bushatit-si-deshen-te-na-largonin-nga-kalaja\/#webpage","url":"https:\/\/www.visit-ulcinj.com\/blog\/2015\/04\/28\/kujtimet-nga-e-kaluara-e-ismail-bushatit-si-deshen-te-na-largonin-nga-kalaja\/","name":"Kujtimet nga e kaluara e Ismail Bushatit: Si desh\u00ebn t\u00eb na largonin nga Kalaja! - Lajme nga Ulqini","isPartOf":{"@id":"https:\/\/www.visit-ulcinj.com\/blog\/#website"},"primaryImageOfPage":{"@id":"https:\/\/www.visit-ulcinj.com\/blog\/2015\/04\/28\/kujtimet-nga-e-kaluara-e-ismail-bushatit-si-deshen-te-na-largonin-nga-kalaja\/#primaryimage"},"datePublished":"2015-04-28T00:16:49+00:00","dateModified":"2015-04-29T15:30:39+00:00","author":{"@id":"https:\/\/www.visit-ulcinj.com\/blog\/#\/schema\/person\/dcab619c614d3038751c63bc2aadc06d"},"description":"Kujtime nga e kaluara: Ismajl Bushati \u2013 rr\u00ebfime autentike mbi t\u00ebrmetin n\u00eb Ulqin Ismajl Bushati ndjehet sot krenar\u00eb p\u00ebr veprimin e nd\u00ebrmarr\u00eb pas t\u00ebrmetit","breadcrumb":{"@id":"https:\/\/www.visit-ulcinj.com\/blog\/2015\/04\/28\/kujtimet-nga-e-kaluara-e-ismail-bushatit-si-deshen-te-na-largonin-nga-kalaja\/#breadcrumb"},"inLanguage":"en-US","potentialAction":[{"@type":"ReadAction","target":["https:\/\/www.visit-ulcinj.com\/blog\/2015\/04\/28\/kujtimet-nga-e-kaluara-e-ismail-bushatit-si-deshen-te-na-largonin-nga-kalaja\/"]}]},{"@type":"BreadcrumbList","@id":"https:\/\/www.visit-ulcinj.com\/blog\/2015\/04\/28\/kujtimet-nga-e-kaluara-e-ismail-bushatit-si-deshen-te-na-largonin-nga-kalaja\/#breadcrumb","itemListElement":[{"@type":"ListItem","position":1,"name":"Kujtimet nga e kaluara e Ismail Bushatit: Si desh\u00ebn t\u00eb na largonin nga Kalaja!"}]},{"@type":"Person","@id":"https:\/\/www.visit-ulcinj.com\/blog\/#\/schema\/person\/dcab619c614d3038751c63bc2aadc06d","name":"ulqini","sameAs":["http:\/\/www.visit-ulcinj.com"],"url":"https:\/\/www.visit-ulcinj.com\/blog\/author\/admin\/"}]}},"jetpack_featured_media_url":"","jetpack_sharing_enabled":true,"jetpack_shortlink":"https:\/\/wp.me\/pe6lTn-9zF","_links":{"self":[{"href":"https:\/\/www.visit-ulcinj.com\/blog\/wp-json\/wp\/v2\/posts\/36807"}],"collection":[{"href":"https:\/\/www.visit-ulcinj.com\/blog\/wp-json\/wp\/v2\/posts"}],"about":[{"href":"https:\/\/www.visit-ulcinj.com\/blog\/wp-json\/wp\/v2\/types\/post"}],"author":[{"embeddable":true,"href":"https:\/\/www.visit-ulcinj.com\/blog\/wp-json\/wp\/v2\/users\/1"}],"replies":[{"embeddable":true,"href":"https:\/\/www.visit-ulcinj.com\/blog\/wp-json\/wp\/v2\/comments?post=36807"}],"version-history":[{"count":5,"href":"https:\/\/www.visit-ulcinj.com\/blog\/wp-json\/wp\/v2\/posts\/36807\/revisions"}],"predecessor-version":[{"id":90185,"href":"https:\/\/www.visit-ulcinj.com\/blog\/wp-json\/wp\/v2\/posts\/36807\/revisions\/90185"}],"wp:attachment":[{"href":"https:\/\/www.visit-ulcinj.com\/blog\/wp-json\/wp\/v2\/media?parent=36807"}],"wp:term":[{"taxonomy":"category","embeddable":true,"href":"https:\/\/www.visit-ulcinj.com\/blog\/wp-json\/wp\/v2\/categories?post=36807"},{"taxonomy":"post_tag","embeddable":true,"href":"https:\/\/www.visit-ulcinj.com\/blog\/wp-json\/wp\/v2\/tags?post=36807"}],"curies":[{"name":"wp","href":"https:\/\/api.w.org\/{rel}","templated":true}]}}