{"id":36815,"date":"2010-09-07T08:03:05","date_gmt":"2010-09-07T06:03:05","guid":{"rendered":"http:\/\/www.visit-ulcinj.com\/blog\/?p=36815"},"modified":"2010-09-07T08:19:40","modified_gmt":"2010-09-07T06:19:40","slug":"ponistena-presuda-o-vlasnistvu-nad-valdanosom","status":"publish","type":"post","link":"https:\/\/www.visit-ulcinj.com\/blog\/2010\/09\/07\/ponistena-presuda-o-vlasnistvu-nad-valdanosom\/","title":{"rendered":"Poni\u0161tena presuda o vlasni\u0161tvu nad Valdanosom"},"content":{"rendered":"<p><strong><em><a href=\"http:\/\/www.visit-ulcinj.com\/blog\/wp-content\/uploads\/2010\/09\/Ne-damo-Valdanos-Nuk-e-dorezojme-Valdanosin.2.jpg\"><img loading=\"lazy\" class=\"alignleft size-full wp-image-36816\" title=\"Ne damo Valdanos! Nuk e dorezojme Valdanosin!.2\" src=\"http:\/\/www.visit-ulcinj.com\/blog\/wp-content\/uploads\/2010\/09\/Ne-damo-Valdanos-Nuk-e-dorezojme-Valdanosin.2.jpg\" alt=\"\" width=\"490\" height=\"370\" \/><\/a>Po zakonu o maslini, maslinjak Valdanos u Ulcinju za\u0161ti\u0107en od bilo kakve gradnje. Nedopustivo je da se resurs koji je za\u0161ti\u0107en zakonom ne koristi tridesetak godina, tvrde iz Udru\u017eenja za za\u0161titu imovine<\/em><\/strong><br \/>\n<img loading=\"lazy\" class=\"alignnone\" title=\"Ne damo Valdanos! Nuk e dorezojme Valdanosin!\" src=\"http:\/\/www.ulqini.de\/Lajme\/Animation-valdanosi.gif\" alt=\"\" width=\"190\" height=\"60\" \/><br \/>\nVrhovni sud Crne Gore ukinuo je nedavno presudu Upravnog suda kojom je odbijen tu\u017ebeni zahtjev 55 biv\u0161ih vlasnika maslinjaka da se poni\u0161ti rje\u0161enje o eksproprijaciji njihove imovine u Valdanosu. Vije\u0107e sudija u sastavu Stanka Vu\u010dini\u0107, dr \u010cedomir Bogi\u0107evi\u0107 i Sreten Ivanovi\u0107 donijelo je presudu u kojoj, izme\u0111u ostalog, stoji da se \u201euva\u017eava zahtjev za vanredno preispitivanje sudske odluke, te se ukida presuda Upravnog suda Crne Gore broj 732-09 i predmet ponovo vra\u0107a na ponovno su\u0111enje\u0106.<br \/>\nU okviru obrazlo\u017eenja presude navedeno je da ukinuta \u201epresuda ima takvih nedostataka zbog kojih se zakonitost sprovedenog postupka ne mo\u017ee na zakonit na\u010din ispitati, jer presuda ne sadr\u017ei razloge o odlu\u010dnim \u010dinjenicama dok su dati razlozi protivurje\u010dni stanju stvari u spisima\u0106. Advokat Udru\u017eenja za za\u0161titu imovine u Valdanosu Mustafa \u010capuni ka\u017ee da su biv\u0161i vlasnici podnijeli zahtjev za ponavljanje postupka zbog \u010dinjenice da u vrijeme oduzimanja zemlji\u0161ta nijesu znali da vojska ne\u0107e graditi vojnu bazu, ve\u0107 odmarali\u0161te.<br \/>\n&#8211; Kako je Zakonom o izmjenama i dopunama Zakona o eksproprijaciji ukinuto poglavlje kolektivne stambene gradnje, SSNO je donio rje\u0161enje progla\u0161avaju\u0107i Valdanos posebnim interesom kao objekat vojnog karaktera, a sam taj dokument dobio je oznaku strogo povjerljivo, te u njega nije bilo mogu\u0107e izvr\u0161iti uvid, odnosno ulo\u017eiti \u017ealbu &#8211; obja\u0161njava \u010capuni.<br \/>\nPodsjetimo, rje\u0161enjem SO Ulcinj iz 1978. godine u Valdanosu je od velikog broja Ulcinjana oduzeta imovina radi izgradnje vojnog objekta trajnog karaktera. Tim rje\u0161enjem, u korist Saveznog sekretarijata za narodnu odbranu Jugoslavije u Beogradu, oduzeta je imovina od 204 vlasnika povr\u0161ine 937.739 metara kvadratnih sa 17.825 korijena maslina. U periodu nakon eksproprijacije izgra\u0111eno je turisti\u010dko naselje otvorenog tipa, i to samo na deset odsto ukupne povr\u0161ine Valdanosa. Sve je to skoncentrisano na uskom pojasu oko pla\u017ee, dok u uvali i njenom obalnom pojasu nema vojnih objekata, iako je cilj eksproprijacije bio izgradnja vojnog objekta stalnog karaktera. U udru\u017eenju tvrde da kr\u0161enjem ustava i Zakona o povra\u0107aju Ministarstvo finansija preina\u010dilo rje\u0161enja Komisije za povra\u0107aj i obe\u0161te\u0107enja op\u0161tine Ulcinj, a Upravni sud, tako\u0111e kr\u0161e\u0107i ustav i zakon, odbio tu\u017ebe ranijih vlasnika kojima se tra\u017ei povra\u0107aj. U Valdanosu trenutno nema ni vojne baze a ni odmarali\u0161ta.<br \/>\n\u2013 Korisnik eksproprijacije odustao je od gradnje vojnog objekta stalnog karaktera, a Dr\u017eavna Zajednica Srbija i Crna Gora vratila je maslinjak Crnoj Gori. On do danas nije vra\u0107en op\u0161tini Ulcinj na kori\u0161\u0107enje i raspolaganje, jer je Vlada CG odlu\u010dila da proda, odnosno da da u zakup privatnu imovinu. Ministarstvo poljoprivrede od eksproprijacije 1978. godine do danas nije za\u0161titilo maslinjak od fizi\u010dkog propadanja, a podsje\u0107amo da je po Zakonu o maslini maslinjak Valdanos u Ulcinju za\u0161ti\u0107en od bilo kakve gradnje. Nedopustivo je da se resurs koji je za\u0161ti\u0107en zakonom ne koristi tridesetak godina. Raniji vlasnici prihvataju da vrate primljenu vrijednost revalorizovanu u postupku deeksproprijacije &#8211; tvrde u Udru\u017eenju.<br \/>\nIz Udru\u017eenja su u vi\u0161e navrata apelovali na nadle\u017ene dr\u017eavne organe Crne Gore da po\u0161tuju zakone i da oduzetu imovinu u Valdanosu vrate biv\u0161im vlasnicima. Smatraju da je zemlji\u0161te oduzimano \u010desto pod prisilom, uz naknadu koja nije bila pravi\u010dna. Tvrde da su svi zakoni na strani biv\u0161ih vlasnika i isti\u010du da Crna Gora ne po\u0161tuje nijedan zakon koji je donijela.<br \/>\nUvala Valdanos je smje\u0161tena na pet kilometara sjeverozapadno od Ulcinja, izme\u0111u brda Mavrijan i poluostrva Mendre. Karakteri\u0161e je maslinjak sa preko 80.000 stabala maslina, od kojih neke poti\u010du iz doba stare Gr\u010dke. Upravo su masline i glavni resurs ovog podru\u010dja. Valdanos je 1968. godine progla\u0161en spomenikom prirode, a Zakonom o maslinarstvu taj maslinjak u\u017eiva posebnu za\u0161titu.<\/p>\n<p><strong>M. KNE\u017dEVI\u0106<br \/>\n<a href=\"http:\/\/www.dan.co.me\/?nivo=3&amp;rubrika=Ekonomija&amp;clanak=245609&amp;datum=2010-09-06\" target=\"_blank\">DAN<\/a><\/strong><\/p>\n<p><strong>Za Strazbur nije nikad kasno<\/strong><\/p>\n<p>Biv\u0161i vlasnici maslinjaka u Valdanosu nisu odustali od podno\u0161enja zahjeva Me\u0111unarodnom sudu pravde u Strazburu. Manji broj je ve\u0107 to i u\u010dinio. Advokat Mustafa \u010capuini isti\u010de da se u Strazbur mo\u017ee i\u0107i tek kada se iskoriste svi mogu\u0107i pravni lijekovi u Crnoj Gori.<br \/>\n&#8211; Ako se pred doma\u0107im sudovima ne do\u0111e do \u017eeljenog cilja, onda vlasnici imanja mogu pokrenuti proces pred Me\u0111unarodnim sudom. Za to nije nikad kasno &#8211; ka\u017ee \u010capuni.<\/p>\n<p><strong>Za povra\u0107aj imovine 173 zahtjeva<\/strong><\/p>\n<p>Ulcinjskoj Komisiji za povra\u0107aj i obe\u0161te\u0107enje oduzete imovine, koja je po\u010dela je sa radom maja 2005. godine, svojevremeno je najvi\u0161e zahtjeva podnijeto za povra\u0107aj imovine u Valdanosu. Do 20. juna 2006. godine Komisiji je, prema izvje\u0161taju, podnijeto 786 zahtjeva za povra\u0107aj i obe\u0161te\u0107enje od \u010dega se 178 odnosi na povr\u0107aj imovine u maslinadi. Od ukupnog broja podnijetih obra\u0111ena su 553 zahtjeva koji se odnose na povra\u0107aj imovine na cijeloj teritoriji op\u0161tine. Komisija je odr\u017eala preko hiljadu rasprava, izvo\u0111enja dokaza i izlazaka na lice mjesta. I prva rje\u0161enja koja je Komisija donijela odnosila su se na Valdanos, ali su onda vrlo brzo poni\u0161tena.<\/p>\n<p><a href=\"http:\/\/www.dan.co.me\/?nivo=3&amp;rubrika=Ekonomija&amp;clanak=245609&amp;datum=2010-09-06\" target=\"_blank\"><strong>DAN<\/strong><\/a><br \/>\n\n\t\t<style type=\"text\/css\">\n\t\t\t#gallery-1 {\n\t\t\t\tmargin: auto;\n\t\t\t}\n\t\t\t#gallery-1 .gallery-item {\n\t\t\t\tfloat: left;\n\t\t\t\tmargin-top: 10px;\n\t\t\t\ttext-align: center;\n\t\t\t\twidth: 33%;\n\t\t\t}\n\t\t\t#gallery-1 img {\n\t\t\t\tborder: 2px solid #cfcfcf;\n\t\t\t}\n\t\t\t#gallery-1 .gallery-caption {\n\t\t\t\tmargin-left: 0;\n\t\t\t}\n\t\t\t\/* see gallery_shortcode() in wp-includes\/media.php *\/\n\t\t<\/style>\n\t\t<div id='gallery-1' class='gallery galleryid-36815 gallery-columns-3 gallery-size-thumbnail'><dl class='gallery-item'>\n\t\t\t<dt class='gallery-icon landscape'>\n\t\t\t\t<a href='https:\/\/www.visit-ulcinj.com\/blog\/wp-content\/uploads\/2010\/09\/Ne-damo-Valdanos-Nuk-e-dorezojme-Valdanosin.2.jpg'><img width=\"150\" height=\"150\" src=\"https:\/\/www.visit-ulcinj.com\/blog\/wp-content\/uploads\/2010\/09\/Ne-damo-Valdanos-Nuk-e-dorezojme-Valdanosin.2-150x150.jpg\" class=\"attachment-thumbnail size-thumbnail\" alt=\"\" loading=\"lazy\" \/><\/a>\n\t\t\t<\/dt><\/dl><dl class='gallery-item'>\n\t\t\t<dt class='gallery-icon landscape'>\n\t\t\t\t<a href='https:\/\/www.visit-ulcinj.com\/blog\/wp-content\/uploads\/2010\/09\/Ne-damo-Valdanos-Nuk-e-dorezojme-Valdanosin.5.jpg'><img width=\"150\" height=\"150\" src=\"https:\/\/www.visit-ulcinj.com\/blog\/wp-content\/uploads\/2010\/09\/Ne-damo-Valdanos-Nuk-e-dorezojme-Valdanosin.5-150x150.jpg\" class=\"attachment-thumbnail size-thumbnail\" alt=\"\" loading=\"lazy\" \/><\/a>\n\t\t\t<\/dt><\/dl><dl class='gallery-item'>\n\t\t\t<dt class='gallery-icon landscape'>\n\t\t\t\t<a href='https:\/\/www.visit-ulcinj.com\/blog\/wp-content\/uploads\/2010\/09\/Ne-damo-Valdanos-Nuk-e-dorezojme-Valdanosin.4.jpg'><img width=\"150\" height=\"150\" src=\"https:\/\/www.visit-ulcinj.com\/blog\/wp-content\/uploads\/2010\/09\/Ne-damo-Valdanos-Nuk-e-dorezojme-Valdanosin.4-150x150.jpg\" class=\"attachment-thumbnail size-thumbnail\" alt=\"\" loading=\"lazy\" \/><\/a>\n\t\t\t<\/dt><\/dl><br style=\"clear: both\" \/><dl class='gallery-item'>\n\t\t\t<dt class='gallery-icon landscape'>\n\t\t\t\t<a href='https:\/\/www.visit-ulcinj.com\/blog\/wp-content\/uploads\/2010\/09\/Ne-damo-Valdanos-Nuk-e-dorezojme-Valdanosin.jpg'><img width=\"150\" height=\"150\" src=\"https:\/\/www.visit-ulcinj.com\/blog\/wp-content\/uploads\/2010\/09\/Ne-damo-Valdanos-Nuk-e-dorezojme-Valdanosin-150x150.jpg\" class=\"attachment-thumbnail size-thumbnail\" alt=\"\" loading=\"lazy\" \/><\/a>\n\t\t\t<\/dt><\/dl><dl class='gallery-item'>\n\t\t\t<dt class='gallery-icon landscape'>\n\t\t\t\t<a href='https:\/\/www.visit-ulcinj.com\/blog\/wp-content\/uploads\/2010\/09\/Ne-damo-Valdanos-Nuk-e-dorezojme-Valdanosin.3.jpg'><img width=\"150\" height=\"150\" src=\"https:\/\/www.visit-ulcinj.com\/blog\/wp-content\/uploads\/2010\/09\/Ne-damo-Valdanos-Nuk-e-dorezojme-Valdanosin.3-150x150.jpg\" class=\"attachment-thumbnail size-thumbnail\" alt=\"\" loading=\"lazy\" \/><\/a>\n\t\t\t<\/dt><\/dl><dl class='gallery-item'>\n\t\t\t<dt class='gallery-icon landscape'>\n\t\t\t\t<a href='https:\/\/www.visit-ulcinj.com\/blog\/wp-content\/uploads\/2010\/09\/Ne-damo-Valdanos-Nuk-e-dorezojme-Valdanosin.1.jpg'><img width=\"150\" height=\"150\" src=\"https:\/\/www.visit-ulcinj.com\/blog\/wp-content\/uploads\/2010\/09\/Ne-damo-Valdanos-Nuk-e-dorezojme-Valdanosin.1-150x150.jpg\" class=\"attachment-thumbnail size-thumbnail\" alt=\"\" loading=\"lazy\" \/><\/a>\n\t\t\t<\/dt><\/dl><br style=\"clear: both\" \/>\n\t\t<\/div>\n<br \/>\n<!--YouTube Error: bad URL entered--><\/p>\n","protected":false},"excerpt":{"rendered":"<p>Po zakonu o maslini, maslinjak Valdanos u Ulcinju za\u0161ti\u0107en od bilo kakve gradnje. Nedopustivo je da se resurs koji je za\u0161ti\u0107en zakonom ne koristi tridesetak godina, tvrde iz Udru\u017eenja za za\u0161titu imovine Vrhovni sud Crne Gore ukinuo je nedavno presudu Upravnog suda kojom je odbijen tu\u017ebeni zahtjev 55 biv\u0161ih vlasnika maslinjaka da se poni\u0161ti rje\u0161enje [&hellip;]<\/p>\n","protected":false},"author":1,"featured_media":0,"comment_status":"open","ping_status":"closed","sticky":false,"template":"","format":"standard","meta":{"spay_email":"","jetpack_publicize_message":"","jetpack_is_tweetstorm":false,"jetpack_publicize_feature_enabled":true},"categories":[8337],"tags":[20,95,15286,15287,19,200],"jetpack_publicize_connections":[],"yoast_head":"<!-- This site is optimized with the Yoast SEO plugin v19.1 - https:\/\/yoast.com\/wordpress\/plugins\/seo\/ -->\n<title>Poni\u0161tena presuda o vlasni\u0161tvu nad Valdanosom - Lajme nga Ulqini<\/title>\n<meta name=\"description\" content=\"Po zakonu o maslini, maslinjak Valdanos u Ulcinju za\u0161ti\u0107en od bilo kakve gradnje. Nedopustivo je da se resurs koji je za\u0161ti\u0107en zakonom ne koristi\" \/>\n<meta name=\"robots\" content=\"index, follow, max-snippet:-1, max-image-preview:large, max-video-preview:-1\" \/>\n<link rel=\"canonical\" href=\"https:\/\/www.visit-ulcinj.com\/blog\/2010\/09\/07\/ponistena-presuda-o-vlasnistvu-nad-valdanosom\/\" \/>\n<meta property=\"og:locale\" content=\"en_US\" \/>\n<meta property=\"og:type\" content=\"article\" \/>\n<meta property=\"og:title\" content=\"Poni\u0161tena presuda o vlasni\u0161tvu nad Valdanosom - Lajme nga Ulqini\" \/>\n<meta property=\"og:description\" content=\"Po zakonu o maslini, maslinjak Valdanos u Ulcinju za\u0161ti\u0107en od bilo kakve gradnje. Nedopustivo je da se resurs koji je za\u0161ti\u0107en zakonom ne koristi\" \/>\n<meta property=\"og:url\" content=\"https:\/\/www.visit-ulcinj.com\/blog\/2010\/09\/07\/ponistena-presuda-o-vlasnistvu-nad-valdanosom\/\" \/>\n<meta property=\"og:site_name\" content=\"Lajme nga Ulqini\" \/>\n<meta property=\"article:published_time\" content=\"2010-09-07T06:03:05+00:00\" \/>\n<meta property=\"article:modified_time\" content=\"2010-09-07T06:19:40+00:00\" \/>\n<meta property=\"og:image\" content=\"https:\/\/www.visit-ulcinj.com\/blog\/wp-content\/uploads\/2010\/09\/Ne-damo-Valdanos-Nuk-e-dorezojme-Valdanosin.2-150x150.jpg\" \/>\n<meta name=\"twitter:label1\" content=\"Written by\" \/>\n\t<meta name=\"twitter:data1\" content=\"ulqini\" \/>\n\t<meta name=\"twitter:label2\" content=\"Est. reading time\" \/>\n\t<meta name=\"twitter:data2\" content=\"5 minutes\" \/>\n<script type=\"application\/ld+json\" class=\"yoast-schema-graph\">{\"@context\":\"https:\/\/schema.org\",\"@graph\":[{\"@type\":\"WebSite\",\"@id\":\"https:\/\/www.visit-ulcinj.com\/blog\/#website\",\"url\":\"https:\/\/www.visit-ulcinj.com\/blog\/\",\"name\":\"Lajme nga Ulqini\",\"description\":\"Lajme,Vijesti,Ulqini,Ulqin,Crna Gora,Mali i Zi\",\"potentialAction\":[{\"@type\":\"SearchAction\",\"target\":{\"@type\":\"EntryPoint\",\"urlTemplate\":\"https:\/\/www.visit-ulcinj.com\/blog\/?s={search_term_string}\"},\"query-input\":\"required name=search_term_string\"}],\"inLanguage\":\"en-US\"},{\"@type\":\"ImageObject\",\"inLanguage\":\"en-US\",\"@id\":\"https:\/\/www.visit-ulcinj.com\/blog\/2010\/09\/07\/ponistena-presuda-o-vlasnistvu-nad-valdanosom\/#primaryimage\",\"url\":\"https:\/\/www.visit-ulcinj.com\/blog\/wp-content\/uploads\/2010\/09\/Ne-damo-Valdanos-Nuk-e-dorezojme-Valdanosin.2.jpg\",\"contentUrl\":\"https:\/\/www.visit-ulcinj.com\/blog\/wp-content\/uploads\/2010\/09\/Ne-damo-Valdanos-Nuk-e-dorezojme-Valdanosin.2.jpg\",\"width\":\"604\",\"height\":\"404\"},{\"@type\":\"WebPage\",\"@id\":\"https:\/\/www.visit-ulcinj.com\/blog\/2010\/09\/07\/ponistena-presuda-o-vlasnistvu-nad-valdanosom\/#webpage\",\"url\":\"https:\/\/www.visit-ulcinj.com\/blog\/2010\/09\/07\/ponistena-presuda-o-vlasnistvu-nad-valdanosom\/\",\"name\":\"Poni\u0161tena presuda o vlasni\u0161tvu nad Valdanosom - Lajme nga Ulqini\",\"isPartOf\":{\"@id\":\"https:\/\/www.visit-ulcinj.com\/blog\/#website\"},\"primaryImageOfPage\":{\"@id\":\"https:\/\/www.visit-ulcinj.com\/blog\/2010\/09\/07\/ponistena-presuda-o-vlasnistvu-nad-valdanosom\/#primaryimage\"},\"datePublished\":\"2010-09-07T06:03:05+00:00\",\"dateModified\":\"2010-09-07T06:19:40+00:00\",\"author\":{\"@id\":\"https:\/\/www.visit-ulcinj.com\/blog\/#\/schema\/person\/dcab619c614d3038751c63bc2aadc06d\"},\"description\":\"Po zakonu o maslini, maslinjak Valdanos u Ulcinju za\u0161ti\u0107en od bilo kakve gradnje. Nedopustivo je da se resurs koji je za\u0161ti\u0107en zakonom ne koristi\",\"breadcrumb\":{\"@id\":\"https:\/\/www.visit-ulcinj.com\/blog\/2010\/09\/07\/ponistena-presuda-o-vlasnistvu-nad-valdanosom\/#breadcrumb\"},\"inLanguage\":\"en-US\",\"potentialAction\":[{\"@type\":\"ReadAction\",\"target\":[\"https:\/\/www.visit-ulcinj.com\/blog\/2010\/09\/07\/ponistena-presuda-o-vlasnistvu-nad-valdanosom\/\"]}]},{\"@type\":\"BreadcrumbList\",\"@id\":\"https:\/\/www.visit-ulcinj.com\/blog\/2010\/09\/07\/ponistena-presuda-o-vlasnistvu-nad-valdanosom\/#breadcrumb\",\"itemListElement\":[{\"@type\":\"ListItem\",\"position\":1,\"name\":\"Poni\u0161tena presuda o vlasni\u0161tvu nad Valdanosom\"}]},{\"@type\":\"Person\",\"@id\":\"https:\/\/www.visit-ulcinj.com\/blog\/#\/schema\/person\/dcab619c614d3038751c63bc2aadc06d\",\"name\":\"ulqini\",\"sameAs\":[\"http:\/\/www.visit-ulcinj.com\"],\"url\":\"https:\/\/www.visit-ulcinj.com\/blog\/author\/admin\/\"}]}<\/script>\n<!-- \/ Yoast SEO plugin. -->","yoast_head_json":{"title":"Poni\u0161tena presuda o vlasni\u0161tvu nad Valdanosom - Lajme nga Ulqini","description":"Po zakonu o maslini, maslinjak Valdanos u Ulcinju za\u0161ti\u0107en od bilo kakve gradnje. Nedopustivo je da se resurs koji je za\u0161ti\u0107en zakonom ne koristi","robots":{"index":"index","follow":"follow","max-snippet":"max-snippet:-1","max-image-preview":"max-image-preview:large","max-video-preview":"max-video-preview:-1"},"canonical":"https:\/\/www.visit-ulcinj.com\/blog\/2010\/09\/07\/ponistena-presuda-o-vlasnistvu-nad-valdanosom\/","og_locale":"en_US","og_type":"article","og_title":"Poni\u0161tena presuda o vlasni\u0161tvu nad Valdanosom - Lajme nga Ulqini","og_description":"Po zakonu o maslini, maslinjak Valdanos u Ulcinju za\u0161ti\u0107en od bilo kakve gradnje. Nedopustivo je da se resurs koji je za\u0161ti\u0107en zakonom ne koristi","og_url":"https:\/\/www.visit-ulcinj.com\/blog\/2010\/09\/07\/ponistena-presuda-o-vlasnistvu-nad-valdanosom\/","og_site_name":"Lajme nga Ulqini","article_published_time":"2010-09-07T06:03:05+00:00","article_modified_time":"2010-09-07T06:19:40+00:00","og_image":[{"url":"https:\/\/www.visit-ulcinj.com\/blog\/wp-content\/uploads\/2010\/09\/Ne-damo-Valdanos-Nuk-e-dorezojme-Valdanosin.2-150x150.jpg"}],"twitter_misc":{"Written by":"ulqini","Est. reading time":"5 minutes"},"schema":{"@context":"https:\/\/schema.org","@graph":[{"@type":"WebSite","@id":"https:\/\/www.visit-ulcinj.com\/blog\/#website","url":"https:\/\/www.visit-ulcinj.com\/blog\/","name":"Lajme nga Ulqini","description":"Lajme,Vijesti,Ulqini,Ulqin,Crna Gora,Mali i Zi","potentialAction":[{"@type":"SearchAction","target":{"@type":"EntryPoint","urlTemplate":"https:\/\/www.visit-ulcinj.com\/blog\/?s={search_term_string}"},"query-input":"required name=search_term_string"}],"inLanguage":"en-US"},{"@type":"ImageObject","inLanguage":"en-US","@id":"https:\/\/www.visit-ulcinj.com\/blog\/2010\/09\/07\/ponistena-presuda-o-vlasnistvu-nad-valdanosom\/#primaryimage","url":"https:\/\/www.visit-ulcinj.com\/blog\/wp-content\/uploads\/2010\/09\/Ne-damo-Valdanos-Nuk-e-dorezojme-Valdanosin.2.jpg","contentUrl":"https:\/\/www.visit-ulcinj.com\/blog\/wp-content\/uploads\/2010\/09\/Ne-damo-Valdanos-Nuk-e-dorezojme-Valdanosin.2.jpg","width":"604","height":"404"},{"@type":"WebPage","@id":"https:\/\/www.visit-ulcinj.com\/blog\/2010\/09\/07\/ponistena-presuda-o-vlasnistvu-nad-valdanosom\/#webpage","url":"https:\/\/www.visit-ulcinj.com\/blog\/2010\/09\/07\/ponistena-presuda-o-vlasnistvu-nad-valdanosom\/","name":"Poni\u0161tena presuda o vlasni\u0161tvu nad Valdanosom - Lajme nga Ulqini","isPartOf":{"@id":"https:\/\/www.visit-ulcinj.com\/blog\/#website"},"primaryImageOfPage":{"@id":"https:\/\/www.visit-ulcinj.com\/blog\/2010\/09\/07\/ponistena-presuda-o-vlasnistvu-nad-valdanosom\/#primaryimage"},"datePublished":"2010-09-07T06:03:05+00:00","dateModified":"2010-09-07T06:19:40+00:00","author":{"@id":"https:\/\/www.visit-ulcinj.com\/blog\/#\/schema\/person\/dcab619c614d3038751c63bc2aadc06d"},"description":"Po zakonu o maslini, maslinjak Valdanos u Ulcinju za\u0161ti\u0107en od bilo kakve gradnje. Nedopustivo je da se resurs koji je za\u0161ti\u0107en zakonom ne koristi","breadcrumb":{"@id":"https:\/\/www.visit-ulcinj.com\/blog\/2010\/09\/07\/ponistena-presuda-o-vlasnistvu-nad-valdanosom\/#breadcrumb"},"inLanguage":"en-US","potentialAction":[{"@type":"ReadAction","target":["https:\/\/www.visit-ulcinj.com\/blog\/2010\/09\/07\/ponistena-presuda-o-vlasnistvu-nad-valdanosom\/"]}]},{"@type":"BreadcrumbList","@id":"https:\/\/www.visit-ulcinj.com\/blog\/2010\/09\/07\/ponistena-presuda-o-vlasnistvu-nad-valdanosom\/#breadcrumb","itemListElement":[{"@type":"ListItem","position":1,"name":"Poni\u0161tena presuda o vlasni\u0161tvu nad Valdanosom"}]},{"@type":"Person","@id":"https:\/\/www.visit-ulcinj.com\/blog\/#\/schema\/person\/dcab619c614d3038751c63bc2aadc06d","name":"ulqini","sameAs":["http:\/\/www.visit-ulcinj.com"],"url":"https:\/\/www.visit-ulcinj.com\/blog\/author\/admin\/"}]}},"jetpack_featured_media_url":"","jetpack_sharing_enabled":true,"jetpack_shortlink":"https:\/\/wp.me\/pe6lTn-9zN","_links":{"self":[{"href":"https:\/\/www.visit-ulcinj.com\/blog\/wp-json\/wp\/v2\/posts\/36815"}],"collection":[{"href":"https:\/\/www.visit-ulcinj.com\/blog\/wp-json\/wp\/v2\/posts"}],"about":[{"href":"https:\/\/www.visit-ulcinj.com\/blog\/wp-json\/wp\/v2\/types\/post"}],"author":[{"embeddable":true,"href":"https:\/\/www.visit-ulcinj.com\/blog\/wp-json\/wp\/v2\/users\/1"}],"replies":[{"embeddable":true,"href":"https:\/\/www.visit-ulcinj.com\/blog\/wp-json\/wp\/v2\/comments?post=36815"}],"version-history":[{"count":0,"href":"https:\/\/www.visit-ulcinj.com\/blog\/wp-json\/wp\/v2\/posts\/36815\/revisions"}],"wp:attachment":[{"href":"https:\/\/www.visit-ulcinj.com\/blog\/wp-json\/wp\/v2\/media?parent=36815"}],"wp:term":[{"taxonomy":"category","embeddable":true,"href":"https:\/\/www.visit-ulcinj.com\/blog\/wp-json\/wp\/v2\/categories?post=36815"},{"taxonomy":"post_tag","embeddable":true,"href":"https:\/\/www.visit-ulcinj.com\/blog\/wp-json\/wp\/v2\/tags?post=36815"}],"curies":[{"name":"wp","href":"https:\/\/api.w.org\/{rel}","templated":true}]}}