{"id":36826,"date":"2010-09-07T08:50:51","date_gmt":"2010-09-07T06:50:51","guid":{"rendered":"http:\/\/www.visit-ulcinj.com\/blog\/?p=36826"},"modified":"2010-09-07T08:54:19","modified_gmt":"2010-09-07T06:54:19","slug":"vera-dhe-suksesi-turistike-ulqin-2010-video","status":"publish","type":"post","link":"https:\/\/www.visit-ulcinj.com\/blog\/2010\/09\/07\/vera-dhe-suksesi-turistike-ulqin-2010-video\/","title":{"rendered":"Vera dhe suksesi turistik\u00eb Ulqin 2010 &#8211; Video"},"content":{"rendered":"<p><strong><a href=\"http:\/\/www.visit-ulcinj.com\/blog\/wp-content\/uploads\/2010\/09\/Plazhi-vogel-Ulqin.jpg\"><img loading=\"lazy\" class=\"alignleft size-full wp-image-36828\" title=\"Plazhi vogel Ulqin\" src=\"http:\/\/www.visit-ulcinj.com\/blog\/wp-content\/uploads\/2010\/09\/Plazhi-vogel-Ulqin.jpg\" alt=\"\" width=\"490\" height=\"389\" \/><\/a>Qyteti q\u00eb reflekton ngroht\u00ebsi<br \/>\nSivjet n\u00eb plazhet e \u00e7do p\u00ebll\u00ebmbe\u00a0t\u00eb bregdetit t\u00eb bukur t\u00eb\u00a0Ulqinit, i paisur me r\u00ebr\u00ebn\u00a0sh\u00ebruese, me ujin kristal, me\u00a0flor\u00ebn e faun\u00ebn, me freskin\u00eb e\u00a0pishnajave e m\u00eb shum\u00eb\u00a0bukuri t\u00eb tjera natyrore t\u00eb cilat\u00a0natyra ia ka dhuruar k\u00ebtij\u00a0ambienti ideal p\u00ebr pushim,\u00a0freskim e sh\u00ebrim, po flitet m\u00eb\u00a0shum\u00eb shqip se ndonj\u00ebher\u00eb\u00a0m\u00eb par\u00eb. Shprehja m\u00eb e\u00a0preferuar n\u00eb mesin e\u00a0pushuesve shqiptar\u00eb ishte \u201c\u00a0Oh, sa bukur \u00ebsht\u00eb aty ku flitet\u00a0shqip!\u201d. Dhe v\u00ebrtet\u00eb n\u00eb\u00a0bregdetin e Ulqinit po\u00a0pushohet shqip. Kudo flitet\u00a0shqip, sh\u00ebrbehet shqip, pihet\u00a0kafeja shqip. Lexohen gazetat\u00a0shqip. Madje, madje edhe noti\u00a0b\u00ebhet shqip. K\u00ebtu kan\u00eb ardhur\u00a0po thuaj t\u00eb gjith\u00eb yjet e\u00a0estrad\u00ebs s\u00eb Kosov\u00ebs.<\/strong><\/p>\n<p><strong> <\/strong>K\u00ebt\u00eb ver\u00eb, kur nga Kosova p\u00ebrmes\u00a0Shqip\u00ebris\u00eb, mund t\u00eb arrish n\u00eb Ulqin p\u00ebr\u00a0kat\u00ebr or\u00eb e gjysm\u00eb autostrad\u00ebs s\u00eb re moderne\u00a0e njohur nd\u00ebr shqiptar\u00eb si rruga e re e\u00a0kombit, Ulqini si rrall\u00eb her\u00eb m\u00eb par\u00eb \u00ebsht\u00eb\u00a0\u201c pushtuar\u201dnga shqiptar\u00ebt kryesisht nga\u00a0Kosova.\u00a0Fal\u00eb kontrollit rutinor n\u00eb kalimin e p\u00ebrbashk\u00ebt\u00a0kufitar n\u00eb Muriqan ( Sukubin\u00eb) t\u00eb\u00a0pal\u00ebs malazeze dhe shqiptare, i cili aktualisht\u00a0m\u00eb tep\u00ebr i p\u00ebrngjan nj\u00eb shenje t\u00eb vij\u00ebs\u00a0shtet\u00ebrore t\u00eb Malit t\u00eb Zi dhe Shqip\u00ebris\u00eb, ku\u00a0hyhet e dilet lirisht, sesa nj\u00eb kufiri, i cili para\u00a0disa vitesh ishte kufi i ndarjes, mij\u00ebra turist\u00eb\u00a0shqiptar\u00eb nga vende t\u00eb ndryshme t\u00eb rajonit\u00a0kan\u00eb zgjedhur plazhet e Ulqinit p\u00ebr\u00a0pushime verore. Sivjet n\u00eb plazhet e \u00e7do\u00a0p\u00ebll\u00ebmbe t\u00eb bregdetit t\u00eb bukur t\u00eb Ulqinit, i\u00a0paisur me r\u00ebr\u00ebn sh\u00ebruese, me ujin kristal,\u00a0me flor\u00ebn e faun\u00ebn, me freskin\u00eb e pishnajave\u00a0e m\u00eb shum\u00eb bukuri t\u00eb tjera natyrore t\u00eb\u00a0cilat natyra ia ka dhuruar k\u00ebtij ambienti\u00a0ideal p\u00ebr pushim, freskim e sh\u00ebrim, po flitet\u00a0m\u00eb shum\u00eb shqip se ndonj\u00ebher\u00eb m\u00eb par\u00eb.\u00a0Shprehja m\u00eb e preferuar n\u00eb mesin e\u00a0pushuesve shqiptar\u00eb ishte \u201c Oh, sa bukur\u00a0\u00ebsht\u00eb aty ku flitet shqip!\u201d. Dhe v\u00ebrtet\u00eb n\u00eb\u00a0bregdetin e Ulqinit po pushohet shqip.\u00a0Kudo flitet shqip, sh\u00ebrbehet shqip, pihet\u00a0kafeja shqip. Lexohen gazetat shqip. Madje,\u00a0madje edhe noti b\u00ebhet shqip. K\u00ebtu kan\u00eb\u00a0ardhur po thuaj t\u00eb gjith\u00eb yjet e estrad\u00ebs s\u00eb\u00a0Kosov\u00ebs.\u00a0Pushimet verore n\u00eb plazhet e Ulqinit i\u00a0kaluan edhe shum\u00eb m\u00ebrgimtar\u00eb jo vet\u00ebm\u00a0nga Komuna e Ulqinit, q\u00eb vizituan\u00a0vendlindjen dhe t\u00eb af\u00ebrmit e tyre , por edhe\u00a0t\u00eb tjer\u00eb nga Kraja, Hoti, Gruda, Trieshi,\u00a0Koja, Mal\u00ebsia e Rozhaj\u00ebs, Plava e Gucia.\u00a0N\u00eb mesin e tyre edhe m\u00ebrgimtar\u00ebt Kol\u00eb e\u00a0Rrok Zagreda, Zef Gjokaj, Kol\u00eb Cacaj,\u00a0Nikoll\u00eb Jun\u00e7aj, Pr\u00ebk\u00eb Gjokaj, Gjergj Ivezaj,\u00a0Cin Gjonaj, Simon Lacaj, Hil\u00eb \u00c7ataliqi,\u00a0Gjergj Mir\u00ebdita, Gjon Grishaj, Xhevat\u00a0Kraja, Haxhi Zeneli, me banim n\u00eb Nju-\u00a0Jork. T\u00eb gjith\u00eb t\u00eb bardh\u00eb ngjyr\u00ebn e par\u00eb t\u00eb\u00a0l\u00ebkur\u00ebs s\u00eb trupit e mor\u00ebn n\u00ebn p\u00ebrc\u00ebllim\u00ebn\u00a0e rrezeve t\u00eb diellit n\u00eb Ulqin. P\u00ebr ata, sikurse\u00a0edhe p\u00ebr Astritin, Avdylin, Sadikun,\u00a0Bukurien, Drit\u00ebn, Sadien e shum\u00eb kosovar\u00eb\u00a0t\u00eb tjer\u00eb t\u00eb intervistuar t\u00eb ardhur n\u00eb\u00a0Ulqin nga Zvicra, Gjermania, Suedia e\u00a0vende tjera t\u00eb rajonit, edhe k\u00ebto rreze t\u00eb\u00a0diellit jan\u00eb shqiptare, sepse, si\u00e7 shprehen\u00a0ata, reflketojn\u00eb ngroht\u00ebsi shqiptare. N\u00eb\u00a0bregdetin e Ulqinit sivjet pothuaj gjith\u00e7ka\u00a0ishte shqiptare.<\/p>\n<p>Andaj pushuesit shqiptar\u00eb\u00a0q\u00eb i kaluan pushimet verore n\u00eb plazhet\u00a0josh\u00ebse t\u00eb k\u00ebtij qyteti t\u00eb lasht\u00eb bregdetar\u00a0thon\u00eb me krenari : \u201c \u00cbsht\u00eb nder t\u00eb jesh\u00a0shqiptar\u201d.<\/p>\n<p><strong>Gjek\u00eb Gjonaj<br \/>\nKoha Javore<br \/>\n\n\t\t<style type=\"text\/css\">\n\t\t\t#gallery-1 {\n\t\t\t\tmargin: auto;\n\t\t\t}\n\t\t\t#gallery-1 .gallery-item {\n\t\t\t\tfloat: left;\n\t\t\t\tmargin-top: 10px;\n\t\t\t\ttext-align: center;\n\t\t\t\twidth: 33%;\n\t\t\t}\n\t\t\t#gallery-1 img {\n\t\t\t\tborder: 2px solid #cfcfcf;\n\t\t\t}\n\t\t\t#gallery-1 .gallery-caption {\n\t\t\t\tmargin-left: 0;\n\t\t\t}\n\t\t\t\/* see gallery_shortcode() in wp-includes\/media.php *\/\n\t\t<\/style>\n\t\t<div id='gallery-1' class='gallery galleryid-36826 gallery-columns-3 gallery-size-thumbnail'><dl class='gallery-item'>\n\t\t\t<dt class='gallery-icon landscape'>\n\t\t\t\t<a href='https:\/\/www.visit-ulcinj.com\/blog\/wp-content\/uploads\/2010\/09\/Plazhi-vogel-Ulqin.jpg'><img width=\"150\" height=\"150\" src=\"https:\/\/www.visit-ulcinj.com\/blog\/wp-content\/uploads\/2010\/09\/Plazhi-vogel-Ulqin-150x150.jpg\" class=\"attachment-thumbnail size-thumbnail\" alt=\"\" loading=\"lazy\" \/><\/a>\n\t\t\t<\/dt><\/dl><dl class='gallery-item'>\n\t\t\t<dt class='gallery-icon landscape'>\n\t\t\t\t<a href='https:\/\/www.visit-ulcinj.com\/blog\/wp-content\/uploads\/2010\/09\/Fluksi-turistik-Ulqin-2010.jpg'><img width=\"150\" height=\"150\" src=\"https:\/\/www.visit-ulcinj.com\/blog\/wp-content\/uploads\/2010\/09\/Fluksi-turistik-Ulqin-2010-150x150.jpg\" class=\"attachment-thumbnail size-thumbnail\" alt=\"\" loading=\"lazy\" \/><\/a>\n\t\t\t<\/dt><\/dl><dl class='gallery-item'>\n\t\t\t<dt class='gallery-icon landscape'>\n\t\t\t\t<a href='https:\/\/www.visit-ulcinj.com\/blog\/wp-content\/uploads\/2010\/09\/Plazhi-vogel-Ulqin.1.jpg.jpg'><img width=\"150\" height=\"150\" src=\"https:\/\/www.visit-ulcinj.com\/blog\/wp-content\/uploads\/2010\/09\/Plazhi-vogel-Ulqin.1.jpg-150x150.jpg\" class=\"attachment-thumbnail size-thumbnail\" alt=\"\" loading=\"lazy\" \/><\/a>\n\t\t\t<\/dt><\/dl><br style=\"clear: both\" \/><dl class='gallery-item'>\n\t\t\t<dt class='gallery-icon landscape'>\n\t\t\t\t<a href='https:\/\/www.visit-ulcinj.com\/blog\/wp-content\/uploads\/2010\/09\/Fluksi-turistik-Ulqin-2010.1.jpg.jpg'><img width=\"150\" height=\"150\" src=\"https:\/\/www.visit-ulcinj.com\/blog\/wp-content\/uploads\/2010\/09\/Fluksi-turistik-Ulqin-2010.1.jpg-150x150.jpg\" class=\"attachment-thumbnail size-thumbnail\" alt=\"\" loading=\"lazy\" \/><\/a>\n\t\t\t<\/dt><\/dl><dl class='gallery-item'>\n\t\t\t<dt class='gallery-icon landscape'>\n\t\t\t\t<a href='https:\/\/www.visit-ulcinj.com\/blog\/wp-content\/uploads\/2010\/09\/fluksi-turistik-ne-ulqin.jpg'><img width=\"150\" height=\"150\" src=\"https:\/\/www.visit-ulcinj.com\/blog\/wp-content\/uploads\/2010\/09\/fluksi-turistik-ne-ulqin-150x150.jpg\" class=\"attachment-thumbnail size-thumbnail\" alt=\"\" loading=\"lazy\" \/><\/a>\n\t\t\t<\/dt><\/dl><dl class='gallery-item'>\n\t\t\t<dt class='gallery-icon landscape'>\n\t\t\t\t<a href='https:\/\/www.visit-ulcinj.com\/blog\/wp-content\/uploads\/2010\/09\/Fluksi-turistik-Ulqin-2010.2.jpg'><img width=\"150\" height=\"150\" src=\"https:\/\/www.visit-ulcinj.com\/blog\/wp-content\/uploads\/2010\/09\/Fluksi-turistik-Ulqin-2010.2-150x150.jpg\" class=\"attachment-thumbnail size-thumbnail\" alt=\"\" loading=\"lazy\" \/><\/a>\n\t\t\t<\/dt><\/dl><br style=\"clear: both\" \/><dl class='gallery-item'>\n\t\t\t<dt class='gallery-icon landscape'>\n\t\t\t\t<a href='https:\/\/www.visit-ulcinj.com\/blog\/wp-content\/uploads\/2010\/09\/Fluksi-turistik-Ulqin-2010.3.jpg'><img width=\"150\" height=\"150\" src=\"https:\/\/www.visit-ulcinj.com\/blog\/wp-content\/uploads\/2010\/09\/Fluksi-turistik-Ulqin-2010.3-150x150.jpg\" class=\"attachment-thumbnail size-thumbnail\" alt=\"\" loading=\"lazy\" \/><\/a>\n\t\t\t<\/dt><\/dl><dl class='gallery-item'>\n\t\t\t<dt class='gallery-icon landscape'>\n\t\t\t\t<a href='https:\/\/www.visit-ulcinj.com\/blog\/wp-content\/uploads\/2010\/09\/Fluksi-turistik-Ulqin-2010.4.jpg'><img width=\"150\" height=\"150\" src=\"https:\/\/www.visit-ulcinj.com\/blog\/wp-content\/uploads\/2010\/09\/Fluksi-turistik-Ulqin-2010.4-150x150.jpg\" class=\"attachment-thumbnail size-thumbnail\" alt=\"\" loading=\"lazy\" \/><\/a>\n\t\t\t<\/dt><\/dl><dl class='gallery-item'>\n\t\t\t<dt class='gallery-icon landscape'>\n\t\t\t\t<a href='https:\/\/www.visit-ulcinj.com\/blog\/wp-content\/uploads\/2010\/09\/UlqinUlqini-mali-i-zi.jpg'><img width=\"150\" height=\"150\" src=\"https:\/\/www.visit-ulcinj.com\/blog\/wp-content\/uploads\/2010\/09\/UlqinUlqini-mali-i-zi-150x150.jpg\" class=\"attachment-thumbnail size-thumbnail\" alt=\"\" loading=\"lazy\" \/><\/a>\n\t\t\t<\/dt><\/dl><br style=\"clear: both\" \/>\n\t\t<\/div>\n<br \/>\n<!--YouTube Error: bad URL entered--><\/strong><\/p>\n","protected":false},"excerpt":{"rendered":"<p>Qyteti q\u00eb reflekton ngroht\u00ebsi Sivjet n\u00eb plazhet e \u00e7do p\u00ebll\u00ebmbe\u00a0t\u00eb bregdetit t\u00eb bukur t\u00eb\u00a0Ulqinit, i paisur me r\u00ebr\u00ebn\u00a0sh\u00ebruese, me ujin kristal, me\u00a0flor\u00ebn e faun\u00ebn, me freskin\u00eb e\u00a0pishnajave e m\u00eb shum\u00eb\u00a0bukuri t\u00eb tjera natyrore t\u00eb cilat\u00a0natyra ia ka dhuruar k\u00ebtij\u00a0ambienti ideal p\u00ebr pushim,\u00a0freskim e sh\u00ebrim, po flitet m\u00eb\u00a0shum\u00eb shqip se ndonj\u00ebher\u00eb\u00a0m\u00eb par\u00eb. Shprehja m\u00eb e\u00a0preferuar n\u00eb [&hellip;]<\/p>\n","protected":false},"author":1,"featured_media":0,"comment_status":"open","ping_status":"closed","sticky":false,"template":"","format":"standard","meta":{"spay_email":"","jetpack_publicize_message":"","jetpack_is_tweetstorm":false,"jetpack_publicize_feature_enabled":true},"categories":[10],"tags":[14626,2105,7669,7668,11537,7670,14628,49,95,3945,7672,7666,7667,7671,7665,22016,12035,3946,15288,15289,15290],"jetpack_publicize_connections":[],"yoast_head":"<!-- This site is optimized with the Yoast SEO plugin v19.1 - https:\/\/yoast.com\/wordpress\/plugins\/seo\/ -->\n<title>Vera dhe suksesi turistik\u00eb Ulqin 2010 - Video - Lajme nga Ulqini<\/title>\n<meta name=\"description\" content=\"Qyteti q\u00eb reflekton ngroht\u00ebsi Sivjet n\u00eb plazhet e \u00e7do p\u00ebll\u00ebmbe\u00a0t\u00eb bregdetit t\u00eb bukur t\u00eb\u00a0Ulqinit, i paisur me r\u00ebr\u00ebn\u00a0sh\u00ebruese, me ujin kristal, me\u00a0flor\u00ebn e\" \/>\n<meta name=\"robots\" content=\"index, follow, max-snippet:-1, max-image-preview:large, max-video-preview:-1\" \/>\n<link rel=\"canonical\" href=\"https:\/\/www.visit-ulcinj.com\/blog\/2010\/09\/07\/vera-dhe-suksesi-turistike-ulqin-2010-video\/\" \/>\n<meta property=\"og:locale\" content=\"en_US\" \/>\n<meta property=\"og:type\" content=\"article\" \/>\n<meta property=\"og:title\" content=\"Vera dhe suksesi turistik\u00eb Ulqin 2010 - Video - Lajme nga Ulqini\" \/>\n<meta property=\"og:description\" content=\"Qyteti q\u00eb reflekton ngroht\u00ebsi Sivjet n\u00eb plazhet e \u00e7do p\u00ebll\u00ebmbe\u00a0t\u00eb bregdetit t\u00eb bukur t\u00eb\u00a0Ulqinit, i paisur me r\u00ebr\u00ebn\u00a0sh\u00ebruese, me ujin kristal, me\u00a0flor\u00ebn e\" \/>\n<meta property=\"og:url\" content=\"https:\/\/www.visit-ulcinj.com\/blog\/2010\/09\/07\/vera-dhe-suksesi-turistike-ulqin-2010-video\/\" \/>\n<meta property=\"og:site_name\" content=\"Lajme nga Ulqini\" \/>\n<meta property=\"article:published_time\" content=\"2010-09-07T06:50:51+00:00\" \/>\n<meta property=\"article:modified_time\" content=\"2010-09-07T06:54:19+00:00\" \/>\n<meta property=\"og:image\" content=\"https:\/\/www.visit-ulcinj.com\/blog\/wp-content\/uploads\/2010\/09\/Plazhi-vogel-Ulqin-150x150.jpg\" \/>\n<meta name=\"twitter:label1\" content=\"Written by\" \/>\n\t<meta name=\"twitter:data1\" content=\"ulqini\" \/>\n\t<meta name=\"twitter:label2\" content=\"Est. reading time\" \/>\n\t<meta name=\"twitter:data2\" content=\"3 minutes\" \/>\n<script type=\"application\/ld+json\" class=\"yoast-schema-graph\">{\"@context\":\"https:\/\/schema.org\",\"@graph\":[{\"@type\":\"WebSite\",\"@id\":\"https:\/\/www.visit-ulcinj.com\/blog\/#website\",\"url\":\"https:\/\/www.visit-ulcinj.com\/blog\/\",\"name\":\"Lajme nga Ulqini\",\"description\":\"Lajme,Vijesti,Ulqini,Ulqin,Crna Gora,Mali i Zi\",\"potentialAction\":[{\"@type\":\"SearchAction\",\"target\":{\"@type\":\"EntryPoint\",\"urlTemplate\":\"https:\/\/www.visit-ulcinj.com\/blog\/?s={search_term_string}\"},\"query-input\":\"required name=search_term_string\"}],\"inLanguage\":\"en-US\"},{\"@type\":\"ImageObject\",\"inLanguage\":\"en-US\",\"@id\":\"https:\/\/www.visit-ulcinj.com\/blog\/2010\/09\/07\/vera-dhe-suksesi-turistike-ulqin-2010-video\/#primaryimage\",\"url\":\"https:\/\/www.visit-ulcinj.com\/blog\/wp-content\/uploads\/2010\/09\/Plazhi-vogel-Ulqin.jpg\",\"contentUrl\":\"https:\/\/www.visit-ulcinj.com\/blog\/wp-content\/uploads\/2010\/09\/Plazhi-vogel-Ulqin.jpg\",\"width\":\"585\",\"height\":\"389\"},{\"@type\":\"WebPage\",\"@id\":\"https:\/\/www.visit-ulcinj.com\/blog\/2010\/09\/07\/vera-dhe-suksesi-turistike-ulqin-2010-video\/#webpage\",\"url\":\"https:\/\/www.visit-ulcinj.com\/blog\/2010\/09\/07\/vera-dhe-suksesi-turistike-ulqin-2010-video\/\",\"name\":\"Vera dhe suksesi turistik\u00eb Ulqin 2010 - Video - Lajme nga Ulqini\",\"isPartOf\":{\"@id\":\"https:\/\/www.visit-ulcinj.com\/blog\/#website\"},\"primaryImageOfPage\":{\"@id\":\"https:\/\/www.visit-ulcinj.com\/blog\/2010\/09\/07\/vera-dhe-suksesi-turistike-ulqin-2010-video\/#primaryimage\"},\"datePublished\":\"2010-09-07T06:50:51+00:00\",\"dateModified\":\"2010-09-07T06:54:19+00:00\",\"author\":{\"@id\":\"https:\/\/www.visit-ulcinj.com\/blog\/#\/schema\/person\/dcab619c614d3038751c63bc2aadc06d\"},\"description\":\"Qyteti q\u00eb reflekton ngroht\u00ebsi Sivjet n\u00eb plazhet e \u00e7do p\u00ebll\u00ebmbe\u00a0t\u00eb bregdetit t\u00eb bukur t\u00eb\u00a0Ulqinit, i paisur me r\u00ebr\u00ebn\u00a0sh\u00ebruese, me ujin kristal, me\u00a0flor\u00ebn e\",\"breadcrumb\":{\"@id\":\"https:\/\/www.visit-ulcinj.com\/blog\/2010\/09\/07\/vera-dhe-suksesi-turistike-ulqin-2010-video\/#breadcrumb\"},\"inLanguage\":\"en-US\",\"potentialAction\":[{\"@type\":\"ReadAction\",\"target\":[\"https:\/\/www.visit-ulcinj.com\/blog\/2010\/09\/07\/vera-dhe-suksesi-turistike-ulqin-2010-video\/\"]}]},{\"@type\":\"BreadcrumbList\",\"@id\":\"https:\/\/www.visit-ulcinj.com\/blog\/2010\/09\/07\/vera-dhe-suksesi-turistike-ulqin-2010-video\/#breadcrumb\",\"itemListElement\":[{\"@type\":\"ListItem\",\"position\":1,\"name\":\"Vera dhe suksesi turistik\u00eb Ulqin 2010 &#8211; Video\"}]},{\"@type\":\"Person\",\"@id\":\"https:\/\/www.visit-ulcinj.com\/blog\/#\/schema\/person\/dcab619c614d3038751c63bc2aadc06d\",\"name\":\"ulqini\",\"sameAs\":[\"http:\/\/www.visit-ulcinj.com\"],\"url\":\"https:\/\/www.visit-ulcinj.com\/blog\/author\/admin\/\"}]}<\/script>\n<!-- \/ Yoast SEO plugin. -->","yoast_head_json":{"title":"Vera dhe suksesi turistik\u00eb Ulqin 2010 - Video - Lajme nga Ulqini","description":"Qyteti q\u00eb reflekton ngroht\u00ebsi Sivjet n\u00eb plazhet e \u00e7do p\u00ebll\u00ebmbe\u00a0t\u00eb bregdetit t\u00eb bukur t\u00eb\u00a0Ulqinit, i paisur me r\u00ebr\u00ebn\u00a0sh\u00ebruese, me ujin kristal, me\u00a0flor\u00ebn e","robots":{"index":"index","follow":"follow","max-snippet":"max-snippet:-1","max-image-preview":"max-image-preview:large","max-video-preview":"max-video-preview:-1"},"canonical":"https:\/\/www.visit-ulcinj.com\/blog\/2010\/09\/07\/vera-dhe-suksesi-turistike-ulqin-2010-video\/","og_locale":"en_US","og_type":"article","og_title":"Vera dhe suksesi turistik\u00eb Ulqin 2010 - Video - Lajme nga Ulqini","og_description":"Qyteti q\u00eb reflekton ngroht\u00ebsi Sivjet n\u00eb plazhet e \u00e7do p\u00ebll\u00ebmbe\u00a0t\u00eb bregdetit t\u00eb bukur t\u00eb\u00a0Ulqinit, i paisur me r\u00ebr\u00ebn\u00a0sh\u00ebruese, me ujin kristal, me\u00a0flor\u00ebn e","og_url":"https:\/\/www.visit-ulcinj.com\/blog\/2010\/09\/07\/vera-dhe-suksesi-turistike-ulqin-2010-video\/","og_site_name":"Lajme nga Ulqini","article_published_time":"2010-09-07T06:50:51+00:00","article_modified_time":"2010-09-07T06:54:19+00:00","og_image":[{"url":"https:\/\/www.visit-ulcinj.com\/blog\/wp-content\/uploads\/2010\/09\/Plazhi-vogel-Ulqin-150x150.jpg"}],"twitter_misc":{"Written by":"ulqini","Est. reading time":"3 minutes"},"schema":{"@context":"https:\/\/schema.org","@graph":[{"@type":"WebSite","@id":"https:\/\/www.visit-ulcinj.com\/blog\/#website","url":"https:\/\/www.visit-ulcinj.com\/blog\/","name":"Lajme nga Ulqini","description":"Lajme,Vijesti,Ulqini,Ulqin,Crna Gora,Mali i Zi","potentialAction":[{"@type":"SearchAction","target":{"@type":"EntryPoint","urlTemplate":"https:\/\/www.visit-ulcinj.com\/blog\/?s={search_term_string}"},"query-input":"required name=search_term_string"}],"inLanguage":"en-US"},{"@type":"ImageObject","inLanguage":"en-US","@id":"https:\/\/www.visit-ulcinj.com\/blog\/2010\/09\/07\/vera-dhe-suksesi-turistike-ulqin-2010-video\/#primaryimage","url":"https:\/\/www.visit-ulcinj.com\/blog\/wp-content\/uploads\/2010\/09\/Plazhi-vogel-Ulqin.jpg","contentUrl":"https:\/\/www.visit-ulcinj.com\/blog\/wp-content\/uploads\/2010\/09\/Plazhi-vogel-Ulqin.jpg","width":"585","height":"389"},{"@type":"WebPage","@id":"https:\/\/www.visit-ulcinj.com\/blog\/2010\/09\/07\/vera-dhe-suksesi-turistike-ulqin-2010-video\/#webpage","url":"https:\/\/www.visit-ulcinj.com\/blog\/2010\/09\/07\/vera-dhe-suksesi-turistike-ulqin-2010-video\/","name":"Vera dhe suksesi turistik\u00eb Ulqin 2010 - Video - Lajme nga Ulqini","isPartOf":{"@id":"https:\/\/www.visit-ulcinj.com\/blog\/#website"},"primaryImageOfPage":{"@id":"https:\/\/www.visit-ulcinj.com\/blog\/2010\/09\/07\/vera-dhe-suksesi-turistike-ulqin-2010-video\/#primaryimage"},"datePublished":"2010-09-07T06:50:51+00:00","dateModified":"2010-09-07T06:54:19+00:00","author":{"@id":"https:\/\/www.visit-ulcinj.com\/blog\/#\/schema\/person\/dcab619c614d3038751c63bc2aadc06d"},"description":"Qyteti q\u00eb reflekton ngroht\u00ebsi Sivjet n\u00eb plazhet e \u00e7do p\u00ebll\u00ebmbe\u00a0t\u00eb bregdetit t\u00eb bukur t\u00eb\u00a0Ulqinit, i paisur me r\u00ebr\u00ebn\u00a0sh\u00ebruese, me ujin kristal, me\u00a0flor\u00ebn e","breadcrumb":{"@id":"https:\/\/www.visit-ulcinj.com\/blog\/2010\/09\/07\/vera-dhe-suksesi-turistike-ulqin-2010-video\/#breadcrumb"},"inLanguage":"en-US","potentialAction":[{"@type":"ReadAction","target":["https:\/\/www.visit-ulcinj.com\/blog\/2010\/09\/07\/vera-dhe-suksesi-turistike-ulqin-2010-video\/"]}]},{"@type":"BreadcrumbList","@id":"https:\/\/www.visit-ulcinj.com\/blog\/2010\/09\/07\/vera-dhe-suksesi-turistike-ulqin-2010-video\/#breadcrumb","itemListElement":[{"@type":"ListItem","position":1,"name":"Vera dhe suksesi turistik\u00eb Ulqin 2010 &#8211; Video"}]},{"@type":"Person","@id":"https:\/\/www.visit-ulcinj.com\/blog\/#\/schema\/person\/dcab619c614d3038751c63bc2aadc06d","name":"ulqini","sameAs":["http:\/\/www.visit-ulcinj.com"],"url":"https:\/\/www.visit-ulcinj.com\/blog\/author\/admin\/"}]}},"jetpack_featured_media_url":"","jetpack_sharing_enabled":true,"jetpack_shortlink":"https:\/\/wp.me\/pe6lTn-9zY","_links":{"self":[{"href":"https:\/\/www.visit-ulcinj.com\/blog\/wp-json\/wp\/v2\/posts\/36826"}],"collection":[{"href":"https:\/\/www.visit-ulcinj.com\/blog\/wp-json\/wp\/v2\/posts"}],"about":[{"href":"https:\/\/www.visit-ulcinj.com\/blog\/wp-json\/wp\/v2\/types\/post"}],"author":[{"embeddable":true,"href":"https:\/\/www.visit-ulcinj.com\/blog\/wp-json\/wp\/v2\/users\/1"}],"replies":[{"embeddable":true,"href":"https:\/\/www.visit-ulcinj.com\/blog\/wp-json\/wp\/v2\/comments?post=36826"}],"version-history":[{"count":0,"href":"https:\/\/www.visit-ulcinj.com\/blog\/wp-json\/wp\/v2\/posts\/36826\/revisions"}],"wp:attachment":[{"href":"https:\/\/www.visit-ulcinj.com\/blog\/wp-json\/wp\/v2\/media?parent=36826"}],"wp:term":[{"taxonomy":"category","embeddable":true,"href":"https:\/\/www.visit-ulcinj.com\/blog\/wp-json\/wp\/v2\/categories?post=36826"},{"taxonomy":"post_tag","embeddable":true,"href":"https:\/\/www.visit-ulcinj.com\/blog\/wp-json\/wp\/v2\/tags?post=36826"}],"curies":[{"name":"wp","href":"https:\/\/api.w.org\/{rel}","templated":true}]}}