{"id":36841,"date":"2010-09-07T13:22:51","date_gmt":"2010-09-07T11:22:51","guid":{"rendered":"http:\/\/www.visit-ulcinj.com\/blog\/?p=36841"},"modified":"2010-09-07T13:22:51","modified_gmt":"2010-09-07T11:22:51","slug":"forca-koalicijom-do-vise-mandata","status":"publish","type":"post","link":"https:\/\/www.visit-ulcinj.com\/blog\/2010\/09\/07\/forca-koalicijom-do-vise-mandata\/","title":{"rendered":"Forca: Koalicijom do vi\u0161e mandata"},"content":{"rendered":"<p><strong><a href=\"http:\/\/www.visit-ulcinj.com\/blog\/wp-content\/uploads\/2010\/09\/Genci-Nimanbegu.jpg\"><img loading=\"lazy\" class=\"alignleft size-full wp-image-36842\" title=\"Genci Nimanbegu\" src=\"http:\/\/www.visit-ulcinj.com\/blog\/wp-content\/uploads\/2010\/09\/Genci-Nimanbegu.jpg\" alt=\"\" width=\"490\" height=\"380\" \/><\/a>Forca poziva albanske partije na pregovore o formiranju saveza<br \/>\n<\/strong>Demokratska snaga FORCA pozvala je sve albanske stranke na razgovore o koaliciji u Ulcinju, pred lokalne izbore 17. oktobra. Nakon sjednice Glavnog odbora FORCA, saop\u0161teno je da ta stranka, koja je na pro\u0161lim lokalnim izborima osvojila 11 mandata, preuzima inicijativu da okupi sve zainteresovane stranke za koaliciju.<br \/>\n&#8211; Nagla\u0161avamo da FORCA preuzima ovu inicijativu i u znak zahvalnosti prema konstantnim molbama dijaspore koja neprestano poziva na ujedinjenje. Osim toga, izborni sistem predvi\u0111a podjelu mandata prema D`Ontovoj formuli pa smo ubije\u0111eni da \u0107emo \u0161irokom koalicijom osigurati vi\u0161e mandata i tako sru\u0161iti dosada\u0161nju vlast &#8211; ka\u017ee se u saop\u0161tenju nakon sjednice glavnog odbora.<br \/>\nA ranije ju\u010de, poslanik FORCA Genc Nimanbegu saop\u0161tio je da \u0107e ova partija podr\u017eati svaku inicijativu za koju ocjeni da je u njenom interesu. Agenciji Mina je rekao da u FORCA vjerju da su to i pokazali u dosada\u0161njem radu u parlamentu. Nimanbegu je kazao i da FORCA nije dobila nacrt platforme koji je pripremio potpredsjednik PzP-a Branko Radulovi\u0107, pa se o njoj ne mo\u017ee izjasniti.<br \/>\n&#8211; Ne postavljamo ni pitanje za\u0161to je nijesmo dobili jer se iz samog naslova platforme vidi da je ona namijenjena partijama opozicije koje su nastupile na pro\u0161lim lokalnim izborima pod imenom &#8220;Bolja Crna Gora&#8221; &#8211; saop\u0161tio je Genc Nimanbegu.<\/p>\n<p><strong>M.V.<br \/>\n<a href=\"http:\/\/www.dan.co.me\/?nivo=3&amp;rubrika=Politika&amp;clanak=245493&amp;datum=2010-09-05\" target=\"_blank\">DAN<\/a><\/strong><\/p>\n","protected":false},"excerpt":{"rendered":"<p>Forca poziva albanske partije na pregovore o formiranju saveza Demokratska snaga FORCA pozvala je sve albanske stranke na razgovore o koaliciji u Ulcinju, pred lokalne izbore 17. oktobra. Nakon sjednice Glavnog odbora FORCA, saop\u0161teno je da ta stranka, koja je na pro\u0161lim lokalnim izborima osvojila 11 mandata, preuzima inicijativu da okupi sve zainteresovane stranke za [&hellip;]<\/p>\n","protected":false},"author":1,"featured_media":0,"comment_status":"open","ping_status":"closed","sticky":false,"template":"","format":"standard","meta":{"spay_email":"","jetpack_publicize_message":"","jetpack_is_tweetstorm":false,"jetpack_publicize_feature_enabled":true},"categories":[8],"tags":[117,1074,19],"jetpack_publicize_connections":[],"yoast_head":"<!-- This site is optimized with the Yoast SEO plugin v19.1 - https:\/\/yoast.com\/wordpress\/plugins\/seo\/ -->\n<title>Forca: Koalicijom do vi\u0161e mandata - Lajme nga Ulqini<\/title>\n<meta name=\"description\" content=\"Forca poziva albanske partije na pregovore o formiranju saveza Demokratska snaga FORCA pozvala je sve albanske stranke na razgovore o koaliciji u Ulcinju,\" \/>\n<meta name=\"robots\" content=\"index, follow, max-snippet:-1, max-image-preview:large, max-video-preview:-1\" \/>\n<link rel=\"canonical\" href=\"https:\/\/www.visit-ulcinj.com\/blog\/2010\/09\/07\/forca-koalicijom-do-vise-mandata\/\" \/>\n<meta property=\"og:locale\" content=\"en_US\" \/>\n<meta property=\"og:type\" content=\"article\" \/>\n<meta property=\"og:title\" content=\"Forca: Koalicijom do vi\u0161e mandata - Lajme nga Ulqini\" \/>\n<meta property=\"og:description\" content=\"Forca poziva albanske partije na pregovore o formiranju saveza Demokratska snaga FORCA pozvala je sve albanske stranke na razgovore o koaliciji u Ulcinju,\" \/>\n<meta property=\"og:url\" content=\"https:\/\/www.visit-ulcinj.com\/blog\/2010\/09\/07\/forca-koalicijom-do-vise-mandata\/\" \/>\n<meta property=\"og:site_name\" content=\"Lajme nga Ulqini\" \/>\n<meta property=\"article:published_time\" content=\"2010-09-07T11:22:51+00:00\" \/>\n<meta property=\"og:image\" content=\"http:\/\/www.visit-ulcinj.com\/blog\/wp-content\/uploads\/2010\/09\/Genci-Nimanbegu.jpg\" \/>\n<meta name=\"twitter:label1\" content=\"Written by\" \/>\n\t<meta name=\"twitter:data1\" content=\"ulqini\" \/>\n\t<meta name=\"twitter:label2\" content=\"Est. reading time\" \/>\n\t<meta name=\"twitter:data2\" content=\"1 minute\" \/>\n<script type=\"application\/ld+json\" class=\"yoast-schema-graph\">{\"@context\":\"https:\/\/schema.org\",\"@graph\":[{\"@type\":\"WebSite\",\"@id\":\"https:\/\/www.visit-ulcinj.com\/blog\/#website\",\"url\":\"https:\/\/www.visit-ulcinj.com\/blog\/\",\"name\":\"Lajme nga Ulqini\",\"description\":\"Lajme,Vijesti,Ulqini,Ulqin,Crna Gora,Mali i Zi\",\"potentialAction\":[{\"@type\":\"SearchAction\",\"target\":{\"@type\":\"EntryPoint\",\"urlTemplate\":\"https:\/\/www.visit-ulcinj.com\/blog\/?s={search_term_string}\"},\"query-input\":\"required name=search_term_string\"}],\"inLanguage\":\"en-US\"},{\"@type\":\"ImageObject\",\"inLanguage\":\"en-US\",\"@id\":\"https:\/\/www.visit-ulcinj.com\/blog\/2010\/09\/07\/forca-koalicijom-do-vise-mandata\/#primaryimage\",\"url\":\"https:\/\/www.visit-ulcinj.com\/blog\/wp-content\/uploads\/2010\/09\/Genci-Nimanbegu.jpg\",\"contentUrl\":\"https:\/\/www.visit-ulcinj.com\/blog\/wp-content\/uploads\/2010\/09\/Genci-Nimanbegu.jpg\",\"width\":\"640\",\"height\":\"424\"},{\"@type\":\"WebPage\",\"@id\":\"https:\/\/www.visit-ulcinj.com\/blog\/2010\/09\/07\/forca-koalicijom-do-vise-mandata\/#webpage\",\"url\":\"https:\/\/www.visit-ulcinj.com\/blog\/2010\/09\/07\/forca-koalicijom-do-vise-mandata\/\",\"name\":\"Forca: Koalicijom do vi\u0161e mandata - Lajme nga Ulqini\",\"isPartOf\":{\"@id\":\"https:\/\/www.visit-ulcinj.com\/blog\/#website\"},\"primaryImageOfPage\":{\"@id\":\"https:\/\/www.visit-ulcinj.com\/blog\/2010\/09\/07\/forca-koalicijom-do-vise-mandata\/#primaryimage\"},\"datePublished\":\"2010-09-07T11:22:51+00:00\",\"dateModified\":\"2010-09-07T11:22:51+00:00\",\"author\":{\"@id\":\"https:\/\/www.visit-ulcinj.com\/blog\/#\/schema\/person\/dcab619c614d3038751c63bc2aadc06d\"},\"description\":\"Forca poziva albanske partije na pregovore o formiranju saveza Demokratska snaga FORCA pozvala je sve albanske stranke na razgovore o koaliciji u Ulcinju,\",\"breadcrumb\":{\"@id\":\"https:\/\/www.visit-ulcinj.com\/blog\/2010\/09\/07\/forca-koalicijom-do-vise-mandata\/#breadcrumb\"},\"inLanguage\":\"en-US\",\"potentialAction\":[{\"@type\":\"ReadAction\",\"target\":[\"https:\/\/www.visit-ulcinj.com\/blog\/2010\/09\/07\/forca-koalicijom-do-vise-mandata\/\"]}]},{\"@type\":\"BreadcrumbList\",\"@id\":\"https:\/\/www.visit-ulcinj.com\/blog\/2010\/09\/07\/forca-koalicijom-do-vise-mandata\/#breadcrumb\",\"itemListElement\":[{\"@type\":\"ListItem\",\"position\":1,\"name\":\"Forca: Koalicijom do vi\u0161e mandata\"}]},{\"@type\":\"Person\",\"@id\":\"https:\/\/www.visit-ulcinj.com\/blog\/#\/schema\/person\/dcab619c614d3038751c63bc2aadc06d\",\"name\":\"ulqini\",\"sameAs\":[\"http:\/\/www.visit-ulcinj.com\"],\"url\":\"https:\/\/www.visit-ulcinj.com\/blog\/author\/admin\/\"}]}<\/script>\n<!-- \/ Yoast SEO plugin. -->","yoast_head_json":{"title":"Forca: Koalicijom do vi\u0161e mandata - Lajme nga Ulqini","description":"Forca poziva albanske partije na pregovore o formiranju saveza Demokratska snaga FORCA pozvala je sve albanske stranke na razgovore o koaliciji u Ulcinju,","robots":{"index":"index","follow":"follow","max-snippet":"max-snippet:-1","max-image-preview":"max-image-preview:large","max-video-preview":"max-video-preview:-1"},"canonical":"https:\/\/www.visit-ulcinj.com\/blog\/2010\/09\/07\/forca-koalicijom-do-vise-mandata\/","og_locale":"en_US","og_type":"article","og_title":"Forca: Koalicijom do vi\u0161e mandata - Lajme nga Ulqini","og_description":"Forca poziva albanske partije na pregovore o formiranju saveza Demokratska snaga FORCA pozvala je sve albanske stranke na razgovore o koaliciji u Ulcinju,","og_url":"https:\/\/www.visit-ulcinj.com\/blog\/2010\/09\/07\/forca-koalicijom-do-vise-mandata\/","og_site_name":"Lajme nga Ulqini","article_published_time":"2010-09-07T11:22:51+00:00","og_image":[{"url":"http:\/\/www.visit-ulcinj.com\/blog\/wp-content\/uploads\/2010\/09\/Genci-Nimanbegu.jpg"}],"twitter_misc":{"Written by":"ulqini","Est. reading time":"1 minute"},"schema":{"@context":"https:\/\/schema.org","@graph":[{"@type":"WebSite","@id":"https:\/\/www.visit-ulcinj.com\/blog\/#website","url":"https:\/\/www.visit-ulcinj.com\/blog\/","name":"Lajme nga Ulqini","description":"Lajme,Vijesti,Ulqini,Ulqin,Crna Gora,Mali i Zi","potentialAction":[{"@type":"SearchAction","target":{"@type":"EntryPoint","urlTemplate":"https:\/\/www.visit-ulcinj.com\/blog\/?s={search_term_string}"},"query-input":"required name=search_term_string"}],"inLanguage":"en-US"},{"@type":"ImageObject","inLanguage":"en-US","@id":"https:\/\/www.visit-ulcinj.com\/blog\/2010\/09\/07\/forca-koalicijom-do-vise-mandata\/#primaryimage","url":"https:\/\/www.visit-ulcinj.com\/blog\/wp-content\/uploads\/2010\/09\/Genci-Nimanbegu.jpg","contentUrl":"https:\/\/www.visit-ulcinj.com\/blog\/wp-content\/uploads\/2010\/09\/Genci-Nimanbegu.jpg","width":"640","height":"424"},{"@type":"WebPage","@id":"https:\/\/www.visit-ulcinj.com\/blog\/2010\/09\/07\/forca-koalicijom-do-vise-mandata\/#webpage","url":"https:\/\/www.visit-ulcinj.com\/blog\/2010\/09\/07\/forca-koalicijom-do-vise-mandata\/","name":"Forca: Koalicijom do vi\u0161e mandata - Lajme nga Ulqini","isPartOf":{"@id":"https:\/\/www.visit-ulcinj.com\/blog\/#website"},"primaryImageOfPage":{"@id":"https:\/\/www.visit-ulcinj.com\/blog\/2010\/09\/07\/forca-koalicijom-do-vise-mandata\/#primaryimage"},"datePublished":"2010-09-07T11:22:51+00:00","dateModified":"2010-09-07T11:22:51+00:00","author":{"@id":"https:\/\/www.visit-ulcinj.com\/blog\/#\/schema\/person\/dcab619c614d3038751c63bc2aadc06d"},"description":"Forca poziva albanske partije na pregovore o formiranju saveza Demokratska snaga FORCA pozvala je sve albanske stranke na razgovore o koaliciji u Ulcinju,","breadcrumb":{"@id":"https:\/\/www.visit-ulcinj.com\/blog\/2010\/09\/07\/forca-koalicijom-do-vise-mandata\/#breadcrumb"},"inLanguage":"en-US","potentialAction":[{"@type":"ReadAction","target":["https:\/\/www.visit-ulcinj.com\/blog\/2010\/09\/07\/forca-koalicijom-do-vise-mandata\/"]}]},{"@type":"BreadcrumbList","@id":"https:\/\/www.visit-ulcinj.com\/blog\/2010\/09\/07\/forca-koalicijom-do-vise-mandata\/#breadcrumb","itemListElement":[{"@type":"ListItem","position":1,"name":"Forca: Koalicijom do vi\u0161e mandata"}]},{"@type":"Person","@id":"https:\/\/www.visit-ulcinj.com\/blog\/#\/schema\/person\/dcab619c614d3038751c63bc2aadc06d","name":"ulqini","sameAs":["http:\/\/www.visit-ulcinj.com"],"url":"https:\/\/www.visit-ulcinj.com\/blog\/author\/admin\/"}]}},"jetpack_featured_media_url":"","jetpack_sharing_enabled":true,"jetpack_shortlink":"https:\/\/wp.me\/pe6lTn-9Ad","_links":{"self":[{"href":"https:\/\/www.visit-ulcinj.com\/blog\/wp-json\/wp\/v2\/posts\/36841"}],"collection":[{"href":"https:\/\/www.visit-ulcinj.com\/blog\/wp-json\/wp\/v2\/posts"}],"about":[{"href":"https:\/\/www.visit-ulcinj.com\/blog\/wp-json\/wp\/v2\/types\/post"}],"author":[{"embeddable":true,"href":"https:\/\/www.visit-ulcinj.com\/blog\/wp-json\/wp\/v2\/users\/1"}],"replies":[{"embeddable":true,"href":"https:\/\/www.visit-ulcinj.com\/blog\/wp-json\/wp\/v2\/comments?post=36841"}],"version-history":[{"count":0,"href":"https:\/\/www.visit-ulcinj.com\/blog\/wp-json\/wp\/v2\/posts\/36841\/revisions"}],"wp:attachment":[{"href":"https:\/\/www.visit-ulcinj.com\/blog\/wp-json\/wp\/v2\/media?parent=36841"}],"wp:term":[{"taxonomy":"category","embeddable":true,"href":"https:\/\/www.visit-ulcinj.com\/blog\/wp-json\/wp\/v2\/categories?post=36841"},{"taxonomy":"post_tag","embeddable":true,"href":"https:\/\/www.visit-ulcinj.com\/blog\/wp-json\/wp\/v2\/tags?post=36841"}],"curies":[{"name":"wp","href":"https:\/\/api.w.org\/{rel}","templated":true}]}}