{"id":36845,"date":"2010-09-07T14:04:04","date_gmt":"2010-09-07T12:04:04","guid":{"rendered":"http:\/\/www.visit-ulcinj.com\/blog\/?p=36845"},"modified":"2010-09-07T14:10:28","modified_gmt":"2010-09-07T12:10:28","slug":"poslije-sedam-godina-pavle-pepdonovic-napustio-kk-ulcinj","status":"publish","type":"post","link":"https:\/\/www.visit-ulcinj.com\/blog\/2010\/09\/07\/poslije-sedam-godina-pavle-pepdonovic-napustio-kk-ulcinj\/","title":{"rendered":"Poslije sedam godina Pavle Pep\u0111onovi\u0107 napustio KK Ulcinj"},"content":{"rendered":"<p><strong><a href=\"http:\/\/www.visit-ulcinj.com\/blog\/wp-content\/uploads\/2010\/09\/Pavle-Pepdjonovic-napustio-KK-Ulcinj.11.jpg\"><img loading=\"lazy\" class=\"alignleft size-full wp-image-36846\" title=\"Pavle Pepdjonovic napustio KK Ulcinj.11\" src=\"http:\/\/www.visit-ulcinj.com\/blog\/wp-content\/uploads\/2010\/09\/Pavle-Pepdjonovic-napustio-KK-Ulcinj.11.jpg\" alt=\"\" width=\"490\" height=\"380\" \/><\/a>Odlazim ponosan<\/strong><br \/>\nPODGORICA &#8211; Vijest da je dugogodi\u0161nji sportski radnik\u00a0i veliki zaljubljenik u ko\u0161arku Pavle Pep\u0111onovi\u0107\u00a0napustio Ko\u0161arka\u0161ki klub Ulcinj vrlo brzo se prenijela i\u00a0uzburkala strasti u najju\u017enijem crnogorskom gradu.\u00a0Nevjerica i \u010du\u0111enje su preovladali \u010dar\u0161ijom, koja je odmah\u00a0krenula u odmotavanje klupka.\u00a0\u0160to? Kako? Zbog \u010dega? Vjerovatno \u0107e zauvijek ostati\u00a0misterija, jer u stilu velikog sportiste i d\u017eentlmena sada\u00a0ve\u0107 biv\u0161i sportski direktor KK Ulcinja nije \u017eelio da govori\u00a0o pravim razlozima. Mada, i vrapcima na grani su\u00a0jasne neke stvari, a ko umije da \u010dita izme\u0111u redova shvati\u0107e\u00a0koja je to muka natjerala Pavla Pep\u0111onovi\u0107a da kada je\u00a0najvi\u0161e mogao da pru\u017ei klubu digne sidro i potpuno se\u00a0okrene svom uspje\u0161nom privatnom biznisu.\u00a0&#8211; Nakon sedam godina iz privatnih razloga donio sam\u00a0odluku da podnesem neopozivu ostavku na sve funkcije\u00a0u KK Ulcinj. Bila je to dosta te\u0161ka odluka zamene.Nije\u00a0mi nimalo bilo lako, jer je ko\u0161arka neraskidivi dio mog\u00a0\u017eivota, ali jednostavno stvorili su se uslovi za tako ne\u0161to\u00a0i druga\u010dije nijemoglo biti. Svih prethodnih godina radio\u00a0samsa velikim entuzijazmomi svi rezultati, koji su veoma\u00a0vidljivi, ne bi bili mogu\u0107i bez ljudi iz grada i regiona\u00a0koji su nesebi\u010dno ulagali i pomagali KK Ulcinj. Volio bih\u00a0da me svi ljubitelji ko\u0161arke i kluba razumiju, posebno\u00a0na\u0161i vjerni navija\u010di koji su najve\u0107e blago ovoga kluba i\u00a0kojima se posebno zahvaljujem. Zahvalan sam i KSCG,\u00a0koji je dugo imao razumijevanja za nas i dozvoljavao nam\u00a0takmi\u010denje u jednoj neuslovnoj dvorani. Ponosan sam\u00a0na sebe, na svoju porodicu i ponosno odlazim iz kluba\u00a0&#8211; neutje\u0161nim glasompri\u010da za ARENU 33-godi\u0161nji Pavle\u00a0Pep\u0111onovi\u0107.\u00a0Biv\u0161i igra\u010d Ulcinja, Ive Borovice, Zete i barskog Tina\u00a0tajma, koji je vrlo rano zavr\u0161io profesionalnu karijeru\u00a0ostao je u ko\u0161arci i uporedo sa privatnim biznisom nastavio\u00a0da radi i poma\u017ee klub iz svog rodnog grada. Znaju\u0107i\u00a0Pavlovu ljubav prema ko\u0161arci i KK Ulcinj, ni sami nijesmomogli\u00a0da se tek tako pomirimo sa njegovomodlukom,\u00a0\u017eele\u0107i da prodremo dublje u sr\u017e problema, ali pravu pozadinu\u00a0njegovog odlaska ipak nijesmo mogli da saznamo.\u00a0Pavle je ostao dosljedan i decidan.\u00a0&#8211; Ovim nijesam zatvorio vrata ko\u0161arci, jer ko\u0161arka je\u00a0moj krvotok. Ako se jednog dana ponovo stvore odgovaraju\u0107i\u00a0uslovi vrlo rado \u0107u se opet aktivirati i u skladu\u00a0sa svojimznanjemimogu\u0107nostima pomo\u0107i klubu.Mislim\u00a0da je KK Ulcinj najve\u0107i ponos ovog grada, jer na na\u0161im\u00a0utakmicama su ljudi svih nacija i vjeroispovijesti koji\u00a0biti\u0161u u ovom regionu bili jedno i to je na\u0161 najve\u0107i uspjeh.\u00a0Kod nas nikad nije bilo podjela i uvijek smo zajedno\u00a0sa na\u0161imnavija\u010dima disali kao jedan.Vidimda se sada\u00a0pojavila mogu\u0107nost da KK Ulcinj nastupi u Balkanskoj\u00a0ligi, \u0161to bi bila ogromna satisfakcija za sveminule godine\u00a0uspje\u0161nog rada. Nadam se da \u0107e nova uprava na pravi\u00a0na\u010din iznijeti taj projekat, a ja \u0107u se iz fotelje preseliti na\u00a0tribine i biti najvatreniji navija\u010d KK Ulcinj &#8211; zaklju\u010dio je\u00a0Pep\u0111onovi\u0107.<\/p>\n<h3><a href=\"http:\/\/www.facebook.com\/profile.php?id=1381515186\">Pavle  Pepdjonovic Facebook<\/a><\/h3>\n<p><strong>B.N.<br \/>\n<a href=\"http:\/\/www.arenacg.net\/arhiva.php\" target=\"_blank\">Arena<br \/>\n\n\t\t<style type=\"text\/css\">\n\t\t\t#gallery-1 {\n\t\t\t\tmargin: auto;\n\t\t\t}\n\t\t\t#gallery-1 .gallery-item {\n\t\t\t\tfloat: left;\n\t\t\t\tmargin-top: 10px;\n\t\t\t\ttext-align: center;\n\t\t\t\twidth: 33%;\n\t\t\t}\n\t\t\t#gallery-1 img {\n\t\t\t\tborder: 2px solid #cfcfcf;\n\t\t\t}\n\t\t\t#gallery-1 .gallery-caption {\n\t\t\t\tmargin-left: 0;\n\t\t\t}\n\t\t\t\/* see gallery_shortcode() in wp-includes\/media.php *\/\n\t\t<\/style>\n\t\t<div id='gallery-1' class='gallery galleryid-36845 gallery-columns-3 gallery-size-thumbnail'><dl class='gallery-item'>\n\t\t\t<dt class='gallery-icon landscape'>\n\t\t\t\t<a href='https:\/\/www.visit-ulcinj.com\/blog\/wp-content\/uploads\/2010\/09\/Pavle-Pepdjonovic-napustio-KK-Ulcinj.11.jpg'><img width=\"150\" height=\"150\" src=\"https:\/\/www.visit-ulcinj.com\/blog\/wp-content\/uploads\/2010\/09\/Pavle-Pepdjonovic-napustio-KK-Ulcinj.11-150x150.jpg\" class=\"attachment-thumbnail size-thumbnail\" alt=\"\" loading=\"lazy\" \/><\/a>\n\t\t\t<\/dt><\/dl><dl class='gallery-item'>\n\t\t\t<dt class='gallery-icon landscape'>\n\t\t\t\t<a href='https:\/\/www.visit-ulcinj.com\/blog\/wp-content\/uploads\/2010\/09\/Pavle-Pepdjonovic-napustio-KK-Ulcinj.5.jpg'><img width=\"150\" height=\"150\" src=\"https:\/\/www.visit-ulcinj.com\/blog\/wp-content\/uploads\/2010\/09\/Pavle-Pepdjonovic-napustio-KK-Ulcinj.5-150x150.jpg\" class=\"attachment-thumbnail size-thumbnail\" alt=\"\" loading=\"lazy\" \/><\/a>\n\t\t\t<\/dt><\/dl><dl class='gallery-item'>\n\t\t\t<dt class='gallery-icon portrait'>\n\t\t\t\t<a href='https:\/\/www.visit-ulcinj.com\/blog\/wp-content\/uploads\/2010\/09\/Pavle-Pepdjonovic-napustio-KK-Ulcinj.7.jpg'><img width=\"150\" height=\"150\" src=\"https:\/\/www.visit-ulcinj.com\/blog\/wp-content\/uploads\/2010\/09\/Pavle-Pepdjonovic-napustio-KK-Ulcinj.7-150x150.jpg\" class=\"attachment-thumbnail size-thumbnail\" alt=\"\" loading=\"lazy\" \/><\/a>\n\t\t\t<\/dt><\/dl><br style=\"clear: both\" \/><dl class='gallery-item'>\n\t\t\t<dt class='gallery-icon landscape'>\n\t\t\t\t<a href='https:\/\/www.visit-ulcinj.com\/blog\/wp-content\/uploads\/2010\/09\/Pavle-Pepdjonovic-napustio-KK-Ulcinj.3.jpg'><img width=\"150\" height=\"150\" src=\"https:\/\/www.visit-ulcinj.com\/blog\/wp-content\/uploads\/2010\/09\/Pavle-Pepdjonovic-napustio-KK-Ulcinj.3-150x150.jpg\" class=\"attachment-thumbnail size-thumbnail\" alt=\"\" loading=\"lazy\" \/><\/a>\n\t\t\t<\/dt><\/dl><dl class='gallery-item'>\n\t\t\t<dt class='gallery-icon portrait'>\n\t\t\t\t<a href='https:\/\/www.visit-ulcinj.com\/blog\/wp-content\/uploads\/2010\/09\/Pavle-Pepdjonovic-napustio-KK-Ulcinj.9.jpg'><img width=\"150\" height=\"150\" src=\"https:\/\/www.visit-ulcinj.com\/blog\/wp-content\/uploads\/2010\/09\/Pavle-Pepdjonovic-napustio-KK-Ulcinj.9-150x150.jpg\" class=\"attachment-thumbnail size-thumbnail\" alt=\"\" loading=\"lazy\" \/><\/a>\n\t\t\t<\/dt><\/dl><dl class='gallery-item'>\n\t\t\t<dt class='gallery-icon portrait'>\n\t\t\t\t<a href='https:\/\/www.visit-ulcinj.com\/blog\/wp-content\/uploads\/2010\/09\/Pavle-Pepdjonovic-napustio-KK-Ulcinj.8.jpg'><img width=\"150\" height=\"150\" src=\"https:\/\/www.visit-ulcinj.com\/blog\/wp-content\/uploads\/2010\/09\/Pavle-Pepdjonovic-napustio-KK-Ulcinj.8-150x150.jpg\" class=\"attachment-thumbnail size-thumbnail\" alt=\"\" loading=\"lazy\" \/><\/a>\n\t\t\t<\/dt><\/dl><br style=\"clear: both\" \/><dl class='gallery-item'>\n\t\t\t<dt class='gallery-icon landscape'>\n\t\t\t\t<a href='https:\/\/www.visit-ulcinj.com\/blog\/wp-content\/uploads\/2010\/09\/Pavle-Pepdjonovic-napustio-KK-Ulcinj.2.jpg'><img width=\"150\" height=\"150\" src=\"https:\/\/www.visit-ulcinj.com\/blog\/wp-content\/uploads\/2010\/09\/Pavle-Pepdjonovic-napustio-KK-Ulcinj.2-150x150.jpg\" class=\"attachment-thumbnail size-thumbnail\" alt=\"\" loading=\"lazy\" \/><\/a>\n\t\t\t<\/dt><\/dl><dl class='gallery-item'>\n\t\t\t<dt class='gallery-icon landscape'>\n\t\t\t\t<a href='https:\/\/www.visit-ulcinj.com\/blog\/wp-content\/uploads\/2010\/09\/Pavle-Pepdjonovic-napustio-KK-Ulcinj.10.jpg'><img width=\"150\" height=\"150\" src=\"https:\/\/www.visit-ulcinj.com\/blog\/wp-content\/uploads\/2010\/09\/Pavle-Pepdjonovic-napustio-KK-Ulcinj.10-150x150.jpg\" class=\"attachment-thumbnail size-thumbnail\" alt=\"\" loading=\"lazy\" \/><\/a>\n\t\t\t<\/dt><\/dl><dl class='gallery-item'>\n\t\t\t<dt class='gallery-icon portrait'>\n\t\t\t\t<a href='https:\/\/www.visit-ulcinj.com\/blog\/wp-content\/uploads\/2010\/09\/Pavle-Pepdjonovic-napustio-KK-Ulcinj.jpg'><img width=\"150\" height=\"150\" src=\"https:\/\/www.visit-ulcinj.com\/blog\/wp-content\/uploads\/2010\/09\/Pavle-Pepdjonovic-napustio-KK-Ulcinj-150x150.jpg\" class=\"attachment-thumbnail size-thumbnail\" alt=\"\" loading=\"lazy\" \/><\/a>\n\t\t\t<\/dt><\/dl><br style=\"clear: both\" \/>\n\t\t<\/div>\n<br \/>\n<\/a><!--YouTube Error: bad URL entered--><a href=\"http:\/\/www.arenacg.net\/arhiva.php\" target=\"_blank\"><\/a><\/strong><\/p>\n","protected":false},"excerpt":{"rendered":"<p>Odlazim ponosan PODGORICA &#8211; Vijest da je dugogodi\u0161nji sportski radnik\u00a0i veliki zaljubljenik u ko\u0161arku Pavle Pep\u0111onovi\u0107\u00a0napustio Ko\u0161arka\u0161ki klub Ulcinj vrlo brzo se prenijela i\u00a0uzburkala strasti u najju\u017enijem crnogorskom gradu.\u00a0Nevjerica i \u010du\u0111enje su preovladali \u010dar\u0161ijom, koja je odmah\u00a0krenula u odmotavanje klupka.\u00a0\u0160to? Kako? Zbog \u010dega? Vjerovatno \u0107e zauvijek ostati\u00a0misterija, jer u stilu velikog sportiste i d\u017eentlmena sada\u00a0ve\u0107 [&hellip;]<\/p>\n","protected":false},"author":1,"featured_media":0,"comment_status":"open","ping_status":"closed","sticky":false,"template":"","format":"standard","meta":{"spay_email":"","jetpack_publicize_message":"","jetpack_is_tweetstorm":false,"jetpack_publicize_feature_enabled":true},"categories":[3],"tags":[20,4572,15291,5392,13368],"jetpack_publicize_connections":[],"yoast_head":"<!-- This site is optimized with the Yoast SEO plugin v19.1 - https:\/\/yoast.com\/wordpress\/plugins\/seo\/ -->\n<title>Poslije sedam godina Pavle Pep\u0111onovi\u0107 napustio KK Ulcinj - Lajme nga Ulqini<\/title>\n<meta name=\"description\" content=\"Odlazim ponosan PODGORICA - Vijest da je dugogodi\u0161nji sportski radnik\u00a0i veliki zaljubljenik u ko\u0161arku Pavle Pep\u0111onovi\u0107\u00a0napustio Ko\u0161arka\u0161ki klub Ulcinj\" \/>\n<meta name=\"robots\" content=\"index, follow, max-snippet:-1, max-image-preview:large, max-video-preview:-1\" \/>\n<link rel=\"canonical\" href=\"https:\/\/www.visit-ulcinj.com\/blog\/2010\/09\/07\/poslije-sedam-godina-pavle-pepdonovic-napustio-kk-ulcinj\/\" \/>\n<meta property=\"og:locale\" content=\"en_US\" \/>\n<meta property=\"og:type\" content=\"article\" \/>\n<meta property=\"og:title\" content=\"Poslije sedam godina Pavle Pep\u0111onovi\u0107 napustio KK Ulcinj - Lajme nga Ulqini\" \/>\n<meta property=\"og:description\" content=\"Odlazim ponosan PODGORICA - Vijest da je dugogodi\u0161nji sportski radnik\u00a0i veliki zaljubljenik u ko\u0161arku Pavle Pep\u0111onovi\u0107\u00a0napustio Ko\u0161arka\u0161ki klub Ulcinj\" \/>\n<meta property=\"og:url\" content=\"https:\/\/www.visit-ulcinj.com\/blog\/2010\/09\/07\/poslije-sedam-godina-pavle-pepdonovic-napustio-kk-ulcinj\/\" \/>\n<meta property=\"og:site_name\" content=\"Lajme nga Ulqini\" \/>\n<meta property=\"article:published_time\" content=\"2010-09-07T12:04:04+00:00\" \/>\n<meta property=\"article:modified_time\" content=\"2010-09-07T12:10:28+00:00\" \/>\n<meta property=\"og:image\" content=\"https:\/\/www.visit-ulcinj.com\/blog\/wp-content\/uploads\/2010\/09\/Pavle-Pepdjonovic-napustio-KK-Ulcinj.11-150x150.jpg\" \/>\n<meta name=\"twitter:label1\" content=\"Written by\" \/>\n\t<meta name=\"twitter:data1\" content=\"ulqini\" \/>\n\t<meta name=\"twitter:label2\" content=\"Est. reading time\" \/>\n\t<meta name=\"twitter:data2\" content=\"3 minutes\" \/>\n<script type=\"application\/ld+json\" class=\"yoast-schema-graph\">{\"@context\":\"https:\/\/schema.org\",\"@graph\":[{\"@type\":\"WebSite\",\"@id\":\"https:\/\/www.visit-ulcinj.com\/blog\/#website\",\"url\":\"https:\/\/www.visit-ulcinj.com\/blog\/\",\"name\":\"Lajme nga Ulqini\",\"description\":\"Lajme,Vijesti,Ulqini,Ulqin,Crna Gora,Mali i Zi\",\"potentialAction\":[{\"@type\":\"SearchAction\",\"target\":{\"@type\":\"EntryPoint\",\"urlTemplate\":\"https:\/\/www.visit-ulcinj.com\/blog\/?s={search_term_string}\"},\"query-input\":\"required name=search_term_string\"}],\"inLanguage\":\"en-US\"},{\"@type\":\"ImageObject\",\"inLanguage\":\"en-US\",\"@id\":\"https:\/\/www.visit-ulcinj.com\/blog\/2010\/09\/07\/poslije-sedam-godina-pavle-pepdonovic-napustio-kk-ulcinj\/#primaryimage\",\"url\":\"https:\/\/www.visit-ulcinj.com\/blog\/wp-content\/uploads\/2010\/09\/Pavle-Pepdjonovic-napustio-KK-Ulcinj.11.jpg\",\"contentUrl\":\"https:\/\/www.visit-ulcinj.com\/blog\/wp-content\/uploads\/2010\/09\/Pavle-Pepdjonovic-napustio-KK-Ulcinj.11.jpg\",\"width\":\"604\",\"height\":\"402\"},{\"@type\":\"WebPage\",\"@id\":\"https:\/\/www.visit-ulcinj.com\/blog\/2010\/09\/07\/poslije-sedam-godina-pavle-pepdonovic-napustio-kk-ulcinj\/#webpage\",\"url\":\"https:\/\/www.visit-ulcinj.com\/blog\/2010\/09\/07\/poslije-sedam-godina-pavle-pepdonovic-napustio-kk-ulcinj\/\",\"name\":\"Poslije sedam godina Pavle Pep\u0111onovi\u0107 napustio KK Ulcinj - Lajme nga Ulqini\",\"isPartOf\":{\"@id\":\"https:\/\/www.visit-ulcinj.com\/blog\/#website\"},\"primaryImageOfPage\":{\"@id\":\"https:\/\/www.visit-ulcinj.com\/blog\/2010\/09\/07\/poslije-sedam-godina-pavle-pepdonovic-napustio-kk-ulcinj\/#primaryimage\"},\"datePublished\":\"2010-09-07T12:04:04+00:00\",\"dateModified\":\"2010-09-07T12:10:28+00:00\",\"author\":{\"@id\":\"https:\/\/www.visit-ulcinj.com\/blog\/#\/schema\/person\/dcab619c614d3038751c63bc2aadc06d\"},\"description\":\"Odlazim ponosan PODGORICA - Vijest da je dugogodi\u0161nji sportski radnik\u00a0i veliki zaljubljenik u ko\u0161arku Pavle Pep\u0111onovi\u0107\u00a0napustio Ko\u0161arka\u0161ki klub Ulcinj\",\"breadcrumb\":{\"@id\":\"https:\/\/www.visit-ulcinj.com\/blog\/2010\/09\/07\/poslije-sedam-godina-pavle-pepdonovic-napustio-kk-ulcinj\/#breadcrumb\"},\"inLanguage\":\"en-US\",\"potentialAction\":[{\"@type\":\"ReadAction\",\"target\":[\"https:\/\/www.visit-ulcinj.com\/blog\/2010\/09\/07\/poslije-sedam-godina-pavle-pepdonovic-napustio-kk-ulcinj\/\"]}]},{\"@type\":\"BreadcrumbList\",\"@id\":\"https:\/\/www.visit-ulcinj.com\/blog\/2010\/09\/07\/poslije-sedam-godina-pavle-pepdonovic-napustio-kk-ulcinj\/#breadcrumb\",\"itemListElement\":[{\"@type\":\"ListItem\",\"position\":1,\"name\":\"Poslije sedam godina Pavle Pep\u0111onovi\u0107 napustio KK Ulcinj\"}]},{\"@type\":\"Person\",\"@id\":\"https:\/\/www.visit-ulcinj.com\/blog\/#\/schema\/person\/dcab619c614d3038751c63bc2aadc06d\",\"name\":\"ulqini\",\"sameAs\":[\"http:\/\/www.visit-ulcinj.com\"],\"url\":\"https:\/\/www.visit-ulcinj.com\/blog\/author\/admin\/\"}]}<\/script>\n<!-- \/ Yoast SEO plugin. -->","yoast_head_json":{"title":"Poslije sedam godina Pavle Pep\u0111onovi\u0107 napustio KK Ulcinj - Lajme nga Ulqini","description":"Odlazim ponosan PODGORICA - Vijest da je dugogodi\u0161nji sportski radnik\u00a0i veliki zaljubljenik u ko\u0161arku Pavle Pep\u0111onovi\u0107\u00a0napustio Ko\u0161arka\u0161ki klub Ulcinj","robots":{"index":"index","follow":"follow","max-snippet":"max-snippet:-1","max-image-preview":"max-image-preview:large","max-video-preview":"max-video-preview:-1"},"canonical":"https:\/\/www.visit-ulcinj.com\/blog\/2010\/09\/07\/poslije-sedam-godina-pavle-pepdonovic-napustio-kk-ulcinj\/","og_locale":"en_US","og_type":"article","og_title":"Poslije sedam godina Pavle Pep\u0111onovi\u0107 napustio KK Ulcinj - Lajme nga Ulqini","og_description":"Odlazim ponosan PODGORICA - Vijest da je dugogodi\u0161nji sportski radnik\u00a0i veliki zaljubljenik u ko\u0161arku Pavle Pep\u0111onovi\u0107\u00a0napustio Ko\u0161arka\u0161ki klub Ulcinj","og_url":"https:\/\/www.visit-ulcinj.com\/blog\/2010\/09\/07\/poslije-sedam-godina-pavle-pepdonovic-napustio-kk-ulcinj\/","og_site_name":"Lajme nga Ulqini","article_published_time":"2010-09-07T12:04:04+00:00","article_modified_time":"2010-09-07T12:10:28+00:00","og_image":[{"url":"https:\/\/www.visit-ulcinj.com\/blog\/wp-content\/uploads\/2010\/09\/Pavle-Pepdjonovic-napustio-KK-Ulcinj.11-150x150.jpg"}],"twitter_misc":{"Written by":"ulqini","Est. reading time":"3 minutes"},"schema":{"@context":"https:\/\/schema.org","@graph":[{"@type":"WebSite","@id":"https:\/\/www.visit-ulcinj.com\/blog\/#website","url":"https:\/\/www.visit-ulcinj.com\/blog\/","name":"Lajme nga Ulqini","description":"Lajme,Vijesti,Ulqini,Ulqin,Crna Gora,Mali i Zi","potentialAction":[{"@type":"SearchAction","target":{"@type":"EntryPoint","urlTemplate":"https:\/\/www.visit-ulcinj.com\/blog\/?s={search_term_string}"},"query-input":"required name=search_term_string"}],"inLanguage":"en-US"},{"@type":"ImageObject","inLanguage":"en-US","@id":"https:\/\/www.visit-ulcinj.com\/blog\/2010\/09\/07\/poslije-sedam-godina-pavle-pepdonovic-napustio-kk-ulcinj\/#primaryimage","url":"https:\/\/www.visit-ulcinj.com\/blog\/wp-content\/uploads\/2010\/09\/Pavle-Pepdjonovic-napustio-KK-Ulcinj.11.jpg","contentUrl":"https:\/\/www.visit-ulcinj.com\/blog\/wp-content\/uploads\/2010\/09\/Pavle-Pepdjonovic-napustio-KK-Ulcinj.11.jpg","width":"604","height":"402"},{"@type":"WebPage","@id":"https:\/\/www.visit-ulcinj.com\/blog\/2010\/09\/07\/poslije-sedam-godina-pavle-pepdonovic-napustio-kk-ulcinj\/#webpage","url":"https:\/\/www.visit-ulcinj.com\/blog\/2010\/09\/07\/poslije-sedam-godina-pavle-pepdonovic-napustio-kk-ulcinj\/","name":"Poslije sedam godina Pavle Pep\u0111onovi\u0107 napustio KK Ulcinj - Lajme nga Ulqini","isPartOf":{"@id":"https:\/\/www.visit-ulcinj.com\/blog\/#website"},"primaryImageOfPage":{"@id":"https:\/\/www.visit-ulcinj.com\/blog\/2010\/09\/07\/poslije-sedam-godina-pavle-pepdonovic-napustio-kk-ulcinj\/#primaryimage"},"datePublished":"2010-09-07T12:04:04+00:00","dateModified":"2010-09-07T12:10:28+00:00","author":{"@id":"https:\/\/www.visit-ulcinj.com\/blog\/#\/schema\/person\/dcab619c614d3038751c63bc2aadc06d"},"description":"Odlazim ponosan PODGORICA - Vijest da je dugogodi\u0161nji sportski radnik\u00a0i veliki zaljubljenik u ko\u0161arku Pavle Pep\u0111onovi\u0107\u00a0napustio Ko\u0161arka\u0161ki klub Ulcinj","breadcrumb":{"@id":"https:\/\/www.visit-ulcinj.com\/blog\/2010\/09\/07\/poslije-sedam-godina-pavle-pepdonovic-napustio-kk-ulcinj\/#breadcrumb"},"inLanguage":"en-US","potentialAction":[{"@type":"ReadAction","target":["https:\/\/www.visit-ulcinj.com\/blog\/2010\/09\/07\/poslije-sedam-godina-pavle-pepdonovic-napustio-kk-ulcinj\/"]}]},{"@type":"BreadcrumbList","@id":"https:\/\/www.visit-ulcinj.com\/blog\/2010\/09\/07\/poslije-sedam-godina-pavle-pepdonovic-napustio-kk-ulcinj\/#breadcrumb","itemListElement":[{"@type":"ListItem","position":1,"name":"Poslije sedam godina Pavle Pep\u0111onovi\u0107 napustio KK Ulcinj"}]},{"@type":"Person","@id":"https:\/\/www.visit-ulcinj.com\/blog\/#\/schema\/person\/dcab619c614d3038751c63bc2aadc06d","name":"ulqini","sameAs":["http:\/\/www.visit-ulcinj.com"],"url":"https:\/\/www.visit-ulcinj.com\/blog\/author\/admin\/"}]}},"jetpack_featured_media_url":"","jetpack_sharing_enabled":true,"jetpack_shortlink":"https:\/\/wp.me\/pe6lTn-9Ah","_links":{"self":[{"href":"https:\/\/www.visit-ulcinj.com\/blog\/wp-json\/wp\/v2\/posts\/36845"}],"collection":[{"href":"https:\/\/www.visit-ulcinj.com\/blog\/wp-json\/wp\/v2\/posts"}],"about":[{"href":"https:\/\/www.visit-ulcinj.com\/blog\/wp-json\/wp\/v2\/types\/post"}],"author":[{"embeddable":true,"href":"https:\/\/www.visit-ulcinj.com\/blog\/wp-json\/wp\/v2\/users\/1"}],"replies":[{"embeddable":true,"href":"https:\/\/www.visit-ulcinj.com\/blog\/wp-json\/wp\/v2\/comments?post=36845"}],"version-history":[{"count":0,"href":"https:\/\/www.visit-ulcinj.com\/blog\/wp-json\/wp\/v2\/posts\/36845\/revisions"}],"wp:attachment":[{"href":"https:\/\/www.visit-ulcinj.com\/blog\/wp-json\/wp\/v2\/media?parent=36845"}],"wp:term":[{"taxonomy":"category","embeddable":true,"href":"https:\/\/www.visit-ulcinj.com\/blog\/wp-json\/wp\/v2\/categories?post=36845"},{"taxonomy":"post_tag","embeddable":true,"href":"https:\/\/www.visit-ulcinj.com\/blog\/wp-json\/wp\/v2\/tags?post=36845"}],"curies":[{"name":"wp","href":"https:\/\/api.w.org\/{rel}","templated":true}]}}