{"id":36859,"date":"2010-09-07T16:50:24","date_gmt":"2010-09-07T14:50:24","guid":{"rendered":"http:\/\/www.visit-ulcinj.com\/blog\/?p=36859"},"modified":"2010-09-11T10:18:04","modified_gmt":"2010-09-11T08:18:04","slug":"urim-per-festen-e-bajramit-te-madh","status":"publish","type":"post","link":"https:\/\/www.visit-ulcinj.com\/blog\/2010\/09\/07\/urim-per-festen-e-bajramit-te-madh\/","title":{"rendered":"Urim p\u00ebr fest\u00ebn e Bajramit  t\u00eb madh"},"content":{"rendered":"<p><strong><a href=\"http:\/\/www.forumishqiptar.com\/attachment.php?attachmentid=110258&amp;stc=1&amp;d=1222787767\"><img loading=\"lazy\" class=\"alignleft\" title=\"URIM P\u00cbR FEST\u00cbN E BAJRAMIT  T\u00cb MADH\" src=\"http:\/\/www.forumishqiptar.com\/attachment.php?attachmentid=110258&amp;stc=1&amp;d=1222787767\" alt=\"\" width=\"360\" height=\"327\" \/><\/a>K\u00cbSHILLI NACIONAL I SHQIPTAR\u00cbVE N\u00cb MALIN E ZI<br \/>\nNACIONALNI SAVJET ALBANACA U CRNOJ GORI<br \/>\nNATIONAL CONCIL ALBANIANS IN MONTENEGRO<\/strong><\/p>\n<p>Ulqin, m\u00eb 6. 09. 2010<\/p>\n<p><strong> URIM P\u00cbR FEST\u00cbN E BAJRAMIT  T\u00cb MADH<\/strong><\/p>\n<p>K\u00ebshilli  Nacional  i  Shqiptar\u00ebve  n\u00eb Malin e Zi t\u00eb gjith\u00eb besimtar\u00ebve t\u00eb fes\u00eb Islame Ju uron g\u00ebzuar Bajramin e Madh me d\u00ebshir\u00ebn q\u00eb kjo Fest\u00eb q\u00eb vjen pas muajit  t\u00eb  shenjt\u00eb  t\u00eb  Ramazanit, muajit  t\u00eb  forcimit  t\u00eb besimit,  t\u00eb  toleranc\u00ebs, e  t\u00eb pastrimit  shpirt\u00ebror\u00eb,  t\u00eb na bashkoj\u00eb  akoma  mes veti  duke  m\u00ebnjanuar  ndarjet  e  duke  kultivuar   unitetin,   si domosdoshm\u00ebri  edhe  sot  aktuale   p\u00ebr  ne  shqiptar\u00ebt.<br \/>\nE b\u00ebft\u00eb Zoti q\u00eb  Festa e Fit\u00ebr Bajramit  ti stolis\u00eb  familjet  tona me sa m\u00eb shum\u00eb  g\u00ebzim,  dashuri,  mir\u00ebkuptim  e  solidaritet  t\u00eb  nd\u00ebrsjell\u00ebt.<br \/>\n<a href=\"http:\/\/www.visit-ulcinj.com\/blog\/wp-content\/uploads\/2010\/09\/K\u00cbSHILLI-NACIONAL-I-SHQIPTAR\u00cbVE-N\u00cb-MALIN-E-ZI.jpg\"><img loading=\"lazy\" class=\"size-thumbnail wp-image-36860 alignleft\" title=\"K\u00cbSHILLI NACIONAL I SHQIPTAR\u00cbVE N\u00cb MALIN E ZI\" src=\"http:\/\/www.visit-ulcinj.com\/blog\/wp-content\/uploads\/2010\/09\/K\u00cbSHILLI-NACIONAL-I-SHQIPTAR\u00cbVE-N\u00cb-MALIN-E-ZI-150x150.jpg\" alt=\"\" width=\"110\" height=\"110\" \/><\/a><\/p>\n<p>Kryetari,<br \/>\n<strong>Tahir Tahiri<br \/>\n<\/strong><\/p>\n","protected":false},"excerpt":{"rendered":"<p>K\u00cbSHILLI NACIONAL I SHQIPTAR\u00cbVE N\u00cb MALIN E ZI NACIONALNI SAVJET ALBANACA U CRNOJ GORI NATIONAL CONCIL ALBANIANS IN MONTENEGRO Ulqin, m\u00eb 6. 09. 2010 URIM P\u00cbR FEST\u00cbN E BAJRAMIT T\u00cb MADH K\u00ebshilli Nacional i Shqiptar\u00ebve n\u00eb Malin e Zi t\u00eb gjith\u00eb besimtar\u00ebve t\u00eb fes\u00eb Islame Ju uron g\u00ebzuar Bajramin e Madh me d\u00ebshir\u00ebn q\u00eb kjo [&hellip;]<\/p>\n","protected":false},"author":1,"featured_media":0,"comment_status":"open","ping_status":"closed","sticky":false,"template":"","format":"standard","meta":{"spay_email":"","jetpack_publicize_message":"","jetpack_is_tweetstorm":false,"jetpack_publicize_feature_enabled":true},"categories":[1],"tags":[15293,503,12279,15295,899,15294],"jetpack_publicize_connections":[],"yoast_head":"<!-- This site is optimized with the Yoast SEO plugin v19.1 - https:\/\/yoast.com\/wordpress\/plugins\/seo\/ -->\n<title>Urim p\u00ebr fest\u00ebn e Bajramit t\u00eb madh - Lajme nga Ulqini<\/title>\n<meta name=\"description\" content=\"K\u00cbSHILLI NACIONAL I SHQIPTAR\u00cbVE N\u00cb MALIN E ZI NACIONALNI SAVJET ALBANACA U CRNOJ GORI NATIONAL CONCIL ALBANIANS IN MONTENEGRO Ulqin, m\u00eb 6. 09. 2010 URIM\" \/>\n<meta name=\"robots\" content=\"index, follow, max-snippet:-1, max-image-preview:large, max-video-preview:-1\" \/>\n<link rel=\"canonical\" href=\"https:\/\/www.visit-ulcinj.com\/blog\/2010\/09\/07\/urim-per-festen-e-bajramit-te-madh\/\" \/>\n<meta property=\"og:locale\" content=\"en_US\" \/>\n<meta property=\"og:type\" content=\"article\" \/>\n<meta property=\"og:title\" content=\"Urim p\u00ebr fest\u00ebn e Bajramit t\u00eb madh - Lajme nga Ulqini\" \/>\n<meta property=\"og:description\" content=\"K\u00cbSHILLI NACIONAL I SHQIPTAR\u00cbVE N\u00cb MALIN E ZI NACIONALNI SAVJET ALBANACA U CRNOJ GORI NATIONAL CONCIL ALBANIANS IN MONTENEGRO Ulqin, m\u00eb 6. 09. 2010 URIM\" \/>\n<meta property=\"og:url\" content=\"https:\/\/www.visit-ulcinj.com\/blog\/2010\/09\/07\/urim-per-festen-e-bajramit-te-madh\/\" \/>\n<meta property=\"og:site_name\" content=\"Lajme nga Ulqini\" \/>\n<meta property=\"article:published_time\" content=\"2010-09-07T14:50:24+00:00\" \/>\n<meta property=\"article:modified_time\" content=\"2010-09-11T08:18:04+00:00\" \/>\n<meta property=\"og:image\" content=\"http:\/\/www.forumishqiptar.com\/attachment.php?attachmentid=110258&#038;stc=1&#038;d=1222787767\" \/>\n<meta name=\"twitter:label1\" content=\"Written by\" \/>\n\t<meta name=\"twitter:data1\" content=\"ulqini\" \/>\n\t<meta name=\"twitter:label2\" content=\"Est. reading time\" \/>\n\t<meta name=\"twitter:data2\" content=\"1 minute\" \/>\n<script type=\"application\/ld+json\" class=\"yoast-schema-graph\">{\"@context\":\"https:\/\/schema.org\",\"@graph\":[{\"@type\":\"WebSite\",\"@id\":\"https:\/\/www.visit-ulcinj.com\/blog\/#website\",\"url\":\"https:\/\/www.visit-ulcinj.com\/blog\/\",\"name\":\"Lajme nga Ulqini\",\"description\":\"Lajme,Vijesti,Ulqini,Ulqin,Crna Gora,Mali i Zi\",\"potentialAction\":[{\"@type\":\"SearchAction\",\"target\":{\"@type\":\"EntryPoint\",\"urlTemplate\":\"https:\/\/www.visit-ulcinj.com\/blog\/?s={search_term_string}\"},\"query-input\":\"required name=search_term_string\"}],\"inLanguage\":\"en-US\"},{\"@type\":\"ImageObject\",\"inLanguage\":\"en-US\",\"@id\":\"https:\/\/www.visit-ulcinj.com\/blog\/2010\/09\/07\/urim-per-festen-e-bajramit-te-madh\/#primaryimage\",\"url\":\"http:\/\/www.forumishqiptar.com\/attachment.php?attachmentid=110258&amp;stc=1&amp;d=1222787767\",\"contentUrl\":\"http:\/\/www.forumishqiptar.com\/attachment.php?attachmentid=110258&amp;stc=1&amp;d=1222787767\"},{\"@type\":\"WebPage\",\"@id\":\"https:\/\/www.visit-ulcinj.com\/blog\/2010\/09\/07\/urim-per-festen-e-bajramit-te-madh\/#webpage\",\"url\":\"https:\/\/www.visit-ulcinj.com\/blog\/2010\/09\/07\/urim-per-festen-e-bajramit-te-madh\/\",\"name\":\"Urim p\u00ebr fest\u00ebn e Bajramit t\u00eb madh - Lajme nga Ulqini\",\"isPartOf\":{\"@id\":\"https:\/\/www.visit-ulcinj.com\/blog\/#website\"},\"primaryImageOfPage\":{\"@id\":\"https:\/\/www.visit-ulcinj.com\/blog\/2010\/09\/07\/urim-per-festen-e-bajramit-te-madh\/#primaryimage\"},\"datePublished\":\"2010-09-07T14:50:24+00:00\",\"dateModified\":\"2010-09-11T08:18:04+00:00\",\"author\":{\"@id\":\"https:\/\/www.visit-ulcinj.com\/blog\/#\/schema\/person\/dcab619c614d3038751c63bc2aadc06d\"},\"description\":\"K\u00cbSHILLI NACIONAL I SHQIPTAR\u00cbVE N\u00cb MALIN E ZI NACIONALNI SAVJET ALBANACA U CRNOJ GORI NATIONAL CONCIL ALBANIANS IN MONTENEGRO Ulqin, m\u00eb 6. 09. 2010 URIM\",\"breadcrumb\":{\"@id\":\"https:\/\/www.visit-ulcinj.com\/blog\/2010\/09\/07\/urim-per-festen-e-bajramit-te-madh\/#breadcrumb\"},\"inLanguage\":\"en-US\",\"potentialAction\":[{\"@type\":\"ReadAction\",\"target\":[\"https:\/\/www.visit-ulcinj.com\/blog\/2010\/09\/07\/urim-per-festen-e-bajramit-te-madh\/\"]}]},{\"@type\":\"BreadcrumbList\",\"@id\":\"https:\/\/www.visit-ulcinj.com\/blog\/2010\/09\/07\/urim-per-festen-e-bajramit-te-madh\/#breadcrumb\",\"itemListElement\":[{\"@type\":\"ListItem\",\"position\":1,\"name\":\"Urim p\u00ebr fest\u00ebn e Bajramit t\u00eb madh\"}]},{\"@type\":\"Person\",\"@id\":\"https:\/\/www.visit-ulcinj.com\/blog\/#\/schema\/person\/dcab619c614d3038751c63bc2aadc06d\",\"name\":\"ulqini\",\"sameAs\":[\"http:\/\/www.visit-ulcinj.com\"],\"url\":\"https:\/\/www.visit-ulcinj.com\/blog\/author\/admin\/\"}]}<\/script>\n<!-- \/ Yoast SEO plugin. -->","yoast_head_json":{"title":"Urim p\u00ebr fest\u00ebn e Bajramit t\u00eb madh - Lajme nga Ulqini","description":"K\u00cbSHILLI NACIONAL I SHQIPTAR\u00cbVE N\u00cb MALIN E ZI NACIONALNI SAVJET ALBANACA U CRNOJ GORI NATIONAL CONCIL ALBANIANS IN MONTENEGRO Ulqin, m\u00eb 6. 09. 2010 URIM","robots":{"index":"index","follow":"follow","max-snippet":"max-snippet:-1","max-image-preview":"max-image-preview:large","max-video-preview":"max-video-preview:-1"},"canonical":"https:\/\/www.visit-ulcinj.com\/blog\/2010\/09\/07\/urim-per-festen-e-bajramit-te-madh\/","og_locale":"en_US","og_type":"article","og_title":"Urim p\u00ebr fest\u00ebn e Bajramit t\u00eb madh - Lajme nga Ulqini","og_description":"K\u00cbSHILLI NACIONAL I SHQIPTAR\u00cbVE N\u00cb MALIN E ZI NACIONALNI SAVJET ALBANACA U CRNOJ GORI NATIONAL CONCIL ALBANIANS IN MONTENEGRO Ulqin, m\u00eb 6. 09. 2010 URIM","og_url":"https:\/\/www.visit-ulcinj.com\/blog\/2010\/09\/07\/urim-per-festen-e-bajramit-te-madh\/","og_site_name":"Lajme nga Ulqini","article_published_time":"2010-09-07T14:50:24+00:00","article_modified_time":"2010-09-11T08:18:04+00:00","og_image":[{"url":"http:\/\/www.forumishqiptar.com\/attachment.php?attachmentid=110258&amp;stc=1&amp;d=1222787767"}],"twitter_misc":{"Written by":"ulqini","Est. reading time":"1 minute"},"schema":{"@context":"https:\/\/schema.org","@graph":[{"@type":"WebSite","@id":"https:\/\/www.visit-ulcinj.com\/blog\/#website","url":"https:\/\/www.visit-ulcinj.com\/blog\/","name":"Lajme nga Ulqini","description":"Lajme,Vijesti,Ulqini,Ulqin,Crna Gora,Mali i Zi","potentialAction":[{"@type":"SearchAction","target":{"@type":"EntryPoint","urlTemplate":"https:\/\/www.visit-ulcinj.com\/blog\/?s={search_term_string}"},"query-input":"required name=search_term_string"}],"inLanguage":"en-US"},{"@type":"ImageObject","inLanguage":"en-US","@id":"https:\/\/www.visit-ulcinj.com\/blog\/2010\/09\/07\/urim-per-festen-e-bajramit-te-madh\/#primaryimage","url":"http:\/\/www.forumishqiptar.com\/attachment.php?attachmentid=110258&amp;stc=1&amp;d=1222787767","contentUrl":"http:\/\/www.forumishqiptar.com\/attachment.php?attachmentid=110258&amp;stc=1&amp;d=1222787767"},{"@type":"WebPage","@id":"https:\/\/www.visit-ulcinj.com\/blog\/2010\/09\/07\/urim-per-festen-e-bajramit-te-madh\/#webpage","url":"https:\/\/www.visit-ulcinj.com\/blog\/2010\/09\/07\/urim-per-festen-e-bajramit-te-madh\/","name":"Urim p\u00ebr fest\u00ebn e Bajramit t\u00eb madh - Lajme nga Ulqini","isPartOf":{"@id":"https:\/\/www.visit-ulcinj.com\/blog\/#website"},"primaryImageOfPage":{"@id":"https:\/\/www.visit-ulcinj.com\/blog\/2010\/09\/07\/urim-per-festen-e-bajramit-te-madh\/#primaryimage"},"datePublished":"2010-09-07T14:50:24+00:00","dateModified":"2010-09-11T08:18:04+00:00","author":{"@id":"https:\/\/www.visit-ulcinj.com\/blog\/#\/schema\/person\/dcab619c614d3038751c63bc2aadc06d"},"description":"K\u00cbSHILLI NACIONAL I SHQIPTAR\u00cbVE N\u00cb MALIN E ZI NACIONALNI SAVJET ALBANACA U CRNOJ GORI NATIONAL CONCIL ALBANIANS IN MONTENEGRO Ulqin, m\u00eb 6. 09. 2010 URIM","breadcrumb":{"@id":"https:\/\/www.visit-ulcinj.com\/blog\/2010\/09\/07\/urim-per-festen-e-bajramit-te-madh\/#breadcrumb"},"inLanguage":"en-US","potentialAction":[{"@type":"ReadAction","target":["https:\/\/www.visit-ulcinj.com\/blog\/2010\/09\/07\/urim-per-festen-e-bajramit-te-madh\/"]}]},{"@type":"BreadcrumbList","@id":"https:\/\/www.visit-ulcinj.com\/blog\/2010\/09\/07\/urim-per-festen-e-bajramit-te-madh\/#breadcrumb","itemListElement":[{"@type":"ListItem","position":1,"name":"Urim p\u00ebr fest\u00ebn e Bajramit t\u00eb madh"}]},{"@type":"Person","@id":"https:\/\/www.visit-ulcinj.com\/blog\/#\/schema\/person\/dcab619c614d3038751c63bc2aadc06d","name":"ulqini","sameAs":["http:\/\/www.visit-ulcinj.com"],"url":"https:\/\/www.visit-ulcinj.com\/blog\/author\/admin\/"}]}},"jetpack_featured_media_url":"","jetpack_sharing_enabled":true,"jetpack_shortlink":"https:\/\/wp.me\/pe6lTn-9Av","_links":{"self":[{"href":"https:\/\/www.visit-ulcinj.com\/blog\/wp-json\/wp\/v2\/posts\/36859"}],"collection":[{"href":"https:\/\/www.visit-ulcinj.com\/blog\/wp-json\/wp\/v2\/posts"}],"about":[{"href":"https:\/\/www.visit-ulcinj.com\/blog\/wp-json\/wp\/v2\/types\/post"}],"author":[{"embeddable":true,"href":"https:\/\/www.visit-ulcinj.com\/blog\/wp-json\/wp\/v2\/users\/1"}],"replies":[{"embeddable":true,"href":"https:\/\/www.visit-ulcinj.com\/blog\/wp-json\/wp\/v2\/comments?post=36859"}],"version-history":[{"count":0,"href":"https:\/\/www.visit-ulcinj.com\/blog\/wp-json\/wp\/v2\/posts\/36859\/revisions"}],"wp:attachment":[{"href":"https:\/\/www.visit-ulcinj.com\/blog\/wp-json\/wp\/v2\/media?parent=36859"}],"wp:term":[{"taxonomy":"category","embeddable":true,"href":"https:\/\/www.visit-ulcinj.com\/blog\/wp-json\/wp\/v2\/categories?post=36859"},{"taxonomy":"post_tag","embeddable":true,"href":"https:\/\/www.visit-ulcinj.com\/blog\/wp-json\/wp\/v2\/tags?post=36859"}],"curies":[{"name":"wp","href":"https:\/\/api.w.org\/{rel}","templated":true}]}}