{"id":36872,"date":"2010-09-07T17:58:19","date_gmt":"2010-09-07T15:58:19","guid":{"rendered":"http:\/\/www.visit-ulcinj.com\/blog\/?p=36872"},"modified":"2010-09-07T20:13:55","modified_gmt":"2010-09-07T18:13:55","slug":"genta-pas-nje-pushimi-relaksues-ne-ulqin-me-album-te-ri","status":"publish","type":"post","link":"https:\/\/www.visit-ulcinj.com\/blog\/2010\/09\/07\/genta-pas-nje-pushimi-relaksues-ne-ulqin-me-album-te-ri\/","title":{"rendered":"Genta pas nj\u00eb pushimi relaksues n\u00eb Ulqin me album te ri"},"content":{"rendered":"<p><strong><a href=\"http:\/\/www.visit-ulcinj.com\/blog\/wp-content\/uploads\/2010\/09\/Genta-Ismajli-ne-Ulqin.jpg\"><img loading=\"lazy\" class=\"alignleft size-full wp-image-36873\" title=\"Genta Ismajli ne Ulqin\" src=\"http:\/\/www.visit-ulcinj.com\/blog\/wp-content\/uploads\/2010\/09\/Genta-Ismajli-ne-Ulqin.jpg\" alt=\"\" width=\"490\" height=\"380\" \/><\/a>Genta e fokusuar n\u00eb albumin e ri<br \/>\nPas nj\u00eb pushimi relaksues n\u00eb Ulqin, Genta Ismajli \u00ebsht\u00eb n\u00eb val\u00ebn e pun\u00ebve p\u00ebr albumin e saj t\u00eb ardhsh\u00ebm.<\/strong><\/p>\n<p>K\u00ebng\u00ebtarja ka zbuluar p\u00ebr Telegrafi.com se projekti i saj i ardhsh\u00ebm n\u00eb t\u00eb v\u00ebrtet\u00eb do t\u00eb jet\u00eb nj\u00eb koleksion i k\u00ebng\u00ebve t\u00eb saj t\u00eb m\u00ebhershme.<\/p>\n<p>Genta, e cila \u00ebsht\u00eb aktuale me videoklipin \u201cShkune Tune\u201d, e ka vler\u00ebsuar k\u00ebt\u00eb klip si m\u00eb t\u00eb suksesshmin t\u00eb saj deri tani.<\/p>\n<p>K\u00ebng\u00ebtarja po ashtu ka th\u00ebn\u00eb se ende nuk ka vendosur n\u00ebse do t\u00eb jet\u00eb pjese e ndonj\u00eb festivali k\u00ebt\u00eb vit, por se d\u00ebshir\u00eb saj e madhe mbetet pjes\u00ebmarrja n\u00eb Eurovizion.<\/p>\n<p>Bukuroshja kosovare p\u00ebrve\u00e7 albumit \u00ebsht\u00eb duke ia kushtuar koh\u00ebn edhe familjes, derisa thot\u00eb se ende \u00ebsht\u00eb beqare.<\/p>\n<p><strong>Telegrafi<br \/>\n<br \/>\n<!--YouTube Error: bad URL entered--><\/strong><\/p>\n","protected":false},"excerpt":{"rendered":"<p>Genta e fokusuar n\u00eb albumin e ri Pas nj\u00eb pushimi relaksues n\u00eb Ulqin, Genta Ismajli \u00ebsht\u00eb n\u00eb val\u00ebn e pun\u00ebve p\u00ebr albumin e saj t\u00eb ardhsh\u00ebm. K\u00ebng\u00ebtarja ka zbuluar p\u00ebr Telegrafi.com se projekti i saj i ardhsh\u00ebm n\u00eb t\u00eb v\u00ebrtet\u00eb do t\u00eb jet\u00eb nj\u00eb koleksion i k\u00ebng\u00ebve t\u00eb saj t\u00eb m\u00ebhershme. Genta, e cila \u00ebsht\u00eb [&hellip;]<\/p>\n","protected":false},"author":1,"featured_media":0,"comment_status":"open","ping_status":"closed","sticky":false,"template":"","format":"standard","meta":{"spay_email":"","jetpack_publicize_message":"","jetpack_is_tweetstorm":false,"jetpack_publicize_feature_enabled":true},"categories":[1],"tags":[323,11734,15296],"jetpack_publicize_connections":[],"yoast_head":"<!-- This site is optimized with the Yoast SEO plugin v19.1 - https:\/\/yoast.com\/wordpress\/plugins\/seo\/ -->\n<title>Genta pas nj\u00eb pushimi relaksues n\u00eb Ulqin me album te ri - Lajme nga Ulqini<\/title>\n<meta name=\"description\" content=\"Genta e fokusuar n\u00eb albumin e ri Pas nj\u00eb pushimi relaksues n\u00eb Ulqin, Genta Ismajli \u00ebsht\u00eb n\u00eb val\u00ebn e pun\u00ebve p\u00ebr albumin e saj t\u00eb ardhsh\u00ebm. K\u00ebng\u00ebtarja ka\" \/>\n<meta name=\"robots\" content=\"index, follow, max-snippet:-1, max-image-preview:large, max-video-preview:-1\" \/>\n<link rel=\"canonical\" href=\"https:\/\/www.visit-ulcinj.com\/blog\/2010\/09\/07\/genta-pas-nje-pushimi-relaksues-ne-ulqin-me-album-te-ri\/\" \/>\n<meta property=\"og:locale\" content=\"en_US\" \/>\n<meta property=\"og:type\" content=\"article\" \/>\n<meta property=\"og:title\" content=\"Genta pas nj\u00eb pushimi relaksues n\u00eb Ulqin me album te ri - Lajme nga Ulqini\" \/>\n<meta property=\"og:description\" content=\"Genta e fokusuar n\u00eb albumin e ri Pas nj\u00eb pushimi relaksues n\u00eb Ulqin, Genta Ismajli \u00ebsht\u00eb n\u00eb val\u00ebn e pun\u00ebve p\u00ebr albumin e saj t\u00eb ardhsh\u00ebm. K\u00ebng\u00ebtarja ka\" \/>\n<meta property=\"og:url\" content=\"https:\/\/www.visit-ulcinj.com\/blog\/2010\/09\/07\/genta-pas-nje-pushimi-relaksues-ne-ulqin-me-album-te-ri\/\" \/>\n<meta property=\"og:site_name\" content=\"Lajme nga Ulqini\" \/>\n<meta property=\"article:published_time\" content=\"2010-09-07T15:58:19+00:00\" \/>\n<meta property=\"article:modified_time\" content=\"2010-09-07T18:13:55+00:00\" \/>\n<meta property=\"og:image\" content=\"https:\/\/www.visit-ulcinj.com\/blog\/wp-content\/uploads\/2010\/09\/Genta-Ismajli-ne-Ulqin-150x150.jpg\" \/>\n<meta name=\"twitter:label1\" content=\"Written by\" \/>\n\t<meta name=\"twitter:data1\" content=\"ulqini\" \/>\n\t<meta name=\"twitter:label2\" content=\"Est. reading time\" \/>\n\t<meta name=\"twitter:data2\" content=\"1 minute\" \/>\n<script type=\"application\/ld+json\" class=\"yoast-schema-graph\">{\"@context\":\"https:\/\/schema.org\",\"@graph\":[{\"@type\":\"WebSite\",\"@id\":\"https:\/\/www.visit-ulcinj.com\/blog\/#website\",\"url\":\"https:\/\/www.visit-ulcinj.com\/blog\/\",\"name\":\"Lajme nga Ulqini\",\"description\":\"Lajme,Vijesti,Ulqini,Ulqin,Crna Gora,Mali i Zi\",\"potentialAction\":[{\"@type\":\"SearchAction\",\"target\":{\"@type\":\"EntryPoint\",\"urlTemplate\":\"https:\/\/www.visit-ulcinj.com\/blog\/?s={search_term_string}\"},\"query-input\":\"required name=search_term_string\"}],\"inLanguage\":\"en-US\"},{\"@type\":\"ImageObject\",\"inLanguage\":\"en-US\",\"@id\":\"https:\/\/www.visit-ulcinj.com\/blog\/2010\/09\/07\/genta-pas-nje-pushimi-relaksues-ne-ulqin-me-album-te-ri\/#primaryimage\",\"url\":\"http:\/\/www.visit-ulcinj.com\/blog\/wp-content\/uploads\/2010\/09\/Genta-Ismajli-ne-Ulqin.jpg\",\"contentUrl\":\"http:\/\/www.visit-ulcinj.com\/blog\/wp-content\/uploads\/2010\/09\/Genta-Ismajli-ne-Ulqin.jpg\"},{\"@type\":\"WebPage\",\"@id\":\"https:\/\/www.visit-ulcinj.com\/blog\/2010\/09\/07\/genta-pas-nje-pushimi-relaksues-ne-ulqin-me-album-te-ri\/#webpage\",\"url\":\"https:\/\/www.visit-ulcinj.com\/blog\/2010\/09\/07\/genta-pas-nje-pushimi-relaksues-ne-ulqin-me-album-te-ri\/\",\"name\":\"Genta pas nj\u00eb pushimi relaksues n\u00eb Ulqin me album te ri - Lajme nga Ulqini\",\"isPartOf\":{\"@id\":\"https:\/\/www.visit-ulcinj.com\/blog\/#website\"},\"primaryImageOfPage\":{\"@id\":\"https:\/\/www.visit-ulcinj.com\/blog\/2010\/09\/07\/genta-pas-nje-pushimi-relaksues-ne-ulqin-me-album-te-ri\/#primaryimage\"},\"datePublished\":\"2010-09-07T15:58:19+00:00\",\"dateModified\":\"2010-09-07T18:13:55+00:00\",\"author\":{\"@id\":\"https:\/\/www.visit-ulcinj.com\/blog\/#\/schema\/person\/dcab619c614d3038751c63bc2aadc06d\"},\"description\":\"Genta e fokusuar n\u00eb albumin e ri Pas nj\u00eb pushimi relaksues n\u00eb Ulqin, Genta Ismajli \u00ebsht\u00eb n\u00eb val\u00ebn e pun\u00ebve p\u00ebr albumin e saj t\u00eb ardhsh\u00ebm. K\u00ebng\u00ebtarja ka\",\"breadcrumb\":{\"@id\":\"https:\/\/www.visit-ulcinj.com\/blog\/2010\/09\/07\/genta-pas-nje-pushimi-relaksues-ne-ulqin-me-album-te-ri\/#breadcrumb\"},\"inLanguage\":\"en-US\",\"potentialAction\":[{\"@type\":\"ReadAction\",\"target\":[\"https:\/\/www.visit-ulcinj.com\/blog\/2010\/09\/07\/genta-pas-nje-pushimi-relaksues-ne-ulqin-me-album-te-ri\/\"]}]},{\"@type\":\"BreadcrumbList\",\"@id\":\"https:\/\/www.visit-ulcinj.com\/blog\/2010\/09\/07\/genta-pas-nje-pushimi-relaksues-ne-ulqin-me-album-te-ri\/#breadcrumb\",\"itemListElement\":[{\"@type\":\"ListItem\",\"position\":1,\"name\":\"Genta pas nj\u00eb pushimi relaksues n\u00eb Ulqin me album te ri\"}]},{\"@type\":\"Person\",\"@id\":\"https:\/\/www.visit-ulcinj.com\/blog\/#\/schema\/person\/dcab619c614d3038751c63bc2aadc06d\",\"name\":\"ulqini\",\"sameAs\":[\"http:\/\/www.visit-ulcinj.com\"],\"url\":\"https:\/\/www.visit-ulcinj.com\/blog\/author\/admin\/\"}]}<\/script>\n<!-- \/ Yoast SEO plugin. -->","yoast_head_json":{"title":"Genta pas nj\u00eb pushimi relaksues n\u00eb Ulqin me album te ri - Lajme nga Ulqini","description":"Genta e fokusuar n\u00eb albumin e ri Pas nj\u00eb pushimi relaksues n\u00eb Ulqin, Genta Ismajli \u00ebsht\u00eb n\u00eb val\u00ebn e pun\u00ebve p\u00ebr albumin e saj t\u00eb ardhsh\u00ebm. K\u00ebng\u00ebtarja ka","robots":{"index":"index","follow":"follow","max-snippet":"max-snippet:-1","max-image-preview":"max-image-preview:large","max-video-preview":"max-video-preview:-1"},"canonical":"https:\/\/www.visit-ulcinj.com\/blog\/2010\/09\/07\/genta-pas-nje-pushimi-relaksues-ne-ulqin-me-album-te-ri\/","og_locale":"en_US","og_type":"article","og_title":"Genta pas nj\u00eb pushimi relaksues n\u00eb Ulqin me album te ri - Lajme nga Ulqini","og_description":"Genta e fokusuar n\u00eb albumin e ri Pas nj\u00eb pushimi relaksues n\u00eb Ulqin, Genta Ismajli \u00ebsht\u00eb n\u00eb val\u00ebn e pun\u00ebve p\u00ebr albumin e saj t\u00eb ardhsh\u00ebm. K\u00ebng\u00ebtarja ka","og_url":"https:\/\/www.visit-ulcinj.com\/blog\/2010\/09\/07\/genta-pas-nje-pushimi-relaksues-ne-ulqin-me-album-te-ri\/","og_site_name":"Lajme nga Ulqini","article_published_time":"2010-09-07T15:58:19+00:00","article_modified_time":"2010-09-07T18:13:55+00:00","og_image":[{"url":"https:\/\/www.visit-ulcinj.com\/blog\/wp-content\/uploads\/2010\/09\/Genta-Ismajli-ne-Ulqin-150x150.jpg"}],"twitter_misc":{"Written by":"ulqini","Est. reading time":"1 minute"},"schema":{"@context":"https:\/\/schema.org","@graph":[{"@type":"WebSite","@id":"https:\/\/www.visit-ulcinj.com\/blog\/#website","url":"https:\/\/www.visit-ulcinj.com\/blog\/","name":"Lajme nga Ulqini","description":"Lajme,Vijesti,Ulqini,Ulqin,Crna Gora,Mali i Zi","potentialAction":[{"@type":"SearchAction","target":{"@type":"EntryPoint","urlTemplate":"https:\/\/www.visit-ulcinj.com\/blog\/?s={search_term_string}"},"query-input":"required name=search_term_string"}],"inLanguage":"en-US"},{"@type":"ImageObject","inLanguage":"en-US","@id":"https:\/\/www.visit-ulcinj.com\/blog\/2010\/09\/07\/genta-pas-nje-pushimi-relaksues-ne-ulqin-me-album-te-ri\/#primaryimage","url":"http:\/\/www.visit-ulcinj.com\/blog\/wp-content\/uploads\/2010\/09\/Genta-Ismajli-ne-Ulqin.jpg","contentUrl":"http:\/\/www.visit-ulcinj.com\/blog\/wp-content\/uploads\/2010\/09\/Genta-Ismajli-ne-Ulqin.jpg"},{"@type":"WebPage","@id":"https:\/\/www.visit-ulcinj.com\/blog\/2010\/09\/07\/genta-pas-nje-pushimi-relaksues-ne-ulqin-me-album-te-ri\/#webpage","url":"https:\/\/www.visit-ulcinj.com\/blog\/2010\/09\/07\/genta-pas-nje-pushimi-relaksues-ne-ulqin-me-album-te-ri\/","name":"Genta pas nj\u00eb pushimi relaksues n\u00eb Ulqin me album te ri - Lajme nga Ulqini","isPartOf":{"@id":"https:\/\/www.visit-ulcinj.com\/blog\/#website"},"primaryImageOfPage":{"@id":"https:\/\/www.visit-ulcinj.com\/blog\/2010\/09\/07\/genta-pas-nje-pushimi-relaksues-ne-ulqin-me-album-te-ri\/#primaryimage"},"datePublished":"2010-09-07T15:58:19+00:00","dateModified":"2010-09-07T18:13:55+00:00","author":{"@id":"https:\/\/www.visit-ulcinj.com\/blog\/#\/schema\/person\/dcab619c614d3038751c63bc2aadc06d"},"description":"Genta e fokusuar n\u00eb albumin e ri Pas nj\u00eb pushimi relaksues n\u00eb Ulqin, Genta Ismajli \u00ebsht\u00eb n\u00eb val\u00ebn e pun\u00ebve p\u00ebr albumin e saj t\u00eb ardhsh\u00ebm. K\u00ebng\u00ebtarja ka","breadcrumb":{"@id":"https:\/\/www.visit-ulcinj.com\/blog\/2010\/09\/07\/genta-pas-nje-pushimi-relaksues-ne-ulqin-me-album-te-ri\/#breadcrumb"},"inLanguage":"en-US","potentialAction":[{"@type":"ReadAction","target":["https:\/\/www.visit-ulcinj.com\/blog\/2010\/09\/07\/genta-pas-nje-pushimi-relaksues-ne-ulqin-me-album-te-ri\/"]}]},{"@type":"BreadcrumbList","@id":"https:\/\/www.visit-ulcinj.com\/blog\/2010\/09\/07\/genta-pas-nje-pushimi-relaksues-ne-ulqin-me-album-te-ri\/#breadcrumb","itemListElement":[{"@type":"ListItem","position":1,"name":"Genta pas nj\u00eb pushimi relaksues n\u00eb Ulqin me album te ri"}]},{"@type":"Person","@id":"https:\/\/www.visit-ulcinj.com\/blog\/#\/schema\/person\/dcab619c614d3038751c63bc2aadc06d","name":"ulqini","sameAs":["http:\/\/www.visit-ulcinj.com"],"url":"https:\/\/www.visit-ulcinj.com\/blog\/author\/admin\/"}]}},"jetpack_featured_media_url":"","jetpack_sharing_enabled":true,"jetpack_shortlink":"https:\/\/wp.me\/pe6lTn-9AI","_links":{"self":[{"href":"https:\/\/www.visit-ulcinj.com\/blog\/wp-json\/wp\/v2\/posts\/36872"}],"collection":[{"href":"https:\/\/www.visit-ulcinj.com\/blog\/wp-json\/wp\/v2\/posts"}],"about":[{"href":"https:\/\/www.visit-ulcinj.com\/blog\/wp-json\/wp\/v2\/types\/post"}],"author":[{"embeddable":true,"href":"https:\/\/www.visit-ulcinj.com\/blog\/wp-json\/wp\/v2\/users\/1"}],"replies":[{"embeddable":true,"href":"https:\/\/www.visit-ulcinj.com\/blog\/wp-json\/wp\/v2\/comments?post=36872"}],"version-history":[{"count":0,"href":"https:\/\/www.visit-ulcinj.com\/blog\/wp-json\/wp\/v2\/posts\/36872\/revisions"}],"wp:attachment":[{"href":"https:\/\/www.visit-ulcinj.com\/blog\/wp-json\/wp\/v2\/media?parent=36872"}],"wp:term":[{"taxonomy":"category","embeddable":true,"href":"https:\/\/www.visit-ulcinj.com\/blog\/wp-json\/wp\/v2\/categories?post=36872"},{"taxonomy":"post_tag","embeddable":true,"href":"https:\/\/www.visit-ulcinj.com\/blog\/wp-json\/wp\/v2\/tags?post=36872"}],"curies":[{"name":"wp","href":"https:\/\/api.w.org\/{rel}","templated":true}]}}