{"id":36877,"date":"2010-09-07T19:35:53","date_gmt":"2010-09-07T17:35:53","guid":{"rendered":"http:\/\/www.visit-ulcinj.com\/blog\/?p=36877"},"modified":"2010-09-07T19:35:53","modified_gmt":"2010-09-07T17:35:53","slug":"turisticko-kulturna-ponuda-ulcinja","status":"publish","type":"post","link":"https:\/\/www.visit-ulcinj.com\/blog\/2010\/09\/07\/turisticko-kulturna-ponuda-ulcinja\/","title":{"rendered":"Turisti\u010dko-kulturna ponuda Ulcinja"},"content":{"rendered":"<p><strong><a href=\"http:\/\/www.visit-ulcinj.com\/blog\/wp-content\/uploads\/2010\/09\/Turisticko-kulturna-ponuda-Ulcinja.jpg\"><img loading=\"lazy\" class=\"alignleft size-full wp-image-36878\" title=\"Turisticko-kulturna ponuda Ulcinja\" src=\"http:\/\/www.visit-ulcinj.com\/blog\/wp-content\/uploads\/2010\/09\/Turisticko-kulturna-ponuda-Ulcinja.jpg\" alt=\"\" width=\"490\" height=\"390\" \/><\/a>STAV<br \/>\nPi\u0161e: dr Maksut D\u017e. Had\u017eibrahimovi\u0107<\/strong><br \/>\nTuristi\u010dko\u2013kulturna ponuda, ne obuhvata samo ponudu namjenjenu turistima, ve\u0107 i doma\u0107em stanovni\u0161tvu koje, mo\u017eda \u010dak i prije ostalih, treba da se upozna sa svojim kulturnim potencijalima kako bi ih bolje razumjelo i vi\u0161e po\u0161tovalo. Tako, s jedne strane, dobijamo novi okvir za dinami\u010dan kulturni \u017eivot lokalnog stanovni\u0161tva Ulcinja i okoline a, sa druge, atraktivnu turisti\u010dko\u2013kulturnu ponudu grada i sela, koja mo\u017ee da privu\u010de turiste da bolje upoznaju njihove osobene kulturne potencijale.<br \/>\nDa bi lokalno stanovni\u0161tvo Ulcinja i okoline bilo uklju\u010deno u demokratski proces dono\u0161enja klju\u010dnih odluka u oblasti kulturnog turizma grada, neophodni su participativni mehanizmi, koji omogu\u0107avaju lokalnoj javnosti da aktivno u\u010destvuje u oblikovanju razvojnih strategija. Po\u0161to kulturni turizam nije namijenjen samo turistima, ve\u0107 i doma\u0107em stanovni\u0161tvu Ulcinja i okoline, ono treba da doprinosi boljem aktiviranju turisti\u010dko\u2013kulturnih potencijala. Zato, pored politi\u010dara koji u lokalnim organima uprave predstavljaju na izborima izra\u017eenu volju gra\u0111ana, u procesu planiranja razvoja kulturnog turizma (kao, uostalom, i drugih razvojnih strategija) i stanovni\u0161tvo treba da ima klju\u010dnu ulogu.<br \/>\nTek kada je ono uklju\u010deno u definisanje strate\u0161kih ciljeva i prioriteta razvoja grada, i politi\u010dari mogu biti sigurni da zastupaju stvarni interes gra\u0111ana. Pritom nije toliko va\u017ena vrsta mehanizma, ve\u0107 pitanje da li su oni institucionalizovani, eksplicitni, javni i trajni ili su uspostavljeni ad hoc, izme\u0111u nekoliko nosilaca funkcija vlasti i zainteresovanih strana, koji o svom usmenom dogovaranju nisu upoznali javnost. Uklju\u010divanje javnosti op\u0161tine Ulcinj u dono\u0161enje va\u017enih odluka o razvojnim strategijama grada, pa tako i kulturnog turizma kao sastavnog djela svake strategije odr\u017eivog razvoja zahtjeva i uklju\u010divanje stru\u010dne javnosti \u2013 one koja je za takve razvojne strategije zainteresovana profesionalno, a ne samo li\u010dno. Tu javnost \u010dine stru\u010dnjaci u oblasti kulturnog nasle\u0111a i savremene kulturne i umjetni\u010dke produkcije, vlasnici kulturnih dobara, menad\u017eeri ustanova kulture i umjetnosti i, naravno, turisti\u010dki radnici.<br \/>\nKad svi oni budu podijelili odgovornost za dono\u0161enje razvojnih strategija, i pozitivni efekti razvoja bi\u0107e ravnopravno raspore\u0111eni na sve aktere razvojnog procesa.<br \/>\nOsnov svakog razvoja treba da budu jasno artikulisane politika i strategija odr\u017eivog razvoja, koje odgovaraju na pitanja \u0161ta dr\u017eava \u017eeli da ostvari u oblasti kulturnog turizma i kako \u0107e to da u\u010dini. Pritom se pod odr\u017eivim razvojem kulturnog turizma podrazumjeva dugoro\u010dno plansko i osmi\u0161ljeno upravljanje, koje \u0107e obezbijediti da kulturni potencijali budu o\u010duvani i prenijeti narednim generacijama na dalje upravljanje. Dakle, organi uprave treba da defini\u0161u dugoro\u010dne ciljeve i kratkoro\u010dne prioritete razvoja na osnovu kojih kulturni i turisti\u010dki menad\u017ement planira razvoj kulturnog turizma.<br \/>\nDrugi problem proizlazi iz \u010dinjenice da su intersektorsko povezivanje i me\u0111uministarska saradnja na nivou dr\u017eavne uprave tek u razvoju, zbog \u010dega svi sektori rade za sebe, te\u0161ko se sporazumjevaju i nemaju stalne i dobro koordinirane odnose. To je logi\u010dna posljedica dosada\u0161njeg sektorski podvojenog razvoja. Ako se razvoj razumije kao zbir razvoja pojedina\u010dnih oblasti \u2013 urbanizma, arhitekture, saobra\u0107aja, trgovine, turizma, kulture, obrazovanja, onda , sasvim logi\u010dno, dobijamo sektorski autizam.<br \/>\nDanas se, me\u0111utim, isti\u010de da su ove oblasti neraskidivo povezani \u010dinioci ukupnog razvoja, utkani u jedinstven multidimenzionalni sistem. Zato je osnovno rje\u0161enje ovog problema uspostavljanje me\u0111usektorske saradnje i to na svim nivoima: i na nivou dr\u017eavne administracije, i na nivou lokalne administracije Op\u0161tine Ulcinj. Tek ovakvom saradnjom stvori\u0107e se i osnovni preduslovi za koordinaciju urbanisti\u010dke, kulturne, obrazovne, turisti\u010dke, saobra\u0107ajne i svih drugih javnih politika. I \u010dlan 10 Esenske deklaracije ka\u017ee da se povezivanjem razli\u010ditih razvojnih dimenzija i novim vidovima saradnje i partnerstva mogu stvoriti sinergeti\u010dni efekti u mnogim oblastima urbanog i regionalnog razvoja.<br \/>\nJedan od uslova za razvoj regionalnih i lokalnih zajednica jeste razumijevanje potrebe za desektorizacijom, prihvatanje ideje da ne postoje posebni sektori kojima treba upravljati ve\u0107 da je \u017eivot u gradu Ulcinju cjelovit \u2013 jedan i nedjeljiv. Za razvoj grada Ulcinja i okoline podjednako su zna\u010dajni \u017eivotna sredina i gradsko zelenilo, i ogranizacija gradskog saobra\u0107aja, \u010disto\u0107a i urednost grada, javna bezbjednost, dobro organizovana poljoprivreda, ali i kulturni \u017eivot i umjetni\u010dko stvarala\u0161tvo.<br \/>\nTuristi\u010dka privreda treba da finansira animaciju i revitalizaciju spomenika kulture, anga\u017euju\u0107i veliki broj eksperata i umjetnika, koji treba da o\u017eive spomenike kulture, daju im novu upotrebnu vrijednost, u njima izvode umjetni\u010dke projekte za publiku, o njima pi\u0161u vodi\u010de, snimaju promotivne filmove i informativne emisije. I nove informativne i komunikacijske tehnologije, tako\u0111e, nude lokalnim zajednicama mogu\u0107nost da postanu integralni dio tog svijeta. A sve to zajedno uti\u010de da mladi, obrazovani stru\u010dnjaci s razvijenim kulturnim potrebama ostanu unutar Ulcinja i da, neposredno doprinose\u0107i njegovom daljem razvoju, budu zadovoljni kvalitetom svog \u017eivota.<\/p>\n<p><strong>Autor je predava\u010d na Univerzitetu Crne Gore<br \/>\n<!--YouTube Error: bad URL entered--><\/strong><\/p>\n","protected":false},"excerpt":{"rendered":"<p>STAV Pi\u0161e: dr Maksut D\u017e. Had\u017eibrahimovi\u0107 Turisti\u010dko\u2013kulturna ponuda, ne obuhvata samo ponudu namjenjenu turistima, ve\u0107 i doma\u0107em stanovni\u0161tvu koje, mo\u017eda \u010dak i prije ostalih, treba da se upozna sa svojim kulturnim potencijalima kako bi ih bolje razumjelo i vi\u0161e po\u0161tovalo. Tako, s jedne strane, dobijamo novi okvir za dinami\u010dan kulturni \u017eivot lokalnog stanovni\u0161tva Ulcinja i [&hellip;]<\/p>\n","protected":false},"author":1,"featured_media":0,"comment_status":"open","ping_status":"closed","sticky":false,"template":"","format":"standard","meta":{"spay_email":"","jetpack_publicize_message":"","jetpack_is_tweetstorm":false,"jetpack_publicize_feature_enabled":true},"categories":[8337],"tags":[15297,15298,14616],"jetpack_publicize_connections":[],"yoast_head":"<!-- This site is optimized with the Yoast SEO plugin v19.1 - https:\/\/yoast.com\/wordpress\/plugins\/seo\/ -->\n<title>Turisti\u010dko-kulturna ponuda Ulcinja - Lajme nga Ulqini<\/title>\n<meta name=\"description\" content=\"STAV Pi\u0161e: dr Maksut D\u017e. Had\u017eibrahimovi\u0107 Turisti\u010dko\u2013kulturna ponuda, ne obuhvata samo ponudu namjenjenu turistima, ve\u0107 i doma\u0107em stanovni\u0161tvu koje, mo\u017eda\" \/>\n<meta name=\"robots\" content=\"index, follow, max-snippet:-1, max-image-preview:large, max-video-preview:-1\" \/>\n<link rel=\"canonical\" href=\"https:\/\/www.visit-ulcinj.com\/blog\/2010\/09\/07\/turisticko-kulturna-ponuda-ulcinja\/\" \/>\n<meta property=\"og:locale\" content=\"en_US\" \/>\n<meta property=\"og:type\" content=\"article\" \/>\n<meta property=\"og:title\" content=\"Turisti\u010dko-kulturna ponuda Ulcinja - Lajme nga Ulqini\" \/>\n<meta property=\"og:description\" content=\"STAV Pi\u0161e: dr Maksut D\u017e. Had\u017eibrahimovi\u0107 Turisti\u010dko\u2013kulturna ponuda, ne obuhvata samo ponudu namjenjenu turistima, ve\u0107 i doma\u0107em stanovni\u0161tvu koje, mo\u017eda\" \/>\n<meta property=\"og:url\" content=\"https:\/\/www.visit-ulcinj.com\/blog\/2010\/09\/07\/turisticko-kulturna-ponuda-ulcinja\/\" \/>\n<meta property=\"og:site_name\" content=\"Lajme nga Ulqini\" \/>\n<meta property=\"article:published_time\" content=\"2010-09-07T17:35:53+00:00\" \/>\n<meta property=\"og:image\" content=\"http:\/\/www.visit-ulcinj.com\/blog\/wp-content\/uploads\/2010\/09\/Turisticko-kulturna-ponuda-Ulcinja.jpg\" \/>\n<meta name=\"twitter:label1\" content=\"Written by\" \/>\n\t<meta name=\"twitter:data1\" content=\"ulqini\" \/>\n\t<meta name=\"twitter:label2\" content=\"Est. reading time\" \/>\n\t<meta name=\"twitter:data2\" content=\"4 minutes\" \/>\n<script type=\"application\/ld+json\" class=\"yoast-schema-graph\">{\"@context\":\"https:\/\/schema.org\",\"@graph\":[{\"@type\":\"WebSite\",\"@id\":\"https:\/\/www.visit-ulcinj.com\/blog\/#website\",\"url\":\"https:\/\/www.visit-ulcinj.com\/blog\/\",\"name\":\"Lajme nga Ulqini\",\"description\":\"Lajme,Vijesti,Ulqini,Ulqin,Crna Gora,Mali i Zi\",\"potentialAction\":[{\"@type\":\"SearchAction\",\"target\":{\"@type\":\"EntryPoint\",\"urlTemplate\":\"https:\/\/www.visit-ulcinj.com\/blog\/?s={search_term_string}\"},\"query-input\":\"required name=search_term_string\"}],\"inLanguage\":\"en-US\"},{\"@type\":\"ImageObject\",\"inLanguage\":\"en-US\",\"@id\":\"https:\/\/www.visit-ulcinj.com\/blog\/2010\/09\/07\/turisticko-kulturna-ponuda-ulcinja\/#primaryimage\",\"url\":\"https:\/\/www.visit-ulcinj.com\/blog\/wp-content\/uploads\/2010\/09\/Turisticko-kulturna-ponuda-Ulcinja.jpg\",\"contentUrl\":\"https:\/\/www.visit-ulcinj.com\/blog\/wp-content\/uploads\/2010\/09\/Turisticko-kulturna-ponuda-Ulcinja.jpg\",\"width\":\"720\",\"height\":\"509\"},{\"@type\":\"WebPage\",\"@id\":\"https:\/\/www.visit-ulcinj.com\/blog\/2010\/09\/07\/turisticko-kulturna-ponuda-ulcinja\/#webpage\",\"url\":\"https:\/\/www.visit-ulcinj.com\/blog\/2010\/09\/07\/turisticko-kulturna-ponuda-ulcinja\/\",\"name\":\"Turisti\u010dko-kulturna ponuda Ulcinja - Lajme nga Ulqini\",\"isPartOf\":{\"@id\":\"https:\/\/www.visit-ulcinj.com\/blog\/#website\"},\"primaryImageOfPage\":{\"@id\":\"https:\/\/www.visit-ulcinj.com\/blog\/2010\/09\/07\/turisticko-kulturna-ponuda-ulcinja\/#primaryimage\"},\"datePublished\":\"2010-09-07T17:35:53+00:00\",\"dateModified\":\"2010-09-07T17:35:53+00:00\",\"author\":{\"@id\":\"https:\/\/www.visit-ulcinj.com\/blog\/#\/schema\/person\/dcab619c614d3038751c63bc2aadc06d\"},\"description\":\"STAV Pi\u0161e: dr Maksut D\u017e. Had\u017eibrahimovi\u0107 Turisti\u010dko\u2013kulturna ponuda, ne obuhvata samo ponudu namjenjenu turistima, ve\u0107 i doma\u0107em stanovni\u0161tvu koje, mo\u017eda\",\"breadcrumb\":{\"@id\":\"https:\/\/www.visit-ulcinj.com\/blog\/2010\/09\/07\/turisticko-kulturna-ponuda-ulcinja\/#breadcrumb\"},\"inLanguage\":\"en-US\",\"potentialAction\":[{\"@type\":\"ReadAction\",\"target\":[\"https:\/\/www.visit-ulcinj.com\/blog\/2010\/09\/07\/turisticko-kulturna-ponuda-ulcinja\/\"]}]},{\"@type\":\"BreadcrumbList\",\"@id\":\"https:\/\/www.visit-ulcinj.com\/blog\/2010\/09\/07\/turisticko-kulturna-ponuda-ulcinja\/#breadcrumb\",\"itemListElement\":[{\"@type\":\"ListItem\",\"position\":1,\"name\":\"Turisti\u010dko-kulturna ponuda Ulcinja\"}]},{\"@type\":\"Person\",\"@id\":\"https:\/\/www.visit-ulcinj.com\/blog\/#\/schema\/person\/dcab619c614d3038751c63bc2aadc06d\",\"name\":\"ulqini\",\"sameAs\":[\"http:\/\/www.visit-ulcinj.com\"],\"url\":\"https:\/\/www.visit-ulcinj.com\/blog\/author\/admin\/\"}]}<\/script>\n<!-- \/ Yoast SEO plugin. -->","yoast_head_json":{"title":"Turisti\u010dko-kulturna ponuda Ulcinja - Lajme nga Ulqini","description":"STAV Pi\u0161e: dr Maksut D\u017e. Had\u017eibrahimovi\u0107 Turisti\u010dko\u2013kulturna ponuda, ne obuhvata samo ponudu namjenjenu turistima, ve\u0107 i doma\u0107em stanovni\u0161tvu koje, mo\u017eda","robots":{"index":"index","follow":"follow","max-snippet":"max-snippet:-1","max-image-preview":"max-image-preview:large","max-video-preview":"max-video-preview:-1"},"canonical":"https:\/\/www.visit-ulcinj.com\/blog\/2010\/09\/07\/turisticko-kulturna-ponuda-ulcinja\/","og_locale":"en_US","og_type":"article","og_title":"Turisti\u010dko-kulturna ponuda Ulcinja - Lajme nga Ulqini","og_description":"STAV Pi\u0161e: dr Maksut D\u017e. Had\u017eibrahimovi\u0107 Turisti\u010dko\u2013kulturna ponuda, ne obuhvata samo ponudu namjenjenu turistima, ve\u0107 i doma\u0107em stanovni\u0161tvu koje, mo\u017eda","og_url":"https:\/\/www.visit-ulcinj.com\/blog\/2010\/09\/07\/turisticko-kulturna-ponuda-ulcinja\/","og_site_name":"Lajme nga Ulqini","article_published_time":"2010-09-07T17:35:53+00:00","og_image":[{"url":"http:\/\/www.visit-ulcinj.com\/blog\/wp-content\/uploads\/2010\/09\/Turisticko-kulturna-ponuda-Ulcinja.jpg"}],"twitter_misc":{"Written by":"ulqini","Est. reading time":"4 minutes"},"schema":{"@context":"https:\/\/schema.org","@graph":[{"@type":"WebSite","@id":"https:\/\/www.visit-ulcinj.com\/blog\/#website","url":"https:\/\/www.visit-ulcinj.com\/blog\/","name":"Lajme nga Ulqini","description":"Lajme,Vijesti,Ulqini,Ulqin,Crna Gora,Mali i Zi","potentialAction":[{"@type":"SearchAction","target":{"@type":"EntryPoint","urlTemplate":"https:\/\/www.visit-ulcinj.com\/blog\/?s={search_term_string}"},"query-input":"required name=search_term_string"}],"inLanguage":"en-US"},{"@type":"ImageObject","inLanguage":"en-US","@id":"https:\/\/www.visit-ulcinj.com\/blog\/2010\/09\/07\/turisticko-kulturna-ponuda-ulcinja\/#primaryimage","url":"https:\/\/www.visit-ulcinj.com\/blog\/wp-content\/uploads\/2010\/09\/Turisticko-kulturna-ponuda-Ulcinja.jpg","contentUrl":"https:\/\/www.visit-ulcinj.com\/blog\/wp-content\/uploads\/2010\/09\/Turisticko-kulturna-ponuda-Ulcinja.jpg","width":"720","height":"509"},{"@type":"WebPage","@id":"https:\/\/www.visit-ulcinj.com\/blog\/2010\/09\/07\/turisticko-kulturna-ponuda-ulcinja\/#webpage","url":"https:\/\/www.visit-ulcinj.com\/blog\/2010\/09\/07\/turisticko-kulturna-ponuda-ulcinja\/","name":"Turisti\u010dko-kulturna ponuda Ulcinja - Lajme nga Ulqini","isPartOf":{"@id":"https:\/\/www.visit-ulcinj.com\/blog\/#website"},"primaryImageOfPage":{"@id":"https:\/\/www.visit-ulcinj.com\/blog\/2010\/09\/07\/turisticko-kulturna-ponuda-ulcinja\/#primaryimage"},"datePublished":"2010-09-07T17:35:53+00:00","dateModified":"2010-09-07T17:35:53+00:00","author":{"@id":"https:\/\/www.visit-ulcinj.com\/blog\/#\/schema\/person\/dcab619c614d3038751c63bc2aadc06d"},"description":"STAV Pi\u0161e: dr Maksut D\u017e. Had\u017eibrahimovi\u0107 Turisti\u010dko\u2013kulturna ponuda, ne obuhvata samo ponudu namjenjenu turistima, ve\u0107 i doma\u0107em stanovni\u0161tvu koje, mo\u017eda","breadcrumb":{"@id":"https:\/\/www.visit-ulcinj.com\/blog\/2010\/09\/07\/turisticko-kulturna-ponuda-ulcinja\/#breadcrumb"},"inLanguage":"en-US","potentialAction":[{"@type":"ReadAction","target":["https:\/\/www.visit-ulcinj.com\/blog\/2010\/09\/07\/turisticko-kulturna-ponuda-ulcinja\/"]}]},{"@type":"BreadcrumbList","@id":"https:\/\/www.visit-ulcinj.com\/blog\/2010\/09\/07\/turisticko-kulturna-ponuda-ulcinja\/#breadcrumb","itemListElement":[{"@type":"ListItem","position":1,"name":"Turisti\u010dko-kulturna ponuda Ulcinja"}]},{"@type":"Person","@id":"https:\/\/www.visit-ulcinj.com\/blog\/#\/schema\/person\/dcab619c614d3038751c63bc2aadc06d","name":"ulqini","sameAs":["http:\/\/www.visit-ulcinj.com"],"url":"https:\/\/www.visit-ulcinj.com\/blog\/author\/admin\/"}]}},"jetpack_featured_media_url":"","jetpack_sharing_enabled":true,"jetpack_shortlink":"https:\/\/wp.me\/pe6lTn-9AN","_links":{"self":[{"href":"https:\/\/www.visit-ulcinj.com\/blog\/wp-json\/wp\/v2\/posts\/36877"}],"collection":[{"href":"https:\/\/www.visit-ulcinj.com\/blog\/wp-json\/wp\/v2\/posts"}],"about":[{"href":"https:\/\/www.visit-ulcinj.com\/blog\/wp-json\/wp\/v2\/types\/post"}],"author":[{"embeddable":true,"href":"https:\/\/www.visit-ulcinj.com\/blog\/wp-json\/wp\/v2\/users\/1"}],"replies":[{"embeddable":true,"href":"https:\/\/www.visit-ulcinj.com\/blog\/wp-json\/wp\/v2\/comments?post=36877"}],"version-history":[{"count":0,"href":"https:\/\/www.visit-ulcinj.com\/blog\/wp-json\/wp\/v2\/posts\/36877\/revisions"}],"wp:attachment":[{"href":"https:\/\/www.visit-ulcinj.com\/blog\/wp-json\/wp\/v2\/media?parent=36877"}],"wp:term":[{"taxonomy":"category","embeddable":true,"href":"https:\/\/www.visit-ulcinj.com\/blog\/wp-json\/wp\/v2\/categories?post=36877"},{"taxonomy":"post_tag","embeddable":true,"href":"https:\/\/www.visit-ulcinj.com\/blog\/wp-json\/wp\/v2\/tags?post=36877"}],"curies":[{"name":"wp","href":"https:\/\/api.w.org\/{rel}","templated":true}]}}