{"id":36905,"date":"2010-09-07T21:57:44","date_gmt":"2010-09-07T19:57:44","guid":{"rendered":"http:\/\/www.visit-ulcinj.com\/blog\/?p=36905"},"modified":"2010-09-07T21:57:44","modified_gmt":"2010-09-07T19:57:44","slug":"elvana-gjata-babi-bodyguard-i-im-ne-koncerte","status":"publish","type":"post","link":"https:\/\/www.visit-ulcinj.com\/blog\/2010\/09\/07\/elvana-gjata-babi-bodyguard-i-im-ne-koncerte\/","title":{"rendered":"Elvana Gjata: Babi, bodyguard-i im ne koncerte"},"content":{"rendered":"<p><a href=\"http:\/\/www.visit-ulcinj.com\/blog\/wp-content\/uploads\/2010\/09\/Elvana-Gjata.jpg\"><img loading=\"lazy\" class=\"alignleft size-full wp-image-36906\" title=\"Elvana Gjata\" src=\"http:\/\/www.visit-ulcinj.com\/blog\/wp-content\/uploads\/2010\/09\/Elvana-Gjata.jpg\" alt=\"\" width=\"330\" height=\"520\" \/><\/a>Do t\u00eb ishte v\u00ebrtet m\u00ebkat n\u00ebse ajo do t\u00eb kishte braktisur muzik\u00ebn. At\u00ebher\u00eb kur juria e \u201cEtheve t\u00eb s\u00eb premtes mbr\u00ebma\u201d, vazj\u00ebn e vog\u00ebl por me nj\u00eb interpretim interesant do ta d\u00ebrgonte n\u00eb sht\u00ebpi. Nj\u00eb telefonat\u00eb e kantautorit Flori Mumajesi do t\u00eb ndryshonte t\u00eb ardhmen e saj dhe do ta motivonte t\u00eb vazhdonte \u00ebndrr\u00ebn.<br \/>\nTashm\u00eb \u00ebndrra p\u00ebr t\u00eb k\u00ebnduar \u00ebsht\u00eb nj\u00eb realitet i pakthyesh\u00ebm. Dhe Elvana Gjata \u00ebsht\u00eb sot nj\u00eb nga k\u00ebng\u00ebtaret m\u00eb t\u00eb mira n\u00eb tregon shqiptar. N\u00eb k\u00ebt\u00eb intervist\u00eb me t\u00eb sot do t\u00eb zbulojm\u00eb shum\u00eb gj\u00ebra interesante p\u00ebr ver\u00ebn dhe sukseset e saj. I fundit ishte padyshim koncerti \u201clive\u201d q\u00eb dha t\u00eb shtun\u00ebn q\u00eb lam\u00eb pas n\u00eb Tiran\u00eb.<\/p>\n<p><strong>Nga Ilda Lumani<\/strong><br \/>\n<strong>Elvana, si ka qen\u00eb kjo ver\u00eb p\u00ebr ju?<\/strong><br \/>\nKa qen\u00eb nj\u00eb ver\u00eb relativisht e lodhshme po e mbushur me shum\u00eb emocione brenda. Kjo sepse kam kaluar mbr\u00ebmje dhe koncerte t\u00eb paharrueshme k\u00ebt\u00eb vit edhe kam kaluar dhe pushime shum\u00eb t\u00eb mira. Pra kjo ver\u00eb ka pasur shum\u00eb ngjyra brenda.<br \/>\n<strong>N\u00eb fakt disa nga fotot e pushimeve i kemi par\u00eb edhe n\u00eb Bluetooth, apo jo?<\/strong><br \/>\nPo \u00ebsht\u00eb e v\u00ebrtet\u00eb. Ajo ka nj\u00eb gjysm\u00eb dite pushimi, pas nj\u00eb koncerti n\u00eb Himar\u00eb dhe kalova shum\u00eb mir\u00eb si me fansin q\u00eb kishte dal\u00eb n\u00eb fotografi edhe me familjen time, sepse un\u00eb kam qen\u00eb me mamin dhe me babin at\u00eb dite dhe jam k\u00ebnaqur v\u00ebrtet shum\u00eb.<br \/>\n<strong>Gjithmon\u00eb n\u00ebp\u00ebr koncerte dhe pushime, Elvana shkon me prind\u00ebrit?<\/strong><br \/>\nKa rastisur q\u00eb n\u00eb fotografit\u00eb e \u201cBluetooth\u201d-it gjithmon\u00eb kam qen\u00eb me ta e n\u00eb t\u00eb v\u00ebrtet\u00eb gjithmon\u00eb n\u00ebp\u00ebr koncerte m\u00eb shoq\u00ebron familja, kryesisht babi, po koh\u00ebt e fundit ka qejf t\u00eb vij dhe mami k\u00ebshtu q\u00eb vjen dhe ajo. Nd\u00ebrsa sa i p\u00ebrket pushimeve absolutisht mendoj q\u00eb pushimet e para n\u00eb ver\u00eb t\u2019i realizoj me to, kjo sepse kam kaluar gjithmon\u00eb shum\u00eb mir\u00eb dhe mendoj q\u00eb t\u2019i nis me ta pushimet dhe pse jo t\u2019i mbaroj me to.<br \/>\n<strong>Po vazhdimi?<\/strong><br \/>\nVazhdimi pastaj (qesh), me shoq\u00ebrin\u00eb.<br \/>\n<strong>Vet\u00ebm me shoq\u00ebrin\u00eb?<\/strong><br \/>\nPo, po, vet\u00ebm me shoq\u00ebrin\u00eb. Elvana k\u00ebt\u00eb vit i \u00ebsht\u00eb p\u00ebrkushtuar shoq\u00ebris\u00eb n\u00eb maksimum. Kam kaluar disa pushime t\u00eb mrekullueshme ne Itali, me shoqen time t\u00eb ngusht\u00eb dhe me tre shoqe t\u00eb tjera, mikesha t\u00eb miat, pes\u00eb vajza n\u00eb Itali.<br \/>\nI keni \u00e7mendur \u00e7unat italian\u00eb apo jo?<br \/>\n<strong>Po, po, po, padiskutim fare (qesh).<\/strong><br \/>\nNd\u00ebrkoh\u00eb p\u00ebrsa i p\u00ebrket koncerteve, keni l\u00ebvizur n\u00eb shum\u00eb qytete t\u00eb Shqip\u00ebris\u00eb, cili ka qen\u00eb koncerti m\u00eb mbresl\u00ebn\u00ebs?<br \/>\nP\u00ebrve\u00e7se kam b\u00ebr\u00eb koncerte n\u00eb Kosov\u00eb, Mal t\u00eb Zi dhe Maqedoni k\u00ebt\u00eb vit kam realizuar dhe koncerte n\u00eb Shqip\u00ebri edhe n\u00eb vende q\u00eb nuk kam qen\u00eb m\u00eb p\u00ebrpara. Kam b\u00ebr\u00eb kat\u00ebr koncerte, kam qen\u00eb shum\u00eb selektive n\u00eb fakt sepse koncertet kan\u00eb qen\u00eb shum\u00eb m\u00eb t\u00eb shumta n\u00eb num\u00ebr, por kam zgjedhur, kam ditur ku t\u00eb shkoj. Kam qen\u00eb n\u00eb Velipoj\u00eb, n\u00eb Himar\u00eb, n\u00eb Divjak\u00eb, edhe n\u00eb Tiran\u00eb s\u00eb fundmi. Realisht ky vit ka qen\u00eb viti m\u00eb i bukur i koncerteve, mbase edhe puna ka qen\u00eb m\u00eb e madhe, si\u00e7 duket gjith\u00e7ka \u00ebsht\u00eb n\u00eb rritje e sip\u00ebr dhe kam kaluar me t\u00eb v\u00ebrtet\u00eb shum\u00eb shum\u00eb bukur. Nuk mund t\u00eb ndaj as koncertin e Himar\u00ebs, Sarand\u00ebs, Velipoj\u00ebs, t\u00eb Tiran\u00ebs e ve\u00e7oj pak sepse n\u00eb Tiran\u00eb ishte hera e par\u00eb pas pes\u00eb vitesh q\u00eb k\u00ebndoja. Kam b\u00ebr\u00eb nj\u00eb koncert p\u00ebr her\u00eb t\u00eb par\u00eb q\u00eb kam promovuar albumin, kam qen\u00eb shum\u00eb e vog\u00ebl, nuk m\u00eb njihte askush. Tani gj\u00ebrat kishin ndryshuar shum\u00eb dhe me t\u00eb v\u00ebrtet\u00eb q\u00eb u emocionova shum\u00eb, sepse kam pasur oferta n\u00eb Tiran\u00eb t\u00eb k\u00ebndoj, nd\u00ebrkoh\u00eb kam b\u00ebr\u00eb koncerte t\u00eb shumta jasht\u00eb Shqip\u00ebris\u00eb, por Tiran\u00ebn e kisha l\u00ebn\u00eb p\u00ebr nj\u00eb moment shum\u00eb special. Mendoj q\u00eb ishte momenti i duhur, koha e duhur, dhe gjith\u00e7ka shkoi shum\u00eb shum\u00eb mir\u00eb. Jam shum\u00eb e lumtur q\u00eb pata p\u00ebrkrahjen e publikut tiranas, sepse k\u00ebt\u00eb gj\u00eb nuk e kisha provuar dhe me t\u00eb v\u00ebrtet\u00eb q\u00eb jam ndjer\u00eb shum\u00eb e vler\u00ebsuar. I falenderoj t\u00eb gjith\u00eb ata q\u00eb kan\u00eb qen\u00eb t\u00eb pranish\u00ebm at\u00eb nat\u00eb pasi m\u00eb kan\u00eb b\u00ebr\u00eb t\u00eb ndihem v\u00ebrtet shum\u00eb mir\u00eb.<br \/>\nNd\u00ebrkoh\u00eb p\u00ebrmend\u00ebt q\u00eb fillimet tuaja kan\u00eb qen\u00eb 5 vjet m\u00eb par\u00eb. E kishit parashikuar k\u00ebt\u00eb sukses, k\u00ebt\u00eb fam\u00eb?<br \/>\nJo, absolutisht. \u00c7do gj\u00eb b\u00ebhet me nj\u00eb pasion t\u00eb madh, me nj\u00eb q\u00ebllim t\u00eb caktuar, por ama asnj\u00ebher\u00eb nuk i dihet fundi dhe rezultati. Mendoj q\u00eb kam arritur shum\u00eb me pun\u00ebn q\u00eb kam b\u00ebr\u00eb, jo vet\u00ebm sigurisht, bashk\u00eb me Florin, me muzik\u00ebn q\u00eb kemi b\u00ebr\u00eb, mendoj q\u00eb jam duke l\u00ebn\u00eb hapat e para n\u00eb karrier\u00ebn time q\u00eb mendoj se do t\u00eb jet\u00eb shum\u00eb e gjat\u00eb.<br \/>\n<strong>Kthehemi tek dy sukseset e fundit q\u00eb jan\u00eb dy k\u00ebng\u00eb mjaft interesante t\u00eb kthyera dhe n\u00eb hite. Cil\u00ebn do t\u00eb ve\u00e7oje prej tyre dhe na thuaj di\u00e7ka rreth m\u00ebnyr\u00ebs se si ato jan\u00eb pritur tek publiku?<\/strong><br \/>\n\u201cA ke ti zem\u00ebr\u201d dhe \u201cMamani nejen\u201d jan\u00eb dy k\u00ebng\u00eb mendoj aq sa t\u00eb nj\u00ebjta edhe t\u00eb ndryshme. \u201cA ke ti zem\u00ebr\u201d doli n\u00eb fund t\u00eb korrikut, doli pak von\u00eb p\u00ebr ver\u00ebn, por ama e kapi ver\u00ebn n\u00eb koh\u00eb rekord, m\u00eb mir\u00eb se aq nuk b\u00ebhet. Ka pasur sukses shum\u00eb t\u00eb madh sidomos n\u00eb Kosov\u00eb, edhe n\u00eb Shqip\u00ebri gjithashtu \u00ebsht\u00eb p\u00eblqyer shum\u00eb. M\u00eb pas erdhi \u201cMamani nejen\u201d, m\u00eb duhet t\u00eb b\u00ebj nj\u00eb p\u00ebrkthim t\u00eb vog\u00ebl k\u00ebtu se m\u00eb kan\u00eb pyetur shum\u00eb fansa n\u00eb dialektin ton\u00eb do t\u00eb thot\u00eb \u201cMa mbani mbr\u00ebmjen\u201d, digjeni mbr\u00ebmjen sa m\u00eb shum\u00eb t\u00eb mundeni. Kjo k\u00ebng\u00eb \u00ebsht\u00eb realizuar n\u00eb dialektin kosovar p\u00ebr arsye se tekstin e ka b\u00ebr\u00eb nj\u00eb rreper kosovar, i nj\u00ebjti q\u00eb k\u00ebndon me mua, Fugaa, k\u00ebshtu q\u00eb vendosi ai p\u00ebr titullin e k\u00ebng\u00ebs.<br \/>\n<strong>N\u00eb koncertet tuaja cila k\u00ebng\u00eb p\u00eblqehet aktualisht m\u00eb shum\u00eb? K\u00eb k\u00ebrkojn\u00eb m\u00eb shum\u00eb njer\u00ebzit, k\u00eb k\u00ebndojn\u00eb ata bashk\u00eb me ju?<\/strong><br \/>\nPo ata q\u00eb jan\u00eb shum\u00eb t\u00eb dashuruar k\u00ebrkojn\u00eb \u201cA ke ti zem\u00ebr\u201d. Duke qen\u00eb s\u00eb \u201cA ke ti zem\u00ebr\u201d ka dal\u00eb m\u00eb par\u00eb se \u201cMamani nejen\u201d \u00ebsht\u00eb m\u00eb e d\u00ebgjuar dhe njer\u00ebzit reagojn\u00eb m\u00eb shum\u00eb. Por, p\u00ebr t\u00eb p\u00eblqyer m\u00eb shum\u00eb, p\u00eblqejn\u00eb \u201cMamani nejen\u201d, sepse n\u00eb fakt p\u00ebr t\u00eb \u00ebsht\u00eb punuar m\u00eb shum\u00eb me imazhin, me k\u00ebng\u00ebn, me stilin, me gjith\u00e7ka, ka m\u00eb shum\u00eb pun\u00eb aty dhe mendoj q\u00eb ajo ka shk\u00eblqyer shum\u00eb shum\u00eb mir\u00eb.<br \/>\n<strong><a href=\"http:\/\/www.visit-ulcinj.com\/blog\/wp-content\/uploads\/2010\/09\/Elvana-Gjata.1.jpg\"><img loading=\"lazy\" class=\"alignleft size-full wp-image-36907\" title=\"Elvana Gjata.1\" src=\"http:\/\/www.visit-ulcinj.com\/blog\/wp-content\/uploads\/2010\/09\/Elvana-Gjata.1.jpg\" alt=\"\" width=\"490\" height=\"383\" \/><\/a>N\u00eb fakt kjo gj\u00eb duket m\u00eb s\u00eb miri edhe n\u00eb komentet e fansave n\u00eb internet t\u00eb cil\u00ebt e krahasojn\u00eb nivelin e k\u00ebng\u00ebs me k\u00ebng\u00ebt europiane. Si ndiheni p\u00ebr\u00eb k\u00ebt\u00eb cil\u00ebsim?<\/strong><strong><br \/>\n<\/strong>M\u00eb vjen shum\u00eb mir\u00eb, n\u00eb rradh\u00eb t\u00eb par\u00eb m\u00eb vjen mir\u00eb q\u00eb pun\u00ebt e Florit, jan\u00eb n\u00eb nivele jo vet\u00ebm evropiane, por edhe m\u00eb lart mendoj se jan\u00eb n\u00eb nivele bot\u00ebrore. V\u00ebrtet muzika e tij \u00ebsht\u00eb p\u00ebr t\u2019u admiruar dhe gjithmon\u00eb e m\u00eb shum\u00eb b\u00ebn p\u00ebrshtypje stili i tij. Nj\u00eb nd\u00ebr to, p\u00ebr t\u00eb cilat un\u00eb jam krenare dhe e nxjerr si t\u00eb thuash m\u00eb n\u00eb pah k\u00ebt\u00eb stil jam un\u00eb dhe m\u00eb vjen v\u00ebrtet\u00eb shum\u00eb shum\u00eb mir\u00eb p\u00ebr k\u00ebt\u00eb gj\u00eb. V\u00ebrtet ka nj\u00eb pjes\u00eb t\u00eb publikut q\u00eb arrin t\u00eb kuptoj\u00eb se n\u00eb Shqip\u00ebri po b\u00ebhet v\u00ebrtet\u00eb muzik\u00eb e mir\u00eb.<br \/>\n<strong>Nd\u00ebrkoh\u00eb k\u00ebng\u00ebt p\u00ebrgjith\u00ebsisht jan\u00eb b\u00ebr\u00eb hite. Vet\u00eb k\u00eb ve\u00e7on Elvana, k\u00eb ka t\u00eb preferuar\u00ebn e saj?<\/strong><br \/>\nNga k\u00ebng\u00ebt e mia? Bobobobo\u2026\u00ebsht\u00eb e pamundur q\u00eb t\u2019i ndaj. Dometh\u00ebn\u00eb secila nga ato ka bukurin\u00eb e vet\u00eb, un\u00eb tek secila prej tyre kam derdhur pak dashuri, i kam k\u00ebnduar me shum\u00eb d\u00ebshir\u00eb, k\u00ebshtu q\u00eb s\u2019mund t\u00eb ndaj asnj\u00ebr\u00ebn prej tyre. P\u00ebr mua jan\u00eb t\u00eb gjitha shum\u00eb t\u00eb bukura. Mos t\u00eb them m\u00eb t\u00eb bukurat.<br \/>\n<strong>Elvana ju kishit parashikuar edhe nj\u00eb k\u00ebng\u00eb q\u00eb u lan\u00e7ua edhe n\u00eb media, nj\u00eb k\u00ebng\u00eb q\u00eb do t\u00eb ishte shum\u00eb e gjat\u00eb, do t\u00eb ishin 2 k\u00ebng\u00eb brenda. Si shkoi puna p\u00ebr t\u00eb?<\/strong><br \/>\n\u00cbsht\u00eb e v\u00ebrtet\u00eb q\u00eb pat\u00ebm disa probleme gjat\u00eb rrug\u00ebs, ishte nj\u00eb pun\u00eb shum\u00eb e madhe dhe natyrisht q\u00eb k\u00ebrkonte shum\u00eb koh\u00eb. K\u00ebrkonte m\u00eb shum\u00eb koh\u00eb se\u00e7 ne menduam, absolutisht q\u00eb projekti vazhdon duke u punuar, xhirimet jan\u00eb mbyllur, tashm\u00eb do t\u00eb kaloj n\u00eb produksionin \u201cEntermedia\u201d p\u00ebr t\u2019u rishikuar edhe nj\u00ebher\u00eb dhe besoj q\u00eb do t\u00eb jet\u00eb gati, n\u00eb fillim t\u00eb tetorit mendoj q\u00eb do t\u00eb jet\u00eb n\u00eb transmetim.<br \/>\n<strong><a href=\"http:\/\/www.visit-ulcinj.com\/blog\/wp-content\/uploads\/2010\/09\/Elvana-Gjata.2.jpg\"><img loading=\"lazy\" class=\"alignleft size-full wp-image-36908\" title=\"Elvana Gjata.2\" src=\"http:\/\/www.visit-ulcinj.com\/blog\/wp-content\/uploads\/2010\/09\/Elvana-Gjata.2.jpg\" alt=\"\" width=\"330\" height=\"520\" \/><\/a>Nj\u00eb pyetje p\u00ebr profesionin tuaj q\u00eb pak njer\u00ebz e njohin. Ju sapo jeni diplomuar p\u00ebr regji, sa pran\u00eb dhe sa larg e sheh t\u00eb ardhmen si regjisore Elvana?<\/strong><br \/>\nJam diplomuar p\u00ebr regjisur\u00eb teatri, \u00ebsht\u00eb e v\u00ebrtet\u00eb. Mendoj q\u00eb do merrem goxha me t\u00eb, sepse ka qen\u00eb nj\u00eb nga pasionet e mia t\u00eb hershme absolutisht, dhe shfaqja e diplom\u00ebs m\u00eb ka dh\u00ebn\u00eb nj\u00eb mb\u00ebshtetja akoma edhe m\u00eb t\u00eb madhe p\u00ebr t\u00eb vazhduar k\u00ebt\u00eb rrug\u00eb, sepse rezultoi nj\u00eb shfaqje shum\u00eb e suksesshme, ishte nj\u00eb monodram\u00eb, nj\u00eb bashk\u00ebpunim me aktoren e mrekullueshme Valbona Imami. E falenderoj p\u00ebr k\u00ebt\u00eb mb\u00ebshtetje q\u00eb m\u00eb dha n\u00eb k\u00ebt\u00eb projekt, pasi neve ishin dy studente, sepse un\u00eb diplom\u00ebn se kam realizuar vet\u00ebm, s\u00eb bashku me Jonida Vokshin q\u00eb \u00ebsht\u00eb mikesha ime dhe personazh shum\u00eb i njohur sigurisht. Mendoj q\u00eb do merrem me k\u00ebt\u00eb fush\u00eb, momentalisht un\u00eb i kam dh\u00ebn\u00eb m\u00eb shum\u00eb r\u00ebnd\u00ebsi muzik\u00ebs sepse jam n\u00eb momentin tim m\u00eb t\u00eb mir\u00eb dhe nuk mund ta l\u00eb pas dore, por kjo nuk do t\u00eb thot\u00eb q\u00eb un\u00eb s\u2019do t\u00eb merrem me regjisur\u00ebn, do t\u00eb gjej koh\u00ebn m\u00eb t\u00eb p\u00ebrshtatshme dhe do merrem me t\u00eb. Mendoj q\u00eb do realizoj nj\u00eb projekt t\u00eb ri, nj\u00eb shfaqje t\u00eb re, jam duke zgjedhur midis 2-3 pjes\u00ebve, por di\u00e7ka konkretisht nuk mund t\u00eb them, megjithat\u00eb mund t\u00eb filloj pun\u00ebn nga muaji shkurt ose mars, mbasi ka r\u00ebn\u00eb ai vrulli i koncerteve q\u00eb fillon tani n\u00eb tetor.<br \/>\n<strong>Nga nj\u00eb sezon koncertesh n\u00eb nj\u00eb tjet\u00ebr. Klipe t\u00eb reja, do t\u00eb pulikoni ndonj\u00eb album apo s\u2019\u00ebsht\u00eb nj\u00eb projekt q\u00eb \u00ebsht\u00eb n\u00eb axhend\u00ebn tuaj?<\/strong><br \/>\nAlbumi ka tre vjet q\u00eb po punohet dhe mendoj q\u00eb do t\u00eb jet\u00eb nj\u00eb album shum\u00eb i mir\u00eb, shum\u00eb i arrir\u00eb, sepse jo vet\u00ebm p\u00ebr faktin q\u00eb kemi tre vjet por, kemi zgjedhur shum\u00eb k\u00ebng\u00eb, kemi hequr shum\u00eb k\u00ebng\u00eb, kemi punuar shum\u00eb k\u00ebng\u00eb, k\u00ebng\u00ebt q\u00eb jan\u00eb n\u00eb album jan\u00eb punuar shum\u00eb her\u00eb, m\u00eb shum\u00eb se 2-3 her\u00eb. \u00cbsht\u00eb punuar me detaj \u00e7do k\u00ebng\u00eb dhe absolutisht q\u00eb t\u00eb gjitha ato k\u00ebng\u00eb, por dhe k\u00ebng\u00eb t\u00eb tjera q\u00eb nuk jan\u00eb lanncuar, do t\u00eb p\u00ebrmblidhen n\u00eb nj\u00eb album, n\u00eb albumin tim t\u00eb dyt\u00eb q\u00eb me kismet sepse nuk them m\u00eb dat\u00eb, se asnj\u00ebher\u00eb nuk i dihet, por mendoj q\u00eb k\u00ebt\u00eb vit, brenda k\u00ebtij viti absolutisht do ta dal\u00eb. Ne jemi gati, dy k\u00ebng\u00eb jan\u00eb lan\u00e7uar, dy t\u00eb tjera priten t\u00eb dalin edhe 6 t\u00eb tjera q\u00eb nuk jan\u00eb lan\u00e7uar do t\u00eb p\u00ebrmblidhen brenda n\u00eb album, k\u00ebshtu q\u00eb mendoj se brenda k\u00ebtij viti t\u00eb gjith\u00eb fansat m\u00eb n\u00eb fund do t\u00eb ken\u00eb albumin tim t\u00eb dyt\u00eb.<br \/>\n<strong>Ju urojm\u00eb suksese nd\u00ebrkoh\u00eb Elvana vet\u00eb, k\u00eb k\u00ebng\u00ebtare ka t\u00eb preferuar aktualisht n\u00eb bot\u00eb?<\/strong><br \/>\nAt\u00eb k\u00ebng\u00ebtare q\u00eb kam pasur gjithmon\u00eb. Beyonce m\u00eb frym\u00ebzon shum\u00eb me vokalin e saj, teknikat e saj, mund t\u00eb them q\u00eb \u00ebsht\u00eb nj\u00eb div\u00eb q\u00eb duhet pasur parasysh si pik\u00eb referimi jo vet\u00ebm p\u00ebr imazhin q\u00eb ajo p\u00ebrcjell, apo p\u00ebr mod\u00ebn q\u00eb b\u00ebn me stilin e saj, por t\u00eb pakt\u00ebn un\u00eb q\u00eb e vog\u00ebl kam par\u00eb di\u00e7ka tjet\u00ebr tek ajo, kam par\u00eb vokalin, teknikat e z\u00ebrit q\u00eb gjithmon\u00eb vijn\u00eb ndryshe n\u00eb k\u00ebng\u00ebt e saj dhe kjo gj\u00eb m\u00eb ka b\u00ebr\u00eb shum\u00eb shum\u00eb p\u00ebr vete dhe k\u00ebt\u00eb gj\u00eb jam munduar ta transmetoj edhe n\u00eb k\u00ebng\u00ebt e mia, q\u00eb t\u00eb kem gjithmon\u00eb di\u00e7ka ndryshe p\u00ebr t\u00eb treguar nga vokali im tek k\u00ebng\u00ebt e mia.<br \/>\n<strong>\u00c7\u2019mendoni p\u00ebr Lady Gaga?<\/strong><br \/>\nP\u00ebr Lady Gaga m\u00ebndoj q\u00eb \u00ebsht\u00eb nj\u00eb k\u00ebng\u00ebtare me vokal shum\u00eb t\u00eb mir\u00eb edhe ajo, edhe tek ajo fillimisht k\u00ebt\u00eb gj\u00eb kam vler\u00ebsuar. Mendoj q\u00eb ka b\u00ebr\u00eb nj\u00eb revolucion t\u00eb jasht\u00ebzakonsh\u00ebm, por q\u00eb koh\u00ebt e fundit e kam par\u00eb q\u00eb \u00ebsht\u00eb ekzagjeruar shum\u00eb. Mendoj q\u00eb \u00ebsht\u00eb nj\u00eb imazh q\u00eb i kaloi kufijt\u00eb, mendoj q\u00eb nuk ka asnj\u00eb njeri n\u00eb bot\u00eb q\u00eb mund t\u00eb marr\u00eb di\u00e7ka nga ajo, di\u00e7ka t\u00eb mir\u00eb, sepse mendoj q\u00eb \u00e7do klip i saj, nuk p\u00ebrcjell di\u00e7ka t\u00eb mir\u00eb, nuk p\u00ebrcjell nj\u00eb mesazh t\u00eb mir\u00eb dhe p\u00ebr k\u00ebt\u00eb m\u00eb vjen shum\u00eb shum\u00eb keq.<br \/>\n<strong>Nd\u00ebrsa fansat e tu jan\u00eb t\u00eb k\u00ebnaqur me k\u00ebng\u00ebt e tua, me hitet e tua gjat\u00eb k\u00ebsaj vere, vet\u00eb Elvana k\u00eb nga k\u00ebng\u00ebt e k\u00ebsaj vere ka p\u00eblqyer m\u00eb shum\u00eb?<\/strong><br \/>\nM\u00eb ka p\u00eblqyer hiti absolut, dhe m\u00eb ka b\u00ebr\u00eb p\u00ebrshtypje sepse \u00ebsht\u00eb realisht hiti m\u00eb absolut i t\u00eb gjitha koh\u00ebrave dhe q\u00eb ka m\u00eb shum\u00eb klikime n\u00eb mbar\u00eb historin\u00eb e youtube nga k\u00ebng\u00ebtar\u00ebt e shqip\u00ebris\u00eb, q\u00eb \u00ebsht\u00eb Aurela Ga\u00e7e dhe Marseli. Ka qen\u00eb nj\u00eb hit shum\u00eb i madh dhe m\u00eb \u00ebsht\u00eb b\u00ebr\u00eb shum\u00eb qejfi, sepse k\u00ebnga ka qen\u00eb shum\u00eb e bukur, Aurela dihet div\u00eb e muzik\u00ebs shqiptare, Marseli gjithashtu me m\u00ebnyr\u00ebn e tij t\u00eb k\u00ebnduarit b\u00ebri p\u00ebr vete venat e mbar\u00eb shqiptar\u00ebve, por q\u00eb ka qen\u00eb nj\u00eb k\u00ebng\u00eb shum\u00eb e suksesshme m\u00eb ka p\u00eblqyer shum\u00eb. Ka pasur edhe k\u00ebng\u00eb t\u00eb tjera shum\u00eb verore, k\u00ebt\u00eb vit m\u00eb ka b\u00ebr\u00eb p\u00ebrshtypje sepse ka pasur v\u00ebrtet\u00eb shum\u00eb m\u00eb shum\u00eb hite se sa vjet. K\u00ebng\u00ebtar\u00ebt dometh\u00ebn\u00eb kan\u00eb marr\u00eb shum\u00eb m\u00eb shum\u00eb energji dhe forca p\u00ebr t\u00eb sjell\u00eb muzik\u00eb t\u00eb bukur dhe m\u00eb b\u00ebhet qejfi uroj t\u00eb jet\u00eb k\u00ebshtu edhe vitin tjet\u00ebr.<\/p>\n<p><strong>Bluetooth<br \/>\n<!--YouTube Error: bad URL entered--><\/strong><\/p>\n","protected":false},"excerpt":{"rendered":"<p>Do t\u00eb ishte v\u00ebrtet m\u00ebkat n\u00ebse ajo do t\u00eb kishte braktisur muzik\u00ebn. At\u00ebher\u00eb kur juria e \u201cEtheve t\u00eb s\u00eb premtes mbr\u00ebma\u201d, vazj\u00ebn e vog\u00ebl por me nj\u00eb interpretim interesant do ta d\u00ebrgonte n\u00eb sht\u00ebpi. Nj\u00eb telefonat\u00eb e kantautorit Flori Mumajesi do t\u00eb ndryshonte t\u00eb ardhmen e saj dhe do ta motivonte t\u00eb vazhdonte \u00ebndrr\u00ebn. Tashm\u00eb [&hellip;]<\/p>\n","protected":false},"author":1,"featured_media":0,"comment_status":"open","ping_status":"closed","sticky":false,"template":"","format":"standard","meta":{"spay_email":"","jetpack_publicize_message":"","jetpack_is_tweetstorm":false,"jetpack_publicize_feature_enabled":true},"categories":[1],"tags":[7760],"jetpack_publicize_connections":[],"yoast_head":"<!-- This site is optimized with the Yoast SEO plugin v19.1 - https:\/\/yoast.com\/wordpress\/plugins\/seo\/ -->\n<title>Elvana Gjata: Babi, bodyguard-i im ne koncerte - Lajme nga Ulqini<\/title>\n<meta name=\"description\" content=\"Do t\u00eb ishte v\u00ebrtet m\u00ebkat n\u00ebse ajo do t\u00eb kishte braktisur muzik\u00ebn. At\u00ebher\u00eb kur juria e \u201cEtheve t\u00eb s\u00eb premtes mbr\u00ebma\u201d, vazj\u00ebn e vog\u00ebl por me nj\u00eb interpretim\" \/>\n<meta name=\"robots\" content=\"index, follow, max-snippet:-1, max-image-preview:large, max-video-preview:-1\" \/>\n<link rel=\"canonical\" href=\"https:\/\/www.visit-ulcinj.com\/blog\/2010\/09\/07\/elvana-gjata-babi-bodyguard-i-im-ne-koncerte\/\" \/>\n<meta property=\"og:locale\" content=\"en_US\" \/>\n<meta property=\"og:type\" content=\"article\" \/>\n<meta property=\"og:title\" content=\"Elvana Gjata: Babi, bodyguard-i im ne koncerte - Lajme nga Ulqini\" \/>\n<meta property=\"og:description\" content=\"Do t\u00eb ishte v\u00ebrtet m\u00ebkat n\u00ebse ajo do t\u00eb kishte braktisur muzik\u00ebn. At\u00ebher\u00eb kur juria e \u201cEtheve t\u00eb s\u00eb premtes mbr\u00ebma\u201d, vazj\u00ebn e vog\u00ebl por me nj\u00eb interpretim\" \/>\n<meta property=\"og:url\" content=\"https:\/\/www.visit-ulcinj.com\/blog\/2010\/09\/07\/elvana-gjata-babi-bodyguard-i-im-ne-koncerte\/\" \/>\n<meta property=\"og:site_name\" content=\"Lajme nga Ulqini\" \/>\n<meta property=\"article:published_time\" content=\"2010-09-07T19:57:44+00:00\" \/>\n<meta property=\"og:image\" content=\"http:\/\/www.visit-ulcinj.com\/blog\/wp-content\/uploads\/2010\/09\/Elvana-Gjata.jpg\" \/>\n<meta name=\"twitter:label1\" content=\"Written by\" \/>\n\t<meta name=\"twitter:data1\" content=\"ulqini\" \/>\n\t<meta name=\"twitter:label2\" content=\"Est. reading time\" \/>\n\t<meta name=\"twitter:data2\" content=\"12 minutes\" \/>\n<script type=\"application\/ld+json\" class=\"yoast-schema-graph\">{\"@context\":\"https:\/\/schema.org\",\"@graph\":[{\"@type\":\"WebSite\",\"@id\":\"https:\/\/www.visit-ulcinj.com\/blog\/#website\",\"url\":\"https:\/\/www.visit-ulcinj.com\/blog\/\",\"name\":\"Lajme nga Ulqini\",\"description\":\"Lajme,Vijesti,Ulqini,Ulqin,Crna Gora,Mali i Zi\",\"potentialAction\":[{\"@type\":\"SearchAction\",\"target\":{\"@type\":\"EntryPoint\",\"urlTemplate\":\"https:\/\/www.visit-ulcinj.com\/blog\/?s={search_term_string}\"},\"query-input\":\"required name=search_term_string\"}],\"inLanguage\":\"en-US\"},{\"@type\":\"ImageObject\",\"inLanguage\":\"en-US\",\"@id\":\"https:\/\/www.visit-ulcinj.com\/blog\/2010\/09\/07\/elvana-gjata-babi-bodyguard-i-im-ne-koncerte\/#primaryimage\",\"url\":\"http:\/\/www.visit-ulcinj.com\/blog\/wp-content\/uploads\/2010\/09\/Elvana-Gjata.jpg\",\"contentUrl\":\"http:\/\/www.visit-ulcinj.com\/blog\/wp-content\/uploads\/2010\/09\/Elvana-Gjata.jpg\"},{\"@type\":\"WebPage\",\"@id\":\"https:\/\/www.visit-ulcinj.com\/blog\/2010\/09\/07\/elvana-gjata-babi-bodyguard-i-im-ne-koncerte\/#webpage\",\"url\":\"https:\/\/www.visit-ulcinj.com\/blog\/2010\/09\/07\/elvana-gjata-babi-bodyguard-i-im-ne-koncerte\/\",\"name\":\"Elvana Gjata: Babi, bodyguard-i im ne koncerte - Lajme nga Ulqini\",\"isPartOf\":{\"@id\":\"https:\/\/www.visit-ulcinj.com\/blog\/#website\"},\"primaryImageOfPage\":{\"@id\":\"https:\/\/www.visit-ulcinj.com\/blog\/2010\/09\/07\/elvana-gjata-babi-bodyguard-i-im-ne-koncerte\/#primaryimage\"},\"datePublished\":\"2010-09-07T19:57:44+00:00\",\"dateModified\":\"2010-09-07T19:57:44+00:00\",\"author\":{\"@id\":\"https:\/\/www.visit-ulcinj.com\/blog\/#\/schema\/person\/dcab619c614d3038751c63bc2aadc06d\"},\"description\":\"Do t\u00eb ishte v\u00ebrtet m\u00ebkat n\u00ebse ajo do t\u00eb kishte braktisur muzik\u00ebn. At\u00ebher\u00eb kur juria e \u201cEtheve t\u00eb s\u00eb premtes mbr\u00ebma\u201d, vazj\u00ebn e vog\u00ebl por me nj\u00eb interpretim\",\"breadcrumb\":{\"@id\":\"https:\/\/www.visit-ulcinj.com\/blog\/2010\/09\/07\/elvana-gjata-babi-bodyguard-i-im-ne-koncerte\/#breadcrumb\"},\"inLanguage\":\"en-US\",\"potentialAction\":[{\"@type\":\"ReadAction\",\"target\":[\"https:\/\/www.visit-ulcinj.com\/blog\/2010\/09\/07\/elvana-gjata-babi-bodyguard-i-im-ne-koncerte\/\"]}]},{\"@type\":\"BreadcrumbList\",\"@id\":\"https:\/\/www.visit-ulcinj.com\/blog\/2010\/09\/07\/elvana-gjata-babi-bodyguard-i-im-ne-koncerte\/#breadcrumb\",\"itemListElement\":[{\"@type\":\"ListItem\",\"position\":1,\"name\":\"Elvana Gjata: Babi, bodyguard-i im ne koncerte\"}]},{\"@type\":\"Person\",\"@id\":\"https:\/\/www.visit-ulcinj.com\/blog\/#\/schema\/person\/dcab619c614d3038751c63bc2aadc06d\",\"name\":\"ulqini\",\"sameAs\":[\"http:\/\/www.visit-ulcinj.com\"],\"url\":\"https:\/\/www.visit-ulcinj.com\/blog\/author\/admin\/\"}]}<\/script>\n<!-- \/ Yoast SEO plugin. -->","yoast_head_json":{"title":"Elvana Gjata: Babi, bodyguard-i im ne koncerte - Lajme nga Ulqini","description":"Do t\u00eb ishte v\u00ebrtet m\u00ebkat n\u00ebse ajo do t\u00eb kishte braktisur muzik\u00ebn. At\u00ebher\u00eb kur juria e \u201cEtheve t\u00eb s\u00eb premtes mbr\u00ebma\u201d, vazj\u00ebn e vog\u00ebl por me nj\u00eb interpretim","robots":{"index":"index","follow":"follow","max-snippet":"max-snippet:-1","max-image-preview":"max-image-preview:large","max-video-preview":"max-video-preview:-1"},"canonical":"https:\/\/www.visit-ulcinj.com\/blog\/2010\/09\/07\/elvana-gjata-babi-bodyguard-i-im-ne-koncerte\/","og_locale":"en_US","og_type":"article","og_title":"Elvana Gjata: Babi, bodyguard-i im ne koncerte - Lajme nga Ulqini","og_description":"Do t\u00eb ishte v\u00ebrtet m\u00ebkat n\u00ebse ajo do t\u00eb kishte braktisur muzik\u00ebn. At\u00ebher\u00eb kur juria e \u201cEtheve t\u00eb s\u00eb premtes mbr\u00ebma\u201d, vazj\u00ebn e vog\u00ebl por me nj\u00eb interpretim","og_url":"https:\/\/www.visit-ulcinj.com\/blog\/2010\/09\/07\/elvana-gjata-babi-bodyguard-i-im-ne-koncerte\/","og_site_name":"Lajme nga Ulqini","article_published_time":"2010-09-07T19:57:44+00:00","og_image":[{"url":"http:\/\/www.visit-ulcinj.com\/blog\/wp-content\/uploads\/2010\/09\/Elvana-Gjata.jpg"}],"twitter_misc":{"Written by":"ulqini","Est. reading time":"12 minutes"},"schema":{"@context":"https:\/\/schema.org","@graph":[{"@type":"WebSite","@id":"https:\/\/www.visit-ulcinj.com\/blog\/#website","url":"https:\/\/www.visit-ulcinj.com\/blog\/","name":"Lajme nga Ulqini","description":"Lajme,Vijesti,Ulqini,Ulqin,Crna Gora,Mali i Zi","potentialAction":[{"@type":"SearchAction","target":{"@type":"EntryPoint","urlTemplate":"https:\/\/www.visit-ulcinj.com\/blog\/?s={search_term_string}"},"query-input":"required name=search_term_string"}],"inLanguage":"en-US"},{"@type":"ImageObject","inLanguage":"en-US","@id":"https:\/\/www.visit-ulcinj.com\/blog\/2010\/09\/07\/elvana-gjata-babi-bodyguard-i-im-ne-koncerte\/#primaryimage","url":"http:\/\/www.visit-ulcinj.com\/blog\/wp-content\/uploads\/2010\/09\/Elvana-Gjata.jpg","contentUrl":"http:\/\/www.visit-ulcinj.com\/blog\/wp-content\/uploads\/2010\/09\/Elvana-Gjata.jpg"},{"@type":"WebPage","@id":"https:\/\/www.visit-ulcinj.com\/blog\/2010\/09\/07\/elvana-gjata-babi-bodyguard-i-im-ne-koncerte\/#webpage","url":"https:\/\/www.visit-ulcinj.com\/blog\/2010\/09\/07\/elvana-gjata-babi-bodyguard-i-im-ne-koncerte\/","name":"Elvana Gjata: Babi, bodyguard-i im ne koncerte - Lajme nga Ulqini","isPartOf":{"@id":"https:\/\/www.visit-ulcinj.com\/blog\/#website"},"primaryImageOfPage":{"@id":"https:\/\/www.visit-ulcinj.com\/blog\/2010\/09\/07\/elvana-gjata-babi-bodyguard-i-im-ne-koncerte\/#primaryimage"},"datePublished":"2010-09-07T19:57:44+00:00","dateModified":"2010-09-07T19:57:44+00:00","author":{"@id":"https:\/\/www.visit-ulcinj.com\/blog\/#\/schema\/person\/dcab619c614d3038751c63bc2aadc06d"},"description":"Do t\u00eb ishte v\u00ebrtet m\u00ebkat n\u00ebse ajo do t\u00eb kishte braktisur muzik\u00ebn. At\u00ebher\u00eb kur juria e \u201cEtheve t\u00eb s\u00eb premtes mbr\u00ebma\u201d, vazj\u00ebn e vog\u00ebl por me nj\u00eb interpretim","breadcrumb":{"@id":"https:\/\/www.visit-ulcinj.com\/blog\/2010\/09\/07\/elvana-gjata-babi-bodyguard-i-im-ne-koncerte\/#breadcrumb"},"inLanguage":"en-US","potentialAction":[{"@type":"ReadAction","target":["https:\/\/www.visit-ulcinj.com\/blog\/2010\/09\/07\/elvana-gjata-babi-bodyguard-i-im-ne-koncerte\/"]}]},{"@type":"BreadcrumbList","@id":"https:\/\/www.visit-ulcinj.com\/blog\/2010\/09\/07\/elvana-gjata-babi-bodyguard-i-im-ne-koncerte\/#breadcrumb","itemListElement":[{"@type":"ListItem","position":1,"name":"Elvana Gjata: Babi, bodyguard-i im ne koncerte"}]},{"@type":"Person","@id":"https:\/\/www.visit-ulcinj.com\/blog\/#\/schema\/person\/dcab619c614d3038751c63bc2aadc06d","name":"ulqini","sameAs":["http:\/\/www.visit-ulcinj.com"],"url":"https:\/\/www.visit-ulcinj.com\/blog\/author\/admin\/"}]}},"jetpack_featured_media_url":"","jetpack_sharing_enabled":true,"jetpack_shortlink":"https:\/\/wp.me\/pe6lTn-9Bf","_links":{"self":[{"href":"https:\/\/www.visit-ulcinj.com\/blog\/wp-json\/wp\/v2\/posts\/36905"}],"collection":[{"href":"https:\/\/www.visit-ulcinj.com\/blog\/wp-json\/wp\/v2\/posts"}],"about":[{"href":"https:\/\/www.visit-ulcinj.com\/blog\/wp-json\/wp\/v2\/types\/post"}],"author":[{"embeddable":true,"href":"https:\/\/www.visit-ulcinj.com\/blog\/wp-json\/wp\/v2\/users\/1"}],"replies":[{"embeddable":true,"href":"https:\/\/www.visit-ulcinj.com\/blog\/wp-json\/wp\/v2\/comments?post=36905"}],"version-history":[{"count":0,"href":"https:\/\/www.visit-ulcinj.com\/blog\/wp-json\/wp\/v2\/posts\/36905\/revisions"}],"wp:attachment":[{"href":"https:\/\/www.visit-ulcinj.com\/blog\/wp-json\/wp\/v2\/media?parent=36905"}],"wp:term":[{"taxonomy":"category","embeddable":true,"href":"https:\/\/www.visit-ulcinj.com\/blog\/wp-json\/wp\/v2\/categories?post=36905"},{"taxonomy":"post_tag","embeddable":true,"href":"https:\/\/www.visit-ulcinj.com\/blog\/wp-json\/wp\/v2\/tags?post=36905"}],"curies":[{"name":"wp","href":"https:\/\/api.w.org\/{rel}","templated":true}]}}