{"id":36915,"date":"2010-09-08T12:00:25","date_gmt":"2010-09-08T10:00:25","guid":{"rendered":"http:\/\/www.visit-ulcinj.com\/blog\/?p=36915"},"modified":"2010-09-08T08:23:42","modified_gmt":"2010-09-08T06:23:42","slug":"u-ulcinju-posljednje-pripreme-za-jos-jednu-berbu-soli","status":"publish","type":"post","link":"https:\/\/www.visit-ulcinj.com\/blog\/2010\/09\/08\/u-ulcinju-posljednje-pripreme-za-jos-jednu-berbu-soli\/","title":{"rendered":"U Ulcinju posljednje pripreme za jo\u0161 jednu berbu soli"},"content":{"rendered":"<p><strong><a href=\"http:\/\/www.visit-ulcinj.com\/blog\/wp-content\/uploads\/2009\/09\/Ulcinjska-Solana.7.jpg\"><img loading=\"lazy\" class=\"alignleft size-full wp-image-25318\" title=\"Ulcinjska Solana.7\" src=\"http:\/\/www.visit-ulcinj.com\/blog\/wp-content\/uploads\/2009\/09\/Ulcinjska-Solana.7.jpg\" alt=\"\" width=\"490\" height=\"371\" \/><\/a>Te\u017eak ali dobro pla\u0107en posao<\/strong><\/p>\n<p>Ulcinj &#8211; Berba soli u Ulcinju po\u010de\u0107e 12. septembra i traja\u0107e od 45 do 60 dana, zavisno od vremenskih uslova. Solana \u201eBajo Sekuli\u0107\u201c svake godine zapo\u0161ljava od 100 do 160 sezonskih radnika.<\/p>\n<p>&#8211; Sezonski posao na solani je izuzetno te\u017eak. Radi se u dvije smjene. Iako je jako dobro pla\u0107en \u2013 plate su oko 1.000 eura i redovno se ispla\u0107uju \u2013 radnici \u010desto odustaju tako da je konkurs za ova radna mjesta u sezoni berbe uvijek otvoren \u2013 ka\u017ee za Pobjedu direktorica Solane \u201eBajo Sekuli\u0107\u201c Jelena Aleksi\u0107, uz napomenu da i ove godine za zapo\u0161ljavanje na solani vlada veliko interesovanje.<\/p>\n<p>Solana je u prvoj polovini 2010. ostvarila neto profit od 55.900 eura. Direktorica Aleksi\u0107 ka\u017ee da u prvom i drugom kvartalu imaju najmanje tro\u0161kova, a da \u0107e se realno poslovanje sagledati tek na osnovu godi\u0161njeg izvje\u0161taja jer se najve\u0107i gubici u poslovanju ostvaruju u posljednjem kvartalu. Ona dodaje da se ove godine o\u010dekuju bolji rezultati zbog modernizacije u obradi soli.<\/p>\n<p>Made in Montenegro<\/p>\n<p>Solana \u201eBajo Sekuli\u0107\u201c izvozi 90 odsto proizvodnog asortimana. So se najvi\u0161e plasira u okru\u017eenju, ali postoji tendencija da se ovaj proizvod \u201eMade in Montenegro\u201c ponudi i na novim tr\u017ei\u0161tima \u2013 u Austriji i Sloveniji. Morska so Solane \u201eBajo Sekuli\u0107\u201c preporu\u010dena je u zemljama Evropske unije.<\/p>\n<p>&#8211; Imamo veliki broj ugovora na raznim tr\u017ei\u0161tima, a kakva \u0107e prodaja soli ove godine biti zavisi isklju\u010divo od plate\u017ene mo\u0107i kupaca \u2013 ka\u017ee direktorica solane ,,Bajo Sekuli\u0107\u201c Jelena Aleksi\u0107.<br \/>\n<strong>A.\u017divanovi\u0107<br \/>\n<a href=\"http:\/\/www.pobjeda.co.me\/citanje.php?datum=2010-09-07&amp;id=191074\" target=\"_blank\">Pobjeda<br \/>\n<\/a><\/strong>[flv width=&#8221;490&#8243;   height=&#8221;390&#8243;]http:\/\/solana-ulcinj.com\/VTS_01_1.flv[\/flv]<a href=\"http:\/\/www.pobjeda.co.me\/citanje.php?datum=2010-09-07&amp;id=191074\" target=\"_blank\"><\/a><\/p>\n","protected":false},"excerpt":{"rendered":"<p>Te\u017eak ali dobro pla\u0107en posao Ulcinj &#8211; Berba soli u Ulcinju po\u010de\u0107e 12. septembra i traja\u0107e od 45 do 60 dana, zavisno od vremenskih uslova. Solana \u201eBajo Sekuli\u0107\u201c svake godine zapo\u0161ljava od 100 do 160 sezonskih radnika. &#8211; Sezonski posao na solani je izuzetno te\u017eak. Radi se u dvije smjene. Iako je jako dobro pla\u0107en [&hellip;]<\/p>\n","protected":false},"author":1,"featured_media":0,"comment_status":"open","ping_status":"closed","sticky":false,"template":"","format":"standard","meta":{"spay_email":"","jetpack_publicize_message":"","jetpack_is_tweetstorm":false,"jetpack_publicize_feature_enabled":true},"categories":[8337],"tags":[15303,15302,19],"jetpack_publicize_connections":[],"yoast_head":"<!-- This site is optimized with the Yoast SEO plugin v19.1 - https:\/\/yoast.com\/wordpress\/plugins\/seo\/ -->\n<title>U Ulcinju posljednje pripreme za jo\u0161 jednu berbu soli - Lajme nga Ulqini<\/title>\n<meta name=\"description\" content=\"Te\u017eak ali dobro pla\u0107en posao Ulcinj - Berba soli u Ulcinju po\u010de\u0107e 12. septembra i traja\u0107e od 45 do 60 dana, zavisno od vremenskih uslova. Solana \u201eBajo\" \/>\n<meta name=\"robots\" content=\"index, follow, max-snippet:-1, max-image-preview:large, max-video-preview:-1\" \/>\n<link rel=\"canonical\" href=\"https:\/\/www.visit-ulcinj.com\/blog\/2010\/09\/08\/u-ulcinju-posljednje-pripreme-za-jos-jednu-berbu-soli\/\" \/>\n<meta property=\"og:locale\" content=\"en_US\" \/>\n<meta property=\"og:type\" content=\"article\" \/>\n<meta property=\"og:title\" content=\"U Ulcinju posljednje pripreme za jo\u0161 jednu berbu soli - Lajme nga Ulqini\" \/>\n<meta property=\"og:description\" content=\"Te\u017eak ali dobro pla\u0107en posao Ulcinj - Berba soli u Ulcinju po\u010de\u0107e 12. septembra i traja\u0107e od 45 do 60 dana, zavisno od vremenskih uslova. Solana \u201eBajo\" \/>\n<meta property=\"og:url\" content=\"https:\/\/www.visit-ulcinj.com\/blog\/2010\/09\/08\/u-ulcinju-posljednje-pripreme-za-jos-jednu-berbu-soli\/\" \/>\n<meta property=\"og:site_name\" content=\"Lajme nga Ulqini\" \/>\n<meta property=\"article:published_time\" content=\"2010-09-08T10:00:25+00:00\" \/>\n<meta property=\"article:modified_time\" content=\"2010-09-08T06:23:42+00:00\" \/>\n<meta property=\"og:image\" content=\"http:\/\/www.visit-ulcinj.com\/blog\/wp-content\/uploads\/2009\/09\/Ulcinjska-Solana.7.jpg\" \/>\n<meta name=\"twitter:label1\" content=\"Written by\" \/>\n\t<meta name=\"twitter:data1\" content=\"ulqini\" \/>\n\t<meta name=\"twitter:label2\" content=\"Est. reading time\" \/>\n\t<meta name=\"twitter:data2\" content=\"1 minute\" \/>\n<script type=\"application\/ld+json\" class=\"yoast-schema-graph\">{\"@context\":\"https:\/\/schema.org\",\"@graph\":[{\"@type\":\"WebSite\",\"@id\":\"https:\/\/www.visit-ulcinj.com\/blog\/#website\",\"url\":\"https:\/\/www.visit-ulcinj.com\/blog\/\",\"name\":\"Lajme nga Ulqini\",\"description\":\"Lajme,Vijesti,Ulqini,Ulqin,Crna Gora,Mali i Zi\",\"potentialAction\":[{\"@type\":\"SearchAction\",\"target\":{\"@type\":\"EntryPoint\",\"urlTemplate\":\"https:\/\/www.visit-ulcinj.com\/blog\/?s={search_term_string}\"},\"query-input\":\"required name=search_term_string\"}],\"inLanguage\":\"en-US\"},{\"@type\":\"ImageObject\",\"inLanguage\":\"en-US\",\"@id\":\"https:\/\/www.visit-ulcinj.com\/blog\/2010\/09\/08\/u-ulcinju-posljednje-pripreme-za-jos-jednu-berbu-soli\/#primaryimage\",\"url\":\"https:\/\/www.visit-ulcinj.com\/blog\/wp-content\/uploads\/2009\/09\/Ulcinjska-Solana.7.jpg\",\"contentUrl\":\"https:\/\/www.visit-ulcinj.com\/blog\/wp-content\/uploads\/2009\/09\/Ulcinjska-Solana.7.jpg\",\"width\":\"758\",\"height\":\"371\"},{\"@type\":\"WebPage\",\"@id\":\"https:\/\/www.visit-ulcinj.com\/blog\/2010\/09\/08\/u-ulcinju-posljednje-pripreme-za-jos-jednu-berbu-soli\/#webpage\",\"url\":\"https:\/\/www.visit-ulcinj.com\/blog\/2010\/09\/08\/u-ulcinju-posljednje-pripreme-za-jos-jednu-berbu-soli\/\",\"name\":\"U Ulcinju posljednje pripreme za jo\u0161 jednu berbu soli - Lajme nga Ulqini\",\"isPartOf\":{\"@id\":\"https:\/\/www.visit-ulcinj.com\/blog\/#website\"},\"primaryImageOfPage\":{\"@id\":\"https:\/\/www.visit-ulcinj.com\/blog\/2010\/09\/08\/u-ulcinju-posljednje-pripreme-za-jos-jednu-berbu-soli\/#primaryimage\"},\"datePublished\":\"2010-09-08T10:00:25+00:00\",\"dateModified\":\"2010-09-08T06:23:42+00:00\",\"author\":{\"@id\":\"https:\/\/www.visit-ulcinj.com\/blog\/#\/schema\/person\/dcab619c614d3038751c63bc2aadc06d\"},\"description\":\"Te\u017eak ali dobro pla\u0107en posao Ulcinj - Berba soli u Ulcinju po\u010de\u0107e 12. septembra i traja\u0107e od 45 do 60 dana, zavisno od vremenskih uslova. Solana \u201eBajo\",\"breadcrumb\":{\"@id\":\"https:\/\/www.visit-ulcinj.com\/blog\/2010\/09\/08\/u-ulcinju-posljednje-pripreme-za-jos-jednu-berbu-soli\/#breadcrumb\"},\"inLanguage\":\"en-US\",\"potentialAction\":[{\"@type\":\"ReadAction\",\"target\":[\"https:\/\/www.visit-ulcinj.com\/blog\/2010\/09\/08\/u-ulcinju-posljednje-pripreme-za-jos-jednu-berbu-soli\/\"]}]},{\"@type\":\"BreadcrumbList\",\"@id\":\"https:\/\/www.visit-ulcinj.com\/blog\/2010\/09\/08\/u-ulcinju-posljednje-pripreme-za-jos-jednu-berbu-soli\/#breadcrumb\",\"itemListElement\":[{\"@type\":\"ListItem\",\"position\":1,\"name\":\"U Ulcinju posljednje pripreme za jo\u0161 jednu berbu soli\"}]},{\"@type\":\"Person\",\"@id\":\"https:\/\/www.visit-ulcinj.com\/blog\/#\/schema\/person\/dcab619c614d3038751c63bc2aadc06d\",\"name\":\"ulqini\",\"sameAs\":[\"http:\/\/www.visit-ulcinj.com\"],\"url\":\"https:\/\/www.visit-ulcinj.com\/blog\/author\/admin\/\"}]}<\/script>\n<!-- \/ Yoast SEO plugin. -->","yoast_head_json":{"title":"U Ulcinju posljednje pripreme za jo\u0161 jednu berbu soli - Lajme nga Ulqini","description":"Te\u017eak ali dobro pla\u0107en posao Ulcinj - Berba soli u Ulcinju po\u010de\u0107e 12. septembra i traja\u0107e od 45 do 60 dana, zavisno od vremenskih uslova. Solana \u201eBajo","robots":{"index":"index","follow":"follow","max-snippet":"max-snippet:-1","max-image-preview":"max-image-preview:large","max-video-preview":"max-video-preview:-1"},"canonical":"https:\/\/www.visit-ulcinj.com\/blog\/2010\/09\/08\/u-ulcinju-posljednje-pripreme-za-jos-jednu-berbu-soli\/","og_locale":"en_US","og_type":"article","og_title":"U Ulcinju posljednje pripreme za jo\u0161 jednu berbu soli - Lajme nga Ulqini","og_description":"Te\u017eak ali dobro pla\u0107en posao Ulcinj - Berba soli u Ulcinju po\u010de\u0107e 12. septembra i traja\u0107e od 45 do 60 dana, zavisno od vremenskih uslova. Solana \u201eBajo","og_url":"https:\/\/www.visit-ulcinj.com\/blog\/2010\/09\/08\/u-ulcinju-posljednje-pripreme-za-jos-jednu-berbu-soli\/","og_site_name":"Lajme nga Ulqini","article_published_time":"2010-09-08T10:00:25+00:00","article_modified_time":"2010-09-08T06:23:42+00:00","og_image":[{"url":"http:\/\/www.visit-ulcinj.com\/blog\/wp-content\/uploads\/2009\/09\/Ulcinjska-Solana.7.jpg"}],"twitter_misc":{"Written by":"ulqini","Est. reading time":"1 minute"},"schema":{"@context":"https:\/\/schema.org","@graph":[{"@type":"WebSite","@id":"https:\/\/www.visit-ulcinj.com\/blog\/#website","url":"https:\/\/www.visit-ulcinj.com\/blog\/","name":"Lajme nga Ulqini","description":"Lajme,Vijesti,Ulqini,Ulqin,Crna Gora,Mali i Zi","potentialAction":[{"@type":"SearchAction","target":{"@type":"EntryPoint","urlTemplate":"https:\/\/www.visit-ulcinj.com\/blog\/?s={search_term_string}"},"query-input":"required name=search_term_string"}],"inLanguage":"en-US"},{"@type":"ImageObject","inLanguage":"en-US","@id":"https:\/\/www.visit-ulcinj.com\/blog\/2010\/09\/08\/u-ulcinju-posljednje-pripreme-za-jos-jednu-berbu-soli\/#primaryimage","url":"https:\/\/www.visit-ulcinj.com\/blog\/wp-content\/uploads\/2009\/09\/Ulcinjska-Solana.7.jpg","contentUrl":"https:\/\/www.visit-ulcinj.com\/blog\/wp-content\/uploads\/2009\/09\/Ulcinjska-Solana.7.jpg","width":"758","height":"371"},{"@type":"WebPage","@id":"https:\/\/www.visit-ulcinj.com\/blog\/2010\/09\/08\/u-ulcinju-posljednje-pripreme-za-jos-jednu-berbu-soli\/#webpage","url":"https:\/\/www.visit-ulcinj.com\/blog\/2010\/09\/08\/u-ulcinju-posljednje-pripreme-za-jos-jednu-berbu-soli\/","name":"U Ulcinju posljednje pripreme za jo\u0161 jednu berbu soli - Lajme nga Ulqini","isPartOf":{"@id":"https:\/\/www.visit-ulcinj.com\/blog\/#website"},"primaryImageOfPage":{"@id":"https:\/\/www.visit-ulcinj.com\/blog\/2010\/09\/08\/u-ulcinju-posljednje-pripreme-za-jos-jednu-berbu-soli\/#primaryimage"},"datePublished":"2010-09-08T10:00:25+00:00","dateModified":"2010-09-08T06:23:42+00:00","author":{"@id":"https:\/\/www.visit-ulcinj.com\/blog\/#\/schema\/person\/dcab619c614d3038751c63bc2aadc06d"},"description":"Te\u017eak ali dobro pla\u0107en posao Ulcinj - Berba soli u Ulcinju po\u010de\u0107e 12. septembra i traja\u0107e od 45 do 60 dana, zavisno od vremenskih uslova. Solana \u201eBajo","breadcrumb":{"@id":"https:\/\/www.visit-ulcinj.com\/blog\/2010\/09\/08\/u-ulcinju-posljednje-pripreme-za-jos-jednu-berbu-soli\/#breadcrumb"},"inLanguage":"en-US","potentialAction":[{"@type":"ReadAction","target":["https:\/\/www.visit-ulcinj.com\/blog\/2010\/09\/08\/u-ulcinju-posljednje-pripreme-za-jos-jednu-berbu-soli\/"]}]},{"@type":"BreadcrumbList","@id":"https:\/\/www.visit-ulcinj.com\/blog\/2010\/09\/08\/u-ulcinju-posljednje-pripreme-za-jos-jednu-berbu-soli\/#breadcrumb","itemListElement":[{"@type":"ListItem","position":1,"name":"U Ulcinju posljednje pripreme za jo\u0161 jednu berbu soli"}]},{"@type":"Person","@id":"https:\/\/www.visit-ulcinj.com\/blog\/#\/schema\/person\/dcab619c614d3038751c63bc2aadc06d","name":"ulqini","sameAs":["http:\/\/www.visit-ulcinj.com"],"url":"https:\/\/www.visit-ulcinj.com\/blog\/author\/admin\/"}]}},"jetpack_featured_media_url":"","jetpack_sharing_enabled":true,"jetpack_shortlink":"https:\/\/wp.me\/pe6lTn-9Bp","_links":{"self":[{"href":"https:\/\/www.visit-ulcinj.com\/blog\/wp-json\/wp\/v2\/posts\/36915"}],"collection":[{"href":"https:\/\/www.visit-ulcinj.com\/blog\/wp-json\/wp\/v2\/posts"}],"about":[{"href":"https:\/\/www.visit-ulcinj.com\/blog\/wp-json\/wp\/v2\/types\/post"}],"author":[{"embeddable":true,"href":"https:\/\/www.visit-ulcinj.com\/blog\/wp-json\/wp\/v2\/users\/1"}],"replies":[{"embeddable":true,"href":"https:\/\/www.visit-ulcinj.com\/blog\/wp-json\/wp\/v2\/comments?post=36915"}],"version-history":[{"count":0,"href":"https:\/\/www.visit-ulcinj.com\/blog\/wp-json\/wp\/v2\/posts\/36915\/revisions"}],"wp:attachment":[{"href":"https:\/\/www.visit-ulcinj.com\/blog\/wp-json\/wp\/v2\/media?parent=36915"}],"wp:term":[{"taxonomy":"category","embeddable":true,"href":"https:\/\/www.visit-ulcinj.com\/blog\/wp-json\/wp\/v2\/categories?post=36915"},{"taxonomy":"post_tag","embeddable":true,"href":"https:\/\/www.visit-ulcinj.com\/blog\/wp-json\/wp\/v2\/tags?post=36915"}],"curies":[{"name":"wp","href":"https:\/\/api.w.org\/{rel}","templated":true}]}}