{"id":36921,"date":"2010-09-08T10:09:54","date_gmt":"2010-09-08T08:09:54","guid":{"rendered":"http:\/\/www.visit-ulcinj.com\/blog\/?p=36921"},"modified":"2010-09-26T16:58:12","modified_gmt":"2010-09-26T14:58:12","slug":"shqetesim-per-poziten-e-kultures-se-shqiptareve","status":"publish","type":"post","link":"https:\/\/www.visit-ulcinj.com\/blog\/2010\/09\/08\/shqetesim-per-poziten-e-kultures-se-shqiptareve\/","title":{"rendered":"Shqet\u00ebsim p\u00ebr pozit\u00ebn e kultur\u00ebs s\u00eb shqiptar\u00ebve &#8211; Video"},"content":{"rendered":"<p><strong><a href=\"http:\/\/www.visit-ulcinj.com\/blog\/wp-content\/uploads\/2010\/09\/kultura-dhe-shoqeria-civile_nail-draga.jpg\"><img loading=\"lazy\" class=\"alignleft size-full wp-image-36922\" title=\"kultura dhe shoqeria civile_nail draga\" src=\"http:\/\/www.visit-ulcinj.com\/blog\/wp-content\/uploads\/2010\/09\/kultura-dhe-shoqeria-civile_nail-draga.jpg\" alt=\"\" width=\"294\" height=\"476\" srcset=\"https:\/\/www.visit-ulcinj.com\/blog\/wp-content\/uploads\/2010\/09\/kultura-dhe-shoqeria-civile_nail-draga.jpg 294w, https:\/\/www.visit-ulcinj.com\/blog\/wp-content\/uploads\/2010\/09\/kultura-dhe-shoqeria-civile_nail-draga-185x300.jpg 185w\" sizes=\"(max-width: 294px) 100vw, 294px\" \/><\/a>Autori paraqet shqet\u00ebsimin e tij lidhur\u00a0me trash\u00ebgimin\u00eb kulturore t\u00eb\u00a0shqiptar\u00ebve, identitetin e rrezikuar\u00a0kulturor e arsimor t\u00eb shqiptar\u00ebve\u00a0etj. P\u00ebrmes t\u00eb dh\u00ebnave ai tregon se\u00a0kultura e shqiptar\u00ebve n\u00eb Mal t\u00eb Zi\u00a0anashkalohet sa i p\u00ebrket financimit\u00a0nga institucionet shtet\u00ebrore. Sipas\u00a0tij, edhe pse Mali i Zi \u00ebsht\u00eb shtet\u00a0multikulturor, shqiptar\u00ebt jan\u00eb t\u00eb\u00a0diskriminuar n\u00eb arsim dhe kultur\u00eb.<br \/>\n<\/strong>Artikujt, eset\u00eb dhe v\u00ebshtrimet e botuara n\u00eb\u00a0gazeta dhe revista t\u00eb ndryshme n\u00eb periudh\u00ebn\u00a0kohore 2002 &#8211; 2008, dr. Nail Draga i ka p\u00ebrmbledhur\u00a0n\u00eb librin e tij m\u00eb t\u00eb ri me titull\u00a0\u201cKultura dhe shoq\u00ebria civile\u201d q\u00eb doli koh\u00eb m\u00eb\u00a0par\u00eb n\u00eb edicionin botues t\u00eb Shoqat\u00ebs \u201cArt\u00a0Club\u201d.\u00a0Libri \u00ebsht\u00eb i ndar\u00eb n\u00eb kat\u00ebr pjes\u00eb:\u00a0\u201cTrash\u00ebgimia kulturore\u201d, \u201cIdentiteti gjuh\u00ebsor\u201d,\u00a0\u201cDiskursi arsimor\u201d dhe \u201cPrezantime\u201d.\u00a0N\u00eb k\u00ebt\u00eb lib\u00ebr, Draga prezanton probleme t\u00eb\u00a0ndryshme q\u00eb kan\u00eb t\u00eb b\u00ebjn\u00eb me kultur\u00ebn e\u00a0shqiptar\u00ebve n\u00eb Mal t\u00eb Zi dhe paraqet\u00a0shqet\u00ebsimin e tij lidhur me trash\u00ebgimin\u00eb kulturore\u00a0t\u00eb shqiptar\u00ebve, identitetin e rrezikuar\u00a0kulturor e arsimor t\u00eb shqiptar\u00ebve etj.\u00a0P\u00ebrve\u00e7 q\u00eb prezanton gjendjen reale t\u00eb pozit\u00ebs\u00a0s\u00eb kultur\u00ebs dhe arsimit shqip n\u00eb Mal t\u00eb Zi,\u00a0autori jep edhe ide p\u00ebr p\u00ebrmir\u00ebsimin e pozit\u00ebs\u00a0s\u00eb shqiptar\u00ebve n\u00eb k\u00ebto fusha. Ai sjell shembuj\u00a0pozitiv\u00eb duke krijuar paralelizma me vendet\u00a0me demokraci t\u00eb zhvilluar.\u00a0Autori p\u00ebrmes t\u00eb dh\u00ebnave tregon se kultura e\u00a0shqiptar\u00ebve n\u00eb Mal t\u00eb Zi anashkalohet sa i p\u00ebrket\u00a0financimit nga institucionet shtet\u00ebrore.\u00a0Sipas tij, edhe pse Mali i Zi \u00ebsht\u00eb shtet multikulturor,\u00a0shqiptar\u00ebt jan\u00eb t\u00eb diskriminuar n\u00eb\u00a0arsim dhe kultur\u00eb. Ai pohon se organizatat e\u00a0shoq\u00ebris\u00eb civile kan\u00eb luajtur dhe vazhdojn\u00eb t\u00eb\u00a0luajn\u00eb nj\u00eb rol t\u00eb r\u00ebnd\u00ebsish\u00ebm n\u00eb zhvillimin e\u00a0kultur\u00ebs s\u00eb shqiptar\u00ebve n\u00eb Mal t\u00eb Zi.\u00a0Edhe pse artikujt jan\u00eb botuar m\u00eb par\u00eb, libri p\u00ebrb\u00ebn\u00a0r\u00ebnd\u00ebsi t\u00eb ve\u00e7ant\u00eb p\u00ebr t\u00eb gjith\u00eb, por sidomos\u00a0p\u00ebr ata q\u00eb n\u00eb t\u00eb ardhmen do t\u00eb merren me\u00a0studimet q\u00eb kan\u00eb t\u00eb b\u00ebjn\u00eb me identitetin kulturor\u00a0dhe arsimor t\u00eb shqiptar\u00ebve n\u00eb Malin e Zi.\u00a0Dr. Nail Draga ka botuar m\u00eb par\u00eb librat:\u00a0\u201cShqiptar\u00ebt n\u00eb Mal t\u00eb Zi\u201c, \u201cAlbanci u Crnoj\u00a0Gori\u201d, \u201cGjurm\u00eb gjeografike\u201d, \u201cKomente dhe\u00a0opinione\u201d, \u201cShpalime gjeografike\u201d dhe\u00a0\u201cMeditime p\u00ebr identitetin\u201d.<\/p>\n<p><strong>i.k.<br \/>\nKoha Javore<br \/>\n<!--YouTube Error: bad URL entered--><\/strong><\/p>\n","protected":false},"excerpt":{"rendered":"<p>Autori paraqet shqet\u00ebsimin e tij lidhur\u00a0me trash\u00ebgimin\u00eb kulturore t\u00eb\u00a0shqiptar\u00ebve, identitetin e rrezikuar\u00a0kulturor e arsimor t\u00eb shqiptar\u00ebve\u00a0etj. P\u00ebrmes t\u00eb dh\u00ebnave ai tregon se\u00a0kultura e shqiptar\u00ebve n\u00eb Mal t\u00eb Zi\u00a0anashkalohet sa i p\u00ebrket financimit\u00a0nga institucionet shtet\u00ebrore. Sipas\u00a0tij, edhe pse Mali i Zi \u00ebsht\u00eb shtet\u00a0multikulturor, shqiptar\u00ebt jan\u00eb t\u00eb\u00a0diskriminuar n\u00eb arsim dhe kultur\u00eb. Artikujt, eset\u00eb dhe v\u00ebshtrimet e botuara [&hellip;]<\/p>\n","protected":false},"author":1,"featured_media":0,"comment_status":"open","ping_status":"closed","sticky":false,"template":"","format":"standard","meta":{"spay_email":"","jetpack_publicize_message":"","jetpack_is_tweetstorm":false,"jetpack_publicize_feature_enabled":true},"categories":[4],"tags":[2761,496,200,18],"jetpack_publicize_connections":[],"yoast_head":"<!-- This site is optimized with the Yoast SEO plugin v19.1 - https:\/\/yoast.com\/wordpress\/plugins\/seo\/ -->\n<title>Shqet\u00ebsim p\u00ebr pozit\u00ebn e kultur\u00ebs s\u00eb shqiptar\u00ebve - Video - Lajme nga Ulqini<\/title>\n<meta name=\"description\" content=\"Autori paraqet shqet\u00ebsimin e tij lidhur\u00a0me trash\u00ebgimin\u00eb kulturore t\u00eb\u00a0shqiptar\u00ebve, identitetin e rrezikuar\u00a0kulturor e arsimor t\u00eb shqiptar\u00ebve\u00a0etj. P\u00ebrmes t\u00eb\" \/>\n<meta name=\"robots\" content=\"index, follow, max-snippet:-1, max-image-preview:large, max-video-preview:-1\" \/>\n<link rel=\"canonical\" href=\"https:\/\/www.visit-ulcinj.com\/blog\/2010\/09\/08\/shqetesim-per-poziten-e-kultures-se-shqiptareve\/\" \/>\n<meta property=\"og:locale\" content=\"en_US\" \/>\n<meta property=\"og:type\" content=\"article\" \/>\n<meta property=\"og:title\" content=\"Shqet\u00ebsim p\u00ebr pozit\u00ebn e kultur\u00ebs s\u00eb shqiptar\u00ebve - Video - Lajme nga Ulqini\" \/>\n<meta property=\"og:description\" content=\"Autori paraqet shqet\u00ebsimin e tij lidhur\u00a0me trash\u00ebgimin\u00eb kulturore t\u00eb\u00a0shqiptar\u00ebve, identitetin e rrezikuar\u00a0kulturor e arsimor t\u00eb shqiptar\u00ebve\u00a0etj. P\u00ebrmes t\u00eb\" \/>\n<meta property=\"og:url\" content=\"https:\/\/www.visit-ulcinj.com\/blog\/2010\/09\/08\/shqetesim-per-poziten-e-kultures-se-shqiptareve\/\" \/>\n<meta property=\"og:site_name\" content=\"Lajme nga Ulqini\" \/>\n<meta property=\"article:published_time\" content=\"2010-09-08T08:09:54+00:00\" \/>\n<meta property=\"article:modified_time\" content=\"2010-09-26T14:58:12+00:00\" \/>\n<meta property=\"og:image\" content=\"http:\/\/www.visit-ulcinj.com\/blog\/wp-content\/uploads\/2010\/09\/kultura-dhe-shoqeria-civile_nail-draga.jpg\" \/>\n<meta name=\"twitter:label1\" content=\"Written by\" \/>\n\t<meta name=\"twitter:data1\" content=\"ulqini\" \/>\n\t<meta name=\"twitter:label2\" content=\"Est. reading time\" \/>\n\t<meta name=\"twitter:data2\" content=\"2 minutes\" \/>\n<script type=\"application\/ld+json\" class=\"yoast-schema-graph\">{\"@context\":\"https:\/\/schema.org\",\"@graph\":[{\"@type\":\"WebSite\",\"@id\":\"https:\/\/www.visit-ulcinj.com\/blog\/#website\",\"url\":\"https:\/\/www.visit-ulcinj.com\/blog\/\",\"name\":\"Lajme nga Ulqini\",\"description\":\"Lajme,Vijesti,Ulqini,Ulqin,Crna Gora,Mali i Zi\",\"potentialAction\":[{\"@type\":\"SearchAction\",\"target\":{\"@type\":\"EntryPoint\",\"urlTemplate\":\"https:\/\/www.visit-ulcinj.com\/blog\/?s={search_term_string}\"},\"query-input\":\"required name=search_term_string\"}],\"inLanguage\":\"en-US\"},{\"@type\":\"ImageObject\",\"inLanguage\":\"en-US\",\"@id\":\"https:\/\/www.visit-ulcinj.com\/blog\/2010\/09\/08\/shqetesim-per-poziten-e-kultures-se-shqiptareve\/#primaryimage\",\"url\":\"https:\/\/www.visit-ulcinj.com\/blog\/wp-content\/uploads\/2010\/09\/kultura-dhe-shoqeria-civile_nail-draga.jpg\",\"contentUrl\":\"https:\/\/www.visit-ulcinj.com\/blog\/wp-content\/uploads\/2010\/09\/kultura-dhe-shoqeria-civile_nail-draga.jpg\",\"width\":\"294\",\"height\":\"476\"},{\"@type\":\"WebPage\",\"@id\":\"https:\/\/www.visit-ulcinj.com\/blog\/2010\/09\/08\/shqetesim-per-poziten-e-kultures-se-shqiptareve\/#webpage\",\"url\":\"https:\/\/www.visit-ulcinj.com\/blog\/2010\/09\/08\/shqetesim-per-poziten-e-kultures-se-shqiptareve\/\",\"name\":\"Shqet\u00ebsim p\u00ebr pozit\u00ebn e kultur\u00ebs s\u00eb shqiptar\u00ebve - Video - Lajme nga Ulqini\",\"isPartOf\":{\"@id\":\"https:\/\/www.visit-ulcinj.com\/blog\/#website\"},\"primaryImageOfPage\":{\"@id\":\"https:\/\/www.visit-ulcinj.com\/blog\/2010\/09\/08\/shqetesim-per-poziten-e-kultures-se-shqiptareve\/#primaryimage\"},\"datePublished\":\"2010-09-08T08:09:54+00:00\",\"dateModified\":\"2010-09-26T14:58:12+00:00\",\"author\":{\"@id\":\"https:\/\/www.visit-ulcinj.com\/blog\/#\/schema\/person\/dcab619c614d3038751c63bc2aadc06d\"},\"description\":\"Autori paraqet shqet\u00ebsimin e tij lidhur\u00a0me trash\u00ebgimin\u00eb kulturore t\u00eb\u00a0shqiptar\u00ebve, identitetin e rrezikuar\u00a0kulturor e arsimor t\u00eb shqiptar\u00ebve\u00a0etj. P\u00ebrmes t\u00eb\",\"breadcrumb\":{\"@id\":\"https:\/\/www.visit-ulcinj.com\/blog\/2010\/09\/08\/shqetesim-per-poziten-e-kultures-se-shqiptareve\/#breadcrumb\"},\"inLanguage\":\"en-US\",\"potentialAction\":[{\"@type\":\"ReadAction\",\"target\":[\"https:\/\/www.visit-ulcinj.com\/blog\/2010\/09\/08\/shqetesim-per-poziten-e-kultures-se-shqiptareve\/\"]}]},{\"@type\":\"BreadcrumbList\",\"@id\":\"https:\/\/www.visit-ulcinj.com\/blog\/2010\/09\/08\/shqetesim-per-poziten-e-kultures-se-shqiptareve\/#breadcrumb\",\"itemListElement\":[{\"@type\":\"ListItem\",\"position\":1,\"name\":\"Shqet\u00ebsim p\u00ebr pozit\u00ebn e kultur\u00ebs s\u00eb shqiptar\u00ebve &#8211; Video\"}]},{\"@type\":\"Person\",\"@id\":\"https:\/\/www.visit-ulcinj.com\/blog\/#\/schema\/person\/dcab619c614d3038751c63bc2aadc06d\",\"name\":\"ulqini\",\"sameAs\":[\"http:\/\/www.visit-ulcinj.com\"],\"url\":\"https:\/\/www.visit-ulcinj.com\/blog\/author\/admin\/\"}]}<\/script>\n<!-- \/ Yoast SEO plugin. -->","yoast_head_json":{"title":"Shqet\u00ebsim p\u00ebr pozit\u00ebn e kultur\u00ebs s\u00eb shqiptar\u00ebve - Video - Lajme nga Ulqini","description":"Autori paraqet shqet\u00ebsimin e tij lidhur\u00a0me trash\u00ebgimin\u00eb kulturore t\u00eb\u00a0shqiptar\u00ebve, identitetin e rrezikuar\u00a0kulturor e arsimor t\u00eb shqiptar\u00ebve\u00a0etj. P\u00ebrmes t\u00eb","robots":{"index":"index","follow":"follow","max-snippet":"max-snippet:-1","max-image-preview":"max-image-preview:large","max-video-preview":"max-video-preview:-1"},"canonical":"https:\/\/www.visit-ulcinj.com\/blog\/2010\/09\/08\/shqetesim-per-poziten-e-kultures-se-shqiptareve\/","og_locale":"en_US","og_type":"article","og_title":"Shqet\u00ebsim p\u00ebr pozit\u00ebn e kultur\u00ebs s\u00eb shqiptar\u00ebve - Video - Lajme nga Ulqini","og_description":"Autori paraqet shqet\u00ebsimin e tij lidhur\u00a0me trash\u00ebgimin\u00eb kulturore t\u00eb\u00a0shqiptar\u00ebve, identitetin e rrezikuar\u00a0kulturor e arsimor t\u00eb shqiptar\u00ebve\u00a0etj. P\u00ebrmes t\u00eb","og_url":"https:\/\/www.visit-ulcinj.com\/blog\/2010\/09\/08\/shqetesim-per-poziten-e-kultures-se-shqiptareve\/","og_site_name":"Lajme nga Ulqini","article_published_time":"2010-09-08T08:09:54+00:00","article_modified_time":"2010-09-26T14:58:12+00:00","og_image":[{"url":"http:\/\/www.visit-ulcinj.com\/blog\/wp-content\/uploads\/2010\/09\/kultura-dhe-shoqeria-civile_nail-draga.jpg"}],"twitter_misc":{"Written by":"ulqini","Est. reading time":"2 minutes"},"schema":{"@context":"https:\/\/schema.org","@graph":[{"@type":"WebSite","@id":"https:\/\/www.visit-ulcinj.com\/blog\/#website","url":"https:\/\/www.visit-ulcinj.com\/blog\/","name":"Lajme nga Ulqini","description":"Lajme,Vijesti,Ulqini,Ulqin,Crna Gora,Mali i Zi","potentialAction":[{"@type":"SearchAction","target":{"@type":"EntryPoint","urlTemplate":"https:\/\/www.visit-ulcinj.com\/blog\/?s={search_term_string}"},"query-input":"required name=search_term_string"}],"inLanguage":"en-US"},{"@type":"ImageObject","inLanguage":"en-US","@id":"https:\/\/www.visit-ulcinj.com\/blog\/2010\/09\/08\/shqetesim-per-poziten-e-kultures-se-shqiptareve\/#primaryimage","url":"https:\/\/www.visit-ulcinj.com\/blog\/wp-content\/uploads\/2010\/09\/kultura-dhe-shoqeria-civile_nail-draga.jpg","contentUrl":"https:\/\/www.visit-ulcinj.com\/blog\/wp-content\/uploads\/2010\/09\/kultura-dhe-shoqeria-civile_nail-draga.jpg","width":"294","height":"476"},{"@type":"WebPage","@id":"https:\/\/www.visit-ulcinj.com\/blog\/2010\/09\/08\/shqetesim-per-poziten-e-kultures-se-shqiptareve\/#webpage","url":"https:\/\/www.visit-ulcinj.com\/blog\/2010\/09\/08\/shqetesim-per-poziten-e-kultures-se-shqiptareve\/","name":"Shqet\u00ebsim p\u00ebr pozit\u00ebn e kultur\u00ebs s\u00eb shqiptar\u00ebve - Video - Lajme nga Ulqini","isPartOf":{"@id":"https:\/\/www.visit-ulcinj.com\/blog\/#website"},"primaryImageOfPage":{"@id":"https:\/\/www.visit-ulcinj.com\/blog\/2010\/09\/08\/shqetesim-per-poziten-e-kultures-se-shqiptareve\/#primaryimage"},"datePublished":"2010-09-08T08:09:54+00:00","dateModified":"2010-09-26T14:58:12+00:00","author":{"@id":"https:\/\/www.visit-ulcinj.com\/blog\/#\/schema\/person\/dcab619c614d3038751c63bc2aadc06d"},"description":"Autori paraqet shqet\u00ebsimin e tij lidhur\u00a0me trash\u00ebgimin\u00eb kulturore t\u00eb\u00a0shqiptar\u00ebve, identitetin e rrezikuar\u00a0kulturor e arsimor t\u00eb shqiptar\u00ebve\u00a0etj. P\u00ebrmes t\u00eb","breadcrumb":{"@id":"https:\/\/www.visit-ulcinj.com\/blog\/2010\/09\/08\/shqetesim-per-poziten-e-kultures-se-shqiptareve\/#breadcrumb"},"inLanguage":"en-US","potentialAction":[{"@type":"ReadAction","target":["https:\/\/www.visit-ulcinj.com\/blog\/2010\/09\/08\/shqetesim-per-poziten-e-kultures-se-shqiptareve\/"]}]},{"@type":"BreadcrumbList","@id":"https:\/\/www.visit-ulcinj.com\/blog\/2010\/09\/08\/shqetesim-per-poziten-e-kultures-se-shqiptareve\/#breadcrumb","itemListElement":[{"@type":"ListItem","position":1,"name":"Shqet\u00ebsim p\u00ebr pozit\u00ebn e kultur\u00ebs s\u00eb shqiptar\u00ebve &#8211; Video"}]},{"@type":"Person","@id":"https:\/\/www.visit-ulcinj.com\/blog\/#\/schema\/person\/dcab619c614d3038751c63bc2aadc06d","name":"ulqini","sameAs":["http:\/\/www.visit-ulcinj.com"],"url":"https:\/\/www.visit-ulcinj.com\/blog\/author\/admin\/"}]}},"jetpack_featured_media_url":"","jetpack_sharing_enabled":true,"jetpack_shortlink":"https:\/\/wp.me\/pe6lTn-9Bv","_links":{"self":[{"href":"https:\/\/www.visit-ulcinj.com\/blog\/wp-json\/wp\/v2\/posts\/36921"}],"collection":[{"href":"https:\/\/www.visit-ulcinj.com\/blog\/wp-json\/wp\/v2\/posts"}],"about":[{"href":"https:\/\/www.visit-ulcinj.com\/blog\/wp-json\/wp\/v2\/types\/post"}],"author":[{"embeddable":true,"href":"https:\/\/www.visit-ulcinj.com\/blog\/wp-json\/wp\/v2\/users\/1"}],"replies":[{"embeddable":true,"href":"https:\/\/www.visit-ulcinj.com\/blog\/wp-json\/wp\/v2\/comments?post=36921"}],"version-history":[{"count":0,"href":"https:\/\/www.visit-ulcinj.com\/blog\/wp-json\/wp\/v2\/posts\/36921\/revisions"}],"wp:attachment":[{"href":"https:\/\/www.visit-ulcinj.com\/blog\/wp-json\/wp\/v2\/media?parent=36921"}],"wp:term":[{"taxonomy":"category","embeddable":true,"href":"https:\/\/www.visit-ulcinj.com\/blog\/wp-json\/wp\/v2\/categories?post=36921"},{"taxonomy":"post_tag","embeddable":true,"href":"https:\/\/www.visit-ulcinj.com\/blog\/wp-json\/wp\/v2\/tags?post=36921"}],"curies":[{"name":"wp","href":"https:\/\/api.w.org\/{rel}","templated":true}]}}