{"id":36926,"date":"2010-09-08T10:57:49","date_gmt":"2010-09-08T08:57:49","guid":{"rendered":"http:\/\/www.visit-ulcinj.com\/blog\/?p=36926"},"modified":"2022-06-13T13:01:12","modified_gmt":"2022-06-13T12:01:12","slug":"szallas-ulcinj-a-montenegroi-a-6e-7e-fo-ej","status":"publish","type":"post","link":"https:\/\/www.visit-ulcinj.com\/blog\/2010\/09\/08\/szallas-ulcinj-a-montenegroi-a-6e-7e-fo-ej\/","title":{"rendered":"Sz\u00e1ll\u00e1s Ulcinj a montenegr\u00f3i a 7\u20ac \/ f\u0151 \/ \u00e9j."},"content":{"rendered":"<p><a href=\"http:\/\/www.visit-ulcinj.com\/blog\/wp-content\/uploads\/2010\/09\/Holiday-House-Ulcinj-Montenegro.jpg\"><img loading=\"lazy\" class=\"alignleft wp-image-63155\" title=\"Holiday House Ulcinj Montenegro\" src=\"http:\/\/www.visit-ulcinj.com\/blog\/wp-content\/uploads\/2010\/09\/Holiday-House-Ulcinj-Montenegro.jpg\" alt=\"\" width=\"508\" height=\"360\" \/><\/a><\/p>\n<p><strong>Email: Holiday House@gmail.com<\/strong><\/p>\n<p><a href=\"http:\/\/www.visit-ulcinj.com\/apartments-in-ulcinj\/holiday-house-last-minute-ulcinj-ulqini-montenegro-of-7e-bed\/\" target=\"_blank\" rel=\"noopener\">Egyike azoknak, akik az \u00e9let minden olyan dolgot, ami a legjobb, hogy ad neked. Az egyik k\u00f6z\u00fcl\u00fck, aki \u00e9lvezi minden pillanat\u00e1t, az egyik a mi milli\u00f3 vend\u00e9g, de ugyanakkor, l\u00e9gy \u00f6nmagad, \u00e9s a kir\u00e1ly saj\u00e1t Birodalom Ulcinj. Haszn\u00e1ld ki a lehet\u0151s\u00e9get, \u00e9s l\u00e1togasson el a montenegr\u00f3i d\u00e9lkeleti v\u00e1rost, a v\u00e1ros csod\u00e1latos t\u00f6rt\u00e9net\u00e9t, a v\u00e1ros gy\u00f6ny\u00f6r\u0171 strandok, a v\u00e1ros kedves emberek, \u00e9s a v\u00e1ros Ulcinj.<\/a><\/p>\n<p><a href=\"http:\/\/www.visit-ulcinj.com\/apartments-in-ulcinj\/holiday-house-last-minute-ulcinj-ulqini-montenegro-of-7e-bed\/\" target=\"_blank\" rel=\"noopener\">Apartmanok forgalomba az a v\u00e1ros k\u00f6zpontj\u00e1ban, nem messze a tengerpartt\u00f3l \u00e9s nem crowdy az emberekkel. A l\u00e9legzetel\u00e1ll\u00edt\u00f3 tengerre n\u00e9z\u0151 szob\u00e1k \u00e9s a tetszet\u0151s, minden felszerelt, konyha, eb\u00e9dl\u0151, AC, tengerre n\u00e9z\u0151 terasz, \u00e9s sok parkol\u00f3hely az \u00e9p\u00fclet el\u0151tt.<\/a><\/p>\n<p><a href=\"http:\/\/www.visit-ulcinj.com\/apartments-in-ulcinj\/holiday-house-last-minute-ulcinj-ulqini-montenegro-of-7e-bed\/\" target=\"_blank\" rel=\"noopener\">Hogy a vend\u00e9g az Ulcinj egy \u00f6r\u00f6m, \u00e9s hogy a vend\u00e9g a mi apartmanok Ulcinj van valami mindig eml\u00e9kezni egy mosollyal, \u00e9s akkor k\u00edv\u00e1n visszat\u00e9rni hozz\u00e1nk, \u00e9s \u00fajra.<\/a><\/p>\n<p><a href=\"http:\/\/www.visit-ulcinj.com\/apartments-in-ulcinj\/holiday-house-last-minute-ulcinj-ulqini-montenegro-of-7e-bed\/\" target=\"_blank\" rel=\"noopener\">K\u00e9rj\u00fck, vegye figyelembe, hogy a tulajdons\u00e1gok a montenegr\u00f3i k\u00f6telesek felsz\u00e1m\u00edtani a hivatalos idegenforgalmi ad\u00f3 0.50 \u20ac \/ f\u0151 \/ \u00e9j. Ez nem tartalmazza az \u00e1r, \u00e9s hozz\u00e1 kell adni az egyenleget.<\/a><\/p>\n<p><a href=\"http:\/\/www.visit-ulcinj.com\/apartments-in-ulcinj\/holiday-house-last-minute-ulcinj-ulqini-montenegro-of-7e-bed\/\" target=\"_blank\" rel=\"noopener\">K\u00f6sz\u00f6netet szeretn\u00e9nk mondani \u00d6nnek, \u00e9s szeretn\u00e9m, ha egy meleg v\u00e1rjuk Apartmanok\u00a0 Ulcinj.<\/a><br \/>\n<a href=\"http:\/\/www.visit-ulcinj.com\/apartments-in-ulcinj\/holiday-house-last-minute-ulcinj-ulqini-montenegro-of-7e-bed\/\" target=\"_blank\" rel=\"noopener\"> <strong>Ulcinji<\/strong> a legd\u00e9libb v\u00e1ros a tengerparton Montenegr\u00f3 fel\u00e9, amely a leghosszabb tengerpart az Adri\u00e1n. Helyi Velika Plaza h\u00faz\u00f3dik 13 km. Ez az egyik legr\u00e9gebbi v\u00e1rosa, az Adriai-tengeren. Az els\u0151 a helyi lakosok voltak ill\u00edrek, akik az indo-eur\u00f3pai eredet\u0171. 2. sz\u00e1zadb\u00f3l BC a v\u00e1rost elfoglalt\u00e1k a r\u00f3maiak, aki megadta neki a mai nev\u00e9t <strong>Ulcinji<\/strong> (Ulcinijum). K\u00e9s\u0151bb a v\u00e1ros volt a c\u00e9l sok h\u00f3d\u00edt\u00f3k. A v\u00e1ros 1405-ben megszerezte a velenceiek. Mintegy 150 \u00e9vvel k\u00e9s\u0151bb a t\u00f6r\u00f6k\u00f6k. Az 1880-ben <strong>Ulcinji<\/strong> kapcsol\u00f3dik a Monac\u00f3i Montenegr\u00f3.<\/a><\/p>\n<p><a href=\"http:\/\/www.visit-ulcinj.com\/apartments-in-ulcinj\/holiday-house-last-minute-ulcinj-ulqini-montenegro-of-7e-bed\/\" target=\"_blank\" rel=\"noopener\">D\u00edky gazdag t\u00f6rt\u00e9nelme <strong>Ulcinji<\/strong> most k\u00edn\u00e1l nem csak a gy\u00f6ny\u00f6r\u0171 term\u00e9szet \u00e9s sok l\u00e1tnival\u00f3val. Az egyik legjelent\u0151sebb m\u0171eml\u00e9kek k\u00f6z\u00e9 tartozik Ulcinjisk\u00fd Castle (Ulcinjiski grad), Venezia Palace (Palata Venecija) Bal\u0161i\u0107\u016f Palace (Palata Bal\u0161i\u0107a), mecset Bregut (Dzamija Bregut), mecset Namazdjah (Dzamija Namazdjah), \u00f3ratorony, gy\u00f3gy-\u00e9s templom. Nicholas (Szent Mikl\u00f3s) \u00e9s a sv. J\u00f3zsef (Josip St.). A strand a finom homok, ami \u00e1ll\u00edt\u00f3lag gy\u00f3gyszer hat\u00e1sa. A magas \u00e1sv\u00e1nyianyag-tartalma alkalmas a reumatikus betegs\u00e9gek. K\u00e9t tov\u00e1bbi kellemes hely \u00faszni a strandon is nagy &#8220;Tropikana&#8221; \u00e9s a &#8220;Majai&#8221; gazdas\u00e1g a K\u00e9k Z\u00e1szl\u00f3. Ezen k\u00edv\u00fcl a b\u00e9relhet\u0151 v\u00edzi sporteszk\u00f6z\u00f6k, surfboards \u00e9s vizibicikli is \u00e9p\u00edtettek egy speci\u00e1lis m\u00f3l\u00f3n a sport hal\u00e1szok. P\u00e9nze j\u00f6tt, \u00e9s a b\u00fav\u00e1rkod\u00e1s szerelmeseinek, illetve \u00fatszakaszt v\u00edzis\u00ed.<\/a><\/p>\n<p><a href=\"http:\/\/www.visit-ulcinj.com\/apartments-in-ulcinj\/holiday-house-last-minute-ulcinj-ulqini-montenegro-of-7e-bed\/\" target=\"_blank\" rel=\"noopener\"><strong>Direct Link:\u00a0 www.visit-ulcinj.com<\/strong><\/a><\/p>\n\n\t\t<style type=\"text\/css\">\n\t\t\t#gallery-1 {\n\t\t\t\tmargin: auto;\n\t\t\t}\n\t\t\t#gallery-1 .gallery-item {\n\t\t\t\tfloat: left;\n\t\t\t\tmargin-top: 10px;\n\t\t\t\ttext-align: center;\n\t\t\t\twidth: 33%;\n\t\t\t}\n\t\t\t#gallery-1 img {\n\t\t\t\tborder: 2px solid #cfcfcf;\n\t\t\t}\n\t\t\t#gallery-1 .gallery-caption {\n\t\t\t\tmargin-left: 0;\n\t\t\t}\n\t\t\t\/* see gallery_shortcode() in wp-includes\/media.php *\/\n\t\t<\/style>\n\t\t<div id='gallery-1' class='gallery galleryid-36926 gallery-columns-3 gallery-size-thumbnail'><dl class='gallery-item'>\n\t\t\t<dt class='gallery-icon landscape'>\n\t\t\t\t<a href='https:\/\/www.visit-ulcinj.com\/blog\/wp-content\/uploads\/2010\/09\/Szall\u00e1as-Ulcinj-a-montenegroi-a-6\u20ac-7\u20ac.1.jpg'><img width=\"150\" height=\"150\" src=\"https:\/\/www.visit-ulcinj.com\/blog\/wp-content\/uploads\/2010\/09\/Szall\u00e1as-Ulcinj-a-montenegroi-a-6\u20ac-7\u20ac.1-150x150.jpg\" class=\"attachment-thumbnail size-thumbnail\" alt=\"\" loading=\"lazy\" \/><\/a>\n\t\t\t<\/dt><\/dl><dl class='gallery-item'>\n\t\t\t<dt class='gallery-icon landscape'>\n\t\t\t\t<a href='https:\/\/www.visit-ulcinj.com\/blog\/wp-content\/uploads\/2010\/09\/Szallas-Ulcinj-a-montenegroi-a-6\u20ac-7\u20ac.2.jpg'><img width=\"150\" height=\"150\" src=\"https:\/\/www.visit-ulcinj.com\/blog\/wp-content\/uploads\/2010\/09\/Szallas-Ulcinj-a-montenegroi-a-6\u20ac-7\u20ac.2-150x150.jpg\" class=\"attachment-thumbnail size-thumbnail\" alt=\"\" loading=\"lazy\" \/><\/a>\n\t\t\t<\/dt><\/dl><dl class='gallery-item'>\n\t\t\t<dt class='gallery-icon landscape'>\n\t\t\t\t<a href='https:\/\/www.visit-ulcinj.com\/blog\/wp-content\/uploads\/2010\/09\/Szallas-Ulcinj-a-montenegroi-a-6\u20ac-7\u20ac.3.jpg'><img width=\"150\" height=\"150\" src=\"https:\/\/www.visit-ulcinj.com\/blog\/wp-content\/uploads\/2010\/09\/Szallas-Ulcinj-a-montenegroi-a-6\u20ac-7\u20ac.3-150x150.jpg\" class=\"attachment-thumbnail size-thumbnail\" alt=\"\" loading=\"lazy\" \/><\/a>\n\t\t\t<\/dt><\/dl><br style=\"clear: both\" \/><dl class='gallery-item'>\n\t\t\t<dt class='gallery-icon landscape'>\n\t\t\t\t<a href='https:\/\/www.visit-ulcinj.com\/blog\/wp-content\/uploads\/2010\/09\/Szallas-Ulcinj-a-montenegroi-a-6\u20ac-7\u20ac.5.jpg'><img width=\"150\" height=\"150\" src=\"https:\/\/www.visit-ulcinj.com\/blog\/wp-content\/uploads\/2010\/09\/Szallas-Ulcinj-a-montenegroi-a-6\u20ac-7\u20ac.5-150x150.jpg\" class=\"attachment-thumbnail size-thumbnail\" alt=\"\" loading=\"lazy\" \/><\/a>\n\t\t\t<\/dt><\/dl><dl class='gallery-item'>\n\t\t\t<dt class='gallery-icon landscape'>\n\t\t\t\t<a href='https:\/\/www.visit-ulcinj.com\/blog\/wp-content\/uploads\/2010\/09\/Apartmanok-Cobi-Ulcinj.jpg'><img width=\"150\" height=\"150\" src=\"https:\/\/www.visit-ulcinj.com\/blog\/wp-content\/uploads\/2010\/09\/Apartmanok-Cobi-Ulcinj-150x150.jpg\" class=\"attachment-thumbnail size-thumbnail\" alt=\"\" loading=\"lazy\" \/><\/a>\n\t\t\t<\/dt><\/dl><dl class='gallery-item'>\n\t\t\t<dt class='gallery-icon landscape'>\n\t\t\t\t<a href='https:\/\/www.visit-ulcinj.com\/blog\/wp-content\/uploads\/2010\/09\/Holiday-House-Ulcinj-Montenegro.jpg'><img width=\"150\" height=\"150\" src=\"https:\/\/www.visit-ulcinj.com\/blog\/wp-content\/uploads\/2010\/09\/Holiday-House-Ulcinj-Montenegro-150x150.jpg\" class=\"attachment-thumbnail size-thumbnail\" alt=\"\" loading=\"lazy\" \/><\/a>\n\t\t\t<\/dt><\/dl><br style=\"clear: both\" \/>\n\t\t<\/div>\n\n<!--YouTube Error: bad URL entered-->\n","protected":false},"excerpt":{"rendered":"<p>Email: Holiday House@gmail.com Egyike azoknak, akik az \u00e9let minden olyan dolgot, ami a legjobb, hogy ad neked. Az egyik k\u00f6z\u00fcl\u00fck, aki \u00e9lvezi minden pillanat\u00e1t, az egyik a mi milli\u00f3 vend\u00e9g, de ugyanakkor, l\u00e9gy \u00f6nmagad, \u00e9s a kir\u00e1ly saj\u00e1t Birodalom Ulcinj. Haszn\u00e1ld ki a lehet\u0151s\u00e9get, \u00e9s l\u00e1togasson el a montenegr\u00f3i d\u00e9lkeleti v\u00e1rost, a v\u00e1ros csod\u00e1latos t\u00f6rt\u00e9net\u00e9t, [&hellip;]<\/p>\n","protected":false},"author":1,"featured_media":0,"comment_status":"open","ping_status":"closed","sticky":false,"template":"","format":"standard","meta":{"spay_email":"","jetpack_publicize_message":"","jetpack_is_tweetstorm":false,"jetpack_publicize_feature_enabled":true},"categories":[7679],"tags":[15306,15455,15460,15447,15308,15451,15461,13834,15466,15452,79,15439,10553,15454,15462,8607,15463,15464,15450,15305,15304,10540,15453,15465,15457,15459,15458,15307,15467,4620,15456],"jetpack_publicize_connections":[],"yoast_head":"<!-- This site is optimized with the Yoast SEO plugin v19.1 - https:\/\/yoast.com\/wordpress\/plugins\/seo\/ -->\n<title>Sz\u00e1ll\u00e1s Ulcinj a montenegr\u00f3i a 7\u20ac \/ f\u0151 \/ \u00e9j. - Lajme nga Ulqini<\/title>\n<meta name=\"description\" content=\"Email: Holiday House@gmail.com Egyike azoknak, akik az \u00e9let minden olyan dolgot, ami a legjobb, hogy ad neked. Az egyik k\u00f6z\u00fcl\u00fck, aki \u00e9lvezi minden\" \/>\n<meta name=\"robots\" content=\"index, follow, max-snippet:-1, max-image-preview:large, max-video-preview:-1\" \/>\n<link rel=\"canonical\" href=\"https:\/\/www.visit-ulcinj.com\/blog\/2010\/09\/08\/szallas-ulcinj-a-montenegroi-a-6e-7e-fo-ej\/\" \/>\n<meta property=\"og:locale\" content=\"en_US\" \/>\n<meta property=\"og:type\" content=\"article\" \/>\n<meta property=\"og:title\" content=\"Sz\u00e1ll\u00e1s Ulcinj a montenegr\u00f3i a 7\u20ac \/ f\u0151 \/ \u00e9j. - Lajme nga Ulqini\" \/>\n<meta property=\"og:description\" content=\"Email: Holiday House@gmail.com Egyike azoknak, akik az \u00e9let minden olyan dolgot, ami a legjobb, hogy ad neked. Az egyik k\u00f6z\u00fcl\u00fck, aki \u00e9lvezi minden\" \/>\n<meta property=\"og:url\" content=\"https:\/\/www.visit-ulcinj.com\/blog\/2010\/09\/08\/szallas-ulcinj-a-montenegroi-a-6e-7e-fo-ej\/\" \/>\n<meta property=\"og:site_name\" content=\"Lajme nga Ulqini\" \/>\n<meta property=\"article:published_time\" content=\"2010-09-08T08:57:49+00:00\" \/>\n<meta property=\"article:modified_time\" content=\"2022-06-13T12:01:12+00:00\" \/>\n<meta property=\"og:image\" content=\"https:\/\/www.visit-ulcinj.com\/blog\/wp-content\/uploads\/2010\/09\/Szall\u00e1as-Ulcinj-a-montenegroi-a-6\u20ac-7\u20ac.1-150x150.jpg\" \/>\n<meta name=\"twitter:label1\" content=\"Written by\" \/>\n\t<meta name=\"twitter:data1\" content=\"ulqini\" \/>\n\t<meta name=\"twitter:label2\" content=\"Est. reading time\" \/>\n\t<meta name=\"twitter:data2\" content=\"3 minutes\" \/>\n<script type=\"application\/ld+json\" class=\"yoast-schema-graph\">{\"@context\":\"https:\/\/schema.org\",\"@graph\":[{\"@type\":\"WebSite\",\"@id\":\"https:\/\/www.visit-ulcinj.com\/blog\/#website\",\"url\":\"https:\/\/www.visit-ulcinj.com\/blog\/\",\"name\":\"Lajme nga Ulqini\",\"description\":\"Lajme,Vijesti,Ulqini,Ulqin,Crna Gora,Mali i Zi\",\"potentialAction\":[{\"@type\":\"SearchAction\",\"target\":{\"@type\":\"EntryPoint\",\"urlTemplate\":\"https:\/\/www.visit-ulcinj.com\/blog\/?s={search_term_string}\"},\"query-input\":\"required name=search_term_string\"}],\"inLanguage\":\"en-US\"},{\"@type\":\"ImageObject\",\"inLanguage\":\"en-US\",\"@id\":\"https:\/\/www.visit-ulcinj.com\/blog\/2010\/09\/08\/szallas-ulcinj-a-montenegroi-a-6e-7e-fo-ej\/#primaryimage\",\"url\":\"https:\/\/www.visit-ulcinj.com\/blog\/wp-content\/uploads\/2010\/09\/Holiday-House-Ulcinj-Montenegro.jpg\",\"contentUrl\":\"https:\/\/www.visit-ulcinj.com\/blog\/wp-content\/uploads\/2010\/09\/Holiday-House-Ulcinj-Montenegro.jpg\",\"width\":\"1000\",\"height\":\"724\"},{\"@type\":\"WebPage\",\"@id\":\"https:\/\/www.visit-ulcinj.com\/blog\/2010\/09\/08\/szallas-ulcinj-a-montenegroi-a-6e-7e-fo-ej\/#webpage\",\"url\":\"https:\/\/www.visit-ulcinj.com\/blog\/2010\/09\/08\/szallas-ulcinj-a-montenegroi-a-6e-7e-fo-ej\/\",\"name\":\"Sz\u00e1ll\u00e1s Ulcinj a montenegr\u00f3i a 7\u20ac \/ f\u0151 \/ \u00e9j. - Lajme nga Ulqini\",\"isPartOf\":{\"@id\":\"https:\/\/www.visit-ulcinj.com\/blog\/#website\"},\"primaryImageOfPage\":{\"@id\":\"https:\/\/www.visit-ulcinj.com\/blog\/2010\/09\/08\/szallas-ulcinj-a-montenegroi-a-6e-7e-fo-ej\/#primaryimage\"},\"datePublished\":\"2010-09-08T08:57:49+00:00\",\"dateModified\":\"2022-06-13T12:01:12+00:00\",\"author\":{\"@id\":\"https:\/\/www.visit-ulcinj.com\/blog\/#\/schema\/person\/dcab619c614d3038751c63bc2aadc06d\"},\"description\":\"Email: Holiday House@gmail.com Egyike azoknak, akik az \u00e9let minden olyan dolgot, ami a legjobb, hogy ad neked. Az egyik k\u00f6z\u00fcl\u00fck, aki \u00e9lvezi minden\",\"breadcrumb\":{\"@id\":\"https:\/\/www.visit-ulcinj.com\/blog\/2010\/09\/08\/szallas-ulcinj-a-montenegroi-a-6e-7e-fo-ej\/#breadcrumb\"},\"inLanguage\":\"en-US\",\"potentialAction\":[{\"@type\":\"ReadAction\",\"target\":[\"https:\/\/www.visit-ulcinj.com\/blog\/2010\/09\/08\/szallas-ulcinj-a-montenegroi-a-6e-7e-fo-ej\/\"]}]},{\"@type\":\"BreadcrumbList\",\"@id\":\"https:\/\/www.visit-ulcinj.com\/blog\/2010\/09\/08\/szallas-ulcinj-a-montenegroi-a-6e-7e-fo-ej\/#breadcrumb\",\"itemListElement\":[{\"@type\":\"ListItem\",\"position\":1,\"name\":\"Sz\u00e1ll\u00e1s Ulcinj a montenegr\u00f3i a 7\u20ac \/ f\u0151 \/ \u00e9j.\"}]},{\"@type\":\"Person\",\"@id\":\"https:\/\/www.visit-ulcinj.com\/blog\/#\/schema\/person\/dcab619c614d3038751c63bc2aadc06d\",\"name\":\"ulqini\",\"sameAs\":[\"http:\/\/www.visit-ulcinj.com\"],\"url\":\"https:\/\/www.visit-ulcinj.com\/blog\/author\/admin\/\"}]}<\/script>\n<!-- \/ Yoast SEO plugin. -->","yoast_head_json":{"title":"Sz\u00e1ll\u00e1s Ulcinj a montenegr\u00f3i a 7\u20ac \/ f\u0151 \/ \u00e9j. - Lajme nga Ulqini","description":"Email: Holiday House@gmail.com Egyike azoknak, akik az \u00e9let minden olyan dolgot, ami a legjobb, hogy ad neked. Az egyik k\u00f6z\u00fcl\u00fck, aki \u00e9lvezi minden","robots":{"index":"index","follow":"follow","max-snippet":"max-snippet:-1","max-image-preview":"max-image-preview:large","max-video-preview":"max-video-preview:-1"},"canonical":"https:\/\/www.visit-ulcinj.com\/blog\/2010\/09\/08\/szallas-ulcinj-a-montenegroi-a-6e-7e-fo-ej\/","og_locale":"en_US","og_type":"article","og_title":"Sz\u00e1ll\u00e1s Ulcinj a montenegr\u00f3i a 7\u20ac \/ f\u0151 \/ \u00e9j. - Lajme nga Ulqini","og_description":"Email: Holiday House@gmail.com Egyike azoknak, akik az \u00e9let minden olyan dolgot, ami a legjobb, hogy ad neked. Az egyik k\u00f6z\u00fcl\u00fck, aki \u00e9lvezi minden","og_url":"https:\/\/www.visit-ulcinj.com\/blog\/2010\/09\/08\/szallas-ulcinj-a-montenegroi-a-6e-7e-fo-ej\/","og_site_name":"Lajme nga Ulqini","article_published_time":"2010-09-08T08:57:49+00:00","article_modified_time":"2022-06-13T12:01:12+00:00","og_image":[{"url":"https:\/\/www.visit-ulcinj.com\/blog\/wp-content\/uploads\/2010\/09\/Szall\u00e1as-Ulcinj-a-montenegroi-a-6\u20ac-7\u20ac.1-150x150.jpg"}],"twitter_misc":{"Written by":"ulqini","Est. reading time":"3 minutes"},"schema":{"@context":"https:\/\/schema.org","@graph":[{"@type":"WebSite","@id":"https:\/\/www.visit-ulcinj.com\/blog\/#website","url":"https:\/\/www.visit-ulcinj.com\/blog\/","name":"Lajme nga Ulqini","description":"Lajme,Vijesti,Ulqini,Ulqin,Crna Gora,Mali i Zi","potentialAction":[{"@type":"SearchAction","target":{"@type":"EntryPoint","urlTemplate":"https:\/\/www.visit-ulcinj.com\/blog\/?s={search_term_string}"},"query-input":"required name=search_term_string"}],"inLanguage":"en-US"},{"@type":"ImageObject","inLanguage":"en-US","@id":"https:\/\/www.visit-ulcinj.com\/blog\/2010\/09\/08\/szallas-ulcinj-a-montenegroi-a-6e-7e-fo-ej\/#primaryimage","url":"https:\/\/www.visit-ulcinj.com\/blog\/wp-content\/uploads\/2010\/09\/Holiday-House-Ulcinj-Montenegro.jpg","contentUrl":"https:\/\/www.visit-ulcinj.com\/blog\/wp-content\/uploads\/2010\/09\/Holiday-House-Ulcinj-Montenegro.jpg","width":"1000","height":"724"},{"@type":"WebPage","@id":"https:\/\/www.visit-ulcinj.com\/blog\/2010\/09\/08\/szallas-ulcinj-a-montenegroi-a-6e-7e-fo-ej\/#webpage","url":"https:\/\/www.visit-ulcinj.com\/blog\/2010\/09\/08\/szallas-ulcinj-a-montenegroi-a-6e-7e-fo-ej\/","name":"Sz\u00e1ll\u00e1s Ulcinj a montenegr\u00f3i a 7\u20ac \/ f\u0151 \/ \u00e9j. - Lajme nga Ulqini","isPartOf":{"@id":"https:\/\/www.visit-ulcinj.com\/blog\/#website"},"primaryImageOfPage":{"@id":"https:\/\/www.visit-ulcinj.com\/blog\/2010\/09\/08\/szallas-ulcinj-a-montenegroi-a-6e-7e-fo-ej\/#primaryimage"},"datePublished":"2010-09-08T08:57:49+00:00","dateModified":"2022-06-13T12:01:12+00:00","author":{"@id":"https:\/\/www.visit-ulcinj.com\/blog\/#\/schema\/person\/dcab619c614d3038751c63bc2aadc06d"},"description":"Email: Holiday House@gmail.com Egyike azoknak, akik az \u00e9let minden olyan dolgot, ami a legjobb, hogy ad neked. Az egyik k\u00f6z\u00fcl\u00fck, aki \u00e9lvezi minden","breadcrumb":{"@id":"https:\/\/www.visit-ulcinj.com\/blog\/2010\/09\/08\/szallas-ulcinj-a-montenegroi-a-6e-7e-fo-ej\/#breadcrumb"},"inLanguage":"en-US","potentialAction":[{"@type":"ReadAction","target":["https:\/\/www.visit-ulcinj.com\/blog\/2010\/09\/08\/szallas-ulcinj-a-montenegroi-a-6e-7e-fo-ej\/"]}]},{"@type":"BreadcrumbList","@id":"https:\/\/www.visit-ulcinj.com\/blog\/2010\/09\/08\/szallas-ulcinj-a-montenegroi-a-6e-7e-fo-ej\/#breadcrumb","itemListElement":[{"@type":"ListItem","position":1,"name":"Sz\u00e1ll\u00e1s Ulcinj a montenegr\u00f3i a 7\u20ac \/ f\u0151 \/ \u00e9j."}]},{"@type":"Person","@id":"https:\/\/www.visit-ulcinj.com\/blog\/#\/schema\/person\/dcab619c614d3038751c63bc2aadc06d","name":"ulqini","sameAs":["http:\/\/www.visit-ulcinj.com"],"url":"https:\/\/www.visit-ulcinj.com\/blog\/author\/admin\/"}]}},"jetpack_featured_media_url":"","jetpack_sharing_enabled":true,"jetpack_shortlink":"https:\/\/wp.me\/pe6lTn-9BA","_links":{"self":[{"href":"https:\/\/www.visit-ulcinj.com\/blog\/wp-json\/wp\/v2\/posts\/36926"}],"collection":[{"href":"https:\/\/www.visit-ulcinj.com\/blog\/wp-json\/wp\/v2\/posts"}],"about":[{"href":"https:\/\/www.visit-ulcinj.com\/blog\/wp-json\/wp\/v2\/types\/post"}],"author":[{"embeddable":true,"href":"https:\/\/www.visit-ulcinj.com\/blog\/wp-json\/wp\/v2\/users\/1"}],"replies":[{"embeddable":true,"href":"https:\/\/www.visit-ulcinj.com\/blog\/wp-json\/wp\/v2\/comments?post=36926"}],"version-history":[{"count":8,"href":"https:\/\/www.visit-ulcinj.com\/blog\/wp-json\/wp\/v2\/posts\/36926\/revisions"}],"predecessor-version":[{"id":106693,"href":"https:\/\/www.visit-ulcinj.com\/blog\/wp-json\/wp\/v2\/posts\/36926\/revisions\/106693"}],"wp:attachment":[{"href":"https:\/\/www.visit-ulcinj.com\/blog\/wp-json\/wp\/v2\/media?parent=36926"}],"wp:term":[{"taxonomy":"category","embeddable":true,"href":"https:\/\/www.visit-ulcinj.com\/blog\/wp-json\/wp\/v2\/categories?post=36926"},{"taxonomy":"post_tag","embeddable":true,"href":"https:\/\/www.visit-ulcinj.com\/blog\/wp-json\/wp\/v2\/tags?post=36926"}],"curies":[{"name":"wp","href":"https:\/\/api.w.org\/{rel}","templated":true}]}}