{"id":36940,"date":"2010-09-08T12:12:49","date_gmt":"2010-09-08T10:12:49","guid":{"rendered":"http:\/\/www.visit-ulcinj.com\/blog\/?p=36940"},"modified":"2010-09-09T15:15:14","modified_gmt":"2010-09-09T13:15:14","slug":"ulcinj-montenegroi","status":"publish","type":"post","link":"https:\/\/www.visit-ulcinj.com\/blog\/2010\/09\/08\/ulcinj-montenegroi\/","title":{"rendered":"Ulcinji &#8211; \u00fcnnep Montenegr\u00f3"},"content":{"rendered":"<p><strong><a href=\"http:\/\/www.visit-ulcinj.com\/blog\/wp-content\/uploads\/2010\/09\/Szallas-Ulcinj-a-montenegroi.jpg\"><img loading=\"lazy\" class=\"alignleft size-full wp-image-36941\" title=\"Szallas Ulcinj a montenegroi\" src=\"http:\/\/www.visit-ulcinj.com\/blog\/wp-content\/uploads\/2010\/09\/Szallas-Ulcinj-a-montenegroi.jpg\" alt=\"\" width=\"490\" height=\"380\" \/><\/a>Ulcinji<\/strong> a legd\u00e9libb v\u00e1ros a tengerparton Montenegr\u00f3 fel\u00e9, amely a leghosszabb tengerpart az Adri\u00e1n. Helyi Velika Plaza h\u00faz\u00f3dik 13 km. Ez az egyik legr\u00e9gebbi v\u00e1rosa, az Adriai-tengeren. Az els\u0151 a helyi lakosok voltak ill\u00edrek, akik az indo-eur\u00f3pai eredet\u0171. 2. sz\u00e1zadb\u00f3l BC a v\u00e1rost elfoglalt\u00e1k a r\u00f3maiak, aki megadta neki a mai nev\u00e9t <strong>Ulcinji<\/strong> (Ulcinijum). K\u00e9s\u0151bb a v\u00e1ros volt a c\u00e9l sok h\u00f3d\u00edt\u00f3k. A v\u00e1ros 1405-ben megszerezte a velenceiek. Mintegy 150 \u00e9vvel k\u00e9s\u0151bb a t\u00f6r\u00f6k\u00f6k. Az 1880-ben <strong>Ulcinji<\/strong> kapcsol\u00f3dik a Monac\u00f3i Montenegr\u00f3.<\/p>\n<p>D\u00edky gazdag t\u00f6rt\u00e9nelme <strong>Ulcinji<\/strong> most k\u00edn\u00e1l nem csak a gy\u00f6ny\u00f6r\u0171 term\u00e9szet \u00e9s sok l\u00e1tnival\u00f3val. Az egyik legjelent\u0151sebb m\u0171eml\u00e9kek k\u00f6z\u00e9 tartozik Ulcinjisk\u00fd Castle (Ulcinjiski grad), Venezia Palace (Palata Venecija) Bal\u0161i\u0107\u016f Palace (Palata Bal\u0161i\u0107a), mecset Bregut (Dzamija Bregut), mecset Namazdjah (Dzamija Namazdjah), \u00f3ratorony, gy\u00f3gy-\u00e9s templom. Nicholas (Szent Mikl\u00f3s) \u00e9s a sv. J\u00f3zsef (Josip St.). A strand a finom homok, ami \u00e1ll\u00edt\u00f3lag gy\u00f3gyszer hat\u00e1sa. A magas \u00e1sv\u00e1nyianyag-tartalma alkalmas a reumatikus betegs\u00e9gek. K\u00e9t tov\u00e1bbi kellemes hely \u00faszni a strandon is nagy &#8220;Tropikana&#8221; \u00e9s a &#8220;Majai&#8221; gazdas\u00e1g a K\u00e9k Z\u00e1szl\u00f3. Ezen k\u00edv\u00fcl a b\u00e9relhet\u0151 v\u00edzi sporteszk\u00f6z\u00f6k, surfboards \u00e9s vizibicikli is \u00e9p\u00edtettek egy speci\u00e1lis m\u00f3l\u00f3n a sport hal\u00e1szok. P\u00e9nze j\u00f6tt, \u00e9s a b\u00fav\u00e1rkod\u00e1s szerelmeseinek, illetve \u00fatszakaszt v\u00edzis\u00ed.<\/p>\n<p>A v\u00e1ros kinevezhet sz\u00e1mos turisztikai l\u00e1tv\u00e1nyoss\u00e1gok, mint p\u00e9ld\u00e1ul a S\u00e1v mintegy 21 km, Shkod\u00ebr mintegy 30 km, Hat\u00e1ser\u0151ss\u00e9g Rozafat mintegy 27 km, Island of Franz Josef mintegy 17 km, Strand Velipoja mintegy 20 km, Vilunit lagoon mintegy 21 km, Ulcinjsk\u00fd V\u00e1rat mintegy 0.7 km, V\u00f6r\u00f6s part mintegy 24 km, Velika K\u00f6zt\u00e9r mintegy 8 km, Ada Bojana mintegy 13 km.<\/p>\n<h3><a title=\"Permanent Link to Ulcinj, csevapcsicsa, \u00e9s a  Vranac\" href=\"http:\/\/www.csaladipenzmagazin.hu\/2010\/07\/27\/ulcinj-montenegro\/\">Ulcinj, csevapcsicsa, \u00e9s a Vranac<\/a><\/h3>\n<p>Interneten keresg\u00e9ltem sz\u00e1llod\u00e1kat az Adri\u00e1n. Sok helyen nyaraltunk m\u00e1r, de az Adria volt mindig a legjobb, legszebb, legbar\u00e1ts\u00e1gosabb. \u00a0K\u00f6zel van, sok minden bef\u00e9r az aut\u00f3ba, nem kell rept\u00e9rig \u00e9s rept\u00e9ren szenvedni a gyerekekkel. Az Adri\u00e1n otthon \u00e9rzem magam, besz\u00e9lem a nyelvet.<\/p>\n<p>Az utols\u00f3 h\u00e1rom \u00e9vben Rab szigeten nyaraltunk, Lopar \u00e9s Molunat v\u00e1rosk\u00e1kban. A feles\u00e9gemnek \u00e9s a h\u00e1rom\u00e9ves fiamnak tetszett a homokos strand, a nagyok unatkoztak, mert nem lehetett b\u00fav\u00e1rkodni a homokos, piszkos, alg\u00e1s tengerfen\u00e9ken, nekem pedig, nem tetszett, hogy Horv\u00e1torsz\u00e1g dr\u00e1ga lett, \u00e9s a horv\u00e1tok nem olyan kedvesek, turista szeret\u0151k, mint r\u00e9gen.<\/p>\n<p>Id\u00e9n \u00fagy d\u00f6nt\u00f6tt\u00fcnk, hogy sz\u00e1llod\u00e1ba megy\u00fcnk, ahol kapunk reggelit \u00e9s vacsor\u00e1t, mert ennyi gyereket naponta h\u00e1romszor megetetni, \u00e9s ut\u00e1nuk takar\u00edtani, az nem nyaral\u00e1s. Internetet b\u00f6ng\u00e9szve hamar r\u00e1j\u00f6ttem, hogy a horv\u00e1torsz\u00e1gi sz\u00e1lloda \u00e1rakat nem tudom kifizetni. Montenegr\u00f3i sz\u00e1llod\u00e1kat kezdtem keresg\u00e9lni. Sok hirdet\u00e9st nem tal\u00e1ltam, nem igaz\u00e1n foglalkoznak marketinggel, el\u00e9gg\u00e9 k\u00e9nyelmesek \u00e9s lustik\u00e1k a montenegr\u00f3iak, a r\u00e9gi viccek arr\u00f3l sz\u00f3lnak, hogy \u201emilyen kresz t\u00e1bla nem l\u00e9tezik Montenegr\u00f3ban? &#8211;\u00a0 a munk\u00e1latok az \u00faton!\u201d\u2026<\/p>\n<p>Egyszer csak r\u00e1b\u00f6ktem a hotel Mediteranra. Profi weboldal, gy\u00f6ny\u00f6r\u0171 k\u00e9pek, cs\u00e1b\u00edt\u00f3 le\u00edr\u00e1s, vonz\u00f3 \u00e1rak \u2013 ez kellett nek\u00fcnk! A sz\u00e1llod\u00e1val leleveleztem a felt\u00e9teleket, \u00e1rkedvezm\u00e9nyt is kaptunk, merthogy n\u00e9gy szob\u00e1t foglaltam. \u00d6cs\u00e9mmel, a fi\u00e1val, a bar\u00e1tainkkal, a h\u00e1rom\u00e9ves kisfi\u00fakkal, \u00f6sszesen t\u00edzen v\u00e1gtunk neki az \u00fatnak. K\u00e9t aut\u00f3val utaztunk, a mienk h\u00e9t szem\u00e9lyes. Indul\u00e1skor megsajn\u00e1ltam a feles\u00e9gemet egyed\u00fcl hat pasival, \u00e9s beprotezs\u00e1ltam a m\u00e1sik aut\u00f3ba, a bar\u00e1tn\u0151je mell\u00e9.<\/p>\n<p>Budapestt\u0151l Ulcinj 800 km. K\u00e9t napra let\u00e1boroztunk \u00dajvid\u00e9ken is, hogy megmutassam mindenkinek a sz\u00fcl\u0151v\u00e1rosomat. Els\u0151 esk\u00fcv\u0151i tan\u00fam fogadott \u00e9s sz\u00e1ll\u00e1solt el benn\u00fcnket. Fantasztikus csevapcsics\u00e1kat, pljeszkavic\u00e1kat \u00e9s k\u00e1posztasal\u00e1t\u00e1kat tud k\u00e9sz\u00edteni! J\u00f3kat ett\u00fcnk ittunk m\u00e9g a v\u00e1rosi strandon is, mely a vil\u00e1g egyik legszebb, legjobban ki\u00e9p\u00edtett folyami strandja a Duna partj\u00e1n, est\u00e9nk\u00e9nt sz\u00e1zezres t\u00f6meg h\u00f6mp\u00f6ly\u00f6g, iszik-eszik, bulizik \u00e9l\u0151 koncertekkel felp\u00f6rgetve. A vrdniki term\u00e1l f\u00fcrd\u0151ben is lubickoltunk, mely nemcsak a gy\u00f3gyviz\u00e9r\u0151l h\u00edres, hanem a t\u00f6rt\u00e9nelm\u00e9r\u0151l is.<\/p>\n<p>\u00dajvid\u00e9kig aut\u00f3p\u00e1lya van, a Horgos-R\u00f6szke hat\u00e1ron semmi t\u00f6meg h\u00e9tk\u00f6znapokon, 5 EUR az aut\u00f3p\u00e1lya d\u00edj a szerb oldalon, \u00e9s \u00dajvid\u00e9kt\u0151l m\u00e1r csak 500 km Ulcinj.<\/p>\n<p><strong>M\u00e1r csak! \u2026<\/strong><\/p>\n<p>Reggel kilenckor indultunk, \u00e9jjel f\u00e9l egykor \u00e9rt\u00fcnk oda! Egy csom\u00f3 \u00fatlez\u00e1r\u00e1s, \u00a0k\u00e1v\u00e9z\u00e1s, eb\u00e9del\u00e9s, turisztikai l\u00e1tv\u00e1nyoss\u00e1g lass\u00edtott le benn\u00fcnket csigabiga teljes\u00edtm\u00e9nyre\u2026 Egy gy\u00f6ny\u00f6r\u0171 v\u00edzes\u00e9sre \u00e9p\u00edtett \u00e9tteremben eb\u00e9delt\u00fcnk, a Drina v\u00f6lgy\u00e9ben (43\u00b057\u203218.13\u2033N, 19\u00b030\u203220.64\u2033E), ez k\u00e1rp\u00f3tolt benn\u00fcnket a hossz\u00fa utaz\u00e1s\u00e9rt.<\/p>\n<p>Term\u00e9szetesen, a sz\u00e1lloda weboldal\u00e1n publik\u00e1lt c\u00edmet sem ismerte a navim, \u00edgy Ulcinjban is f\u00e9l\u00f3r\u00e1t vesz\u00edtett\u00fcnk keresg\u00e9l\u00e9ssel. A Mediteran sz\u00e1lloda koordin\u00e1t\u00e1i, nehogy valaki is \u00e9jjel bolyongjon: 41\u00b055\u203225.32\u2033N, 19\u00b012\u203234.06\u2033E.<\/p>\n<p>A montenegr\u00f3iak, mint el\u0151z\u0151 cikkemben is kihangs\u00falyoztam, nagyon kedves, vend\u00e9gszeret\u0151 emberek. De hogy \u00e9jjel f\u00e9l egykor is vacsor\u00e1val v\u00e1rjanak benn\u00fcnket, ez kicsit hihetetlennek t\u0171nt!<\/p>\n<p>Ulcinj a legk\u00f6zelebbi v\u00e1ros az alb\u00e1n hat\u00e1rhoz. Ez\u00e9rt a v\u00e1ros hetven sz\u00e1zal\u00e9ka alb\u00e1n. Szer\u00e9ny, szeg\u00e9ny, egyszer\u0171, vall\u00e1sos, nyugodt mentalit\u00e1s\u00fa n\u00e9p. A hadseregben a szerbek ut\u00e1ltak, a horv\u00e1tok \u00fagyszint\u00e9n, a szlov\u00e9nok len\u00e9ztek, a bosny\u00e1kokkal ittam \u00e9s git\u00e1roztam, az alb\u00e1nok pedig testv\u00e9rk\u00e9nt szerettek \u00e9s megosztott\u00e1k velem az eb\u00e9dj\u00fcket. Hasonl\u00f3an, mint a montenegr\u00f3iak, vagy testv\u00e9rk\u00e9nt szeretnek vagy ut\u00e1lnak. Nem tudtam egyszer sem megk\u00e9rdezni, hogy merre van a gy\u00f3gyszert\u00e1r vagy hasonl\u00f3 an\u00e9lk\u00fcl, hogy a megk\u00e9rdezett el ne mes\u00e9lte volna az eg\u00e9sz \u00e9let\u00e9t gyerekest\u00fcl, unok\u00e1st\u00f3l\u2026<\/p>\n<p>Ulcinj nagyon olcs\u00f3. Ez nem igaz a t\u00f6bbi v\u00e1rosra, mert p\u00e9ld\u00e1ul Budva, melyb\u0151l Monte Carlo-t \u00e9p\u00edtettek, megfizethetetlen. A l\u00e9gkondis, medenc\u00e9s sz\u00e1llod\u00e1nk h\u00e1rom\u00e1gyas szob\u00e1ja reggelivel \u00e9s vacsor\u00e1val k\u00e9t feln\u0151ttnek (a h\u00e1rom\u00e9ves gyerek gr\u00e1tisz nyaralt) napi 55 EUR volt illet\u00e9kekkel. A k\u00e9t nagyfiam is h\u00e1rom\u00e1gyas szob\u00e1t kapott, \u00e9s sokkal t\u00f6bbet ettek mint \u00e9n, nekik 38 EUR volt a napi tarif\u00e1juk. Volt, amikor t\u00edzen megeb\u00e9delt\u00fcnk, \u00f3ri\u00e1si h\u00fasadagok, sal\u00e1t\u00e1k, sok s\u00f6r \u00e9s \u00fcd\u00edt\u0151 b\u0151s\u00e9gzavar\u00e1ban \u2013 19 eur\u00f3\u00e9rt! Nem is csoda, mert az \u00e1tlagfizet\u00e9s itt 200 EUR.<\/p>\n<p>Sz\u00f3val a sz\u00e1lloda \u00e9s felszolg\u00e1l\u00e1s kifog\u00e1stalan volt. Megismerkedt\u00fcnk a sz\u00e1lloda tulajdonos\u00e1val, aki ulcinji sz\u00e1rmaz\u00e1s\u00fa amerikai \u00fczletember, \u00e9s megismerkedt\u00fcnk a sz\u00e1lloda \u00faj igazgat\u00f3j\u00e1val is, aki egy kedves, csinos, \u00fajvid\u00e9ki magyar h\u00f6lgy. Az \u00e9rdekl\u0151d\u0151k magyarul is lelevelezhetik Erik\u00e1val a felt\u00e9teleket, ha cikkemt\u0151l felbuzdulva itt szeretn\u00e9nek nyaralni.<\/p>\n<p>A sz\u00e1llod\u00e1t\u00f3l k\u00e9tsz\u00e1z m\u00e9ter a v\u00e1rosi strand. Sokan vannak, mert az itt \u00e9l\u0151k ide j\u00e1rnak. A homok nincs tele szem\u00e9ttel, a v\u00edz tiszta. Ulcinj nagy el\u0151nye a Kotor \u00f6b\u00f6lben fekv\u0151 Igalo, Herceg Novi-val szemben, ahol a kis h\u00e1zunk van, \u00e9s ahol sokszor nyaraltunk, hogy ny\u00edlt tengeren fekszik, \u00edgy a tenger teljesen tiszta, \u00e9s eg\u00e9sz nap kellemesen f\u00faj a sz\u00e9l, nem d\u00f6glik meg az ember a hihetetlen melegben.<\/p>\n<p>A sz\u00e1llod\u00e1t\u00f3l 5-6 km a vil\u00e1gh\u00edr\u0171 14 kilom\u00e9ter hossz\u00fa homokstrand. Priv\u00e1t, gondozott, kicsike strandszakaszok sorakoznak egym\u00e1s ut\u00e1n, mindegyiken \u00e9tterem, wc, b\u00e9relhet\u0151 naperny\u0151k hever\u0151kkel, \u00e9s a bel\u00e9p\u0151 mindegyikbe ingyenes. Sz\u00e1z m\u00e9ter gyalogl\u00e1s ut\u00e1n is le tudunk \u00e1llni a tengerben. A homokos part mellett sok helyen a tenger nagy pocsoly\u00e1kat v\u00e1jt, a legkisebbek ebben pancsolhatnak eg\u00e9sz nap meleg v\u00edzben, fel\u00fcgyelet n\u00e9lk\u00fcl. Erre a strandra vezet\u0151 \u00faton tal\u00e1lhat\u00f3 egy \u00f3ri\u00e1si kirakod\u00f3v\u00e1s\u00e1r, \u00e9s t\u00f6bb vid\u00e1mpark is, est\u00e9nk\u00e9nt megk\u00f6zel\u00edthetetlenek a sok \u00e9rdekl\u0151d\u0151t\u0151l.<\/p>\n<p>A legszebb strandot, a n\u00e9metek \u00e1ltal \u00e9p\u00edtett Ada Bojana-t nem l\u00e1togattuk meg, mert naturista sziget, \u00e9s senki nem akart velem j\u00f6nni. H\u00e1rom kateg\u00f3ri\u00e1j\u00fa apartmant lehet itt b\u00e9relni, a legdr\u00e1g\u00e1bb luxus-apartman is kb. 33 EUR naponta, fejenk\u00e9nt.<\/p>\n<p>Ulcinjnak van egy h\u00edres n\u0151i nudista strandja is, mely a n\u0151i betegs\u00e9gek gy\u00f3gy\u00edt\u00e1s\u00e1r\u00f3l h\u00edres. Iszappakol\u00e1ssal, gy\u00f3gy massz\u00e1zzsal, medit\u00e1ci\u00f3val, \u00e9s im\u00e1kkal kezelik itt sikeresen a h\u00f6lgyeket. Siker\u00fclt nek\u00fcnk fi\u00faknak is ben\u00e9zni ide. Ugyanis, \u00f6cs\u00e9mmel \u00e9s a fiainkkal tal\u00e1ltunk egy stramm tengerbe mered\u0151 sziklapartot horg\u00e1sz\u00e1shoz, mely nem volt k\u00fcl\u00f6n\u00f6sebb figyelmeztet\u0151 t\u00e1bl\u00e1kkal \u00e9s ker\u00edt\u00e9ssel k\u00f6rbev\u00e9ve, ez\u00e9rt leereszkedt\u00fcnk, kipakoltuk a pecacuccot, \u00e9s t\u00e1tva maradt sz\u00e1jjal konstat\u00e1ltuk, hogy a t\u0151l\u00fcnk sz\u00e1z m\u00e9terre fekv\u0151 partszakasz tele van gy\u00f6ny\u00f6r\u0171 puc\u00e9r n\u0151vel! P\u00e1r percen bel\u00fcl j\u00f6tt is hadon\u00e1szva az \u0151r, hogy rend\u0151rs\u00e9get h\u00edv, ha nem takarodunk azonnal! Mindegy, \u00e9n m\u00e9g ott is kipec\u00e1ltam egy kis halat, a t\u00f6bbiek meg nem!<\/p>\n<p>Megint kihangs\u00falyozn\u00e1m, hogy Ulcinjban is a legfinomabb a csevapcsicsa, pljeszkavica, a Niksicko pivo (s\u00f6r) \u00e9s a Vranac bor. Idei \u00e9vem legnagyobb felfedez\u00e9se a Vranac Barrique. Nagyon finom, \u00e9s szebbeket \u00edrnak r\u00f3la, mint a kedvencem, a Vranac Reserve-r\u0151l (<a href=\"http:\/\/winetest.eu\/hu\/bortesztek\/montenegro-ujrafolfedezese.html\">http:\/\/winetest.eu\/hu\/bortesztek\/montenegro-ujrafolfedezese.html<\/a>), hoztam is bel\u0151le haza, nan\u00e1!<\/p>\n<p>Hazafel\u00e9 v\u00e9gigkocsik\u00e1ztuk \u2013 szomor\u00faan \u2013 az eg\u00e9sz montenegr\u00f3i tengerpartot, a gy\u00f6ny\u00f6r\u0171 Kotor \u00f6b\u00f6lt, majd j\u00f3t vacsor\u00e1zva Herceg Novi-ban nekiv\u00e1gtunk a horv\u00e1t aut\u00f3p\u00e1ly\u00e1nak. Reggel kilenckor indultunk Ulcinjb\u00f3l, este hatkor l\u00e9pt\u00fcnk be Horv\u00e1torsz\u00e1gba, \u00e9s csal\u00f3dva, hogy az aut\u00f3p\u00e1ly\u00e1b\u00f3l Splitt\u0151l Dubrovnikig m\u00e9g egy szakaszt sem adtak \u00e1t, reggel \u00f6tkor \u00e9rkezt\u00fcnk haza. Az \u00fat erre szerintem 1400 km, de sokkal vezethet\u0151bb, mint Szerbi\u00e1n kereszt\u00fcl.<br \/>\n<a href=\"http:\/\/www.csaladipenzmagazin.hu\/2010\/07\/27\/ulcinj-montenegro\/\" target=\"_blank\"><strong>Bosny\u00e1k \u00c1ron<br \/>\nwww.csaladipenzmagazin.hu<\/strong><\/a><\/p>\n\n\t\t<style type=\"text\/css\">\n\t\t\t#gallery-1 {\n\t\t\t\tmargin: auto;\n\t\t\t}\n\t\t\t#gallery-1 .gallery-item {\n\t\t\t\tfloat: left;\n\t\t\t\tmargin-top: 10px;\n\t\t\t\ttext-align: center;\n\t\t\t\twidth: 33%;\n\t\t\t}\n\t\t\t#gallery-1 img {\n\t\t\t\tborder: 2px solid #cfcfcf;\n\t\t\t}\n\t\t\t#gallery-1 .gallery-caption {\n\t\t\t\tmargin-left: 0;\n\t\t\t}\n\t\t\t\/* see gallery_shortcode() in wp-includes\/media.php *\/\n\t\t<\/style>\n\t\t<div id='gallery-1' class='gallery galleryid-36940 gallery-columns-3 gallery-size-thumbnail'><dl class='gallery-item'>\n\t\t\t<dt class='gallery-icon landscape'>\n\t\t\t\t<a href='https:\/\/www.visit-ulcinj.com\/blog\/wp-content\/uploads\/2010\/09\/Szallas-Ulcinj-a-montenegroi.jpg'><img width=\"150\" height=\"150\" src=\"https:\/\/www.visit-ulcinj.com\/blog\/wp-content\/uploads\/2010\/09\/Szallas-Ulcinj-a-montenegroi-150x150.jpg\" class=\"attachment-thumbnail size-thumbnail\" alt=\"\" loading=\"lazy\" \/><\/a>\n\t\t\t<\/dt><\/dl><dl class='gallery-item'>\n\t\t\t<dt class='gallery-icon landscape'>\n\t\t\t\t<a href='https:\/\/www.visit-ulcinj.com\/blog\/wp-content\/uploads\/2010\/09\/ulcinj-kl\u00edma.jpg'><img width=\"150\" height=\"150\" src=\"https:\/\/www.visit-ulcinj.com\/blog\/wp-content\/uploads\/2010\/09\/ulcinj-kl\u00edma-150x150.jpg\" class=\"attachment-thumbnail size-thumbnail\" alt=\"\" loading=\"lazy\" \/><\/a>\n\t\t\t<\/dt><\/dl><dl class='gallery-item'>\n\t\t\t<dt class='gallery-icon landscape'>\n\t\t\t\t<a href='https:\/\/www.visit-ulcinj.com\/blog\/wp-content\/uploads\/2010\/09\/Ada-Bojana.22.jpg'><img width=\"150\" height=\"150\" src=\"https:\/\/www.visit-ulcinj.com\/blog\/wp-content\/uploads\/2010\/09\/Ada-Bojana.22-150x150.jpg\" class=\"attachment-thumbnail size-thumbnail\" alt=\"\" loading=\"lazy\" \/><\/a>\n\t\t\t<\/dt><\/dl><br style=\"clear: both\" \/><dl class='gallery-item'>\n\t\t\t<dt class='gallery-icon landscape'>\n\t\t\t\t<a href='https:\/\/www.visit-ulcinj.com\/blog\/wp-content\/uploads\/2010\/09\/Ulcinj-Nepesseg.jpg'><img width=\"150\" height=\"150\" src=\"https:\/\/www.visit-ulcinj.com\/blog\/wp-content\/uploads\/2010\/09\/Ulcinj-Nepesseg-150x150.jpg\" class=\"attachment-thumbnail size-thumbnail\" alt=\"\" loading=\"lazy\" \/><\/a>\n\t\t\t<\/dt><\/dl><dl class='gallery-item'>\n\t\t\t<dt class='gallery-icon landscape'>\n\t\t\t\t<a href='https:\/\/www.visit-ulcinj.com\/blog\/wp-content\/uploads\/2010\/09\/Ulcinj-a-montenegroi.gif'><img width=\"150\" height=\"150\" src=\"https:\/\/www.visit-ulcinj.com\/blog\/wp-content\/uploads\/2010\/09\/Ulcinj-a-montenegroi-150x150.gif\" class=\"attachment-thumbnail size-thumbnail\" alt=\"\" loading=\"lazy\" \/><\/a>\n\t\t\t<\/dt><\/dl><dl class='gallery-item'>\n\t\t\t<dt class='gallery-icon landscape'>\n\t\t\t\t<a href='https:\/\/www.visit-ulcinj.com\/blog\/wp-content\/uploads\/2010\/09\/Ulcinj-a-montenegroi-Strandok.jpg'><img width=\"150\" height=\"150\" src=\"https:\/\/www.visit-ulcinj.com\/blog\/wp-content\/uploads\/2010\/09\/Ulcinj-a-montenegroi-Strandok-150x150.jpg\" class=\"attachment-thumbnail size-thumbnail\" alt=\"\" loading=\"lazy\" \/><\/a>\n\t\t\t<\/dt><\/dl><br style=\"clear: both\" \/><dl class='gallery-item'>\n\t\t\t<dt class='gallery-icon landscape'>\n\t\t\t\t<a href='https:\/\/www.visit-ulcinj.com\/blog\/wp-content\/uploads\/2010\/09\/Strandok-valdanos.jpg'><img width=\"150\" height=\"150\" src=\"https:\/\/www.visit-ulcinj.com\/blog\/wp-content\/uploads\/2010\/09\/Strandok-valdanos-150x150.jpg\" class=\"attachment-thumbnail size-thumbnail\" alt=\"\" loading=\"lazy\" \/><\/a>\n\t\t\t<\/dt><\/dl><dl class='gallery-item'>\n\t\t\t<dt class='gallery-icon landscape'>\n\t\t\t\t<a href='https:\/\/www.visit-ulcinj.com\/blog\/wp-content\/uploads\/2010\/09\/Noi-strand-ulcinj.jpg'><img width=\"150\" height=\"150\" src=\"https:\/\/www.visit-ulcinj.com\/blog\/wp-content\/uploads\/2010\/09\/Noi-strand-ulcinj-150x150.jpg\" class=\"attachment-thumbnail size-thumbnail\" alt=\"\" loading=\"lazy\" \/><\/a>\n\t\t\t<\/dt><\/dl><dl class='gallery-item'>\n\t\t\t<dt class='gallery-icon landscape'>\n\t\t\t\t<a href='https:\/\/www.visit-ulcinj.com\/blog\/wp-content\/uploads\/2010\/09\/Ada-Bojana-strandja.jpg'><img width=\"150\" height=\"150\" src=\"https:\/\/www.visit-ulcinj.com\/blog\/wp-content\/uploads\/2010\/09\/Ada-Bojana-strandja-150x150.jpg\" class=\"attachment-thumbnail size-thumbnail\" alt=\"\" loading=\"lazy\" \/><\/a>\n\t\t\t<\/dt><\/dl><br style=\"clear: both\" \/>\n\t\t<\/div>\n\n<p>[flv width=&#8221;490&#8243;      height=&#8221;400&#8243;]http:\/\/video.zoover.nl\/media\/play\/2010\/01\/20100125130811_025.flv[\/flv]<\/p>\n","protected":false},"excerpt":{"rendered":"<p>Ulcinji a legd\u00e9libb v\u00e1ros a tengerparton Montenegr\u00f3 fel\u00e9, amely a leghosszabb tengerpart az Adri\u00e1n. Helyi Velika Plaza h\u00faz\u00f3dik 13 km. Ez az egyik legr\u00e9gebbi v\u00e1rosa, az Adriai-tengeren. Az els\u0151 a helyi lakosok voltak ill\u00edrek, akik az indo-eur\u00f3pai eredet\u0171. 2. sz\u00e1zadb\u00f3l BC a v\u00e1rost elfoglalt\u00e1k a r\u00f3maiak, aki megadta neki a mai nev\u00e9t Ulcinji (Ulcinijum). K\u00e9s\u0151bb [&hellip;]<\/p>\n","protected":false},"author":1,"featured_media":0,"comment_status":"open","ping_status":"closed","sticky":false,"template":"","format":"standard","meta":{"spay_email":"","jetpack_publicize_message":"","jetpack_is_tweetstorm":false,"jetpack_publicize_feature_enabled":true},"categories":[7],"tags":[15322,15312,15317,15318,79,15309,15321,15314,19,15311,15316,15319,15310,15315,10662,15320,265,15313],"jetpack_publicize_connections":[],"yoast_head":"<!-- This site is optimized with the Yoast SEO plugin v19.1 - https:\/\/yoast.com\/wordpress\/plugins\/seo\/ -->\n<title>Ulcinji - \u00fcnnep Montenegr\u00f3 - Lajme nga Ulqini<\/title>\n<meta name=\"description\" content=\"Ulcinji a legd\u00e9libb v\u00e1ros a tengerparton Montenegr\u00f3 fel\u00e9, amely a leghosszabb tengerpart az Adri\u00e1n. Helyi Velika Plaza h\u00faz\u00f3dik 13 km. Ez az egyik\" \/>\n<meta name=\"robots\" content=\"index, follow, max-snippet:-1, max-image-preview:large, max-video-preview:-1\" \/>\n<link rel=\"canonical\" href=\"https:\/\/www.visit-ulcinj.com\/blog\/2010\/09\/08\/ulcinj-montenegroi\/\" \/>\n<meta property=\"og:locale\" content=\"en_US\" \/>\n<meta property=\"og:type\" content=\"article\" \/>\n<meta property=\"og:title\" content=\"Ulcinji - \u00fcnnep Montenegr\u00f3 - Lajme nga Ulqini\" \/>\n<meta property=\"og:description\" content=\"Ulcinji a legd\u00e9libb v\u00e1ros a tengerparton Montenegr\u00f3 fel\u00e9, amely a leghosszabb tengerpart az Adri\u00e1n. Helyi Velika Plaza h\u00faz\u00f3dik 13 km. Ez az egyik\" \/>\n<meta property=\"og:url\" content=\"https:\/\/www.visit-ulcinj.com\/blog\/2010\/09\/08\/ulcinj-montenegroi\/\" \/>\n<meta property=\"og:site_name\" content=\"Lajme nga Ulqini\" \/>\n<meta property=\"article:published_time\" content=\"2010-09-08T10:12:49+00:00\" \/>\n<meta property=\"article:modified_time\" content=\"2010-09-09T13:15:14+00:00\" \/>\n<meta property=\"og:image\" content=\"https:\/\/www.visit-ulcinj.com\/blog\/wp-content\/uploads\/2010\/09\/Szallas-Ulcinj-a-montenegroi-150x150.jpg\" \/>\n<meta name=\"twitter:label1\" content=\"Written by\" \/>\n\t<meta name=\"twitter:data1\" content=\"ulqini\" \/>\n\t<meta name=\"twitter:label2\" content=\"Est. reading time\" \/>\n\t<meta name=\"twitter:data2\" content=\"9 minutes\" \/>\n<script type=\"application\/ld+json\" class=\"yoast-schema-graph\">{\"@context\":\"https:\/\/schema.org\",\"@graph\":[{\"@type\":\"WebSite\",\"@id\":\"https:\/\/www.visit-ulcinj.com\/blog\/#website\",\"url\":\"https:\/\/www.visit-ulcinj.com\/blog\/\",\"name\":\"Lajme nga Ulqini\",\"description\":\"Lajme,Vijesti,Ulqini,Ulqin,Crna Gora,Mali i Zi\",\"potentialAction\":[{\"@type\":\"SearchAction\",\"target\":{\"@type\":\"EntryPoint\",\"urlTemplate\":\"https:\/\/www.visit-ulcinj.com\/blog\/?s={search_term_string}\"},\"query-input\":\"required name=search_term_string\"}],\"inLanguage\":\"en-US\"},{\"@type\":\"ImageObject\",\"inLanguage\":\"en-US\",\"@id\":\"https:\/\/www.visit-ulcinj.com\/blog\/2010\/09\/08\/ulcinj-montenegroi\/#primaryimage\",\"url\":\"https:\/\/www.visit-ulcinj.com\/blog\/wp-content\/uploads\/2010\/09\/Szallas-Ulcinj-a-montenegroi.jpg\",\"contentUrl\":\"https:\/\/www.visit-ulcinj.com\/blog\/wp-content\/uploads\/2010\/09\/Szallas-Ulcinj-a-montenegroi.jpg\",\"width\":\"1024\",\"height\":\"682\"},{\"@type\":\"WebPage\",\"@id\":\"https:\/\/www.visit-ulcinj.com\/blog\/2010\/09\/08\/ulcinj-montenegroi\/#webpage\",\"url\":\"https:\/\/www.visit-ulcinj.com\/blog\/2010\/09\/08\/ulcinj-montenegroi\/\",\"name\":\"Ulcinji - \u00fcnnep Montenegr\u00f3 - Lajme nga Ulqini\",\"isPartOf\":{\"@id\":\"https:\/\/www.visit-ulcinj.com\/blog\/#website\"},\"primaryImageOfPage\":{\"@id\":\"https:\/\/www.visit-ulcinj.com\/blog\/2010\/09\/08\/ulcinj-montenegroi\/#primaryimage\"},\"datePublished\":\"2010-09-08T10:12:49+00:00\",\"dateModified\":\"2010-09-09T13:15:14+00:00\",\"author\":{\"@id\":\"https:\/\/www.visit-ulcinj.com\/blog\/#\/schema\/person\/dcab619c614d3038751c63bc2aadc06d\"},\"description\":\"Ulcinji a legd\u00e9libb v\u00e1ros a tengerparton Montenegr\u00f3 fel\u00e9, amely a leghosszabb tengerpart az Adri\u00e1n. Helyi Velika Plaza h\u00faz\u00f3dik 13 km. Ez az egyik\",\"breadcrumb\":{\"@id\":\"https:\/\/www.visit-ulcinj.com\/blog\/2010\/09\/08\/ulcinj-montenegroi\/#breadcrumb\"},\"inLanguage\":\"en-US\",\"potentialAction\":[{\"@type\":\"ReadAction\",\"target\":[\"https:\/\/www.visit-ulcinj.com\/blog\/2010\/09\/08\/ulcinj-montenegroi\/\"]}]},{\"@type\":\"BreadcrumbList\",\"@id\":\"https:\/\/www.visit-ulcinj.com\/blog\/2010\/09\/08\/ulcinj-montenegroi\/#breadcrumb\",\"itemListElement\":[{\"@type\":\"ListItem\",\"position\":1,\"name\":\"Ulcinji &#8211; \u00fcnnep Montenegr\u00f3\"}]},{\"@type\":\"Person\",\"@id\":\"https:\/\/www.visit-ulcinj.com\/blog\/#\/schema\/person\/dcab619c614d3038751c63bc2aadc06d\",\"name\":\"ulqini\",\"sameAs\":[\"http:\/\/www.visit-ulcinj.com\"],\"url\":\"https:\/\/www.visit-ulcinj.com\/blog\/author\/admin\/\"}]}<\/script>\n<!-- \/ Yoast SEO plugin. -->","yoast_head_json":{"title":"Ulcinji - \u00fcnnep Montenegr\u00f3 - Lajme nga Ulqini","description":"Ulcinji a legd\u00e9libb v\u00e1ros a tengerparton Montenegr\u00f3 fel\u00e9, amely a leghosszabb tengerpart az Adri\u00e1n. Helyi Velika Plaza h\u00faz\u00f3dik 13 km. Ez az egyik","robots":{"index":"index","follow":"follow","max-snippet":"max-snippet:-1","max-image-preview":"max-image-preview:large","max-video-preview":"max-video-preview:-1"},"canonical":"https:\/\/www.visit-ulcinj.com\/blog\/2010\/09\/08\/ulcinj-montenegroi\/","og_locale":"en_US","og_type":"article","og_title":"Ulcinji - \u00fcnnep Montenegr\u00f3 - Lajme nga Ulqini","og_description":"Ulcinji a legd\u00e9libb v\u00e1ros a tengerparton Montenegr\u00f3 fel\u00e9, amely a leghosszabb tengerpart az Adri\u00e1n. Helyi Velika Plaza h\u00faz\u00f3dik 13 km. Ez az egyik","og_url":"https:\/\/www.visit-ulcinj.com\/blog\/2010\/09\/08\/ulcinj-montenegroi\/","og_site_name":"Lajme nga Ulqini","article_published_time":"2010-09-08T10:12:49+00:00","article_modified_time":"2010-09-09T13:15:14+00:00","og_image":[{"url":"https:\/\/www.visit-ulcinj.com\/blog\/wp-content\/uploads\/2010\/09\/Szallas-Ulcinj-a-montenegroi-150x150.jpg"}],"twitter_misc":{"Written by":"ulqini","Est. reading time":"9 minutes"},"schema":{"@context":"https:\/\/schema.org","@graph":[{"@type":"WebSite","@id":"https:\/\/www.visit-ulcinj.com\/blog\/#website","url":"https:\/\/www.visit-ulcinj.com\/blog\/","name":"Lajme nga Ulqini","description":"Lajme,Vijesti,Ulqini,Ulqin,Crna Gora,Mali i Zi","potentialAction":[{"@type":"SearchAction","target":{"@type":"EntryPoint","urlTemplate":"https:\/\/www.visit-ulcinj.com\/blog\/?s={search_term_string}"},"query-input":"required name=search_term_string"}],"inLanguage":"en-US"},{"@type":"ImageObject","inLanguage":"en-US","@id":"https:\/\/www.visit-ulcinj.com\/blog\/2010\/09\/08\/ulcinj-montenegroi\/#primaryimage","url":"https:\/\/www.visit-ulcinj.com\/blog\/wp-content\/uploads\/2010\/09\/Szallas-Ulcinj-a-montenegroi.jpg","contentUrl":"https:\/\/www.visit-ulcinj.com\/blog\/wp-content\/uploads\/2010\/09\/Szallas-Ulcinj-a-montenegroi.jpg","width":"1024","height":"682"},{"@type":"WebPage","@id":"https:\/\/www.visit-ulcinj.com\/blog\/2010\/09\/08\/ulcinj-montenegroi\/#webpage","url":"https:\/\/www.visit-ulcinj.com\/blog\/2010\/09\/08\/ulcinj-montenegroi\/","name":"Ulcinji - \u00fcnnep Montenegr\u00f3 - Lajme nga Ulqini","isPartOf":{"@id":"https:\/\/www.visit-ulcinj.com\/blog\/#website"},"primaryImageOfPage":{"@id":"https:\/\/www.visit-ulcinj.com\/blog\/2010\/09\/08\/ulcinj-montenegroi\/#primaryimage"},"datePublished":"2010-09-08T10:12:49+00:00","dateModified":"2010-09-09T13:15:14+00:00","author":{"@id":"https:\/\/www.visit-ulcinj.com\/blog\/#\/schema\/person\/dcab619c614d3038751c63bc2aadc06d"},"description":"Ulcinji a legd\u00e9libb v\u00e1ros a tengerparton Montenegr\u00f3 fel\u00e9, amely a leghosszabb tengerpart az Adri\u00e1n. Helyi Velika Plaza h\u00faz\u00f3dik 13 km. Ez az egyik","breadcrumb":{"@id":"https:\/\/www.visit-ulcinj.com\/blog\/2010\/09\/08\/ulcinj-montenegroi\/#breadcrumb"},"inLanguage":"en-US","potentialAction":[{"@type":"ReadAction","target":["https:\/\/www.visit-ulcinj.com\/blog\/2010\/09\/08\/ulcinj-montenegroi\/"]}]},{"@type":"BreadcrumbList","@id":"https:\/\/www.visit-ulcinj.com\/blog\/2010\/09\/08\/ulcinj-montenegroi\/#breadcrumb","itemListElement":[{"@type":"ListItem","position":1,"name":"Ulcinji &#8211; \u00fcnnep Montenegr\u00f3"}]},{"@type":"Person","@id":"https:\/\/www.visit-ulcinj.com\/blog\/#\/schema\/person\/dcab619c614d3038751c63bc2aadc06d","name":"ulqini","sameAs":["http:\/\/www.visit-ulcinj.com"],"url":"https:\/\/www.visit-ulcinj.com\/blog\/author\/admin\/"}]}},"jetpack_featured_media_url":"","jetpack_sharing_enabled":true,"jetpack_shortlink":"https:\/\/wp.me\/pe6lTn-9BO","_links":{"self":[{"href":"https:\/\/www.visit-ulcinj.com\/blog\/wp-json\/wp\/v2\/posts\/36940"}],"collection":[{"href":"https:\/\/www.visit-ulcinj.com\/blog\/wp-json\/wp\/v2\/posts"}],"about":[{"href":"https:\/\/www.visit-ulcinj.com\/blog\/wp-json\/wp\/v2\/types\/post"}],"author":[{"embeddable":true,"href":"https:\/\/www.visit-ulcinj.com\/blog\/wp-json\/wp\/v2\/users\/1"}],"replies":[{"embeddable":true,"href":"https:\/\/www.visit-ulcinj.com\/blog\/wp-json\/wp\/v2\/comments?post=36940"}],"version-history":[{"count":0,"href":"https:\/\/www.visit-ulcinj.com\/blog\/wp-json\/wp\/v2\/posts\/36940\/revisions"}],"wp:attachment":[{"href":"https:\/\/www.visit-ulcinj.com\/blog\/wp-json\/wp\/v2\/media?parent=36940"}],"wp:term":[{"taxonomy":"category","embeddable":true,"href":"https:\/\/www.visit-ulcinj.com\/blog\/wp-json\/wp\/v2\/categories?post=36940"},{"taxonomy":"post_tag","embeddable":true,"href":"https:\/\/www.visit-ulcinj.com\/blog\/wp-json\/wp\/v2\/tags?post=36940"}],"curies":[{"name":"wp","href":"https:\/\/api.w.org\/{rel}","templated":true}]}}