{"id":36961,"date":"2010-09-08T13:30:58","date_gmt":"2010-09-08T11:30:58","guid":{"rendered":"http:\/\/www.visit-ulcinj.com\/blog\/?p=36961"},"modified":"2010-09-08T13:30:58","modified_gmt":"2010-09-08T11:30:58","slug":"dps-u-ulcinju-samostalno","status":"publish","type":"post","link":"https:\/\/www.visit-ulcinj.com\/blog\/2010\/09\/08\/dps-u-ulcinju-samostalno\/","title":{"rendered":"DPS u Ulcinju samostalno"},"content":{"rendered":"<p><strong><a href=\"http:\/\/www.visit-ulcinj.com\/blog\/wp-content\/uploads\/2010\/09\/DPS-u-Ulcinju-samostalno.jpg\"><img loading=\"lazy\" class=\"alignleft size-full wp-image-36962\" title=\"DPS u Ulcinju samostalno\" src=\"http:\/\/www.visit-ulcinj.com\/blog\/wp-content\/uploads\/2010\/09\/DPS-u-Ulcinju-samostalno.jpg\" alt=\"\" width=\"490\" height=\"570\" \/><\/a>Op\u0161tinski odbor Demokratske partije socijalista u Ulcinju jednoglasno je ju\u010de odlu\u010dio da na predstoje\u0107e lokalne izbore 17. oktobra ta partija nastupi samostalno, pi\u0161e Pobjeda.<\/strong><br \/>\n\u0160ef ulcinjskog DPS Lui\u0111 Ljubo \u0160krelja kazao je za Pobjedu da su sjednici prethodile sjednica izvr\u0161nog odbora i konsultacije sa predsjedni\u0161tvom partije, kao i predsjednicima mjesnih odbora.<br \/>\n\u2018\u2019Odbor je svjestan da preuzima punu odgovornost za samostalan nastup\u2019\u2019, istakao je \u0160krelja.<br \/>\nOn ie dodao da ta partija ostaje otvorena za saradnju sa koalicionim partnerom Demokratskom unijom Albana na svim nivoima.<br \/>\nDPS je na prethodnim izborima, koji su 23. maja odr\u017eani u Ulcinju, nastupila u koaliciji sa Demokratskom unijom Albanaca, a ova koalicija je na majskim izborima osvojila 14 mandata.<\/p>\n<table border=\"0\" cellspacing=\"0\" cellpadding=\"0\" width=\"100%\">\n<tbody>\n<tr>\n<td><\/td>\n<\/tr>\n<\/tbody>\n<\/table>\n<p>Forca je tada osvojila 11 mandata, SDP, PDP i udru\u017eena opozicija po dva, a koalicija DSDJA i Gra\u0111anska inicijativa Amira Holaja \u2018\u2019Perspektiva\u2019\u2019 po jedan mandat.<br \/>\nParlament najju\u017enije crnogorske op\u0161tine \u010dine 33 odbornika, a o njegovom konstituisanju se bezuspje\u0161no pregovaralo punih dvanaest sedmica.<br \/>\nO\u010dekivani dogovor izme\u0111u partija DPS, DUA, PDP i SDP nije postignut, a sporan je, izme\u0111u ostalo, bio i zahtjev SDP za mjesto predsjednika skup\u0161tine.<br \/>\nPredsjednik Crne Gore Filip Vujanovi\u0107 u avgustu je raspisao nove izbore za odbornike u Ulcinju koji \u0107e biti odr\u017eani 17. oktobra.<\/p>\n<p><strong>Pobjeda<\/strong><\/p>\n","protected":false},"excerpt":{"rendered":"<p>Op\u0161tinski odbor Demokratske partije socijalista u Ulcinju jednoglasno je ju\u010de odlu\u010dio da na predstoje\u0107e lokalne izbore 17. oktobra ta partija nastupi samostalno, pi\u0161e Pobjeda. \u0160ef ulcinjskog DPS Lui\u0111 Ljubo \u0160krelja kazao je za Pobjedu da su sjednici prethodile sjednica izvr\u0161nog odbora i konsultacije sa predsjedni\u0161tvom partije, kao i predsjednicima mjesnih odbora. \u2018\u2019Odbor je svjestan da [&hellip;]<\/p>\n","protected":false},"author":1,"featured_media":0,"comment_status":"open","ping_status":"closed","sticky":false,"template":"","format":"standard","meta":{"spay_email":"","jetpack_publicize_message":"","jetpack_is_tweetstorm":false,"jetpack_publicize_feature_enabled":true},"categories":[8337],"tags":[530,15324,13248],"jetpack_publicize_connections":[],"yoast_head":"<!-- This site is optimized with the Yoast SEO plugin v19.1 - https:\/\/yoast.com\/wordpress\/plugins\/seo\/ -->\n<title>DPS u Ulcinju samostalno - Lajme nga Ulqini<\/title>\n<meta name=\"description\" content=\"Op\u0161tinski odbor Demokratske partije socijalista u Ulcinju jednoglasno je ju\u010de odlu\u010dio da na predstoje\u0107e lokalne izbore 17. oktobra ta partija nastupi\" \/>\n<meta name=\"robots\" content=\"index, follow, max-snippet:-1, max-image-preview:large, max-video-preview:-1\" \/>\n<link rel=\"canonical\" href=\"https:\/\/www.visit-ulcinj.com\/blog\/2010\/09\/08\/dps-u-ulcinju-samostalno\/\" \/>\n<meta property=\"og:locale\" content=\"en_US\" \/>\n<meta property=\"og:type\" content=\"article\" \/>\n<meta property=\"og:title\" content=\"DPS u Ulcinju samostalno - Lajme nga Ulqini\" \/>\n<meta property=\"og:description\" content=\"Op\u0161tinski odbor Demokratske partije socijalista u Ulcinju jednoglasno je ju\u010de odlu\u010dio da na predstoje\u0107e lokalne izbore 17. oktobra ta partija nastupi\" \/>\n<meta property=\"og:url\" content=\"https:\/\/www.visit-ulcinj.com\/blog\/2010\/09\/08\/dps-u-ulcinju-samostalno\/\" \/>\n<meta property=\"og:site_name\" content=\"Lajme nga Ulqini\" \/>\n<meta property=\"article:published_time\" content=\"2010-09-08T11:30:58+00:00\" \/>\n<meta property=\"og:image\" content=\"http:\/\/www.visit-ulcinj.com\/blog\/wp-content\/uploads\/2010\/09\/DPS-u-Ulcinju-samostalno.jpg\" \/>\n<meta name=\"twitter:label1\" content=\"Written by\" \/>\n\t<meta name=\"twitter:data1\" content=\"ulqini\" \/>\n\t<meta name=\"twitter:label2\" content=\"Est. reading time\" \/>\n\t<meta name=\"twitter:data2\" content=\"1 minute\" \/>\n<script type=\"application\/ld+json\" class=\"yoast-schema-graph\">{\"@context\":\"https:\/\/schema.org\",\"@graph\":[{\"@type\":\"WebSite\",\"@id\":\"https:\/\/www.visit-ulcinj.com\/blog\/#website\",\"url\":\"https:\/\/www.visit-ulcinj.com\/blog\/\",\"name\":\"Lajme nga Ulqini\",\"description\":\"Lajme,Vijesti,Ulqini,Ulqin,Crna Gora,Mali i Zi\",\"potentialAction\":[{\"@type\":\"SearchAction\",\"target\":{\"@type\":\"EntryPoint\",\"urlTemplate\":\"https:\/\/www.visit-ulcinj.com\/blog\/?s={search_term_string}\"},\"query-input\":\"required name=search_term_string\"}],\"inLanguage\":\"en-US\"},{\"@type\":\"ImageObject\",\"inLanguage\":\"en-US\",\"@id\":\"https:\/\/www.visit-ulcinj.com\/blog\/2010\/09\/08\/dps-u-ulcinju-samostalno\/#primaryimage\",\"url\":\"https:\/\/www.visit-ulcinj.com\/blog\/wp-content\/uploads\/2010\/09\/DPS-u-Ulcinju-samostalno.jpg\",\"contentUrl\":\"https:\/\/www.visit-ulcinj.com\/blog\/wp-content\/uploads\/2010\/09\/DPS-u-Ulcinju-samostalno.jpg\",\"width\":\"477\",\"height\":\"570\"},{\"@type\":\"WebPage\",\"@id\":\"https:\/\/www.visit-ulcinj.com\/blog\/2010\/09\/08\/dps-u-ulcinju-samostalno\/#webpage\",\"url\":\"https:\/\/www.visit-ulcinj.com\/blog\/2010\/09\/08\/dps-u-ulcinju-samostalno\/\",\"name\":\"DPS u Ulcinju samostalno - Lajme nga Ulqini\",\"isPartOf\":{\"@id\":\"https:\/\/www.visit-ulcinj.com\/blog\/#website\"},\"primaryImageOfPage\":{\"@id\":\"https:\/\/www.visit-ulcinj.com\/blog\/2010\/09\/08\/dps-u-ulcinju-samostalno\/#primaryimage\"},\"datePublished\":\"2010-09-08T11:30:58+00:00\",\"dateModified\":\"2010-09-08T11:30:58+00:00\",\"author\":{\"@id\":\"https:\/\/www.visit-ulcinj.com\/blog\/#\/schema\/person\/dcab619c614d3038751c63bc2aadc06d\"},\"description\":\"Op\u0161tinski odbor Demokratske partije socijalista u Ulcinju jednoglasno je ju\u010de odlu\u010dio da na predstoje\u0107e lokalne izbore 17. oktobra ta partija nastupi\",\"breadcrumb\":{\"@id\":\"https:\/\/www.visit-ulcinj.com\/blog\/2010\/09\/08\/dps-u-ulcinju-samostalno\/#breadcrumb\"},\"inLanguage\":\"en-US\",\"potentialAction\":[{\"@type\":\"ReadAction\",\"target\":[\"https:\/\/www.visit-ulcinj.com\/blog\/2010\/09\/08\/dps-u-ulcinju-samostalno\/\"]}]},{\"@type\":\"BreadcrumbList\",\"@id\":\"https:\/\/www.visit-ulcinj.com\/blog\/2010\/09\/08\/dps-u-ulcinju-samostalno\/#breadcrumb\",\"itemListElement\":[{\"@type\":\"ListItem\",\"position\":1,\"name\":\"DPS u Ulcinju samostalno\"}]},{\"@type\":\"Person\",\"@id\":\"https:\/\/www.visit-ulcinj.com\/blog\/#\/schema\/person\/dcab619c614d3038751c63bc2aadc06d\",\"name\":\"ulqini\",\"sameAs\":[\"http:\/\/www.visit-ulcinj.com\"],\"url\":\"https:\/\/www.visit-ulcinj.com\/blog\/author\/admin\/\"}]}<\/script>\n<!-- \/ Yoast SEO plugin. -->","yoast_head_json":{"title":"DPS u Ulcinju samostalno - Lajme nga Ulqini","description":"Op\u0161tinski odbor Demokratske partije socijalista u Ulcinju jednoglasno je ju\u010de odlu\u010dio da na predstoje\u0107e lokalne izbore 17. oktobra ta partija nastupi","robots":{"index":"index","follow":"follow","max-snippet":"max-snippet:-1","max-image-preview":"max-image-preview:large","max-video-preview":"max-video-preview:-1"},"canonical":"https:\/\/www.visit-ulcinj.com\/blog\/2010\/09\/08\/dps-u-ulcinju-samostalno\/","og_locale":"en_US","og_type":"article","og_title":"DPS u Ulcinju samostalno - Lajme nga Ulqini","og_description":"Op\u0161tinski odbor Demokratske partije socijalista u Ulcinju jednoglasno je ju\u010de odlu\u010dio da na predstoje\u0107e lokalne izbore 17. oktobra ta partija nastupi","og_url":"https:\/\/www.visit-ulcinj.com\/blog\/2010\/09\/08\/dps-u-ulcinju-samostalno\/","og_site_name":"Lajme nga Ulqini","article_published_time":"2010-09-08T11:30:58+00:00","og_image":[{"url":"http:\/\/www.visit-ulcinj.com\/blog\/wp-content\/uploads\/2010\/09\/DPS-u-Ulcinju-samostalno.jpg"}],"twitter_misc":{"Written by":"ulqini","Est. reading time":"1 minute"},"schema":{"@context":"https:\/\/schema.org","@graph":[{"@type":"WebSite","@id":"https:\/\/www.visit-ulcinj.com\/blog\/#website","url":"https:\/\/www.visit-ulcinj.com\/blog\/","name":"Lajme nga Ulqini","description":"Lajme,Vijesti,Ulqini,Ulqin,Crna Gora,Mali i Zi","potentialAction":[{"@type":"SearchAction","target":{"@type":"EntryPoint","urlTemplate":"https:\/\/www.visit-ulcinj.com\/blog\/?s={search_term_string}"},"query-input":"required name=search_term_string"}],"inLanguage":"en-US"},{"@type":"ImageObject","inLanguage":"en-US","@id":"https:\/\/www.visit-ulcinj.com\/blog\/2010\/09\/08\/dps-u-ulcinju-samostalno\/#primaryimage","url":"https:\/\/www.visit-ulcinj.com\/blog\/wp-content\/uploads\/2010\/09\/DPS-u-Ulcinju-samostalno.jpg","contentUrl":"https:\/\/www.visit-ulcinj.com\/blog\/wp-content\/uploads\/2010\/09\/DPS-u-Ulcinju-samostalno.jpg","width":"477","height":"570"},{"@type":"WebPage","@id":"https:\/\/www.visit-ulcinj.com\/blog\/2010\/09\/08\/dps-u-ulcinju-samostalno\/#webpage","url":"https:\/\/www.visit-ulcinj.com\/blog\/2010\/09\/08\/dps-u-ulcinju-samostalno\/","name":"DPS u Ulcinju samostalno - Lajme nga Ulqini","isPartOf":{"@id":"https:\/\/www.visit-ulcinj.com\/blog\/#website"},"primaryImageOfPage":{"@id":"https:\/\/www.visit-ulcinj.com\/blog\/2010\/09\/08\/dps-u-ulcinju-samostalno\/#primaryimage"},"datePublished":"2010-09-08T11:30:58+00:00","dateModified":"2010-09-08T11:30:58+00:00","author":{"@id":"https:\/\/www.visit-ulcinj.com\/blog\/#\/schema\/person\/dcab619c614d3038751c63bc2aadc06d"},"description":"Op\u0161tinski odbor Demokratske partije socijalista u Ulcinju jednoglasno je ju\u010de odlu\u010dio da na predstoje\u0107e lokalne izbore 17. oktobra ta partija nastupi","breadcrumb":{"@id":"https:\/\/www.visit-ulcinj.com\/blog\/2010\/09\/08\/dps-u-ulcinju-samostalno\/#breadcrumb"},"inLanguage":"en-US","potentialAction":[{"@type":"ReadAction","target":["https:\/\/www.visit-ulcinj.com\/blog\/2010\/09\/08\/dps-u-ulcinju-samostalno\/"]}]},{"@type":"BreadcrumbList","@id":"https:\/\/www.visit-ulcinj.com\/blog\/2010\/09\/08\/dps-u-ulcinju-samostalno\/#breadcrumb","itemListElement":[{"@type":"ListItem","position":1,"name":"DPS u Ulcinju samostalno"}]},{"@type":"Person","@id":"https:\/\/www.visit-ulcinj.com\/blog\/#\/schema\/person\/dcab619c614d3038751c63bc2aadc06d","name":"ulqini","sameAs":["http:\/\/www.visit-ulcinj.com"],"url":"https:\/\/www.visit-ulcinj.com\/blog\/author\/admin\/"}]}},"jetpack_featured_media_url":"","jetpack_sharing_enabled":true,"jetpack_shortlink":"https:\/\/wp.me\/pe6lTn-9C9","_links":{"self":[{"href":"https:\/\/www.visit-ulcinj.com\/blog\/wp-json\/wp\/v2\/posts\/36961"}],"collection":[{"href":"https:\/\/www.visit-ulcinj.com\/blog\/wp-json\/wp\/v2\/posts"}],"about":[{"href":"https:\/\/www.visit-ulcinj.com\/blog\/wp-json\/wp\/v2\/types\/post"}],"author":[{"embeddable":true,"href":"https:\/\/www.visit-ulcinj.com\/blog\/wp-json\/wp\/v2\/users\/1"}],"replies":[{"embeddable":true,"href":"https:\/\/www.visit-ulcinj.com\/blog\/wp-json\/wp\/v2\/comments?post=36961"}],"version-history":[{"count":0,"href":"https:\/\/www.visit-ulcinj.com\/blog\/wp-json\/wp\/v2\/posts\/36961\/revisions"}],"wp:attachment":[{"href":"https:\/\/www.visit-ulcinj.com\/blog\/wp-json\/wp\/v2\/media?parent=36961"}],"wp:term":[{"taxonomy":"category","embeddable":true,"href":"https:\/\/www.visit-ulcinj.com\/blog\/wp-json\/wp\/v2\/categories?post=36961"},{"taxonomy":"post_tag","embeddable":true,"href":"https:\/\/www.visit-ulcinj.com\/blog\/wp-json\/wp\/v2\/tags?post=36961"}],"curies":[{"name":"wp","href":"https:\/\/api.w.org\/{rel}","templated":true}]}}