{"id":36964,"date":"2010-09-08T14:03:56","date_gmt":"2010-09-08T12:03:56","guid":{"rendered":"http:\/\/www.visit-ulcinj.com\/blog\/?p=36964"},"modified":"2010-09-12T00:26:03","modified_gmt":"2010-09-11T22:26:03","slug":"pds-se-vendos-qe-ne-zgjedhjet-te-dalin-me-lista-te-vecante","status":"publish","type":"post","link":"https:\/\/www.visit-ulcinj.com\/blog\/2010\/09\/08\/pds-se-vendos-qe-ne-zgjedhjet-te-dalin-me-lista-te-vecante\/","title":{"rendered":"PDS-s\u00eb vendos q\u00eb n\u00eb zgjedhjet t\u00eb dalin me lista t\u00eb ve\u00e7ant\u00eb"},"content":{"rendered":"<p><strong><a href=\"http:\/\/www.visit-ulcinj.com\/blog\/wp-content\/uploads\/2010\/09\/Luigj-Lui-Shkrela_PDS-s\u00eb-Ulqin.jpg\"><img loading=\"lazy\" class=\"alignleft size-full wp-image-36965\" title=\"Luigj Lui Shkrela_PDS-s\u00eb Ulqin\" src=\"http:\/\/www.visit-ulcinj.com\/blog\/wp-content\/uploads\/2010\/09\/Luigj-Lui-Shkrela_PDS-s\u00eb-Ulqin.jpg\" alt=\"\" width=\"330\" height=\"520\" \/><\/a>Ulqin \u2013 <\/strong>Partia Demokratike e Socialist\u00ebve \u00a0ka marr\u00eb vendim p\u00ebrfundimtar dje \u00a0rreth\u00a0m\u00ebnyr\u00ebs s\u00eb pjes\u00ebmarrjes s\u00eb saj n\u00eb zgjedhjet\u00a0lokale t\u00eb 17 tetorit n\u00eb komun\u00ebn e Ulqinit, sipas\u00a0kryetarit t\u00eb K\u00ebshillit komunal t\u00eb k\u00ebsaj partie n\u00eb\u00a0Ulqin, Luigj Shkrela.\u00a0Sipas tij, vendimi p\u00ebrfundimtar u muar dje ku K\u00ebshilli\u00a0Komunal i PDS-s\u00eb n\u00eb zgjedhjet lokale n\u00eb Ulqin me 17 tetor t\u00eb dalin me lista t\u00eb ve\u00e7anta.<br \/>\nMegjithat\u00eb, Shkrela n\u00eb m\u00ebnyr\u00eb indirekte l\u00eb t\u00eb\u00a0n\u00ebnkuptohet se PDS do t\u00eb marr\u00eb pjes\u00eb si subjekt\u00a0m\u00eb vete n\u00eb k\u00ebto zgjedhje.\u00a0\u201cMendoj q\u00eb askush nuk duhet ta ndjej\u00eb veten\u00a0keq apo t\u2019i jap\u00eb konotacion tjet\u00ebr n\u00ebse K\u00ebshilli\u00a0Komunal i PDS-s\u00eb vendos q\u00eb n\u00eb zgjedhjet e 17\u00a0tetorit t\u00eb sprovoj\u00eb forc\u00ebn dhe kapacitetet partiake\u00a0n\u00eb komun\u00ebn e Ulqinit n\u00eb m\u00ebnyr\u00eb t\u00eb m\u00ebvet\u00ebsishme\u201d,\u00a0thot\u00eb ai.\u00a0Shkrela thekson se pavar\u00ebsisht vendimit mbi\u00a0pjes\u00ebmarrjen n\u00eb k\u00ebto zgjedhje lokale \u201cne gjithmon\u00eb\u00a0vler\u00ebsojm\u00eb se UDSH ka qen\u00eb dhe do t\u00eb\u00a0mbetet partner korrekt i UDSH-s\u00eb n\u00eb t\u00eb gjitha\u00a0nivelet n\u00eb shtetin e Malit t\u00eb Zi\u201d.\u00a0N\u00eb zgjedhjet lokale t\u00eb 23 majit, PDS s\u00eb bashku\u00a0me UDSH-n\u00eb kan\u00eb marr\u00eb pjes\u00eb n\u00eb koalicionin\u00a0\u201cP\u00ebr Ulqinin Evropian\u201d dhe kan\u00eb fituar 14\u00a0k\u00ebshilltar\u00eb n\u00eb kuvendin e Komun\u00ebs s\u00eb Ulqinit.\u00a0Por ky koalicion nuk ka arritur t\u00eb formoj\u00eb shumic\u00ebn\u00a0parlamentare gj\u00eb q\u00eb ka \u00e7uar n\u00eb p\u00ebrs\u00ebritjen\u00a0e zgjedhjeve lokale, p\u00ebr t\u00eb par\u00ebn her\u00eb n\u00eb\u00a0historin\u00eb e pluralizmit n\u00eb komun\u00ebn e Ulqinit.\u00a0PDS s\u00eb bashku me UDSH-n\u00eb kan\u00eb marr\u00eb pjes\u00eb\u00a0n\u00eb koalicion edhe n\u00eb zgjedhjet lokale t\u00eb vitit\u00a02006, si dhe kan\u00eb ushtruar pushtetin n\u00eb p\u00ebrb\u00ebrjen\u00a0e kaluar t\u00eb Kuvendit t\u00eb Komun\u00ebs s\u00eb Ulqinit.\u00a0K\u00ebto dy parti ushtrojn\u00eb pushtetin edhe n\u00eb\u00a0Komun\u00ebn Urbane t\u00eb Tuzit q\u00eb nga zgjedhjet e 23\u00a0majit t\u00eb k\u00ebtij viti.<br \/>\n<!--YouTube Error: bad URL entered--><\/p>\n<p><strong><br \/>\n<\/strong><\/p>\n","protected":false},"excerpt":{"rendered":"<p>Ulqin \u2013 Partia Demokratike e Socialist\u00ebve \u00a0ka marr\u00eb vendim p\u00ebrfundimtar dje \u00a0rreth\u00a0m\u00ebnyr\u00ebs s\u00eb pjes\u00ebmarrjes s\u00eb saj n\u00eb zgjedhjet\u00a0lokale t\u00eb 17 tetorit n\u00eb komun\u00ebn e Ulqinit, sipas\u00a0kryetarit t\u00eb K\u00ebshillit komunal t\u00eb k\u00ebsaj partie n\u00eb\u00a0Ulqin, Luigj Shkrela.\u00a0Sipas tij, vendimi p\u00ebrfundimtar u muar dje ku K\u00ebshilli\u00a0Komunal i PDS-s\u00eb n\u00eb zgjedhjet lokale n\u00eb Ulqin me 17 tetor t\u00eb dalin [&hellip;]<\/p>\n","protected":false},"author":1,"featured_media":0,"comment_status":"open","ping_status":"closed","sticky":false,"template":"","format":"standard","meta":{"spay_email":"","jetpack_publicize_message":"","jetpack_is_tweetstorm":false,"jetpack_publicize_feature_enabled":true},"categories":[6],"tags":[15025,297,15326,15325,15327],"jetpack_publicize_connections":[],"yoast_head":"<!-- This site is optimized with the Yoast SEO plugin v19.1 - https:\/\/yoast.com\/wordpress\/plugins\/seo\/ -->\n<title>PDS-s\u00eb vendos q\u00eb n\u00eb zgjedhjet t\u00eb dalin me lista t\u00eb ve\u00e7ant\u00eb - Lajme nga Ulqini<\/title>\n<meta name=\"description\" content=\"Ulqin \u2013 Partia Demokratike e Socialist\u00ebve \u00a0ka marr\u00eb vendim p\u00ebrfundimtar dje \u00a0rreth\u00a0m\u00ebnyr\u00ebs s\u00eb pjes\u00ebmarrjes s\u00eb saj n\u00eb zgjedhjet\u00a0lokale t\u00eb 17 tetorit n\u00eb\" \/>\n<meta name=\"robots\" content=\"index, follow, max-snippet:-1, max-image-preview:large, max-video-preview:-1\" \/>\n<link rel=\"canonical\" href=\"https:\/\/www.visit-ulcinj.com\/blog\/2010\/09\/08\/pds-se-vendos-qe-ne-zgjedhjet-te-dalin-me-lista-te-vecante\/\" \/>\n<meta property=\"og:locale\" content=\"en_US\" \/>\n<meta property=\"og:type\" content=\"article\" \/>\n<meta property=\"og:title\" content=\"PDS-s\u00eb vendos q\u00eb n\u00eb zgjedhjet t\u00eb dalin me lista t\u00eb ve\u00e7ant\u00eb - Lajme nga Ulqini\" \/>\n<meta property=\"og:description\" content=\"Ulqin \u2013 Partia Demokratike e Socialist\u00ebve \u00a0ka marr\u00eb vendim p\u00ebrfundimtar dje \u00a0rreth\u00a0m\u00ebnyr\u00ebs s\u00eb pjes\u00ebmarrjes s\u00eb saj n\u00eb zgjedhjet\u00a0lokale t\u00eb 17 tetorit n\u00eb\" \/>\n<meta property=\"og:url\" content=\"https:\/\/www.visit-ulcinj.com\/blog\/2010\/09\/08\/pds-se-vendos-qe-ne-zgjedhjet-te-dalin-me-lista-te-vecante\/\" \/>\n<meta property=\"og:site_name\" content=\"Lajme nga Ulqini\" \/>\n<meta property=\"article:published_time\" content=\"2010-09-08T12:03:56+00:00\" \/>\n<meta property=\"article:modified_time\" content=\"2010-09-11T22:26:03+00:00\" \/>\n<meta name=\"twitter:label1\" content=\"Written by\" \/>\n\t<meta name=\"twitter:data1\" content=\"ulqini\" \/>\n\t<meta name=\"twitter:label2\" content=\"Est. reading time\" \/>\n\t<meta name=\"twitter:data2\" content=\"2 minutes\" \/>\n<script type=\"application\/ld+json\" class=\"yoast-schema-graph\">{\"@context\":\"https:\/\/schema.org\",\"@graph\":[{\"@type\":\"WebSite\",\"@id\":\"https:\/\/www.visit-ulcinj.com\/blog\/#website\",\"url\":\"https:\/\/www.visit-ulcinj.com\/blog\/\",\"name\":\"Lajme nga Ulqini\",\"description\":\"Lajme,Vijesti,Ulqini,Ulqin,Crna Gora,Mali i Zi\",\"potentialAction\":[{\"@type\":\"SearchAction\",\"target\":{\"@type\":\"EntryPoint\",\"urlTemplate\":\"https:\/\/www.visit-ulcinj.com\/blog\/?s={search_term_string}\"},\"query-input\":\"required name=search_term_string\"}],\"inLanguage\":\"en-US\"},{\"@type\":\"WebPage\",\"@id\":\"https:\/\/www.visit-ulcinj.com\/blog\/2010\/09\/08\/pds-se-vendos-qe-ne-zgjedhjet-te-dalin-me-lista-te-vecante\/#webpage\",\"url\":\"https:\/\/www.visit-ulcinj.com\/blog\/2010\/09\/08\/pds-se-vendos-qe-ne-zgjedhjet-te-dalin-me-lista-te-vecante\/\",\"name\":\"PDS-s\u00eb vendos q\u00eb n\u00eb zgjedhjet t\u00eb dalin me lista t\u00eb ve\u00e7ant\u00eb - Lajme nga Ulqini\",\"isPartOf\":{\"@id\":\"https:\/\/www.visit-ulcinj.com\/blog\/#website\"},\"datePublished\":\"2010-09-08T12:03:56+00:00\",\"dateModified\":\"2010-09-11T22:26:03+00:00\",\"author\":{\"@id\":\"https:\/\/www.visit-ulcinj.com\/blog\/#\/schema\/person\/dcab619c614d3038751c63bc2aadc06d\"},\"description\":\"Ulqin \u2013 Partia Demokratike e Socialist\u00ebve \u00a0ka marr\u00eb vendim p\u00ebrfundimtar dje \u00a0rreth\u00a0m\u00ebnyr\u00ebs s\u00eb pjes\u00ebmarrjes s\u00eb saj n\u00eb zgjedhjet\u00a0lokale t\u00eb 17 tetorit n\u00eb\",\"breadcrumb\":{\"@id\":\"https:\/\/www.visit-ulcinj.com\/blog\/2010\/09\/08\/pds-se-vendos-qe-ne-zgjedhjet-te-dalin-me-lista-te-vecante\/#breadcrumb\"},\"inLanguage\":\"en-US\",\"potentialAction\":[{\"@type\":\"ReadAction\",\"target\":[\"https:\/\/www.visit-ulcinj.com\/blog\/2010\/09\/08\/pds-se-vendos-qe-ne-zgjedhjet-te-dalin-me-lista-te-vecante\/\"]}]},{\"@type\":\"BreadcrumbList\",\"@id\":\"https:\/\/www.visit-ulcinj.com\/blog\/2010\/09\/08\/pds-se-vendos-qe-ne-zgjedhjet-te-dalin-me-lista-te-vecante\/#breadcrumb\",\"itemListElement\":[{\"@type\":\"ListItem\",\"position\":1,\"name\":\"PDS-s\u00eb vendos q\u00eb n\u00eb zgjedhjet t\u00eb dalin me lista t\u00eb ve\u00e7ant\u00eb\"}]},{\"@type\":\"Person\",\"@id\":\"https:\/\/www.visit-ulcinj.com\/blog\/#\/schema\/person\/dcab619c614d3038751c63bc2aadc06d\",\"name\":\"ulqini\",\"sameAs\":[\"http:\/\/www.visit-ulcinj.com\"],\"url\":\"https:\/\/www.visit-ulcinj.com\/blog\/author\/admin\/\"}]}<\/script>\n<!-- \/ Yoast SEO plugin. -->","yoast_head_json":{"title":"PDS-s\u00eb vendos q\u00eb n\u00eb zgjedhjet t\u00eb dalin me lista t\u00eb ve\u00e7ant\u00eb - Lajme nga Ulqini","description":"Ulqin \u2013 Partia Demokratike e Socialist\u00ebve \u00a0ka marr\u00eb vendim p\u00ebrfundimtar dje \u00a0rreth\u00a0m\u00ebnyr\u00ebs s\u00eb pjes\u00ebmarrjes s\u00eb saj n\u00eb zgjedhjet\u00a0lokale t\u00eb 17 tetorit n\u00eb","robots":{"index":"index","follow":"follow","max-snippet":"max-snippet:-1","max-image-preview":"max-image-preview:large","max-video-preview":"max-video-preview:-1"},"canonical":"https:\/\/www.visit-ulcinj.com\/blog\/2010\/09\/08\/pds-se-vendos-qe-ne-zgjedhjet-te-dalin-me-lista-te-vecante\/","og_locale":"en_US","og_type":"article","og_title":"PDS-s\u00eb vendos q\u00eb n\u00eb zgjedhjet t\u00eb dalin me lista t\u00eb ve\u00e7ant\u00eb - Lajme nga Ulqini","og_description":"Ulqin \u2013 Partia Demokratike e Socialist\u00ebve \u00a0ka marr\u00eb vendim p\u00ebrfundimtar dje \u00a0rreth\u00a0m\u00ebnyr\u00ebs s\u00eb pjes\u00ebmarrjes s\u00eb saj n\u00eb zgjedhjet\u00a0lokale t\u00eb 17 tetorit n\u00eb","og_url":"https:\/\/www.visit-ulcinj.com\/blog\/2010\/09\/08\/pds-se-vendos-qe-ne-zgjedhjet-te-dalin-me-lista-te-vecante\/","og_site_name":"Lajme nga Ulqini","article_published_time":"2010-09-08T12:03:56+00:00","article_modified_time":"2010-09-11T22:26:03+00:00","twitter_misc":{"Written by":"ulqini","Est. reading time":"2 minutes"},"schema":{"@context":"https:\/\/schema.org","@graph":[{"@type":"WebSite","@id":"https:\/\/www.visit-ulcinj.com\/blog\/#website","url":"https:\/\/www.visit-ulcinj.com\/blog\/","name":"Lajme nga Ulqini","description":"Lajme,Vijesti,Ulqini,Ulqin,Crna Gora,Mali i Zi","potentialAction":[{"@type":"SearchAction","target":{"@type":"EntryPoint","urlTemplate":"https:\/\/www.visit-ulcinj.com\/blog\/?s={search_term_string}"},"query-input":"required name=search_term_string"}],"inLanguage":"en-US"},{"@type":"WebPage","@id":"https:\/\/www.visit-ulcinj.com\/blog\/2010\/09\/08\/pds-se-vendos-qe-ne-zgjedhjet-te-dalin-me-lista-te-vecante\/#webpage","url":"https:\/\/www.visit-ulcinj.com\/blog\/2010\/09\/08\/pds-se-vendos-qe-ne-zgjedhjet-te-dalin-me-lista-te-vecante\/","name":"PDS-s\u00eb vendos q\u00eb n\u00eb zgjedhjet t\u00eb dalin me lista t\u00eb ve\u00e7ant\u00eb - Lajme nga Ulqini","isPartOf":{"@id":"https:\/\/www.visit-ulcinj.com\/blog\/#website"},"datePublished":"2010-09-08T12:03:56+00:00","dateModified":"2010-09-11T22:26:03+00:00","author":{"@id":"https:\/\/www.visit-ulcinj.com\/blog\/#\/schema\/person\/dcab619c614d3038751c63bc2aadc06d"},"description":"Ulqin \u2013 Partia Demokratike e Socialist\u00ebve \u00a0ka marr\u00eb vendim p\u00ebrfundimtar dje \u00a0rreth\u00a0m\u00ebnyr\u00ebs s\u00eb pjes\u00ebmarrjes s\u00eb saj n\u00eb zgjedhjet\u00a0lokale t\u00eb 17 tetorit n\u00eb","breadcrumb":{"@id":"https:\/\/www.visit-ulcinj.com\/blog\/2010\/09\/08\/pds-se-vendos-qe-ne-zgjedhjet-te-dalin-me-lista-te-vecante\/#breadcrumb"},"inLanguage":"en-US","potentialAction":[{"@type":"ReadAction","target":["https:\/\/www.visit-ulcinj.com\/blog\/2010\/09\/08\/pds-se-vendos-qe-ne-zgjedhjet-te-dalin-me-lista-te-vecante\/"]}]},{"@type":"BreadcrumbList","@id":"https:\/\/www.visit-ulcinj.com\/blog\/2010\/09\/08\/pds-se-vendos-qe-ne-zgjedhjet-te-dalin-me-lista-te-vecante\/#breadcrumb","itemListElement":[{"@type":"ListItem","position":1,"name":"PDS-s\u00eb vendos q\u00eb n\u00eb zgjedhjet t\u00eb dalin me lista t\u00eb ve\u00e7ant\u00eb"}]},{"@type":"Person","@id":"https:\/\/www.visit-ulcinj.com\/blog\/#\/schema\/person\/dcab619c614d3038751c63bc2aadc06d","name":"ulqini","sameAs":["http:\/\/www.visit-ulcinj.com"],"url":"https:\/\/www.visit-ulcinj.com\/blog\/author\/admin\/"}]}},"jetpack_featured_media_url":"","jetpack_sharing_enabled":true,"jetpack_shortlink":"https:\/\/wp.me\/pe6lTn-9Cc","_links":{"self":[{"href":"https:\/\/www.visit-ulcinj.com\/blog\/wp-json\/wp\/v2\/posts\/36964"}],"collection":[{"href":"https:\/\/www.visit-ulcinj.com\/blog\/wp-json\/wp\/v2\/posts"}],"about":[{"href":"https:\/\/www.visit-ulcinj.com\/blog\/wp-json\/wp\/v2\/types\/post"}],"author":[{"embeddable":true,"href":"https:\/\/www.visit-ulcinj.com\/blog\/wp-json\/wp\/v2\/users\/1"}],"replies":[{"embeddable":true,"href":"https:\/\/www.visit-ulcinj.com\/blog\/wp-json\/wp\/v2\/comments?post=36964"}],"version-history":[{"count":0,"href":"https:\/\/www.visit-ulcinj.com\/blog\/wp-json\/wp\/v2\/posts\/36964\/revisions"}],"wp:attachment":[{"href":"https:\/\/www.visit-ulcinj.com\/blog\/wp-json\/wp\/v2\/media?parent=36964"}],"wp:term":[{"taxonomy":"category","embeddable":true,"href":"https:\/\/www.visit-ulcinj.com\/blog\/wp-json\/wp\/v2\/categories?post=36964"},{"taxonomy":"post_tag","embeddable":true,"href":"https:\/\/www.visit-ulcinj.com\/blog\/wp-json\/wp\/v2\/tags?post=36964"}],"curies":[{"name":"wp","href":"https:\/\/api.w.org\/{rel}","templated":true}]}}