{"id":36970,"date":"2010-09-08T17:08:56","date_gmt":"2010-09-08T15:08:56","guid":{"rendered":"http:\/\/www.visit-ulcinj.com\/blog\/?p=36970"},"modified":"2010-09-26T15:10:27","modified_gmt":"2010-09-26T13:10:27","slug":"urimi-i-rexhep-ef-lika-kryeimami-i-ulqinit-me-rastin-e-fiter-bajramit","status":"publish","type":"post","link":"https:\/\/www.visit-ulcinj.com\/blog\/2010\/09\/08\/urimi-i-rexhep-ef-lika-kryeimami-i-ulqinit-me-rastin-e-fiter-bajramit\/","title":{"rendered":"Urimi i Rexhep ef. Lika, Kryeimami i Ulqinit me rastin e Fit\u00ebr Bajramit"},"content":{"rendered":"<p><strong><a href=\"http:\/\/www.visit-ulcinj.com\/blog\/wp-content\/uploads\/2010\/09\/Rexhep-ef.-Lika-Kryeimami-i-Ulqinit.jpg\"><img loading=\"lazy\" class=\"alignleft size-medium wp-image-36971\" title=\"Rexhep ef. Lika, Kryeimami i Ulqinit\" src=\"http:\/\/www.visit-ulcinj.com\/blog\/wp-content\/uploads\/2010\/09\/Rexhep-ef.-Lika-Kryeimami-i-Ulqinit-300x225.jpg\" alt=\"\" width=\"300\" height=\"225\" srcset=\"https:\/\/www.visit-ulcinj.com\/blog\/wp-content\/uploads\/2010\/09\/Rexhep-ef.-Lika-Kryeimami-i-Ulqinit-300x225.jpg 300w, https:\/\/www.visit-ulcinj.com\/blog\/wp-content\/uploads\/2010\/09\/Rexhep-ef.-Lika-Kryeimami-i-Ulqinit.jpg 384w\" sizes=\"(max-width: 300px) 100vw, 300px\" \/><\/a>Bismil-lahir-rahmanir-rahim.<\/strong><br \/>\nNes\u00ebr, m\u00eb 09 shtator 2010 \u00ebsht\u00eb dita e par\u00eb e Fit\u00ebr &#8211; Bajramit, ndaj me k\u00ebt\u00eb rast, kam k\u00ebnaq\u00ebsin\u00eb q\u00eb n\u00eb em\u00ebr t\u00eb Kryesis\u00eb s\u00eb Bashk\u00ebsis\u00eb Islame t\u00eb Ulqinit dhe t\u00eb institucioneve t\u00eb saja dhe n\u00eb emrin tim personal, t\u2019i p\u00ebrg\u00ebzoj\u00eb t\u00eb gjith\u00eb besimtar\u00ebt p\u00ebr p\u00ebrmbushjen e nj\u00ebrit prej obligimeve\u00a0 kryesore t\u00eb fes\u00eb islame, dhe t\u2019ua uroj Fit\u00ebr &#8211; Bajramin, duke e lutur Allahun e Madh\u00ebrish\u00ebm q\u00eb t\u00eb na ket\u00eb pranuar agj\u00ebrimin, lutjet, ibadetet dhe pun\u00ebt e mira q\u00eb i kemi b\u00ebr\u00eb gjat\u00eb k\u00ebtij muaji n\u00eb shenj\u00eb respekti ndaj krijuesit Fuqiplot\u00eb.<br \/>\nMuhamedi a.s. thot\u00eb \u201cKush agj\u00ebron Ramazanin me besim dhe vet\u00eb llogaritje t\u00eb sinqert\u00eb do t\u2019i falet t\u00ebr\u00eb \u00e7ka ka gabuar m\u00eb par\u00eb \u201c<\/p>\n<p><strong>Besimtar\u00eb t\u00eb nderuar,<\/strong><\/p>\n<p>Ky Bajram \u00ebsht\u00eb fest\u00eb e cila e sh\u00ebnon fundin e muajit t\u00eb Ramazanit, muajit q\u00eb paraqet periudh\u00ebn m\u00eb t\u00eb ndritshme n\u00eb kalendarin islamik gjat\u00eb t\u00eb cilit t\u00eb gjith\u00eb ne me ibadetet tona b\u00ebm\u00eb p\u00ebrpjekje q\u00eb ti afrohemi sa m\u00eb shum\u00eb Krijuesit ton\u00eb. \u00c7do \u00e7ast i agj\u00ebrimit ton\u00eb, \u00e7do namaz dhe \u00e7do lutje e jona n\u00eb muajin q\u00eb e lam\u00eb pas iu kushtuan Allahut, Sundimtarit Absolut t\u00eb t\u00eb gjitha bot\u00ebrave. Bajrami t\u00eb cilin po e p\u00ebrjetojm\u00eb me m\u00ebshir\u00ebn dhe d\u00ebshir\u00ebn e Zotit, \u00ebsht\u00eb edhe nj\u00eb rast q\u00eb ti falenderohemi Atij q\u00eb po mundemi t\u00eb jetojm\u00eb n\u00ebn rrezet e besimit ton\u00eb, ti g\u00ebzohemi nj\u00ebri tjetrit dhe ta ndajm\u00eb dashurin\u00eb mes vehte, t\u00eb shprehim humanitetin ton\u00eb dhe dhembjen ndaj atyre q\u00eb p\u00ebr shkaqe t\u00eb ndryshme nuk mund ti g\u00ebzohen t\u00ebr\u00ebsisht \u00e7asteve t\u00eb lumturis\u00eb t\u00eb p\u00ebrgjithsh\u00ebm. Por, duke u mb\u00ebshtetur p\u00ebrher\u00eb n\u00eb urdh\u00ebrat e Allahut dhe n\u00eb parimet esenciale t\u00eb fes\u00eb Islame, ne edhe sot dhe gjithmon\u00eb do t\u00eb jemi af\u00ebr t\u00eb t\u00eb varf\u00ebrve, af\u00ebr t\u00eb s\u00ebmurve, af\u00ebr t\u00eb gjith\u00ebve q\u00eb kan\u00eb nevoj\u00eb p\u00ebr dor\u00ebn ton\u00eb t\u00eb shtrir\u00eb.. Sepse, t\u00eb mos harojm\u00eb asnj\u00ebher\u00eb, Islami \u00ebsht\u00eb fe e cila i inspiron besimtar\u00ebt q\u00eb t\u00eb b\u00ebjn\u00eb jet\u00eb q\u00eb mb\u00ebshtetet n\u00eb drejt\u00ebsin\u00eb Hyjnore dhe n\u00eb at\u00eb njer\u00ebzore, duke mos e anashkaluar asnj\u00ebher\u00eb p\u00ebrgjegj\u00ebsin\u00eb personale .<\/p>\n<p><strong>V\u00ebllez\u00ebr besimtar\u00eb,<\/strong><br \/>\nLumturia dhe g\u00ebzimi p\u00ebr shpirtin e njeriut mund t\u00eb vij\u00eb vet\u00ebm nga Allahu i cili e drejton at\u00eb q\u00eb e ka humbur rrug\u00ebn, e ngush\u00ebllon njeriun q\u00eb ka dhembje, i jep forc\u00eb t\u00eb dob\u00ebtit dhe e sh\u00ebron t\u00eb s\u00ebmurin.<br \/>\nGjat\u00eb muajit t\u00eb Ramazanit, p\u00ebrmes Kur\u2019anit dhe namazit, p\u00ebrmes agj\u00ebrimit dhe durimit ton\u00eb, p\u00ebrmes mir\u00ebsis\u00eb dhe humanitetit, ne d\u00ebshmuam bindjet tona. I lutem Allahut t\u00eb na i pranoj\u00eb ibadetet dhe t\u00eb na udh\u00ebzoj\u00eb n\u00eb rrug\u00eb t\u00eb drejt\u00eb, t\u00eb na ndihmoj\u00eb q\u00eb edhe pas Bajramit t\u00eb vazhdojm\u00eb t\u00eb jetojm\u00eb me principet islame, bile edhe t\u00eb rritim sasin\u00eb e veprave tona t\u00eb mira. Uroj q\u00eb nga ky Ramazan dhe nga ky Bajram t\u00eb dalim m\u00eb t\u00eb fuqish\u00ebm p\u00ebr t\u00eb ndjekur rrug\u00ebn e Allahut. Duke u porositur me fjal\u00ebne Muhammedit a.s:\u201dL\u00ebmosha nuk e pak\u00ebson pasurin\u00eb, v\u00ebrtet All-llahu xh.sh. robin Tij q\u00eb fal, do ta ngrit\u00eb( nderon), kush shpreh modesti ndonj\u00ebri ndaj All-llahut, Ai do ta ngrit\u00eb at\u00eb\u201d.<br \/>\nDuke ju d\u00ebshiruar g\u00ebzime dhe lumturi n\u00eb k\u00ebto dit\u00eb Bajrami, i ftoj t\u00eb gjith\u00eb besimtar\u00ebt islam, si edhe t\u00eb gjith\u00eb njer\u00ebzit tjer\u00eb me vullnet t\u00eb mir\u00eb q\u00eb t\u00eb kultivojn\u00eb vlerat njer\u00ebzore e civilizuese, dashurin\u00eb ndaj familjes dhe miqve e fqinj\u00ebve, t\u00eb respektojn\u00eb konceptin univerzal p\u00ebr lirin\u00eb e t\u00eb nderojn\u00eb ndryshimet me t\u00eb cilat na ka karakterizuar Allahu.<\/p>\n<!--YouTube Error: bad URL entered-->\n<p><strong><img loading=\"lazy\" class=\"alignleft\" title=\"Bashkesia Islame e Ulqinit\" src=\"http:\/\/www.visit-ulcinj.com\/blog\/wp-content\/uploads\/2008\/08\/bashkesija-islame-e-ulqinit.gif\" alt=\"\" width=\"117\" height=\"114\" \/><br \/>\n<\/strong><\/p>\n<p>Rexhep ef. Lika, Kryeimami i Ulqinit<\/p>\n","protected":false},"excerpt":{"rendered":"<p>Bismil-lahir-rahmanir-rahim. Nes\u00ebr, m\u00eb 09 shtator 2010 \u00ebsht\u00eb dita e par\u00eb e Fit\u00ebr &#8211; Bajramit, ndaj me k\u00ebt\u00eb rast, kam k\u00ebnaq\u00ebsin\u00eb q\u00eb n\u00eb em\u00ebr t\u00eb Kryesis\u00eb s\u00eb Bashk\u00ebsis\u00eb Islame t\u00eb Ulqinit dhe t\u00eb institucioneve t\u00eb saja dhe n\u00eb emrin tim personal, t\u2019i p\u00ebrg\u00ebzoj\u00eb t\u00eb gjith\u00eb besimtar\u00ebt p\u00ebr p\u00ebrmbushjen e nj\u00ebrit prej obligimeve\u00a0 kryesore t\u00eb fes\u00eb islame, [&hellip;]<\/p>\n","protected":false},"author":1,"featured_media":0,"comment_status":"open","ping_status":"closed","sticky":false,"template":"","format":"standard","meta":{"spay_email":"","jetpack_publicize_message":"","jetpack_is_tweetstorm":false,"jetpack_publicize_feature_enabled":true},"categories":[1],"tags":[15328,4457,5173],"jetpack_publicize_connections":[],"yoast_head":"<!-- This site is optimized with the Yoast SEO plugin v19.1 - https:\/\/yoast.com\/wordpress\/plugins\/seo\/ -->\n<title>Urimi i Rexhep ef. Lika, Kryeimami i Ulqinit me rastin e Fit\u00ebr Bajramit - Lajme nga Ulqini<\/title>\n<meta name=\"description\" content=\"Bismil-lahir-rahmanir-rahim. Nes\u00ebr, m\u00eb 09 shtator 2010 \u00ebsht\u00eb dita e par\u00eb e Fit\u00ebr - Bajramit, ndaj me k\u00ebt\u00eb rast, kam k\u00ebnaq\u00ebsin\u00eb q\u00eb n\u00eb em\u00ebr t\u00eb Kryesis\u00eb s\u00eb\" \/>\n<meta name=\"robots\" content=\"index, follow, max-snippet:-1, max-image-preview:large, max-video-preview:-1\" \/>\n<link rel=\"canonical\" href=\"https:\/\/www.visit-ulcinj.com\/blog\/2010\/09\/08\/urimi-i-rexhep-ef-lika-kryeimami-i-ulqinit-me-rastin-e-fiter-bajramit\/\" \/>\n<meta property=\"og:locale\" content=\"en_US\" \/>\n<meta property=\"og:type\" content=\"article\" \/>\n<meta property=\"og:title\" content=\"Urimi i Rexhep ef. Lika, Kryeimami i Ulqinit me rastin e Fit\u00ebr Bajramit - Lajme nga Ulqini\" \/>\n<meta property=\"og:description\" content=\"Bismil-lahir-rahmanir-rahim. Nes\u00ebr, m\u00eb 09 shtator 2010 \u00ebsht\u00eb dita e par\u00eb e Fit\u00ebr - Bajramit, ndaj me k\u00ebt\u00eb rast, kam k\u00ebnaq\u00ebsin\u00eb q\u00eb n\u00eb em\u00ebr t\u00eb Kryesis\u00eb s\u00eb\" \/>\n<meta property=\"og:url\" content=\"https:\/\/www.visit-ulcinj.com\/blog\/2010\/09\/08\/urimi-i-rexhep-ef-lika-kryeimami-i-ulqinit-me-rastin-e-fiter-bajramit\/\" \/>\n<meta property=\"og:site_name\" content=\"Lajme nga Ulqini\" \/>\n<meta property=\"article:published_time\" content=\"2010-09-08T15:08:56+00:00\" \/>\n<meta property=\"article:modified_time\" content=\"2010-09-26T13:10:27+00:00\" \/>\n<meta property=\"og:image\" content=\"http:\/\/www.visit-ulcinj.com\/blog\/wp-content\/uploads\/2010\/09\/Rexhep-ef.-Lika-Kryeimami-i-Ulqinit-300x225.jpg\" \/>\n<meta name=\"twitter:label1\" content=\"Written by\" \/>\n\t<meta name=\"twitter:data1\" content=\"ulqini\" \/>\n\t<meta name=\"twitter:label2\" content=\"Est. reading time\" \/>\n\t<meta name=\"twitter:data2\" content=\"3 minutes\" \/>\n<script type=\"application\/ld+json\" class=\"yoast-schema-graph\">{\"@context\":\"https:\/\/schema.org\",\"@graph\":[{\"@type\":\"WebSite\",\"@id\":\"https:\/\/www.visit-ulcinj.com\/blog\/#website\",\"url\":\"https:\/\/www.visit-ulcinj.com\/blog\/\",\"name\":\"Lajme nga Ulqini\",\"description\":\"Lajme,Vijesti,Ulqini,Ulqin,Crna Gora,Mali i Zi\",\"potentialAction\":[{\"@type\":\"SearchAction\",\"target\":{\"@type\":\"EntryPoint\",\"urlTemplate\":\"https:\/\/www.visit-ulcinj.com\/blog\/?s={search_term_string}\"},\"query-input\":\"required name=search_term_string\"}],\"inLanguage\":\"en-US\"},{\"@type\":\"ImageObject\",\"inLanguage\":\"en-US\",\"@id\":\"https:\/\/www.visit-ulcinj.com\/blog\/2010\/09\/08\/urimi-i-rexhep-ef-lika-kryeimami-i-ulqinit-me-rastin-e-fiter-bajramit\/#primaryimage\",\"url\":\"https:\/\/www.visit-ulcinj.com\/blog\/wp-content\/uploads\/2010\/09\/Rexhep-ef.-Lika-Kryeimami-i-Ulqinit.jpg\",\"contentUrl\":\"https:\/\/www.visit-ulcinj.com\/blog\/wp-content\/uploads\/2010\/09\/Rexhep-ef.-Lika-Kryeimami-i-Ulqinit.jpg\",\"width\":\"384\",\"height\":\"288\"},{\"@type\":\"WebPage\",\"@id\":\"https:\/\/www.visit-ulcinj.com\/blog\/2010\/09\/08\/urimi-i-rexhep-ef-lika-kryeimami-i-ulqinit-me-rastin-e-fiter-bajramit\/#webpage\",\"url\":\"https:\/\/www.visit-ulcinj.com\/blog\/2010\/09\/08\/urimi-i-rexhep-ef-lika-kryeimami-i-ulqinit-me-rastin-e-fiter-bajramit\/\",\"name\":\"Urimi i Rexhep ef. Lika, Kryeimami i Ulqinit me rastin e Fit\u00ebr Bajramit - Lajme nga Ulqini\",\"isPartOf\":{\"@id\":\"https:\/\/www.visit-ulcinj.com\/blog\/#website\"},\"primaryImageOfPage\":{\"@id\":\"https:\/\/www.visit-ulcinj.com\/blog\/2010\/09\/08\/urimi-i-rexhep-ef-lika-kryeimami-i-ulqinit-me-rastin-e-fiter-bajramit\/#primaryimage\"},\"datePublished\":\"2010-09-08T15:08:56+00:00\",\"dateModified\":\"2010-09-26T13:10:27+00:00\",\"author\":{\"@id\":\"https:\/\/www.visit-ulcinj.com\/blog\/#\/schema\/person\/dcab619c614d3038751c63bc2aadc06d\"},\"description\":\"Bismil-lahir-rahmanir-rahim. Nes\u00ebr, m\u00eb 09 shtator 2010 \u00ebsht\u00eb dita e par\u00eb e Fit\u00ebr - Bajramit, ndaj me k\u00ebt\u00eb rast, kam k\u00ebnaq\u00ebsin\u00eb q\u00eb n\u00eb em\u00ebr t\u00eb Kryesis\u00eb s\u00eb\",\"breadcrumb\":{\"@id\":\"https:\/\/www.visit-ulcinj.com\/blog\/2010\/09\/08\/urimi-i-rexhep-ef-lika-kryeimami-i-ulqinit-me-rastin-e-fiter-bajramit\/#breadcrumb\"},\"inLanguage\":\"en-US\",\"potentialAction\":[{\"@type\":\"ReadAction\",\"target\":[\"https:\/\/www.visit-ulcinj.com\/blog\/2010\/09\/08\/urimi-i-rexhep-ef-lika-kryeimami-i-ulqinit-me-rastin-e-fiter-bajramit\/\"]}]},{\"@type\":\"BreadcrumbList\",\"@id\":\"https:\/\/www.visit-ulcinj.com\/blog\/2010\/09\/08\/urimi-i-rexhep-ef-lika-kryeimami-i-ulqinit-me-rastin-e-fiter-bajramit\/#breadcrumb\",\"itemListElement\":[{\"@type\":\"ListItem\",\"position\":1,\"name\":\"Urimi i Rexhep ef. Lika, Kryeimami i Ulqinit me rastin e Fit\u00ebr Bajramit\"}]},{\"@type\":\"Person\",\"@id\":\"https:\/\/www.visit-ulcinj.com\/blog\/#\/schema\/person\/dcab619c614d3038751c63bc2aadc06d\",\"name\":\"ulqini\",\"sameAs\":[\"http:\/\/www.visit-ulcinj.com\"],\"url\":\"https:\/\/www.visit-ulcinj.com\/blog\/author\/admin\/\"}]}<\/script>\n<!-- \/ Yoast SEO plugin. -->","yoast_head_json":{"title":"Urimi i Rexhep ef. Lika, Kryeimami i Ulqinit me rastin e Fit\u00ebr Bajramit - Lajme nga Ulqini","description":"Bismil-lahir-rahmanir-rahim. Nes\u00ebr, m\u00eb 09 shtator 2010 \u00ebsht\u00eb dita e par\u00eb e Fit\u00ebr - Bajramit, ndaj me k\u00ebt\u00eb rast, kam k\u00ebnaq\u00ebsin\u00eb q\u00eb n\u00eb em\u00ebr t\u00eb Kryesis\u00eb s\u00eb","robots":{"index":"index","follow":"follow","max-snippet":"max-snippet:-1","max-image-preview":"max-image-preview:large","max-video-preview":"max-video-preview:-1"},"canonical":"https:\/\/www.visit-ulcinj.com\/blog\/2010\/09\/08\/urimi-i-rexhep-ef-lika-kryeimami-i-ulqinit-me-rastin-e-fiter-bajramit\/","og_locale":"en_US","og_type":"article","og_title":"Urimi i Rexhep ef. Lika, Kryeimami i Ulqinit me rastin e Fit\u00ebr Bajramit - Lajme nga Ulqini","og_description":"Bismil-lahir-rahmanir-rahim. Nes\u00ebr, m\u00eb 09 shtator 2010 \u00ebsht\u00eb dita e par\u00eb e Fit\u00ebr - Bajramit, ndaj me k\u00ebt\u00eb rast, kam k\u00ebnaq\u00ebsin\u00eb q\u00eb n\u00eb em\u00ebr t\u00eb Kryesis\u00eb s\u00eb","og_url":"https:\/\/www.visit-ulcinj.com\/blog\/2010\/09\/08\/urimi-i-rexhep-ef-lika-kryeimami-i-ulqinit-me-rastin-e-fiter-bajramit\/","og_site_name":"Lajme nga Ulqini","article_published_time":"2010-09-08T15:08:56+00:00","article_modified_time":"2010-09-26T13:10:27+00:00","og_image":[{"url":"http:\/\/www.visit-ulcinj.com\/blog\/wp-content\/uploads\/2010\/09\/Rexhep-ef.-Lika-Kryeimami-i-Ulqinit-300x225.jpg"}],"twitter_misc":{"Written by":"ulqini","Est. reading time":"3 minutes"},"schema":{"@context":"https:\/\/schema.org","@graph":[{"@type":"WebSite","@id":"https:\/\/www.visit-ulcinj.com\/blog\/#website","url":"https:\/\/www.visit-ulcinj.com\/blog\/","name":"Lajme nga Ulqini","description":"Lajme,Vijesti,Ulqini,Ulqin,Crna Gora,Mali i Zi","potentialAction":[{"@type":"SearchAction","target":{"@type":"EntryPoint","urlTemplate":"https:\/\/www.visit-ulcinj.com\/blog\/?s={search_term_string}"},"query-input":"required name=search_term_string"}],"inLanguage":"en-US"},{"@type":"ImageObject","inLanguage":"en-US","@id":"https:\/\/www.visit-ulcinj.com\/blog\/2010\/09\/08\/urimi-i-rexhep-ef-lika-kryeimami-i-ulqinit-me-rastin-e-fiter-bajramit\/#primaryimage","url":"https:\/\/www.visit-ulcinj.com\/blog\/wp-content\/uploads\/2010\/09\/Rexhep-ef.-Lika-Kryeimami-i-Ulqinit.jpg","contentUrl":"https:\/\/www.visit-ulcinj.com\/blog\/wp-content\/uploads\/2010\/09\/Rexhep-ef.-Lika-Kryeimami-i-Ulqinit.jpg","width":"384","height":"288"},{"@type":"WebPage","@id":"https:\/\/www.visit-ulcinj.com\/blog\/2010\/09\/08\/urimi-i-rexhep-ef-lika-kryeimami-i-ulqinit-me-rastin-e-fiter-bajramit\/#webpage","url":"https:\/\/www.visit-ulcinj.com\/blog\/2010\/09\/08\/urimi-i-rexhep-ef-lika-kryeimami-i-ulqinit-me-rastin-e-fiter-bajramit\/","name":"Urimi i Rexhep ef. Lika, Kryeimami i Ulqinit me rastin e Fit\u00ebr Bajramit - Lajme nga Ulqini","isPartOf":{"@id":"https:\/\/www.visit-ulcinj.com\/blog\/#website"},"primaryImageOfPage":{"@id":"https:\/\/www.visit-ulcinj.com\/blog\/2010\/09\/08\/urimi-i-rexhep-ef-lika-kryeimami-i-ulqinit-me-rastin-e-fiter-bajramit\/#primaryimage"},"datePublished":"2010-09-08T15:08:56+00:00","dateModified":"2010-09-26T13:10:27+00:00","author":{"@id":"https:\/\/www.visit-ulcinj.com\/blog\/#\/schema\/person\/dcab619c614d3038751c63bc2aadc06d"},"description":"Bismil-lahir-rahmanir-rahim. Nes\u00ebr, m\u00eb 09 shtator 2010 \u00ebsht\u00eb dita e par\u00eb e Fit\u00ebr - Bajramit, ndaj me k\u00ebt\u00eb rast, kam k\u00ebnaq\u00ebsin\u00eb q\u00eb n\u00eb em\u00ebr t\u00eb Kryesis\u00eb s\u00eb","breadcrumb":{"@id":"https:\/\/www.visit-ulcinj.com\/blog\/2010\/09\/08\/urimi-i-rexhep-ef-lika-kryeimami-i-ulqinit-me-rastin-e-fiter-bajramit\/#breadcrumb"},"inLanguage":"en-US","potentialAction":[{"@type":"ReadAction","target":["https:\/\/www.visit-ulcinj.com\/blog\/2010\/09\/08\/urimi-i-rexhep-ef-lika-kryeimami-i-ulqinit-me-rastin-e-fiter-bajramit\/"]}]},{"@type":"BreadcrumbList","@id":"https:\/\/www.visit-ulcinj.com\/blog\/2010\/09\/08\/urimi-i-rexhep-ef-lika-kryeimami-i-ulqinit-me-rastin-e-fiter-bajramit\/#breadcrumb","itemListElement":[{"@type":"ListItem","position":1,"name":"Urimi i Rexhep ef. Lika, Kryeimami i Ulqinit me rastin e Fit\u00ebr Bajramit"}]},{"@type":"Person","@id":"https:\/\/www.visit-ulcinj.com\/blog\/#\/schema\/person\/dcab619c614d3038751c63bc2aadc06d","name":"ulqini","sameAs":["http:\/\/www.visit-ulcinj.com"],"url":"https:\/\/www.visit-ulcinj.com\/blog\/author\/admin\/"}]}},"jetpack_featured_media_url":"","jetpack_sharing_enabled":true,"jetpack_shortlink":"https:\/\/wp.me\/pe6lTn-9Ci","_links":{"self":[{"href":"https:\/\/www.visit-ulcinj.com\/blog\/wp-json\/wp\/v2\/posts\/36970"}],"collection":[{"href":"https:\/\/www.visit-ulcinj.com\/blog\/wp-json\/wp\/v2\/posts"}],"about":[{"href":"https:\/\/www.visit-ulcinj.com\/blog\/wp-json\/wp\/v2\/types\/post"}],"author":[{"embeddable":true,"href":"https:\/\/www.visit-ulcinj.com\/blog\/wp-json\/wp\/v2\/users\/1"}],"replies":[{"embeddable":true,"href":"https:\/\/www.visit-ulcinj.com\/blog\/wp-json\/wp\/v2\/comments?post=36970"}],"version-history":[{"count":0,"href":"https:\/\/www.visit-ulcinj.com\/blog\/wp-json\/wp\/v2\/posts\/36970\/revisions"}],"wp:attachment":[{"href":"https:\/\/www.visit-ulcinj.com\/blog\/wp-json\/wp\/v2\/media?parent=36970"}],"wp:term":[{"taxonomy":"category","embeddable":true,"href":"https:\/\/www.visit-ulcinj.com\/blog\/wp-json\/wp\/v2\/categories?post=36970"},{"taxonomy":"post_tag","embeddable":true,"href":"https:\/\/www.visit-ulcinj.com\/blog\/wp-json\/wp\/v2\/tags?post=36970"}],"curies":[{"name":"wp","href":"https:\/\/api.w.org\/{rel}","templated":true}]}}