{"id":36991,"date":"2010-09-08T18:24:31","date_gmt":"2010-09-08T16:24:31","guid":{"rendered":"http:\/\/www.visit-ulcinj.com\/blog\/?p=36991"},"modified":"2010-09-14T13:43:08","modified_gmt":"2010-09-14T11:43:08","slug":"urimet-per-festen-e-fiter-bajramit-partia-e-prosperitetit-demokratik","status":"publish","type":"post","link":"https:\/\/www.visit-ulcinj.com\/blog\/2010\/09\/08\/urimet-per-festen-e-fiter-bajramit-partia-e-prosperitetit-demokratik\/","title":{"rendered":"Urimet per festen e Fiter Bajramit &#8211; Partia e Prosperitetit Demokratik"},"content":{"rendered":"<p><strong><a href=\"http:\/\/www.visit-ulcinj.com\/blog\/wp-content\/uploads\/2010\/09\/PARTIA-E-PROSPERITETIT-DEMOKRATIK.jpg\"><img loading=\"lazy\" class=\"alignleft size-thumbnail wp-image-36665\" title=\"PARTIA E PROSPERITETIT DEMOKRATIK\" src=\"http:\/\/www.visit-ulcinj.com\/blog\/wp-content\/uploads\/2010\/09\/PARTIA-E-PROSPERITETIT-DEMOKRATIK-150x150.jpg\" alt=\"\" width=\"150\" height=\"150\" \/><\/a>PARTIA E PROSPERITETIT DEMOKRATIK<\/strong><\/p>\n<p><strong>PARTIJA DEMOKRATSKOG PROSPERITETA<\/strong><\/p>\n<p><strong>THE PARTY OF DEMOKTRATIC PROSPERITY<\/strong><\/p>\n<p><strong>ULQIN \u2013 ULCINJ. Montenegro<\/strong><\/p>\n<p><strong>Tel.++382 30 412 816 &amp; Fax ++ 382 30 \u00a0401571<\/strong><\/p>\n<p><strong>e-mail: <a href=\"mailto:ppd@t-com.me\" target=\"_blank\">ppd@t-com.me<\/a><\/strong><\/p>\n<p><strong> <\/strong><\/p>\n<p><strong> <\/strong><\/p>\n<p><strong>Nr. 01-53\/1-10<\/strong><\/p>\n<p><strong>Ulqin, m\u00eb 08.09.2010<\/strong><\/p>\n<p><strong> <\/strong><\/p>\n<p><strong><a href=\"http:\/\/www.visit-ulcinj.com\/blog\/wp-content\/uploads\/2010\/09\/Me-fat-Bajrami.jpg\"><img loading=\"lazy\" class=\"alignleft size-full wp-image-37269\" title=\"Me fat Bajrami\" src=\"http:\/\/www.visit-ulcinj.com\/blog\/wp-content\/uploads\/2010\/09\/Me-fat-Bajrami.jpg\" alt=\"\" width=\"189\" height=\"327\" srcset=\"https:\/\/www.visit-ulcinj.com\/blog\/wp-content\/uploads\/2010\/09\/Me-fat-Bajrami.jpg 315w, https:\/\/www.visit-ulcinj.com\/blog\/wp-content\/uploads\/2010\/09\/Me-fat-Bajrami-173x300.jpg 173w\" sizes=\"(max-width: 189px) 100vw, 189px\" \/><\/a>Urime p\u00ebr fest\u00ebn e Fiter Bajramit<\/strong><\/p>\n<p>N\u00eb k\u00ebt\u00eb dit\u00eb t\u00eb sh\u00ebnuar, urojm\u00eb gjith\u00eb besimtar\u00ebt mysliman\u00eb p\u00ebr Fest\u00ebn e Fiter Bajramit e cila vjen pas Ramazanit, muajit t\u00eb shenjt\u00eb t\u00eb agjerimit e p\u00ebrkushtimit.\u00a0 Bajrami \u00ebsht\u00eb dit\u00eb shp\u00ebrblimi, dit\u00eb g\u00ebzimi, dit\u00eb kremtimi, dit\u00eb vizite t\u00eb af\u00ebrmeve, farefisit, shok\u00ebve e dashamir\u00ebve dhe dit\u00eb pajtimi n\u00eb mes njer\u00ebzve.\u00a0 Kjo dit\u00eb p\u00ebr mesazh kryesor ka sakrific\u00ebn si themel t\u00eb t\u00eb gjitha t\u00eb mirave t\u00eb k\u00ebsaj bote. Ndaj, duke ju uruar Fiter Bajramin t\u00eb gjith\u00eb besimtar\u00ebve mysliman\u00eb, urojm\u00eb q\u00eb sakrificat, adhurimet dhe lutjet tuaja t\u00eb sinqerta, t\u00eb shp\u00ebrblehen me mir\u00ebsin\u00eb e Krijuesit t\u00eb Madh\u00ebrish\u00ebm.<\/p>\n<p>Kryetari dhe Kryesia e Partise s\u00eb Prosperitetit Demokratik.<\/p>\n<p><strong>Kryetari,<br \/>\nAli Rexha<\/strong><\/p>\n","protected":false},"excerpt":{"rendered":"<p>PARTIA E PROSPERITETIT DEMOKRATIK PARTIJA DEMOKRATSKOG PROSPERITETA THE PARTY OF DEMOKTRATIC PROSPERITY ULQIN \u2013 ULCINJ. Montenegro Tel.++382 30 412 816 &amp; Fax ++ 382 30 \u00a0401571 e-mail: ppd@t-com.me Nr. 01-53\/1-10 Ulqin, m\u00eb 08.09.2010 Urime p\u00ebr fest\u00ebn e Fiter Bajramit N\u00eb k\u00ebt\u00eb dit\u00eb t\u00eb sh\u00ebnuar, urojm\u00eb gjith\u00eb besimtar\u00ebt mysliman\u00eb p\u00ebr Fest\u00ebn e Fiter Bajramit e cila [&hellip;]<\/p>\n","protected":false},"author":1,"featured_media":0,"comment_status":"open","ping_status":"closed","sticky":false,"template":"","format":"standard","meta":{"spay_email":"","jetpack_publicize_message":"","jetpack_is_tweetstorm":false,"jetpack_publicize_feature_enabled":true},"categories":[1],"tags":[8027,12478,6530,1302,15330,19,200,18],"jetpack_publicize_connections":[],"yoast_head":"<!-- This site is optimized with the Yoast SEO plugin v19.1 - https:\/\/yoast.com\/wordpress\/plugins\/seo\/ -->\n<title>Urimet per festen e Fiter Bajramit - Partia e Prosperitetit Demokratik - Lajme nga Ulqini<\/title>\n<meta name=\"description\" content=\"PARTIA E PROSPERITETIT DEMOKRATIK PARTIJA DEMOKRATSKOG PROSPERITETA THE PARTY OF DEMOKTRATIC PROSPERITY ULQIN \u2013 ULCINJ. Montenegro Tel.++382 30 412\" \/>\n<meta name=\"robots\" content=\"index, follow, max-snippet:-1, max-image-preview:large, max-video-preview:-1\" \/>\n<link rel=\"canonical\" href=\"https:\/\/www.visit-ulcinj.com\/blog\/2010\/09\/08\/urimet-per-festen-e-fiter-bajramit-partia-e-prosperitetit-demokratik\/\" \/>\n<meta property=\"og:locale\" content=\"en_US\" \/>\n<meta property=\"og:type\" content=\"article\" \/>\n<meta property=\"og:title\" content=\"Urimet per festen e Fiter Bajramit - Partia e Prosperitetit Demokratik - Lajme nga Ulqini\" \/>\n<meta property=\"og:description\" content=\"PARTIA E PROSPERITETIT DEMOKRATIK PARTIJA DEMOKRATSKOG PROSPERITETA THE PARTY OF DEMOKTRATIC PROSPERITY ULQIN \u2013 ULCINJ. Montenegro Tel.++382 30 412\" \/>\n<meta property=\"og:url\" content=\"https:\/\/www.visit-ulcinj.com\/blog\/2010\/09\/08\/urimet-per-festen-e-fiter-bajramit-partia-e-prosperitetit-demokratik\/\" \/>\n<meta property=\"og:site_name\" content=\"Lajme nga Ulqini\" \/>\n<meta property=\"article:published_time\" content=\"2010-09-08T16:24:31+00:00\" \/>\n<meta property=\"article:modified_time\" content=\"2010-09-14T11:43:08+00:00\" \/>\n<meta property=\"og:image\" content=\"http:\/\/www.visit-ulcinj.com\/blog\/wp-content\/uploads\/2010\/09\/PARTIA-E-PROSPERITETIT-DEMOKRATIK-150x150.jpg\" \/>\n<meta name=\"twitter:label1\" content=\"Written by\" \/>\n\t<meta name=\"twitter:data1\" content=\"ulqini\" \/>\n\t<meta name=\"twitter:label2\" content=\"Est. reading time\" \/>\n\t<meta name=\"twitter:data2\" content=\"1 minute\" \/>\n<script type=\"application\/ld+json\" class=\"yoast-schema-graph\">{\"@context\":\"https:\/\/schema.org\",\"@graph\":[{\"@type\":\"WebSite\",\"@id\":\"https:\/\/www.visit-ulcinj.com\/blog\/#website\",\"url\":\"https:\/\/www.visit-ulcinj.com\/blog\/\",\"name\":\"Lajme nga Ulqini\",\"description\":\"Lajme,Vijesti,Ulqini,Ulqin,Crna Gora,Mali i Zi\",\"potentialAction\":[{\"@type\":\"SearchAction\",\"target\":{\"@type\":\"EntryPoint\",\"urlTemplate\":\"https:\/\/www.visit-ulcinj.com\/blog\/?s={search_term_string}\"},\"query-input\":\"required name=search_term_string\"}],\"inLanguage\":\"en-US\"},{\"@type\":\"ImageObject\",\"inLanguage\":\"en-US\",\"@id\":\"https:\/\/www.visit-ulcinj.com\/blog\/2010\/09\/08\/urimet-per-festen-e-fiter-bajramit-partia-e-prosperitetit-demokratik\/#primaryimage\",\"url\":\"https:\/\/www.visit-ulcinj.com\/blog\/wp-content\/uploads\/2010\/09\/PARTIA-E-PROSPERITETIT-DEMOKRATIK.jpg\",\"contentUrl\":\"https:\/\/www.visit-ulcinj.com\/blog\/wp-content\/uploads\/2010\/09\/PARTIA-E-PROSPERITETIT-DEMOKRATIK.jpg\",\"width\":\"521\",\"height\":\"501\"},{\"@type\":\"WebPage\",\"@id\":\"https:\/\/www.visit-ulcinj.com\/blog\/2010\/09\/08\/urimet-per-festen-e-fiter-bajramit-partia-e-prosperitetit-demokratik\/#webpage\",\"url\":\"https:\/\/www.visit-ulcinj.com\/blog\/2010\/09\/08\/urimet-per-festen-e-fiter-bajramit-partia-e-prosperitetit-demokratik\/\",\"name\":\"Urimet per festen e Fiter Bajramit - Partia e Prosperitetit Demokratik - Lajme nga Ulqini\",\"isPartOf\":{\"@id\":\"https:\/\/www.visit-ulcinj.com\/blog\/#website\"},\"primaryImageOfPage\":{\"@id\":\"https:\/\/www.visit-ulcinj.com\/blog\/2010\/09\/08\/urimet-per-festen-e-fiter-bajramit-partia-e-prosperitetit-demokratik\/#primaryimage\"},\"datePublished\":\"2010-09-08T16:24:31+00:00\",\"dateModified\":\"2010-09-14T11:43:08+00:00\",\"author\":{\"@id\":\"https:\/\/www.visit-ulcinj.com\/blog\/#\/schema\/person\/dcab619c614d3038751c63bc2aadc06d\"},\"description\":\"PARTIA E PROSPERITETIT DEMOKRATIK PARTIJA DEMOKRATSKOG PROSPERITETA THE PARTY OF DEMOKTRATIC PROSPERITY ULQIN \u2013 ULCINJ. Montenegro Tel.++382 30 412\",\"breadcrumb\":{\"@id\":\"https:\/\/www.visit-ulcinj.com\/blog\/2010\/09\/08\/urimet-per-festen-e-fiter-bajramit-partia-e-prosperitetit-demokratik\/#breadcrumb\"},\"inLanguage\":\"en-US\",\"potentialAction\":[{\"@type\":\"ReadAction\",\"target\":[\"https:\/\/www.visit-ulcinj.com\/blog\/2010\/09\/08\/urimet-per-festen-e-fiter-bajramit-partia-e-prosperitetit-demokratik\/\"]}]},{\"@type\":\"BreadcrumbList\",\"@id\":\"https:\/\/www.visit-ulcinj.com\/blog\/2010\/09\/08\/urimet-per-festen-e-fiter-bajramit-partia-e-prosperitetit-demokratik\/#breadcrumb\",\"itemListElement\":[{\"@type\":\"ListItem\",\"position\":1,\"name\":\"Urimet per festen e Fiter Bajramit &#8211; Partia e Prosperitetit Demokratik\"}]},{\"@type\":\"Person\",\"@id\":\"https:\/\/www.visit-ulcinj.com\/blog\/#\/schema\/person\/dcab619c614d3038751c63bc2aadc06d\",\"name\":\"ulqini\",\"sameAs\":[\"http:\/\/www.visit-ulcinj.com\"],\"url\":\"https:\/\/www.visit-ulcinj.com\/blog\/author\/admin\/\"}]}<\/script>\n<!-- \/ Yoast SEO plugin. -->","yoast_head_json":{"title":"Urimet per festen e Fiter Bajramit - Partia e Prosperitetit Demokratik - Lajme nga Ulqini","description":"PARTIA E PROSPERITETIT DEMOKRATIK PARTIJA DEMOKRATSKOG PROSPERITETA THE PARTY OF DEMOKTRATIC PROSPERITY ULQIN \u2013 ULCINJ. Montenegro Tel.++382 30 412","robots":{"index":"index","follow":"follow","max-snippet":"max-snippet:-1","max-image-preview":"max-image-preview:large","max-video-preview":"max-video-preview:-1"},"canonical":"https:\/\/www.visit-ulcinj.com\/blog\/2010\/09\/08\/urimet-per-festen-e-fiter-bajramit-partia-e-prosperitetit-demokratik\/","og_locale":"en_US","og_type":"article","og_title":"Urimet per festen e Fiter Bajramit - Partia e Prosperitetit Demokratik - Lajme nga Ulqini","og_description":"PARTIA E PROSPERITETIT DEMOKRATIK PARTIJA DEMOKRATSKOG PROSPERITETA THE PARTY OF DEMOKTRATIC PROSPERITY ULQIN \u2013 ULCINJ. Montenegro Tel.++382 30 412","og_url":"https:\/\/www.visit-ulcinj.com\/blog\/2010\/09\/08\/urimet-per-festen-e-fiter-bajramit-partia-e-prosperitetit-demokratik\/","og_site_name":"Lajme nga Ulqini","article_published_time":"2010-09-08T16:24:31+00:00","article_modified_time":"2010-09-14T11:43:08+00:00","og_image":[{"url":"http:\/\/www.visit-ulcinj.com\/blog\/wp-content\/uploads\/2010\/09\/PARTIA-E-PROSPERITETIT-DEMOKRATIK-150x150.jpg"}],"twitter_misc":{"Written by":"ulqini","Est. reading time":"1 minute"},"schema":{"@context":"https:\/\/schema.org","@graph":[{"@type":"WebSite","@id":"https:\/\/www.visit-ulcinj.com\/blog\/#website","url":"https:\/\/www.visit-ulcinj.com\/blog\/","name":"Lajme nga Ulqini","description":"Lajme,Vijesti,Ulqini,Ulqin,Crna Gora,Mali i Zi","potentialAction":[{"@type":"SearchAction","target":{"@type":"EntryPoint","urlTemplate":"https:\/\/www.visit-ulcinj.com\/blog\/?s={search_term_string}"},"query-input":"required name=search_term_string"}],"inLanguage":"en-US"},{"@type":"ImageObject","inLanguage":"en-US","@id":"https:\/\/www.visit-ulcinj.com\/blog\/2010\/09\/08\/urimet-per-festen-e-fiter-bajramit-partia-e-prosperitetit-demokratik\/#primaryimage","url":"https:\/\/www.visit-ulcinj.com\/blog\/wp-content\/uploads\/2010\/09\/PARTIA-E-PROSPERITETIT-DEMOKRATIK.jpg","contentUrl":"https:\/\/www.visit-ulcinj.com\/blog\/wp-content\/uploads\/2010\/09\/PARTIA-E-PROSPERITETIT-DEMOKRATIK.jpg","width":"521","height":"501"},{"@type":"WebPage","@id":"https:\/\/www.visit-ulcinj.com\/blog\/2010\/09\/08\/urimet-per-festen-e-fiter-bajramit-partia-e-prosperitetit-demokratik\/#webpage","url":"https:\/\/www.visit-ulcinj.com\/blog\/2010\/09\/08\/urimet-per-festen-e-fiter-bajramit-partia-e-prosperitetit-demokratik\/","name":"Urimet per festen e Fiter Bajramit - Partia e Prosperitetit Demokratik - Lajme nga Ulqini","isPartOf":{"@id":"https:\/\/www.visit-ulcinj.com\/blog\/#website"},"primaryImageOfPage":{"@id":"https:\/\/www.visit-ulcinj.com\/blog\/2010\/09\/08\/urimet-per-festen-e-fiter-bajramit-partia-e-prosperitetit-demokratik\/#primaryimage"},"datePublished":"2010-09-08T16:24:31+00:00","dateModified":"2010-09-14T11:43:08+00:00","author":{"@id":"https:\/\/www.visit-ulcinj.com\/blog\/#\/schema\/person\/dcab619c614d3038751c63bc2aadc06d"},"description":"PARTIA E PROSPERITETIT DEMOKRATIK PARTIJA DEMOKRATSKOG PROSPERITETA THE PARTY OF DEMOKTRATIC PROSPERITY ULQIN \u2013 ULCINJ. Montenegro Tel.++382 30 412","breadcrumb":{"@id":"https:\/\/www.visit-ulcinj.com\/blog\/2010\/09\/08\/urimet-per-festen-e-fiter-bajramit-partia-e-prosperitetit-demokratik\/#breadcrumb"},"inLanguage":"en-US","potentialAction":[{"@type":"ReadAction","target":["https:\/\/www.visit-ulcinj.com\/blog\/2010\/09\/08\/urimet-per-festen-e-fiter-bajramit-partia-e-prosperitetit-demokratik\/"]}]},{"@type":"BreadcrumbList","@id":"https:\/\/www.visit-ulcinj.com\/blog\/2010\/09\/08\/urimet-per-festen-e-fiter-bajramit-partia-e-prosperitetit-demokratik\/#breadcrumb","itemListElement":[{"@type":"ListItem","position":1,"name":"Urimet per festen e Fiter Bajramit &#8211; Partia e Prosperitetit Demokratik"}]},{"@type":"Person","@id":"https:\/\/www.visit-ulcinj.com\/blog\/#\/schema\/person\/dcab619c614d3038751c63bc2aadc06d","name":"ulqini","sameAs":["http:\/\/www.visit-ulcinj.com"],"url":"https:\/\/www.visit-ulcinj.com\/blog\/author\/admin\/"}]}},"jetpack_featured_media_url":"","jetpack_sharing_enabled":true,"jetpack_shortlink":"https:\/\/wp.me\/pe6lTn-9CD","_links":{"self":[{"href":"https:\/\/www.visit-ulcinj.com\/blog\/wp-json\/wp\/v2\/posts\/36991"}],"collection":[{"href":"https:\/\/www.visit-ulcinj.com\/blog\/wp-json\/wp\/v2\/posts"}],"about":[{"href":"https:\/\/www.visit-ulcinj.com\/blog\/wp-json\/wp\/v2\/types\/post"}],"author":[{"embeddable":true,"href":"https:\/\/www.visit-ulcinj.com\/blog\/wp-json\/wp\/v2\/users\/1"}],"replies":[{"embeddable":true,"href":"https:\/\/www.visit-ulcinj.com\/blog\/wp-json\/wp\/v2\/comments?post=36991"}],"version-history":[{"count":0,"href":"https:\/\/www.visit-ulcinj.com\/blog\/wp-json\/wp\/v2\/posts\/36991\/revisions"}],"wp:attachment":[{"href":"https:\/\/www.visit-ulcinj.com\/blog\/wp-json\/wp\/v2\/media?parent=36991"}],"wp:term":[{"taxonomy":"category","embeddable":true,"href":"https:\/\/www.visit-ulcinj.com\/blog\/wp-json\/wp\/v2\/categories?post=36991"},{"taxonomy":"post_tag","embeddable":true,"href":"https:\/\/www.visit-ulcinj.com\/blog\/wp-json\/wp\/v2\/tags?post=36991"}],"curies":[{"name":"wp","href":"https:\/\/api.w.org\/{rel}","templated":true}]}}