{"id":36994,"date":"2010-09-08T18:41:30","date_gmt":"2010-09-08T16:41:30","guid":{"rendered":"http:\/\/www.visit-ulcinj.com\/blog\/?p=36994"},"modified":"2010-09-08T18:41:30","modified_gmt":"2010-09-08T16:41:30","slug":"dps-otkacio-dua","status":"publish","type":"post","link":"https:\/\/www.visit-ulcinj.com\/blog\/2010\/09\/08\/dps-otkacio-dua\/","title":{"rendered":"DPS otka\u010dio DUA"},"content":{"rendered":"<h3><a href=\"http:\/\/www.visit-ulcinj.com\/blog\/wp-content\/uploads\/2010\/09\/DPS-u-Ulcinju-samostalno.jpg\"><img loading=\"lazy\" class=\"alignleft size-medium wp-image-36962\" title=\"DPS u Ulcinju samostalno\" src=\"http:\/\/www.visit-ulcinj.com\/blog\/wp-content\/uploads\/2010\/09\/DPS-u-Ulcinju-samostalno-251x300.jpg\" alt=\"\" width=\"251\" height=\"300\" srcset=\"https:\/\/www.visit-ulcinj.com\/blog\/wp-content\/uploads\/2010\/09\/DPS-u-Ulcinju-samostalno-251x300.jpg 251w, https:\/\/www.visit-ulcinj.com\/blog\/wp-content\/uploads\/2010\/09\/DPS-u-Ulcinju-samostalno.jpg 477w\" sizes=\"(max-width: 251px) 100vw, 251px\" \/><\/a>Okon\u010dana sapunica oko izlaska najja\u010de partije na izbore u Ulcinju<\/h3>\n<p>Ulcinj &#8211; Na vanrednim izborima 17. oktobra u Ulcinju, Demokratska partija socijalista nastupi\u0107e samostalno, jednoglasno je odlu\u010deno na ju\u010dera\u0161njoj sjednici op\u0161tinskog odbora te partije u pro\u0161irenom sastavu.<br \/>\n\u0160ef ulcinjskog DPS-a Ljui\u0111 \u0160krelja kazao je da je to logi\u010dan potez nakon odr\u017eanih konsultacija sa predsjedni\u0161tvom partije i predstavnicima mjesnih odbora.<br \/>\n\u201cSvjesni smo odgovornosti koju preuzimamo na sebe i ostajemo privr\u017eeni saradnji sa koalicionim partnerom DUA na dr\u017eavnom nivou\u201d, kazao je \u0160krelja za \u201eVijesti\u201c.<br \/>\nDodao je da DPS ipak ne zatvara vrata nijednom politi\u010dkom subjektu koji \u0107e njegovu partiju cijeniti kao korektnog i pouzdanog partnera.<br \/>\n\u201cDPS \u0107e voditi dostojnu kampanju da bi nakon dobrog izbornog rezultata i \u010distog obraza mogao da formira postizborni savez sa svima koji su spremni da zajedno radimo na razvoju grada. Kada to ka\u017eem, imam u vidu da program DPS-a nije samo lokalnog ve\u0107 i dr\u017eavnog karaktera\u201d, kazao je \u0160krelja.<br \/>\nOn nije htio da potvrdi, ali ni da demantuje da je izborni rezultat DPS-a u Ulcinju projektovan na osam mandata.<br \/>\n\u201cNa\u0161a projekcija je \u0161to vi\u0161e glasova i \u0161to vi\u0161e mandata. Vidje\u0107emo kako \u0107e to izgledati 17. oktobra\u201d, rekao je \u0160krelja.<br \/>\nU me\u0111uvremenu, predstavnici Force Nazifa Cungua odr\u017eali su u nedjelju prvi sastanak sa opozicionim albanskim partijama u susret vanrednim izborima u Ulcinju na kojima \u0107e poku\u0161ati da kroz \u0161iroku saradnju sru\u0161e vlast DUA i DPS-a.<br \/>\n\u201cZajedni\u010dki nastup opozicionih albanskih politi\u010dkih snaga, permanentan je zahtjev dijaspore i gra\u0111ana Ulcinja. Imaju\u0107i u vidu da izborni sistem favorizuje koalicije, mislimo da bi zajedno osigurali vi\u0161e mandata nego u samostalnim nastupima\u201d, saop\u0161tila je Forca.<br \/>\nRazgovori koji su vo\u0111eni u hotelu \u201eEvropa\u201c u Skadru, kako se nadaju u Forci, bi\u0107e krunisani uspje\u0161nom multilateralnom saradnjom albanskih opozicionih snaga.<\/p>\n<p><strong>S.A.<br \/>\n<a href=\"http:\/\/www.vijesti.me\/\" target=\"_blank\">Vijesti<\/a><\/strong><\/p>\n","protected":false},"excerpt":{"rendered":"<p>Okon\u010dana sapunica oko izlaska najja\u010de partije na izbore u Ulcinju Ulcinj &#8211; Na vanrednim izborima 17. oktobra u Ulcinju, Demokratska partija socijalista nastupi\u0107e samostalno, jednoglasno je odlu\u010deno na ju\u010dera\u0161njoj sjednici op\u0161tinskog odbora te partije u pro\u0161irenom sastavu. \u0160ef ulcinjskog DPS-a Ljui\u0111 \u0160krelja kazao je da je to logi\u010dan potez nakon odr\u017eanih konsultacija sa predsjedni\u0161tvom partije [&hellip;]<\/p>\n","protected":false},"author":1,"featured_media":0,"comment_status":"open","ping_status":"closed","sticky":false,"template":"","format":"standard","meta":{"spay_email":"","jetpack_publicize_message":"","jetpack_is_tweetstorm":false,"jetpack_publicize_feature_enabled":true},"categories":[8337],"tags":[1990,19],"jetpack_publicize_connections":[],"yoast_head":"<!-- This site is optimized with the Yoast SEO plugin v19.1 - https:\/\/yoast.com\/wordpress\/plugins\/seo\/ -->\n<title>DPS otka\u010dio DUA - Lajme nga Ulqini<\/title>\n<meta name=\"description\" content=\"Okon\u010dana sapunica oko izlaska najja\u010de partije na izbore u Ulcinju Ulcinj - Na vanrednim izborima 17. oktobra u Ulcinju, Demokratska partija socijalista\" \/>\n<meta name=\"robots\" content=\"index, follow, max-snippet:-1, max-image-preview:large, max-video-preview:-1\" \/>\n<link rel=\"canonical\" href=\"https:\/\/www.visit-ulcinj.com\/blog\/2010\/09\/08\/dps-otkacio-dua\/\" \/>\n<meta property=\"og:locale\" content=\"en_US\" \/>\n<meta property=\"og:type\" content=\"article\" \/>\n<meta property=\"og:title\" content=\"DPS otka\u010dio DUA - Lajme nga Ulqini\" \/>\n<meta property=\"og:description\" content=\"Okon\u010dana sapunica oko izlaska najja\u010de partije na izbore u Ulcinju Ulcinj - Na vanrednim izborima 17. oktobra u Ulcinju, Demokratska partija socijalista\" \/>\n<meta property=\"og:url\" content=\"https:\/\/www.visit-ulcinj.com\/blog\/2010\/09\/08\/dps-otkacio-dua\/\" \/>\n<meta property=\"og:site_name\" content=\"Lajme nga Ulqini\" \/>\n<meta property=\"article:published_time\" content=\"2010-09-08T16:41:30+00:00\" \/>\n<meta property=\"og:image\" content=\"http:\/\/www.visit-ulcinj.com\/blog\/wp-content\/uploads\/2010\/09\/DPS-u-Ulcinju-samostalno-251x300.jpg\" \/>\n<meta name=\"twitter:label1\" content=\"Written by\" \/>\n\t<meta name=\"twitter:data1\" content=\"ulqini\" \/>\n\t<meta name=\"twitter:label2\" content=\"Est. reading time\" \/>\n\t<meta name=\"twitter:data2\" content=\"2 minutes\" \/>\n<script type=\"application\/ld+json\" class=\"yoast-schema-graph\">{\"@context\":\"https:\/\/schema.org\",\"@graph\":[{\"@type\":\"WebSite\",\"@id\":\"https:\/\/www.visit-ulcinj.com\/blog\/#website\",\"url\":\"https:\/\/www.visit-ulcinj.com\/blog\/\",\"name\":\"Lajme nga Ulqini\",\"description\":\"Lajme,Vijesti,Ulqini,Ulqin,Crna Gora,Mali i Zi\",\"potentialAction\":[{\"@type\":\"SearchAction\",\"target\":{\"@type\":\"EntryPoint\",\"urlTemplate\":\"https:\/\/www.visit-ulcinj.com\/blog\/?s={search_term_string}\"},\"query-input\":\"required name=search_term_string\"}],\"inLanguage\":\"en-US\"},{\"@type\":\"ImageObject\",\"inLanguage\":\"en-US\",\"@id\":\"https:\/\/www.visit-ulcinj.com\/blog\/2010\/09\/08\/dps-otkacio-dua\/#primaryimage\",\"url\":\"https:\/\/www.visit-ulcinj.com\/blog\/wp-content\/uploads\/2010\/09\/DPS-u-Ulcinju-samostalno.jpg\",\"contentUrl\":\"https:\/\/www.visit-ulcinj.com\/blog\/wp-content\/uploads\/2010\/09\/DPS-u-Ulcinju-samostalno.jpg\",\"width\":\"477\",\"height\":\"570\"},{\"@type\":\"WebPage\",\"@id\":\"https:\/\/www.visit-ulcinj.com\/blog\/2010\/09\/08\/dps-otkacio-dua\/#webpage\",\"url\":\"https:\/\/www.visit-ulcinj.com\/blog\/2010\/09\/08\/dps-otkacio-dua\/\",\"name\":\"DPS otka\u010dio DUA - Lajme nga Ulqini\",\"isPartOf\":{\"@id\":\"https:\/\/www.visit-ulcinj.com\/blog\/#website\"},\"primaryImageOfPage\":{\"@id\":\"https:\/\/www.visit-ulcinj.com\/blog\/2010\/09\/08\/dps-otkacio-dua\/#primaryimage\"},\"datePublished\":\"2010-09-08T16:41:30+00:00\",\"dateModified\":\"2010-09-08T16:41:30+00:00\",\"author\":{\"@id\":\"https:\/\/www.visit-ulcinj.com\/blog\/#\/schema\/person\/dcab619c614d3038751c63bc2aadc06d\"},\"description\":\"Okon\u010dana sapunica oko izlaska najja\u010de partije na izbore u Ulcinju Ulcinj - Na vanrednim izborima 17. oktobra u Ulcinju, Demokratska partija socijalista\",\"breadcrumb\":{\"@id\":\"https:\/\/www.visit-ulcinj.com\/blog\/2010\/09\/08\/dps-otkacio-dua\/#breadcrumb\"},\"inLanguage\":\"en-US\",\"potentialAction\":[{\"@type\":\"ReadAction\",\"target\":[\"https:\/\/www.visit-ulcinj.com\/blog\/2010\/09\/08\/dps-otkacio-dua\/\"]}]},{\"@type\":\"BreadcrumbList\",\"@id\":\"https:\/\/www.visit-ulcinj.com\/blog\/2010\/09\/08\/dps-otkacio-dua\/#breadcrumb\",\"itemListElement\":[{\"@type\":\"ListItem\",\"position\":1,\"name\":\"DPS otka\u010dio DUA\"}]},{\"@type\":\"Person\",\"@id\":\"https:\/\/www.visit-ulcinj.com\/blog\/#\/schema\/person\/dcab619c614d3038751c63bc2aadc06d\",\"name\":\"ulqini\",\"sameAs\":[\"http:\/\/www.visit-ulcinj.com\"],\"url\":\"https:\/\/www.visit-ulcinj.com\/blog\/author\/admin\/\"}]}<\/script>\n<!-- \/ Yoast SEO plugin. -->","yoast_head_json":{"title":"DPS otka\u010dio DUA - Lajme nga Ulqini","description":"Okon\u010dana sapunica oko izlaska najja\u010de partije na izbore u Ulcinju Ulcinj - Na vanrednim izborima 17. oktobra u Ulcinju, Demokratska partija socijalista","robots":{"index":"index","follow":"follow","max-snippet":"max-snippet:-1","max-image-preview":"max-image-preview:large","max-video-preview":"max-video-preview:-1"},"canonical":"https:\/\/www.visit-ulcinj.com\/blog\/2010\/09\/08\/dps-otkacio-dua\/","og_locale":"en_US","og_type":"article","og_title":"DPS otka\u010dio DUA - Lajme nga Ulqini","og_description":"Okon\u010dana sapunica oko izlaska najja\u010de partije na izbore u Ulcinju Ulcinj - Na vanrednim izborima 17. oktobra u Ulcinju, Demokratska partija socijalista","og_url":"https:\/\/www.visit-ulcinj.com\/blog\/2010\/09\/08\/dps-otkacio-dua\/","og_site_name":"Lajme nga Ulqini","article_published_time":"2010-09-08T16:41:30+00:00","og_image":[{"url":"http:\/\/www.visit-ulcinj.com\/blog\/wp-content\/uploads\/2010\/09\/DPS-u-Ulcinju-samostalno-251x300.jpg"}],"twitter_misc":{"Written by":"ulqini","Est. reading time":"2 minutes"},"schema":{"@context":"https:\/\/schema.org","@graph":[{"@type":"WebSite","@id":"https:\/\/www.visit-ulcinj.com\/blog\/#website","url":"https:\/\/www.visit-ulcinj.com\/blog\/","name":"Lajme nga Ulqini","description":"Lajme,Vijesti,Ulqini,Ulqin,Crna Gora,Mali i Zi","potentialAction":[{"@type":"SearchAction","target":{"@type":"EntryPoint","urlTemplate":"https:\/\/www.visit-ulcinj.com\/blog\/?s={search_term_string}"},"query-input":"required name=search_term_string"}],"inLanguage":"en-US"},{"@type":"ImageObject","inLanguage":"en-US","@id":"https:\/\/www.visit-ulcinj.com\/blog\/2010\/09\/08\/dps-otkacio-dua\/#primaryimage","url":"https:\/\/www.visit-ulcinj.com\/blog\/wp-content\/uploads\/2010\/09\/DPS-u-Ulcinju-samostalno.jpg","contentUrl":"https:\/\/www.visit-ulcinj.com\/blog\/wp-content\/uploads\/2010\/09\/DPS-u-Ulcinju-samostalno.jpg","width":"477","height":"570"},{"@type":"WebPage","@id":"https:\/\/www.visit-ulcinj.com\/blog\/2010\/09\/08\/dps-otkacio-dua\/#webpage","url":"https:\/\/www.visit-ulcinj.com\/blog\/2010\/09\/08\/dps-otkacio-dua\/","name":"DPS otka\u010dio DUA - Lajme nga Ulqini","isPartOf":{"@id":"https:\/\/www.visit-ulcinj.com\/blog\/#website"},"primaryImageOfPage":{"@id":"https:\/\/www.visit-ulcinj.com\/blog\/2010\/09\/08\/dps-otkacio-dua\/#primaryimage"},"datePublished":"2010-09-08T16:41:30+00:00","dateModified":"2010-09-08T16:41:30+00:00","author":{"@id":"https:\/\/www.visit-ulcinj.com\/blog\/#\/schema\/person\/dcab619c614d3038751c63bc2aadc06d"},"description":"Okon\u010dana sapunica oko izlaska najja\u010de partije na izbore u Ulcinju Ulcinj - Na vanrednim izborima 17. oktobra u Ulcinju, Demokratska partija socijalista","breadcrumb":{"@id":"https:\/\/www.visit-ulcinj.com\/blog\/2010\/09\/08\/dps-otkacio-dua\/#breadcrumb"},"inLanguage":"en-US","potentialAction":[{"@type":"ReadAction","target":["https:\/\/www.visit-ulcinj.com\/blog\/2010\/09\/08\/dps-otkacio-dua\/"]}]},{"@type":"BreadcrumbList","@id":"https:\/\/www.visit-ulcinj.com\/blog\/2010\/09\/08\/dps-otkacio-dua\/#breadcrumb","itemListElement":[{"@type":"ListItem","position":1,"name":"DPS otka\u010dio DUA"}]},{"@type":"Person","@id":"https:\/\/www.visit-ulcinj.com\/blog\/#\/schema\/person\/dcab619c614d3038751c63bc2aadc06d","name":"ulqini","sameAs":["http:\/\/www.visit-ulcinj.com"],"url":"https:\/\/www.visit-ulcinj.com\/blog\/author\/admin\/"}]}},"jetpack_featured_media_url":"","jetpack_sharing_enabled":true,"jetpack_shortlink":"https:\/\/wp.me\/pe6lTn-9CG","_links":{"self":[{"href":"https:\/\/www.visit-ulcinj.com\/blog\/wp-json\/wp\/v2\/posts\/36994"}],"collection":[{"href":"https:\/\/www.visit-ulcinj.com\/blog\/wp-json\/wp\/v2\/posts"}],"about":[{"href":"https:\/\/www.visit-ulcinj.com\/blog\/wp-json\/wp\/v2\/types\/post"}],"author":[{"embeddable":true,"href":"https:\/\/www.visit-ulcinj.com\/blog\/wp-json\/wp\/v2\/users\/1"}],"replies":[{"embeddable":true,"href":"https:\/\/www.visit-ulcinj.com\/blog\/wp-json\/wp\/v2\/comments?post=36994"}],"version-history":[{"count":0,"href":"https:\/\/www.visit-ulcinj.com\/blog\/wp-json\/wp\/v2\/posts\/36994\/revisions"}],"wp:attachment":[{"href":"https:\/\/www.visit-ulcinj.com\/blog\/wp-json\/wp\/v2\/media?parent=36994"}],"wp:term":[{"taxonomy":"category","embeddable":true,"href":"https:\/\/www.visit-ulcinj.com\/blog\/wp-json\/wp\/v2\/categories?post=36994"},{"taxonomy":"post_tag","embeddable":true,"href":"https:\/\/www.visit-ulcinj.com\/blog\/wp-json\/wp\/v2\/tags?post=36994"}],"curies":[{"name":"wp","href":"https:\/\/api.w.org\/{rel}","templated":true}]}}