{"id":36997,"date":"2010-09-08T18:53:22","date_gmt":"2010-09-08T16:53:22","guid":{"rendered":"http:\/\/www.visit-ulcinj.com\/blog\/?p=36997"},"modified":"2010-09-08T19:12:21","modified_gmt":"2010-09-08T17:12:21","slug":"ulcinj-oborio-rekord","status":"publish","type":"post","link":"https:\/\/www.visit-ulcinj.com\/blog\/2010\/09\/08\/ulcinj-oborio-rekord\/","title":{"rendered":"Ulcinj oborio rekord"},"content":{"rendered":"<h3><a href=\"http:\/\/www.visit-ulcinj.com\/blog\/wp-content\/uploads\/2010\/09\/Gzim-Hajdinaga.jpg\"><img loading=\"lazy\" class=\"alignleft size-medium wp-image-36998\" title=\"Gzim Hajdinaga\" src=\"http:\/\/www.visit-ulcinj.com\/blog\/wp-content\/uploads\/2010\/09\/Gzim-Hajdinaga-291x300.jpg\" alt=\"\" width=\"320\" height=\"360\" \/><\/a>U najju\u017enijem gradu zadovoljni sezonom<\/h3>\n<p>Ulcinj &#8211; Gradona\u010delnik Ulcinja Gzim Hajdinaga ocijenio je da je ovogodi\u0161nja sezona bila najuspje\u0161nija u protekle dvije decenije i istakao da ga posebno raduje \u010dinjenica da u gradu i dalje boravi zna\u010dajan broj turista uprkos tome \u0161to je ljeto na izmaku.<br \/>\nI na grani\u010dnom prelazu Sukobin, dodao je on, ove godine zabilje\u017een je rekordan broj prelazaka \u0161to \u201cukazuje na \u010dinjenicu da su Kosovari ostali vjerni Ulcinju, svojoj omiljenoj destinaciji budu\u0107i da je autoput kroz Albaniju znatno smanjio rastojanje do Crne Gore\u201d.<br \/>\nHajdinaga je na ju\u010dera\u0161njoj konferenciji za novinare najavio da \u0107e gradnja novog mosta na Port Mileni po\u010deti krajem mjeseca i izrazio o\u010dekivanje da \u0107e projekat lu\u010dice Kacema uskoro u\u0107i u finalizaciju.<br \/>\n\u201cIstovremeno, u saradnji sa Ministarstvom ure\u0111enja prostora i za\u0161tite \u017eivotne sredine, ve\u0107 radimo na izboru najboljeg idejnog rje\u0161enja za budu\u0107u halu sportova za \u0161ta je raspisan konkurs. Projektna dokumentacija potrebna nam je i za pro\u0161irenje i standardizaciju putnog pravca od Ulcinja do grani\u010dnog prelaza Sukobin-Muri\u0107ani i na\u0161e aktivnosti bi\u0107e usmjerene i u tom pravcu. Posebnu pa\u017enju posveti\u0107emo gradnji novih parking mjesta, ure\u0111enju zelenih povr\u0161ina i sadnji novog broja palmi du\u017e glavnog gradskog bulevara, glavnih ulica i drugih djelova grada\u201d, istakao je Hajdinaga.<br \/>\nDirektor TO Ali Red\u017ea rekao je da je, po zvani\u010dnoj statistici, Ulcinj ugostio vi\u0161e od 100 hiljada turista koji su ostvarili skoro sedam puta vi\u0161e no\u0107enja.<br \/>\n\u201cU strukturi gostiju, dominirali su stranci kojih je bilo blizu 90 hiljada. Sve u svemu, imali smo zvani\u010dno 10 odsto vi\u0161e gostiju nego lani\u201d, kazao je Red\u017ea.<br \/>\nNajvi\u0161e gostiju, dodao je on, i ove godine stiglo je sa Kosova, Albanije i Makedonije, vi\u0161e od 71 odsto, ali je Ulcinj, kako je kazao, vratio goste iz Bosne, Srbije i isto\u010dne i centralne Evrope dok je Njemaca i ostalih turista iz Zapadne Evrope bilo za 17 odsto vi\u0161e nego lani.<br \/>\n\u201cU prilog \u010dinjenici da je sezona uspje\u0161na govori i to da sezona ove godine ne traje, mjesec, dva ili tri. Gosti su tu jo\u0161 iako je skoro polovina septembra \u0161to nas hrabri da \u010de naredna sezona trajati du\u017ee\u201d, kazao je Red\u017ea.<br \/>\nOn je naglasio da su putna infrastruktura, odnosno gu\u017eve u saobra\u0107aju, nedostatak parkinga, povremeni prekidi u snabdijevanju vodom i strujom, nedostatak visokokvalitetnog hotelskog smje\u0161taja, nezadovoljavaju\u0107i nivo \u010disto\u0107e, neadekvatan put do Sukobina i dileri, osnovne primjedbe turista na tok sezone.<br \/>\nSekretar za privredu Vaso Radovi\u0107 kazao je da rezultati ovog ljeta \u201cnijesu do\u0161li slu\u010dajno\u201d, te da Op\u0161tina ve\u0107 sada po\u010dinje pripreme za narednu sezonu.<\/p>\n<p><strong>Hajdinaga: Neki vide samo crno pred sobom<\/strong><\/p>\n<p>Prvi \u010dovjek Ulcinja nije ju\u010de zaboravio da je po\u010dela predizoborna kampanja.<br \/>\n\u201cNa\u017ealost, ima i onih koji misle, djeluju i tvrde da je sezona bila lo\u0161a i to je stvarno \u017ealosno. To je ona grupa pojedinaca koja od sezone ima obilne prihode, ali to njima nije zasmetalo da ovogodi\u0161nje ljeto, ve\u0107 u maju i junu, proglase propalim adresiraju\u0107i optu\u017ebe uvijek na ra\u010dun predsjednika Op\u0161tine i direktora Turisti\u010dke organizacije. Me\u0111utim, tok sezone i odli\u010dni rezultati najbolji su odgovori toj kategoriji ljudi koji ignori\u0161u i blate svako anga\u017eovanje i rezultat, jer samo crno pred sobom vide\u201d, kazao je Hajdinaga.<\/p>\n<p><strong>S.ADROVI\u0106<br \/>\n<a href=\"http:\/\/www.vijesti.me\/\" target=\"_blank\">Vijesti<br \/>\n<\/a><\/strong><!--YouTube Error: bad URL entered--><a href=\"http:\/\/www.vijesti.me\/\" target=\"_blank\"><\/a><\/p>\n","protected":false},"excerpt":{"rendered":"<p>U najju\u017enijem gradu zadovoljni sezonom Ulcinj &#8211; Gradona\u010delnik Ulcinja Gzim Hajdinaga ocijenio je da je ovogodi\u0161nja sezona bila najuspje\u0161nija u protekle dvije decenije i istakao da ga posebno raduje \u010dinjenica da u gradu i dalje boravi zna\u010dajan broj turista uprkos tome \u0161to je ljeto na izmaku. I na grani\u010dnom prelazu Sukobin, dodao je on, ove [&hellip;]<\/p>\n","protected":false},"author":1,"featured_media":0,"comment_status":"open","ping_status":"closed","sticky":false,"template":"","format":"standard","meta":{"spay_email":"","jetpack_publicize_message":"","jetpack_is_tweetstorm":false,"jetpack_publicize_feature_enabled":true},"categories":[8337],"tags":[2417,19],"jetpack_publicize_connections":[],"yoast_head":"<!-- This site is optimized with the Yoast SEO plugin v19.1 - https:\/\/yoast.com\/wordpress\/plugins\/seo\/ -->\n<title>Ulcinj oborio rekord - Lajme nga Ulqini<\/title>\n<meta name=\"description\" content=\"U najju\u017enijem gradu zadovoljni sezonom Ulcinj - Gradona\u010delnik Ulcinja Gzim Hajdinaga ocijenio je da je ovogodi\u0161nja sezona bila najuspje\u0161nija u protekle\" \/>\n<meta name=\"robots\" content=\"index, follow, max-snippet:-1, max-image-preview:large, max-video-preview:-1\" \/>\n<link rel=\"canonical\" href=\"https:\/\/www.visit-ulcinj.com\/blog\/2010\/09\/08\/ulcinj-oborio-rekord\/\" \/>\n<meta property=\"og:locale\" content=\"en_US\" \/>\n<meta property=\"og:type\" content=\"article\" \/>\n<meta property=\"og:title\" content=\"Ulcinj oborio rekord - Lajme nga Ulqini\" \/>\n<meta property=\"og:description\" content=\"U najju\u017enijem gradu zadovoljni sezonom Ulcinj - Gradona\u010delnik Ulcinja Gzim Hajdinaga ocijenio je da je ovogodi\u0161nja sezona bila najuspje\u0161nija u protekle\" \/>\n<meta property=\"og:url\" content=\"https:\/\/www.visit-ulcinj.com\/blog\/2010\/09\/08\/ulcinj-oborio-rekord\/\" \/>\n<meta property=\"og:site_name\" content=\"Lajme nga Ulqini\" \/>\n<meta property=\"article:published_time\" content=\"2010-09-08T16:53:22+00:00\" \/>\n<meta property=\"article:modified_time\" content=\"2010-09-08T17:12:21+00:00\" \/>\n<meta property=\"og:image\" content=\"http:\/\/www.visit-ulcinj.com\/blog\/wp-content\/uploads\/2010\/09\/Gzim-Hajdinaga-291x300.jpg\" \/>\n<meta name=\"twitter:label1\" content=\"Written by\" \/>\n\t<meta name=\"twitter:data1\" content=\"ulqini\" \/>\n\t<meta name=\"twitter:label2\" content=\"Est. reading time\" \/>\n\t<meta name=\"twitter:data2\" content=\"3 minutes\" \/>\n<script type=\"application\/ld+json\" class=\"yoast-schema-graph\">{\"@context\":\"https:\/\/schema.org\",\"@graph\":[{\"@type\":\"WebSite\",\"@id\":\"https:\/\/www.visit-ulcinj.com\/blog\/#website\",\"url\":\"https:\/\/www.visit-ulcinj.com\/blog\/\",\"name\":\"Lajme nga Ulqini\",\"description\":\"Lajme,Vijesti,Ulqini,Ulqin,Crna Gora,Mali i Zi\",\"potentialAction\":[{\"@type\":\"SearchAction\",\"target\":{\"@type\":\"EntryPoint\",\"urlTemplate\":\"https:\/\/www.visit-ulcinj.com\/blog\/?s={search_term_string}\"},\"query-input\":\"required name=search_term_string\"}],\"inLanguage\":\"en-US\"},{\"@type\":\"ImageObject\",\"inLanguage\":\"en-US\",\"@id\":\"https:\/\/www.visit-ulcinj.com\/blog\/2010\/09\/08\/ulcinj-oborio-rekord\/#primaryimage\",\"url\":\"https:\/\/www.visit-ulcinj.com\/blog\/wp-content\/uploads\/2010\/09\/Gzim-Hajdinaga.jpg\",\"contentUrl\":\"https:\/\/www.visit-ulcinj.com\/blog\/wp-content\/uploads\/2010\/09\/Gzim-Hajdinaga.jpg\",\"width\":\"347\",\"height\":\"357\"},{\"@type\":\"WebPage\",\"@id\":\"https:\/\/www.visit-ulcinj.com\/blog\/2010\/09\/08\/ulcinj-oborio-rekord\/#webpage\",\"url\":\"https:\/\/www.visit-ulcinj.com\/blog\/2010\/09\/08\/ulcinj-oborio-rekord\/\",\"name\":\"Ulcinj oborio rekord - Lajme nga Ulqini\",\"isPartOf\":{\"@id\":\"https:\/\/www.visit-ulcinj.com\/blog\/#website\"},\"primaryImageOfPage\":{\"@id\":\"https:\/\/www.visit-ulcinj.com\/blog\/2010\/09\/08\/ulcinj-oborio-rekord\/#primaryimage\"},\"datePublished\":\"2010-09-08T16:53:22+00:00\",\"dateModified\":\"2010-09-08T17:12:21+00:00\",\"author\":{\"@id\":\"https:\/\/www.visit-ulcinj.com\/blog\/#\/schema\/person\/dcab619c614d3038751c63bc2aadc06d\"},\"description\":\"U najju\u017enijem gradu zadovoljni sezonom Ulcinj - Gradona\u010delnik Ulcinja Gzim Hajdinaga ocijenio je da je ovogodi\u0161nja sezona bila najuspje\u0161nija u protekle\",\"breadcrumb\":{\"@id\":\"https:\/\/www.visit-ulcinj.com\/blog\/2010\/09\/08\/ulcinj-oborio-rekord\/#breadcrumb\"},\"inLanguage\":\"en-US\",\"potentialAction\":[{\"@type\":\"ReadAction\",\"target\":[\"https:\/\/www.visit-ulcinj.com\/blog\/2010\/09\/08\/ulcinj-oborio-rekord\/\"]}]},{\"@type\":\"BreadcrumbList\",\"@id\":\"https:\/\/www.visit-ulcinj.com\/blog\/2010\/09\/08\/ulcinj-oborio-rekord\/#breadcrumb\",\"itemListElement\":[{\"@type\":\"ListItem\",\"position\":1,\"name\":\"Ulcinj oborio rekord\"}]},{\"@type\":\"Person\",\"@id\":\"https:\/\/www.visit-ulcinj.com\/blog\/#\/schema\/person\/dcab619c614d3038751c63bc2aadc06d\",\"name\":\"ulqini\",\"sameAs\":[\"http:\/\/www.visit-ulcinj.com\"],\"url\":\"https:\/\/www.visit-ulcinj.com\/blog\/author\/admin\/\"}]}<\/script>\n<!-- \/ Yoast SEO plugin. -->","yoast_head_json":{"title":"Ulcinj oborio rekord - Lajme nga Ulqini","description":"U najju\u017enijem gradu zadovoljni sezonom Ulcinj - Gradona\u010delnik Ulcinja Gzim Hajdinaga ocijenio je da je ovogodi\u0161nja sezona bila najuspje\u0161nija u protekle","robots":{"index":"index","follow":"follow","max-snippet":"max-snippet:-1","max-image-preview":"max-image-preview:large","max-video-preview":"max-video-preview:-1"},"canonical":"https:\/\/www.visit-ulcinj.com\/blog\/2010\/09\/08\/ulcinj-oborio-rekord\/","og_locale":"en_US","og_type":"article","og_title":"Ulcinj oborio rekord - Lajme nga Ulqini","og_description":"U najju\u017enijem gradu zadovoljni sezonom Ulcinj - Gradona\u010delnik Ulcinja Gzim Hajdinaga ocijenio je da je ovogodi\u0161nja sezona bila najuspje\u0161nija u protekle","og_url":"https:\/\/www.visit-ulcinj.com\/blog\/2010\/09\/08\/ulcinj-oborio-rekord\/","og_site_name":"Lajme nga Ulqini","article_published_time":"2010-09-08T16:53:22+00:00","article_modified_time":"2010-09-08T17:12:21+00:00","og_image":[{"url":"http:\/\/www.visit-ulcinj.com\/blog\/wp-content\/uploads\/2010\/09\/Gzim-Hajdinaga-291x300.jpg"}],"twitter_misc":{"Written by":"ulqini","Est. reading time":"3 minutes"},"schema":{"@context":"https:\/\/schema.org","@graph":[{"@type":"WebSite","@id":"https:\/\/www.visit-ulcinj.com\/blog\/#website","url":"https:\/\/www.visit-ulcinj.com\/blog\/","name":"Lajme nga Ulqini","description":"Lajme,Vijesti,Ulqini,Ulqin,Crna Gora,Mali i Zi","potentialAction":[{"@type":"SearchAction","target":{"@type":"EntryPoint","urlTemplate":"https:\/\/www.visit-ulcinj.com\/blog\/?s={search_term_string}"},"query-input":"required name=search_term_string"}],"inLanguage":"en-US"},{"@type":"ImageObject","inLanguage":"en-US","@id":"https:\/\/www.visit-ulcinj.com\/blog\/2010\/09\/08\/ulcinj-oborio-rekord\/#primaryimage","url":"https:\/\/www.visit-ulcinj.com\/blog\/wp-content\/uploads\/2010\/09\/Gzim-Hajdinaga.jpg","contentUrl":"https:\/\/www.visit-ulcinj.com\/blog\/wp-content\/uploads\/2010\/09\/Gzim-Hajdinaga.jpg","width":"347","height":"357"},{"@type":"WebPage","@id":"https:\/\/www.visit-ulcinj.com\/blog\/2010\/09\/08\/ulcinj-oborio-rekord\/#webpage","url":"https:\/\/www.visit-ulcinj.com\/blog\/2010\/09\/08\/ulcinj-oborio-rekord\/","name":"Ulcinj oborio rekord - Lajme nga Ulqini","isPartOf":{"@id":"https:\/\/www.visit-ulcinj.com\/blog\/#website"},"primaryImageOfPage":{"@id":"https:\/\/www.visit-ulcinj.com\/blog\/2010\/09\/08\/ulcinj-oborio-rekord\/#primaryimage"},"datePublished":"2010-09-08T16:53:22+00:00","dateModified":"2010-09-08T17:12:21+00:00","author":{"@id":"https:\/\/www.visit-ulcinj.com\/blog\/#\/schema\/person\/dcab619c614d3038751c63bc2aadc06d"},"description":"U najju\u017enijem gradu zadovoljni sezonom Ulcinj - Gradona\u010delnik Ulcinja Gzim Hajdinaga ocijenio je da je ovogodi\u0161nja sezona bila najuspje\u0161nija u protekle","breadcrumb":{"@id":"https:\/\/www.visit-ulcinj.com\/blog\/2010\/09\/08\/ulcinj-oborio-rekord\/#breadcrumb"},"inLanguage":"en-US","potentialAction":[{"@type":"ReadAction","target":["https:\/\/www.visit-ulcinj.com\/blog\/2010\/09\/08\/ulcinj-oborio-rekord\/"]}]},{"@type":"BreadcrumbList","@id":"https:\/\/www.visit-ulcinj.com\/blog\/2010\/09\/08\/ulcinj-oborio-rekord\/#breadcrumb","itemListElement":[{"@type":"ListItem","position":1,"name":"Ulcinj oborio rekord"}]},{"@type":"Person","@id":"https:\/\/www.visit-ulcinj.com\/blog\/#\/schema\/person\/dcab619c614d3038751c63bc2aadc06d","name":"ulqini","sameAs":["http:\/\/www.visit-ulcinj.com"],"url":"https:\/\/www.visit-ulcinj.com\/blog\/author\/admin\/"}]}},"jetpack_featured_media_url":"","jetpack_sharing_enabled":true,"jetpack_shortlink":"https:\/\/wp.me\/pe6lTn-9CJ","_links":{"self":[{"href":"https:\/\/www.visit-ulcinj.com\/blog\/wp-json\/wp\/v2\/posts\/36997"}],"collection":[{"href":"https:\/\/www.visit-ulcinj.com\/blog\/wp-json\/wp\/v2\/posts"}],"about":[{"href":"https:\/\/www.visit-ulcinj.com\/blog\/wp-json\/wp\/v2\/types\/post"}],"author":[{"embeddable":true,"href":"https:\/\/www.visit-ulcinj.com\/blog\/wp-json\/wp\/v2\/users\/1"}],"replies":[{"embeddable":true,"href":"https:\/\/www.visit-ulcinj.com\/blog\/wp-json\/wp\/v2\/comments?post=36997"}],"version-history":[{"count":0,"href":"https:\/\/www.visit-ulcinj.com\/blog\/wp-json\/wp\/v2\/posts\/36997\/revisions"}],"wp:attachment":[{"href":"https:\/\/www.visit-ulcinj.com\/blog\/wp-json\/wp\/v2\/media?parent=36997"}],"wp:term":[{"taxonomy":"category","embeddable":true,"href":"https:\/\/www.visit-ulcinj.com\/blog\/wp-json\/wp\/v2\/categories?post=36997"},{"taxonomy":"post_tag","embeddable":true,"href":"https:\/\/www.visit-ulcinj.com\/blog\/wp-json\/wp\/v2\/tags?post=36997"}],"curies":[{"name":"wp","href":"https:\/\/api.w.org\/{rel}","templated":true}]}}