{"id":37005,"date":"2010-09-09T10:41:57","date_gmt":"2010-09-09T08:41:57","guid":{"rendered":"http:\/\/www.visit-ulcinj.com\/blog\/?p=37005"},"modified":"2010-09-12T19:28:09","modified_gmt":"2010-09-12T17:28:09","slug":"anamalasit-jane-njerez-mesimdashes","status":"publish","type":"post","link":"https:\/\/www.visit-ulcinj.com\/blog\/2010\/09\/09\/anamalasit-jane-njerez-mesimdashes\/","title":{"rendered":"Anamalasit jan\u00eb njer\u00ebz m\u00ebsimdash\u00ebs &#8211; Foto"},"content":{"rendered":"<div id=\"attachment_37160\" style=\"width: 500px\" class=\"wp-caption alignleft\"><a href=\"http:\/\/www.visit-ulcinj.com\/blog\/wp-content\/uploads\/2010\/09\/Mesuesit-e-shkolles-fillore-ne-Katerkolle.jpg\"><img aria-describedby=\"caption-attachment-37160\" loading=\"lazy\" class=\"size-full wp-image-37160 \" title=\"Mesuesit e shkolles fillore ne Katerkolle\" src=\"http:\/\/www.visit-ulcinj.com\/blog\/wp-content\/uploads\/2010\/09\/Mesuesit-e-shkolles-fillore-ne-Katerkolle.jpg\" alt=\"\" width=\"490\" height=\"380\" \/><\/a><p id=\"caption-attachment-37160\" class=\"wp-caption-text\">Foto nga Arkivi i Haxhi Zenelit<\/p><\/div>\n<p><strong> <\/strong><strong>Personalitete t\u00eb klerit <\/strong><\/p>\n<div id=\"attachment_37163\" style=\"width: 500px\" class=\"wp-caption alignleft\"><a href=\"http:\/\/www.visit-ulcinj.com\/blog\/wp-content\/uploads\/2010\/09\/Mesuesit-e-shkolless-ne-Katerkolle.jpg\"><img aria-describedby=\"caption-attachment-37163\" loading=\"lazy\" class=\"size-full wp-image-37163 \" title=\"Mesuesit e shkolless ne Katerkolle\" src=\"http:\/\/www.visit-ulcinj.com\/blog\/wp-content\/uploads\/2010\/09\/Mesuesit-e-shkolless-ne-Katerkolle.jpg\" alt=\"\" width=\"490\" height=\"380\" \/><\/a><p id=\"caption-attachment-37163\" class=\"wp-caption-text\">Foto nga Arkivi i Haxhi Zenelit<\/p><\/div>\n<p>Nga kjo trev\u00eb n\u00eb rrjedh\u00eb t\u00eb moteve kan\u00eb dal\u00eb\u00a0edhe klerik\u00eb t\u00eb dalluar me em\u00ebr t\u00eb mir\u00eb si: dom\u00a0Simon Filipaj, p\u00ebrkthyes i Bibl\u00ebs integrale n\u00eb\u00a0shqipen standarde, shk\u00eblqesia e tij imzot Rrok\u00a0Mir\u00ebdita, kryetar i Konferenc\u00ebs Ipeshk\u00ebvnore t\u00eb\u00a0Kish\u00ebs Katolike t\u00eb Shqip\u00ebris\u00eb, ipeshk\u00ebv i\u00a0Tiran\u00ebs dhe i Durr\u00ebsit, Idriz Demiraj, ishkryetar\u00a0i Bashk\u00ebsis\u00eb islame t\u00eb Malit t\u00eb Zi dhe,\u00a0Rasim Llolla. sheh bektashian.\u00a0Kryeimami i Bashk\u00ebsis\u00eb Islame t\u00eb Ulqinit,\u00a0Rexhep efendi Lika, thot\u00eb se n\u00eb 16 xhamit\u00eb e\u00a0An\u00ebs s\u00eb Malit, q\u00eb nga shekulli XVII kan\u00eb sh\u00ebrbyer\u00a0nj\u00eb num\u00ebr i madh imam\u00ebsh nga kjo trev\u00eb.\u00a0Sipas tij n\u00eb fillim t\u00eb shekullit XX n\u00eb An\u00eb t\u00eb\u00a0Malit kan\u00eb sh\u00ebrbyer k\u00ebta imam\u00eb:<\/p>\n<p><strong>1.Shaban efendi Shaptafi nga Kravari.<br \/>\n2.Osman efendi Spahia nga Pelinku,<br \/>\n3.Smajl efindi Mu\u00e7a nga Shasi,<br \/>\n4.Fazli efendi \u00c7obi nga Krytha,<br \/>\n5.Jakup efendi Luca nga Sukubina,<br \/>\n6.Mustaf\u00eb efendi Holli nga Kat\u00ebrkolla,<br \/>\n7.Hafiz Sait efendi Bojku nga Bojku,<br \/>\n8.Sulejman efendi Hoxha nga Rashtisha,<br \/>\n9.Hasan efendi Islami nga Milla.\u00a0Historiku i arsimit<\/strong><\/p>\n<p><strong> <\/strong><\/p>\n<div id=\"attachment_37164\" style=\"width: 500px\" class=\"wp-caption alignleft\"><a href=\"http:\/\/www.visit-ulcinj.com\/blog\/wp-content\/uploads\/2010\/09\/Ne-nji-darke-mesuesit-e-Katerkolles-me-ish-drejtorin-e-shkolles-Jenuz-Divanin.jpg\"><img aria-describedby=\"caption-attachment-37164\" loading=\"lazy\" class=\"size-full wp-image-37164 \" title=\"Ne nji darke mesuesit e Katerkolles me ish drejtorin e shkolles Jenuz Divanin\" src=\"http:\/\/www.visit-ulcinj.com\/blog\/wp-content\/uploads\/2010\/09\/Ne-nji-darke-mesuesit-e-Katerkolles-me-ish-drejtorin-e-shkolles-Jenuz-Divanin.jpg\" alt=\"\" width=\"490\" height=\"380\" \/><\/a><p id=\"caption-attachment-37164\" class=\"wp-caption-text\">Foto nga Arkivi i Haxhi Zenelit<\/p><\/div>\n<p>Anamalasit jan\u00eb njer\u00ebz m\u00ebsimdash\u00ebs.\u00a0Interesimin p\u00ebr t\u2019u arsimuar e kan\u00eb shprehur\u00a0kaher\u00eb. D\u00ebshmi p\u00ebr k\u00ebt\u00eb \u00ebsht\u00eb hapja e shkollave\u00a0t\u00eb para n\u00eb k\u00ebt\u00eb trev\u00eb, para 81 vjet\u00ebsh, sakt\u00ebsisht\u00a0n\u00eb vitin 1929, n\u00eb fshatin Selit\u00eb, p\u00ebr t\u00eb vijuar m\u00eb\u00a0pas n\u00eb Kosiq, Sukubin\u00eb, Kat\u00ebrkoll\u00eb dhe Kryth\u00eb.\u00a0M\u00ebsimi n\u00eb k\u00ebto shkolla zhvillohej n\u00eb gjuh\u00ebn\u00a0joamtare deri n\u00eb vitin 1945, kur edhe hapen p\u00ebr\u00a0her\u00eb t\u00eb par\u00eb shkollat me m\u00ebsim n\u00eb gjuh\u00ebn\u00a0shqipe. Drejtori aktual i SHF \u201c Bedri Elezaga\u201d\u00a0n\u00eb Kat\u00ebrkoll\u00eb, dr. Nail Draga, na jep k\u00ebt\u00eb kronologji\u00a0t\u00eb arsimit n\u00eb An\u00eb t\u00eb Malit: Shkolla e par\u00eb\u00a0n\u00eb An\u00eb t\u00eb Malit ka filluar pun\u00ebn n\u00eb vitin 1929,\u00a0n\u00eb nd\u00ebrtes\u00ebn e mejtepit n\u00eb Selit\u00eb, komuna e\u00a0Kat\u00ebrkoll\u00ebs. N\u00eb t\u00eb nj\u00ebjtin vit jan\u00eb \u00e7elur shkollat\u00a0edhe n\u00eb Kosiq dhe Sukubin\u00eb.<\/p>\n<div id=\"attachment_37165\" style=\"width: 500px\" class=\"wp-caption alignleft\"><a href=\"http:\/\/www.visit-ulcinj.com\/blog\/wp-content\/uploads\/2010\/09\/Foto-ne-Selite-Ana-e-Malit-para-shtepis-se-Sel-Tahir-Gjonit.jpg\"><img aria-describedby=\"caption-attachment-37165\" loading=\"lazy\" class=\"size-full wp-image-37165\" title=\"Foto ne Selite-Ana e Malit para shtepis se Sel Tahir-Gjonit\" src=\"http:\/\/www.visit-ulcinj.com\/blog\/wp-content\/uploads\/2010\/09\/Foto-ne-Selite-Ana-e-Malit-para-shtepis-se-Sel-Tahir-Gjonit.jpg\" alt=\"\" width=\"490\" height=\"380\" \/><\/a><p id=\"caption-attachment-37165\" class=\"wp-caption-text\">Foto nga Arkivi i Haxhi Zenelit<\/p><\/div>\n<div id=\"attachment_37037\" style=\"width: 500px\" class=\"wp-caption alignleft\"><a href=\"http:\/\/www.visit-ulcinj.com\/blog\/wp-content\/uploads\/2010\/09\/Anamalasit-jan\u00eb-njer\u00ebz-m\u00ebsimdash\u00ebs.1.jpg\"><img aria-describedby=\"caption-attachment-37037\" loading=\"lazy\" class=\"size-full wp-image-37037\" title=\"Anamalasit jan\u00eb njer\u00ebz m\u00ebsimdash\u00ebs.1\" src=\"http:\/\/www.visit-ulcinj.com\/blog\/wp-content\/uploads\/2010\/09\/Anamalasit-jan\u00eb-njer\u00ebz-m\u00ebsimdash\u00ebs.1.jpg\" alt=\"\" width=\"490\" height=\"380\" \/><\/a><p id=\"caption-attachment-37037\" class=\"wp-caption-text\">Foto nga Arkivi i Hajro Ulqinakut<\/p><\/div>\n<p>Nuk ka t\u00eb dh\u00ebna\u00a0p\u00ebr numrin e nx\u00ebn\u00ebsve,\u00a0nd\u00ebrsa m\u00ebsuesit e par\u00eb\u00a0kan\u00eb qen\u00eb: n\u00eb Selit\u00eb Jozica\u00a0Mariniq, n\u00eb Kosiq Milenko\u00a0Guberiniq dhe n\u00eb Sukubin\u00eb\u00a0Vllado Miniq, t\u00eb cil\u00ebt\u00a0m\u00ebsimin e kan\u00eb mbajtur n\u00eb\u00a0gjuh\u00ebn joamtare- serbe.\u00a0Nga viti 1932, prej objekteve\u00a0private kalohet n\u00eb ato\u00a0shtet\u00ebrore, sepse jan\u00eb nd\u00ebrtuar\u00a0objektet e reja shkollore\u00a0n\u00eb Kat\u00ebrkoll\u00eb, Kryth\u00eb\u00a0dhe Sukubin\u00eb n\u00eb t\u00eb cilat\u00a0\u00ebsht\u00eb zhvilluar m\u00ebsimi nga\u00a0klasa I &#8211; IV. Me k\u00ebto programe\u00a0m\u00ebsimore dhe n\u00eb\u00a0gjuh\u00ebn joamtare t\u00eb\u00a0nx\u00ebn\u00ebsve shkollat kan\u00eb\u00a0punuar deri n\u00eb vitin 1941,\u00a0kur ka kapitulluar\u00a0Mbret\u00ebria Jugosllave.<br \/>\nNdon\u00ebse n\u00ebn okupimin italian,\u00a0gjat\u00eb Luft\u00ebs s\u00eb Dyt\u00eb\u00a0Bot\u00ebrore nga viti 1941-\u00a01944 n\u00eb An\u00eb t\u00eb Malit, Ulqin\u00a0dhe n\u00eb viset e tjera\u00a0shqiptare n\u00eb Mal t\u00eb Zi u hap\u00ebn p\u00ebr t\u00eb par\u00ebn her\u00eb\u00a0shkollat me m\u00ebsim n\u00eb gjuh\u00ebn shqipe. M\u00ebsuesit e\u00a0par\u00eb kan\u00eb qen\u00eb nga Shqip\u00ebria. N\u00eb Kat\u00ebrkoll\u00eb\u00a0m\u00ebsues ishin: Viktor Ki\u00e7i, Prenk\u00eb Jakova dhe\u00a0Prel\u00eb Shiroka; n\u00eb Sukubin\u00eb Shuk Shllaku dhe\u00a0Zef Berisha, nd\u00ebrsa n\u00eb Kryth\u00eb Ramadan Milla.\u00a0Programi m\u00ebsimor ishte i nj\u00ebjt\u00eb p\u00ebr t\u00eb gjith\u00eb\u00a0shqiptar\u00ebt, hartuar nga Ministria e Arsimit t\u00eb\u00a0Mbret\u00ebris\u00eb Shqiptare.\u00a0Pas Luft\u00ebs s\u00eb Dyt\u00eb Bot\u00ebrore n\u00eb shkurt t\u00eb vitit\u00a01945 shkolla n\u00eb Kat\u00ebrkoll\u00eb ka vazhduar pun\u00ebn\u00a0ku m\u00ebsues dhe drejtor i par\u00eb ka qen\u00eb Minja\u00a0Nikollaidis nga Ulqini.<br \/>\nN\u00eb klas\u00ebt e I &#8211; IV kan\u00eb\u00a0qen\u00eb t\u00eb regjistruar 45 nx\u00ebn\u00ebs. M\u00ebsimi \u00ebsht\u00eb\u00a0zhvilluar n\u00eb gjuh\u00ebn amtare\u2013shqipe. At\u00eb vit u formua\u00a0K\u00ebshilli i par\u00eb i shkoll\u00ebs, kryetar i t\u00eb cilit ka\u00a0qen\u00eb Musa Llolla.\u00a0N\u00eb vitin shkollor 1945\/46 u hap\u00ebn shkollat e\u00a0p\u00ebrkohshme n\u00eb t\u00eb cilat m\u00ebsuesit punuan pa\u00a0pages\u00eb. N\u00eb Kryth\u00eb Ramazan Jahja, n\u00eb Sukubin\u00eb\u00a0Jullka Nikoliqi, n\u00eb Kllez\u00ebn Nalt Daut Hoxhiqi\u00a0dhe Nikolla Nrekiqi, n\u00eb Kllez\u00ebn Posht\u00eb Prena\u00a0Jankoviqi, n\u00eb Amull Mark Shkreli.\u00a0N\u00eb vitin shkollor 1946\/47, pas kryerjes s\u00eb kursit\u00a0pedagogjik, p\u00ebr pun\u00eb n\u00eb shkoll\u00eb caktohen\u00a0m\u00ebsuesit e p\u00ebrkohsh\u00ebm nga vendi &#8211; rajoni i\u00a0shkoll\u00ebs: n\u00eb Kat\u00ebrkoll\u00eb, 4 klas\u00eb, 195 nx\u00ebn\u00ebs,\u00a0m\u00ebsuesit: Ramazan H.Sella, Shaqir Duraku,\u00a0Selim Llunja, Daut Hoxha pastaj Llucija\u00a0Qetkoviq, Mehmed Cuca dhe Vata Elezaj. N\u00eb\u00a0Kryth\u00eb, 2 klas\u00eb, 146 nx\u00ebn\u00ebs, m\u00ebsuesit: Sal\u00eb\u00a0Kurmemi, Nikolla<br \/>\nNrekiqi dhe Elez Alaj. N\u00eb\u00a0Sukubin\u00eb, 4 klas\u00eb, 165 nx\u00ebn\u00ebs, m\u00ebsuesit: Daut\u00a0Mehmedi dhe Faik Avdiqi. N\u00eb Amull, 86\u00a0nx\u00ebn\u00ebs, m\u00ebsues: Manush Kasneci dhe Prena\u00a0Nikiqi.\u00a0N\u00eb vitin shkollor 1947\/48 shkolla n\u00eb Kat\u00ebrkoll\u00eb,\u00a0rritet n\u00eb Shkoll\u00eb fillore shtat\u00eb klas\u00ebshe. P\u00ebr drejtor\u00a0nga 12 shtatori i vitit 1947 em\u00ebrohet Junuz\u00a0Divanoviqi, m\u00ebsues nga Tivari. N\u00eb k\u00ebt\u00eb vit \u00ebsht\u00eb\u00a0hapur shkolla n\u00eb Kravar: 1 klas\u00eb, 76 nx\u00ebn\u00ebs,\u00a0m\u00ebsuesi Met\u00eb Cuca, nd\u00ebrsa n\u00eb vitin 1948\/49\u00a0\u00ebsht\u00eb \u00e7elur shkolla n\u00eb Kllez\u00ebn Posht\u00eb.\u00a0N\u00eb vitin shkollor 1949\/50 shkolla cakton sekretarin\u00a0e shkoll\u00ebs e, q\u00eb nga viti 1951, kryen shkoll\u00ebn\u00a0fillore e shtat\u00ebvje\u00e7are brezi i par\u00eb i\u00a0nx\u00ebn\u00ebsve: Elez Mustafaj, Haxhi dhe Fadil Taipi,\u00a0Sabri dhe Xhevdet Hollaj, Shaban Hoxha dhe\u00a0Vata Elezaj.\u00a0N\u00eb vitin shkollor 1951\/52 shkolla rritet n\u00eb\u00a0Shkoll\u00eb fillore tet\u00ebvje\u00e7are. N\u00eb vitin shkollor\u00a01953\/54 \u00ebsht\u00eb \u00e7elur shkolla fillore n\u00eb Mill\u00eb, me\u00a04 klas\u00eb,73 nx\u00ebn\u00ebs. N\u00eb vitin shkollor 1956\/57 n\u00eb\u00a0shkoll\u00eb m\u00ebsohet gjuh\u00eb e huaj frengjishtja, e cila\u00a0m\u00ebsohet deri n\u00eb vitin 1961. Nd\u00ebrsa n\u00eb vitin\u00a0shkollor 1961\/62 n\u00eb shkoll\u00eb vihet gjuh\u00eb e huaj\u00a0rusishtja, e cila m\u00ebsohet deri n\u00eb vitin 1992.<\/p>\n<p><strong>Gjek\u00eb Gjonaj<br \/>\nKoha Javore<\/strong><\/p>\n<p><strong>Si posedoni ndonji fotografi t\u00eb asaj kohe na dergoni dhe ne do i publikom.Faliminderit<br \/>\n\n\t\t<style type=\"text\/css\">\n\t\t\t#gallery-1 {\n\t\t\t\tmargin: auto;\n\t\t\t}\n\t\t\t#gallery-1 .gallery-item {\n\t\t\t\tfloat: left;\n\t\t\t\tmargin-top: 10px;\n\t\t\t\ttext-align: center;\n\t\t\t\twidth: 33%;\n\t\t\t}\n\t\t\t#gallery-1 img {\n\t\t\t\tborder: 2px solid #cfcfcf;\n\t\t\t}\n\t\t\t#gallery-1 .gallery-caption {\n\t\t\t\tmargin-left: 0;\n\t\t\t}\n\t\t\t\/* see gallery_shortcode() in wp-includes\/media.php *\/\n\t\t<\/style>\n\t\t<div id='gallery-1' class='gallery galleryid-37005 gallery-columns-3 gallery-size-thumbnail'><dl class='gallery-item'>\n\t\t\t<dt class='gallery-icon landscape'>\n\t\t\t\t<a href='https:\/\/www.visit-ulcinj.com\/blog\/wp-content\/uploads\/2010\/09\/Anamalasit-jan\u00eb-njer\u00ebz-m\u00ebsimdash\u00ebs.jpg'><img width=\"150\" height=\"150\" src=\"https:\/\/www.visit-ulcinj.com\/blog\/wp-content\/uploads\/2010\/09\/Anamalasit-jan\u00eb-njer\u00ebz-m\u00ebsimdash\u00ebs-150x150.jpg\" class=\"attachment-thumbnail size-thumbnail\" alt=\"\" loading=\"lazy\" \/><\/a>\n\t\t\t<\/dt><\/dl><dl class='gallery-item'>\n\t\t\t<dt class='gallery-icon landscape'>\n\t\t\t\t<a href='https:\/\/www.visit-ulcinj.com\/blog\/wp-content\/uploads\/2010\/09\/Anamalasit-jan\u00eb-njer\u00ebz-m\u00ebsimdash\u00ebs.1.jpg'><img width=\"150\" height=\"150\" src=\"https:\/\/www.visit-ulcinj.com\/blog\/wp-content\/uploads\/2010\/09\/Anamalasit-jan\u00eb-njer\u00ebz-m\u00ebsimdash\u00ebs.1-150x150.jpg\" class=\"attachment-thumbnail size-thumbnail\" alt=\"\" loading=\"lazy\" \/><\/a>\n\t\t\t<\/dt><\/dl><dl class='gallery-item'>\n\t\t\t<dt class='gallery-icon landscape'>\n\t\t\t\t<a href='https:\/\/www.visit-ulcinj.com\/blog\/wp-content\/uploads\/2010\/09\/Mesuesit-e-shkolles-fillore-ne-Katerkolle.jpg'><img width=\"150\" height=\"150\" src=\"https:\/\/www.visit-ulcinj.com\/blog\/wp-content\/uploads\/2010\/09\/Mesuesit-e-shkolles-fillore-ne-Katerkolle-150x150.jpg\" class=\"attachment-thumbnail size-thumbnail\" alt=\"\" loading=\"lazy\" \/><\/a>\n\t\t\t<\/dt><\/dl><br style=\"clear: both\" \/><dl class='gallery-item'>\n\t\t\t<dt class='gallery-icon landscape'>\n\t\t\t\t<a href='https:\/\/www.visit-ulcinj.com\/blog\/wp-content\/uploads\/2010\/09\/Mesuesit-e-shkolless-ne-Katerkolle.jpg'><img width=\"150\" height=\"150\" src=\"https:\/\/www.visit-ulcinj.com\/blog\/wp-content\/uploads\/2010\/09\/Mesuesit-e-shkolless-ne-Katerkolle-150x150.jpg\" class=\"attachment-thumbnail size-thumbnail\" alt=\"\" loading=\"lazy\" \/><\/a>\n\t\t\t<\/dt><\/dl><dl class='gallery-item'>\n\t\t\t<dt class='gallery-icon landscape'>\n\t\t\t\t<a href='https:\/\/www.visit-ulcinj.com\/blog\/wp-content\/uploads\/2010\/09\/Ne-nji-darke-mesuesit-e-Katerkolles-me-ish-drejtorin-e-shkolles-Jenuz-Divanin.jpg'><img width=\"150\" height=\"150\" src=\"https:\/\/www.visit-ulcinj.com\/blog\/wp-content\/uploads\/2010\/09\/Ne-nji-darke-mesuesit-e-Katerkolles-me-ish-drejtorin-e-shkolles-Jenuz-Divanin-150x150.jpg\" class=\"attachment-thumbnail size-thumbnail\" alt=\"\" loading=\"lazy\" \/><\/a>\n\t\t\t<\/dt><\/dl><dl class='gallery-item'>\n\t\t\t<dt class='gallery-icon landscape'>\n\t\t\t\t<a href='https:\/\/www.visit-ulcinj.com\/blog\/wp-content\/uploads\/2010\/09\/Foto-ne-Selite-Ana-e-Malit-para-shtepis-se-Sel-Tahir-Gjonit.jpg'><img width=\"150\" height=\"150\" src=\"https:\/\/www.visit-ulcinj.com\/blog\/wp-content\/uploads\/2010\/09\/Foto-ne-Selite-Ana-e-Malit-para-shtepis-se-Sel-Tahir-Gjonit-150x150.jpg\" class=\"attachment-thumbnail size-thumbnail\" alt=\"\" loading=\"lazy\" \/><\/a>\n\t\t\t<\/dt><\/dl><br style=\"clear: both\" \/>\n\t\t<\/div>\n<br \/>\n<!--YouTube Error: bad URL entered--><br \/>\n<\/strong><\/p>\n","protected":false},"excerpt":{"rendered":"<p>Personalitete t\u00eb klerit Nga kjo trev\u00eb n\u00eb rrjedh\u00eb t\u00eb moteve kan\u00eb dal\u00eb\u00a0edhe klerik\u00eb t\u00eb dalluar me em\u00ebr t\u00eb mir\u00eb si: dom\u00a0Simon Filipaj, p\u00ebrkthyes i Bibl\u00ebs integrale n\u00eb\u00a0shqipen standarde, shk\u00eblqesia e tij imzot Rrok\u00a0Mir\u00ebdita, kryetar i Konferenc\u00ebs Ipeshk\u00ebvnore t\u00eb\u00a0Kish\u00ebs Katolike t\u00eb Shqip\u00ebris\u00eb, ipeshk\u00ebv i\u00a0Tiran\u00ebs dhe i Durr\u00ebsit, Idriz Demiraj, ishkryetar\u00a0i Bashk\u00ebsis\u00eb islame t\u00eb Malit t\u00eb Zi [&hellip;]<\/p>\n","protected":false},"author":1,"featured_media":0,"comment_status":"open","ping_status":"closed","sticky":false,"template":"","format":"standard","meta":{"spay_email":"","jetpack_publicize_message":"","jetpack_is_tweetstorm":false,"jetpack_publicize_feature_enabled":true},"categories":[13],"tags":[212,1936,15348,15359,15360,15349,15347,15351,15352,15363,15361,15346,15354,15356,5804,15353,15350,15355,200,18,15358,15357,15362],"jetpack_publicize_connections":[],"yoast_head":"<!-- This site is optimized with the Yoast SEO plugin v19.1 - https:\/\/yoast.com\/wordpress\/plugins\/seo\/ -->\n<title>Anamalasit jan\u00eb njer\u00ebz m\u00ebsimdash\u00ebs - Foto - Lajme nga Ulqini<\/title>\n<meta name=\"description\" content=\"Personalitete t\u00eb klerit Nga kjo trev\u00eb n\u00eb rrjedh\u00eb t\u00eb moteve kan\u00eb dal\u00eb\u00a0edhe klerik\u00eb t\u00eb dalluar me em\u00ebr t\u00eb mir\u00eb si: dom\u00a0Simon Filipaj, p\u00ebrkthyes i Bibl\u00ebs\" \/>\n<meta name=\"robots\" content=\"index, follow, max-snippet:-1, max-image-preview:large, max-video-preview:-1\" \/>\n<link rel=\"canonical\" href=\"https:\/\/www.visit-ulcinj.com\/blog\/2010\/09\/09\/anamalasit-jane-njerez-mesimdashes\/\" \/>\n<meta property=\"og:locale\" content=\"en_US\" \/>\n<meta property=\"og:type\" content=\"article\" \/>\n<meta property=\"og:title\" content=\"Anamalasit jan\u00eb njer\u00ebz m\u00ebsimdash\u00ebs - Foto - Lajme nga Ulqini\" \/>\n<meta property=\"og:description\" content=\"Personalitete t\u00eb klerit Nga kjo trev\u00eb n\u00eb rrjedh\u00eb t\u00eb moteve kan\u00eb dal\u00eb\u00a0edhe klerik\u00eb t\u00eb dalluar me em\u00ebr t\u00eb mir\u00eb si: dom\u00a0Simon Filipaj, p\u00ebrkthyes i Bibl\u00ebs\" \/>\n<meta property=\"og:url\" content=\"https:\/\/www.visit-ulcinj.com\/blog\/2010\/09\/09\/anamalasit-jane-njerez-mesimdashes\/\" \/>\n<meta property=\"og:site_name\" content=\"Lajme nga Ulqini\" \/>\n<meta property=\"article:published_time\" content=\"2010-09-09T08:41:57+00:00\" \/>\n<meta property=\"article:modified_time\" content=\"2010-09-12T17:28:09+00:00\" \/>\n<meta property=\"og:image\" content=\"https:\/\/www.visit-ulcinj.com\/blog\/wp-content\/uploads\/2010\/09\/Anamalasit-jan\u00eb-njer\u00ebz-m\u00ebsimdash\u00ebs-150x150.jpg\" \/>\n<meta name=\"twitter:label1\" content=\"Written by\" \/>\n\t<meta name=\"twitter:data1\" content=\"ulqini\" \/>\n\t<meta name=\"twitter:label2\" content=\"Est. reading time\" \/>\n\t<meta name=\"twitter:data2\" content=\"5 minutes\" \/>\n<script type=\"application\/ld+json\" class=\"yoast-schema-graph\">{\"@context\":\"https:\/\/schema.org\",\"@graph\":[{\"@type\":\"WebSite\",\"@id\":\"https:\/\/www.visit-ulcinj.com\/blog\/#website\",\"url\":\"https:\/\/www.visit-ulcinj.com\/blog\/\",\"name\":\"Lajme nga Ulqini\",\"description\":\"Lajme,Vijesti,Ulqini,Ulqin,Crna Gora,Mali i Zi\",\"potentialAction\":[{\"@type\":\"SearchAction\",\"target\":{\"@type\":\"EntryPoint\",\"urlTemplate\":\"https:\/\/www.visit-ulcinj.com\/blog\/?s={search_term_string}\"},\"query-input\":\"required name=search_term_string\"}],\"inLanguage\":\"en-US\"},{\"@type\":\"ImageObject\",\"inLanguage\":\"en-US\",\"@id\":\"https:\/\/www.visit-ulcinj.com\/blog\/2010\/09\/09\/anamalasit-jane-njerez-mesimdashes\/#primaryimage\",\"url\":\"https:\/\/www.visit-ulcinj.com\/blog\/wp-content\/uploads\/2010\/09\/Mesuesit-e-shkolles-fillore-ne-Katerkolle.jpg\",\"contentUrl\":\"https:\/\/www.visit-ulcinj.com\/blog\/wp-content\/uploads\/2010\/09\/Mesuesit-e-shkolles-fillore-ne-Katerkolle.jpg\",\"width\":\"720\",\"height\":\"432\"},{\"@type\":\"WebPage\",\"@id\":\"https:\/\/www.visit-ulcinj.com\/blog\/2010\/09\/09\/anamalasit-jane-njerez-mesimdashes\/#webpage\",\"url\":\"https:\/\/www.visit-ulcinj.com\/blog\/2010\/09\/09\/anamalasit-jane-njerez-mesimdashes\/\",\"name\":\"Anamalasit jan\u00eb njer\u00ebz m\u00ebsimdash\u00ebs - Foto - Lajme nga Ulqini\",\"isPartOf\":{\"@id\":\"https:\/\/www.visit-ulcinj.com\/blog\/#website\"},\"primaryImageOfPage\":{\"@id\":\"https:\/\/www.visit-ulcinj.com\/blog\/2010\/09\/09\/anamalasit-jane-njerez-mesimdashes\/#primaryimage\"},\"datePublished\":\"2010-09-09T08:41:57+00:00\",\"dateModified\":\"2010-09-12T17:28:09+00:00\",\"author\":{\"@id\":\"https:\/\/www.visit-ulcinj.com\/blog\/#\/schema\/person\/dcab619c614d3038751c63bc2aadc06d\"},\"description\":\"Personalitete t\u00eb klerit Nga kjo trev\u00eb n\u00eb rrjedh\u00eb t\u00eb moteve kan\u00eb dal\u00eb\u00a0edhe klerik\u00eb t\u00eb dalluar me em\u00ebr t\u00eb mir\u00eb si: dom\u00a0Simon Filipaj, p\u00ebrkthyes i Bibl\u00ebs\",\"breadcrumb\":{\"@id\":\"https:\/\/www.visit-ulcinj.com\/blog\/2010\/09\/09\/anamalasit-jane-njerez-mesimdashes\/#breadcrumb\"},\"inLanguage\":\"en-US\",\"potentialAction\":[{\"@type\":\"ReadAction\",\"target\":[\"https:\/\/www.visit-ulcinj.com\/blog\/2010\/09\/09\/anamalasit-jane-njerez-mesimdashes\/\"]}]},{\"@type\":\"BreadcrumbList\",\"@id\":\"https:\/\/www.visit-ulcinj.com\/blog\/2010\/09\/09\/anamalasit-jane-njerez-mesimdashes\/#breadcrumb\",\"itemListElement\":[{\"@type\":\"ListItem\",\"position\":1,\"name\":\"Anamalasit jan\u00eb njer\u00ebz m\u00ebsimdash\u00ebs &#8211; Foto\"}]},{\"@type\":\"Person\",\"@id\":\"https:\/\/www.visit-ulcinj.com\/blog\/#\/schema\/person\/dcab619c614d3038751c63bc2aadc06d\",\"name\":\"ulqini\",\"sameAs\":[\"http:\/\/www.visit-ulcinj.com\"],\"url\":\"https:\/\/www.visit-ulcinj.com\/blog\/author\/admin\/\"}]}<\/script>\n<!-- \/ Yoast SEO plugin. -->","yoast_head_json":{"title":"Anamalasit jan\u00eb njer\u00ebz m\u00ebsimdash\u00ebs - Foto - Lajme nga Ulqini","description":"Personalitete t\u00eb klerit Nga kjo trev\u00eb n\u00eb rrjedh\u00eb t\u00eb moteve kan\u00eb dal\u00eb\u00a0edhe klerik\u00eb t\u00eb dalluar me em\u00ebr t\u00eb mir\u00eb si: dom\u00a0Simon Filipaj, p\u00ebrkthyes i Bibl\u00ebs","robots":{"index":"index","follow":"follow","max-snippet":"max-snippet:-1","max-image-preview":"max-image-preview:large","max-video-preview":"max-video-preview:-1"},"canonical":"https:\/\/www.visit-ulcinj.com\/blog\/2010\/09\/09\/anamalasit-jane-njerez-mesimdashes\/","og_locale":"en_US","og_type":"article","og_title":"Anamalasit jan\u00eb njer\u00ebz m\u00ebsimdash\u00ebs - Foto - Lajme nga Ulqini","og_description":"Personalitete t\u00eb klerit Nga kjo trev\u00eb n\u00eb rrjedh\u00eb t\u00eb moteve kan\u00eb dal\u00eb\u00a0edhe klerik\u00eb t\u00eb dalluar me em\u00ebr t\u00eb mir\u00eb si: dom\u00a0Simon Filipaj, p\u00ebrkthyes i Bibl\u00ebs","og_url":"https:\/\/www.visit-ulcinj.com\/blog\/2010\/09\/09\/anamalasit-jane-njerez-mesimdashes\/","og_site_name":"Lajme nga Ulqini","article_published_time":"2010-09-09T08:41:57+00:00","article_modified_time":"2010-09-12T17:28:09+00:00","og_image":[{"url":"https:\/\/www.visit-ulcinj.com\/blog\/wp-content\/uploads\/2010\/09\/Anamalasit-jan\u00eb-njer\u00ebz-m\u00ebsimdash\u00ebs-150x150.jpg"}],"twitter_misc":{"Written by":"ulqini","Est. reading time":"5 minutes"},"schema":{"@context":"https:\/\/schema.org","@graph":[{"@type":"WebSite","@id":"https:\/\/www.visit-ulcinj.com\/blog\/#website","url":"https:\/\/www.visit-ulcinj.com\/blog\/","name":"Lajme nga Ulqini","description":"Lajme,Vijesti,Ulqini,Ulqin,Crna Gora,Mali i Zi","potentialAction":[{"@type":"SearchAction","target":{"@type":"EntryPoint","urlTemplate":"https:\/\/www.visit-ulcinj.com\/blog\/?s={search_term_string}"},"query-input":"required name=search_term_string"}],"inLanguage":"en-US"},{"@type":"ImageObject","inLanguage":"en-US","@id":"https:\/\/www.visit-ulcinj.com\/blog\/2010\/09\/09\/anamalasit-jane-njerez-mesimdashes\/#primaryimage","url":"https:\/\/www.visit-ulcinj.com\/blog\/wp-content\/uploads\/2010\/09\/Mesuesit-e-shkolles-fillore-ne-Katerkolle.jpg","contentUrl":"https:\/\/www.visit-ulcinj.com\/blog\/wp-content\/uploads\/2010\/09\/Mesuesit-e-shkolles-fillore-ne-Katerkolle.jpg","width":"720","height":"432"},{"@type":"WebPage","@id":"https:\/\/www.visit-ulcinj.com\/blog\/2010\/09\/09\/anamalasit-jane-njerez-mesimdashes\/#webpage","url":"https:\/\/www.visit-ulcinj.com\/blog\/2010\/09\/09\/anamalasit-jane-njerez-mesimdashes\/","name":"Anamalasit jan\u00eb njer\u00ebz m\u00ebsimdash\u00ebs - Foto - Lajme nga Ulqini","isPartOf":{"@id":"https:\/\/www.visit-ulcinj.com\/blog\/#website"},"primaryImageOfPage":{"@id":"https:\/\/www.visit-ulcinj.com\/blog\/2010\/09\/09\/anamalasit-jane-njerez-mesimdashes\/#primaryimage"},"datePublished":"2010-09-09T08:41:57+00:00","dateModified":"2010-09-12T17:28:09+00:00","author":{"@id":"https:\/\/www.visit-ulcinj.com\/blog\/#\/schema\/person\/dcab619c614d3038751c63bc2aadc06d"},"description":"Personalitete t\u00eb klerit Nga kjo trev\u00eb n\u00eb rrjedh\u00eb t\u00eb moteve kan\u00eb dal\u00eb\u00a0edhe klerik\u00eb t\u00eb dalluar me em\u00ebr t\u00eb mir\u00eb si: dom\u00a0Simon Filipaj, p\u00ebrkthyes i Bibl\u00ebs","breadcrumb":{"@id":"https:\/\/www.visit-ulcinj.com\/blog\/2010\/09\/09\/anamalasit-jane-njerez-mesimdashes\/#breadcrumb"},"inLanguage":"en-US","potentialAction":[{"@type":"ReadAction","target":["https:\/\/www.visit-ulcinj.com\/blog\/2010\/09\/09\/anamalasit-jane-njerez-mesimdashes\/"]}]},{"@type":"BreadcrumbList","@id":"https:\/\/www.visit-ulcinj.com\/blog\/2010\/09\/09\/anamalasit-jane-njerez-mesimdashes\/#breadcrumb","itemListElement":[{"@type":"ListItem","position":1,"name":"Anamalasit jan\u00eb njer\u00ebz m\u00ebsimdash\u00ebs &#8211; Foto"}]},{"@type":"Person","@id":"https:\/\/www.visit-ulcinj.com\/blog\/#\/schema\/person\/dcab619c614d3038751c63bc2aadc06d","name":"ulqini","sameAs":["http:\/\/www.visit-ulcinj.com"],"url":"https:\/\/www.visit-ulcinj.com\/blog\/author\/admin\/"}]}},"jetpack_featured_media_url":"","jetpack_sharing_enabled":true,"jetpack_shortlink":"https:\/\/wp.me\/pe6lTn-9CR","_links":{"self":[{"href":"https:\/\/www.visit-ulcinj.com\/blog\/wp-json\/wp\/v2\/posts\/37005"}],"collection":[{"href":"https:\/\/www.visit-ulcinj.com\/blog\/wp-json\/wp\/v2\/posts"}],"about":[{"href":"https:\/\/www.visit-ulcinj.com\/blog\/wp-json\/wp\/v2\/types\/post"}],"author":[{"embeddable":true,"href":"https:\/\/www.visit-ulcinj.com\/blog\/wp-json\/wp\/v2\/users\/1"}],"replies":[{"embeddable":true,"href":"https:\/\/www.visit-ulcinj.com\/blog\/wp-json\/wp\/v2\/comments?post=37005"}],"version-history":[{"count":0,"href":"https:\/\/www.visit-ulcinj.com\/blog\/wp-json\/wp\/v2\/posts\/37005\/revisions"}],"wp:attachment":[{"href":"https:\/\/www.visit-ulcinj.com\/blog\/wp-json\/wp\/v2\/media?parent=37005"}],"wp:term":[{"taxonomy":"category","embeddable":true,"href":"https:\/\/www.visit-ulcinj.com\/blog\/wp-json\/wp\/v2\/categories?post=37005"},{"taxonomy":"post_tag","embeddable":true,"href":"https:\/\/www.visit-ulcinj.com\/blog\/wp-json\/wp\/v2\/tags?post=37005"}],"curies":[{"name":"wp","href":"https:\/\/api.w.org\/{rel}","templated":true}]}}