{"id":3701,"date":"2008-09-29T12:47:40","date_gmt":"2008-09-29T17:47:40","guid":{"rendered":"http:\/\/www.visit-ulcinj.com\/blog\/?p=3701"},"modified":"2008-10-17T13:54:30","modified_gmt":"2008-10-17T18:54:30","slug":"ulqinqeveria-fut-ne-sherr-komunen-me-shoqaten-e-ullishtareve","status":"publish","type":"post","link":"https:\/\/www.visit-ulcinj.com\/blog\/2008\/09\/29\/ulqinqeveria-fut-ne-sherr-komunen-me-shoqaten-e-ullishtareve\/","title":{"rendered":"Ulqin:Qeveria fut n\u00eb sherr Komun\u00ebn me Shoqat\u00ebn e Ullishtar\u00ebve"},"content":{"rendered":"<p><a href=\"http:\/\/www.visit-ulcinj.com\/blog\/wp-content\/uploads\/2008\/01\/hajdinaga.jpg\"><img loading=\"lazy\" class=\"alignleft size-medium wp-image-66\" title=\"Gradona?elnik Ulcinja Gzim Hajdinaga  o jednogodi\u0161njem mandatu\" src=\"http:\/\/www.visit-ulcinj.com\/blog\/wp-content\/uploads\/2008\/01\/hajdinaga.jpg\" alt=\"\" width=\"202\" height=\"300\" \/><\/a><strong>Ministria e bujq\u00ebsis\u00eb, pylltaris\u00eb dhe ekonomis\u00eb ujore akordoi nj\u00eb shum\u00eb prej rreth 58 mij\u00eb eurosh p\u00ebr pronar\u00ebt e ullinjve n\u00eb ulqin<\/strong><br \/>\nUlqin &#8211; Ndarja e mjeteve financiare p\u00ebr pronar\u00ebt e ullinjve n\u00eb Ulqin nga ana e Ministris\u00eb s\u00eb Bujq\u00ebsis\u00eb, Pylltaris\u00eb dhe Ekonomis\u00eb Ujore ka futur n\u00eb sherr Komun\u00ebn e Ulqinit dhe Shoqat\u00ebn e Ullishtar\u00ebve t\u00eb Ulqinit duke shkaktuar reagime t\u00eb shumta dhe nj\u00eb luft\u00eb deklaratash nd\u00ebrmjet p\u00ebrfaq\u00ebsuesve t\u00eb tyre.<br \/>\nMinistria e Bujq\u00ebsis\u00eb, Pylltaris\u00eb dhe Ekonomis\u00eb Ujore ka ndar\u00eb rreth 58 mij\u00eb euro p\u00ebr 121 pronar\u00eb t\u00eb ullinjve n\u00eb Ulqin n\u00eb em\u00ebr t\u00eb kompensimit p\u00ebr revitalizimin e ullinjve dhe krasitjen e trungjeve t\u00eb ullinjve t\u00eb vjet\u00ebr.<br \/>\nN\u00eb nj\u00eb konferenc\u00eb p\u00ebr shtyp, kryetari i Komun\u00ebs s\u00eb Ulqinit, G\u00ebzim Hajdinaga, dhe k\u00ebshilltari p\u00ebr bujq\u00ebsi pran\u00eb k\u00ebsaj komune, Gani Rexha, kan\u00eb b\u00ebr\u00eb t\u00eb njohur vendimin e Ministris\u00eb s\u00eb Bujq\u00ebsis\u00eb, Pylltaris\u00eb dhe Ekonomis\u00eb Ujore dhe emrat e p\u00ebrfituesve t\u00eb k\u00ebsaj shume.<br \/>\nShoqata e Ullishtar\u00ebve t\u00eb Ulqinit ka reaguar p\u00ebrmes nj\u00eb konference p\u00ebr shtyp duke akuzuar kryetarin e Komun\u00ebs s\u00eb Ulqinit dhe k\u00ebshilltarin p\u00ebr bujq\u00ebsi pran\u00eb k\u00ebsaj komune se po p\u00ebrvet\u00ebsojn\u00eb n\u00eb m\u00ebnyr\u00eb t\u00eb rrejshme meritat e dikujt tjet\u00ebr dhe se po e mashtrojn\u00eb opinionin p\u00ebr shkak t\u00eb p\u00ebrfitimit t\u00eb pik\u00ebve politike.<a href=\"http:\/\/www.visit-ulcinj.com\/blog\/wp-content\/uploads\/2008\/03\/gani-rexha-2.jpg\"><img loading=\"lazy\" class=\"alignright size-thumbnail wp-image-717\" title=\"Gani Rexha\" src=\"http:\/\/www.visit-ulcinj.com\/blog\/wp-content\/uploads\/2008\/03\/gani-rexha-2.thumbnail.jpg\" alt=\"\" width=\"139\" height=\"151\" \/><\/a><br \/>\n&#8220;As z. Hajdinaga e as referenti i tij p\u00ebr Bujq\u00ebsi, z. Gani Rexha, nuk kan\u00eb luajtur as me gisht p\u00ebr realizimin e procesit t\u00eb pages\u00ebs ullishtar\u00ebve. P\u00ebr k\u00ebt\u00eb kan\u00eb merita Ministria e Bujq\u00ebsis\u00eb me z. Simoviq n\u00eb krye dhe shoqatat e ullishtar\u00ebve t\u00eb Ulqinit, Tivarit dhe Bok\u00ebs&#8221;, ka th\u00ebn\u00eb Xhaudet Cakuli, kryetar i Shoqat\u00ebs s\u00eb Ullishtar\u00ebve t\u00eb Ulqinit.<br \/>\nKritikave t\u00eb Cakulit i \u00ebsht\u00eb p\u00ebrgjigjur k\u00ebshilltari p\u00ebr bujq\u00ebsi pran\u00eb Komun\u00ebs s\u00eb Ulqinit, Gani Rexha.<br \/>\n&#8220;Nuk ka r\u00ebnd\u00ebsi se kush e b\u00ebri apo ka merit\u00eb p\u00ebr vjeljen e mjeteve p\u00ebr revitalizimin &#8211; krasitjen e ullinjve p\u00ebr ullishtar\u00ebt e Ulqinit, por r\u00ebnd\u00ebsi ka q\u00eb ato jan\u00eb shfryt\u00ebzuar&#8221;, ka th\u00ebn\u00eb Rexha.<br \/>\n<a href=\"http:\/\/www.visit-ulcinj.com\/blog\/wp-content\/uploads\/2008\/09\/dzaudet-cakuli_ulcinj.jpg\"><img loading=\"lazy\" class=\"alignleft size-thumbnail wp-image-3541\" title=\"dzaudet-cakuli_ulcinj\" src=\"http:\/\/www.visit-ulcinj.com\/blog\/wp-content\/uploads\/2008\/09\/dzaudet-cakuli_ulcinj-150x150.jpg\" alt=\"\" width=\"150\" height=\"150\" \/><\/a>Ai e ka ftuar Cakulin q\u00eb t`i l\u00ebn\u00eb prapa mosmarr\u00ebveshjet dhe t\u00eb merren me hartimin e planeve t\u00eb zhvillimit t\u00eb ullishtaris\u00eb, q\u00eb p\u00ebrb\u00ebn prioritet p\u00ebr komunat bregdetare n\u00eb baz\u00eb t\u00eb Strategjis\u00eb s\u00eb Zhvillimit t\u00eb Bujq\u00ebsis\u00eb n\u00eb Mal t\u00eb Zi.<br \/>\n&#8220;N\u00eb t\u00eb mir\u00ebn e zhvillimit t\u00eb ullishtaris\u00eb dhe bujq\u00ebsis\u00eb s\u00eb Ulqinit ftoj p\u00ebr bashk\u00ebpunim shoqatat e ullishtar\u00ebve dhe t\u00eb gjitha shoqatat e tjera t\u00eb k\u00ebsaj l\u00ebmie. Dyert e pushtetit lokal kan\u00eb qen\u00eb dhe do t\u00eb jen\u00eb gjithmon\u00eb t\u00eb hapura p\u00ebr shoqata dhe njer\u00ebz t\u00eb ideve dhe mendimeve p\u00ebrparimtare q\u00eb kontribuojn\u00eb n\u00eb zhvillimin e mir\u00ebfillt\u00eb&#8221;, ka th\u00ebn\u00eb Rexha.<br \/>\n<strong>I.Kallaba<br \/>\nKoha Javore<\/strong><\/p>\n<!--YouTube Error: bad URL entered-->\n<p style=\"text-align: center;\"><a class=\"aligncenter\" title=\"???? ????,?????,Ulcinj,Montenegru,??????????,\u00c7ernoqoriya,Besplatni internet oglasi,Besplatni oglasi,besplatni mali oglasi,besplatni turisti?ki oglasi,oglasi, usluge, turizam,Turisti?ke usluge,Doma?i turizam,Besplatni Oglasnik,Brzi Oglasi Besplatno,Besplatno OglasavanjeTurizam,besplatni oglasi sa slikom,Turisticki informator besplatni,li?ni-oglasi,BESPLATNI Turisticki OGLASI SA SLIKAMA,BESPLATNI Turisticki Oglasi saVideom,turisticki smestaj oglasi,Turisti?ki vodi? balkana,BESPLATNA REZERVACIJA SMESTAJA,Postavite besplatno Vas oglas,FREE TOURIST GUIDES,Izdavanje-Turizam oglasi,Balkan Turisticki vodic,shpallje turistike falas,Shpallje Falas,Shpallje falas per Komplekse Turistike,Lajmerime,Njoftime,shpallje shqip per shqiptaret ne shqiperi kosova maqedoni,mal te zi,???????????,Montenegiro,?ern\u00e1 Hora,??????????,Cz\u00f4rnog\u00f3ra,Cz\u00f4rn\u00f4 G\u00f3ra,Carna G\u00f3ra,T\u0161ernogooria,\u00c7ernogoriya,Montain\u00e9agr\u00f3,Montenegwo,?orna Hora,Montenegr\u00f3,M?ntenigro,Chernogoriya ,\u00c7\u00earnogor\u00ee ,?????????,????????? ,??????? ,Montes Nigrae,Mons Niger,M\u00f4ntenegr\u00f4,Muntenegru,??????????,Czarnog\u00f3ra,Muntinigru,Muntenegro,&lt;br &gt;&lt;\/a&gt; Muntenegru,\t?ierna Hora,Cxerngora,????????,?rna gora,Moontineegro,?ornog?ra,\u00c7ernogori\u00fda,Chernogoriya,Mont\u00f5negro,????? ???? ,?r?na Gora,?r?nogorije,?ernogorija,?arnahoryja,??????????,???????????????????? ,?ern\u00f4g\u00f4riy\u00e2,M\u00fbnt\u00een\u00ee?r\u00fb,????? ?????? ,????????,??????????,???????????,M\u00e2nten\u00eegro,???? ????? ,????????,M\u00f4ntenegr\u00f4,????????????,???????????,????????????, ??????????? ,????????????,??????????? ,\u008d\u2022?R\/?K?R ,\u0192\u201a\u0192\u201c\u0192e\u0192l\u0192O\u0192\u008d,\u00b8???\u00b3?\u00b1?\u00b7? ,Muntenegru, ????? ????, Montenegr?,chambres ? louer ? ulcinj, location de vacance, location saisonni?res, louer villa,location de vacance, Locations vacance, h?bergements vacances, locations villa, logements de vacances, location maison avec piscine, Location vacance, locations de vacance, h?bergements de vacances, location villa, locations entre particulier, logements vacance, vacances ? Mont?n?gro - location ? Ulcinj ,location  de bigorre,Urlaub in Ulcinj -Montenegro,Hotelbewertungen Ulcinj,Reisen Ulcinj, Urlaub Ulcinj,Hotel in Serbien und Montenegro von Urlaubern bewertet,Billig Urlaub in Ulcinj,ferienh?user,ferienwohnung,Billige Ferienh?user,Ferienwohnung ULCINJ,Ferien an der Adria,Urlaub im Ferienhaus ulcinjBilligreisen Ulcinj,Pauschalreisen,FKK Strand Ada Bojana ulcinj,Last Minute Angebote ulcinj,Preise f?r Lastminute,Kleinanzeigen gratis,Ausflug nach Ulcinj,FKK-Reisen ada bojana,FKK-Urlaub ulcinj,Privatni smje?taj,rezervacija smje?taja,apartmani,sobe,ku?e,odmor,sobe za odmor ulcinj,Pretra?ivanje privatnog smje?taja,rooms rent accommodation ulcinj, rentail private accommodation ulcinj,?elite rezervirati privatni smje?taj,Private accommodation,Smje?taj ulcinj,Pushime Verore ulqin,pushime t? lira n? ulqin,Pushime ne plazh,Pushime te kendshme,dhoma per pushime ulqin,dhoma me qera ulqin,dhoma te lira ulqin,pushime te lira ulqin,mali i zi,kosova,maqedoni,shqiperi,Pushime ne det te ulqinit,godi?nji odmor u ulcinj,odmor u ulcinj,Ku?a za odmor,kuda na odmor,ljetovanje u ulcinj,slobodne sobe,dhoma te lira,ku?a uz more,turisti?ka ponuda,odmor i zabava,povolne cene,sobe,usluge,Mjesto za Va? odmor , Place for Your holiday,Odmor portal,putovanaja,Iznajmljivanje soba ulcinj,odmor ulcinj info,Va?e mjesto za odmor ulcinj,nudisticka plaza ada bojana,smjestaj ponuda ulcinj,lokacioni i dhomave ulqin,deti,plazhet e bukura,diskoteka,zbavitja,.\" href=\"http:\/\/www.visit-ulcinj.com\/tourism\/\" target=\"_blank\"><img loading=\"lazy\" class=\"aligncenter\" title=\"SHPALLJE TURISTIKE FALAS,FREE TOURIST GUIDES,BESPLATNI TURISTI?KI OGLASI,balkan holiday rentals,ALBANIJA,ALBANIA,SHQIPERIJA,CRNA GORA,HRVATSKA,KROACIA,SLOVENIJA,MAKEDONIJA,MAKEDONIA,SRBIJA,MONTENEGRO,MALI I ZI,\" src=\"http:\/\/www.visit-ulcinj.com\/blog\/wp-content\/uploads\/2008\/09\/balkanholidayrentals.gif\" alt=\"Apatin,  Aran?elovac,  ?uprija,  ?a?ak,  ?apljina,  ?itluk,  ?abac,  ?ipovo,  ?iroki Brijeg,  ?ep?e,  ?ivinice,  Ba?ka Palanka,  Banja Luka,  Banovi?i,  Be?ej,  beograd,  Biha?,  Bijeljina,  Bor,  Bor?a,  Bosanska Gradi?ka,  Bosanska Krupa,  Bosanski ?amac,  Bosanski Brod,  Bosanski Novi,  Br?ko,  Bu?im,  Bugojno,  Cazin,  Crna Gora,  Derventa,  Doboj,  Donji Vakuf,  Drvar,  Dubrovnik,  Fo?a,  Fojnica,  Glamo?,  Gora?de,  Gornji Milanovac,  Gornji Vakuf,  gostivar,  Gra?anica,  Grada?ac,  Gradiska,  Grahovo,  Had?i?i,  Ilid?a,  In?ija,  Jablanica,  Jagodina,  Jajce,  Kakanj,  Kalu?erica,  Kikinda,  Klju?,  Konjic,  Kotor Varo?,  Kragujevac,  Kraljevo,  Kru?evac,  Kula,  Kupres,  Lakta?i,  Lazarevac,  Leskovac,  Livno,  Ljubinje,  ljublana,  Ljubu?ki,  Loznica,  Lukavac,  Maglaj,  Mladenovac,  Modri?a,  montenegro erlajnz,  mostar,  Mrkonji? Grad,  Neum,  Ni?,  Novi Pazar,  Novi Sad,  Novi Travnik,  Obrenovac,  Od?ak,  ohrid,  Ora?je,  Pale,  Pan?evo,  Para?in,  Pirot,  Po?arevac,  Podgorica,  Priboj,  Prijedor,  Prokuplje,  Prozor,  pula,  rijeka,  Ruma,  Sanski Most,  Sarajevo,  Senta,  serbija,  sibenik,  skopje,  Smederevo,  Smederevska Palanka,  Sokolac,  Sombor,  split,  Srebrenica,  Srebrenik,  Sremska Mitrovica,  Stolac,  Struga,  Subotica,  Temerin,  Tesli?,  tetovo,  Travnik,  Trebinje,  tuzla,  U?ice,  ulcinj,  Valjevo,  Velika Kladu?a,  Vi?egrad,  Visoko,  Vitez,  Vogo??a,  vojvodina,  Vranje,  Vr?ac,  Vrbas,  zadar,  Zagreb,  Zaje?ar,  Zavidovi?i,  Zenica,  Zrenjanin,  Zvornik,copacabana ulcinj,  h?tels,  hotel ulqin,  Kosova,  Mali i Zi,  Maqedonija,  Montenegro,  montenegro tourisme plage,  montenegro ulcinj,  Shpallje Falas,  Shpallje Falas per shitjen e shtepis se juaj,  Shpallje Falas per villat e juaj,  Shpallje Falas Real Estate,  Shpallje Falas turistike,  shqiperija,  tourisme,  Ulci?,  ulcinj,  ulqin,  ulqin hotel,  ulqini,  ulqini 2007,Ada Bojana,  Alba?czyk,  Cita di Dolcino,  Copacabana,  Czarnog?ra,  Czarnog?rzec,  Don Kichota,  Ma\u00b3a Pla?a,  Mandra,  MIGUEL DE SERVANTES,  p?\u00b3wyspy Marjan,  Pla?a Valdanos,  Rzeka Bojana,  Shas \/ ?as \/ Sva?,  Ulci?,  Ulcinjsk\u00b9 Riwier?,  Wielka Pla?a,  Wyspa Bojana,GORA,??????????,???????,??????????, ?ern? Hora,TO ULCINJ \/ ULQIN,MONTENEGRO, Czarnog?ra, Muntenegru, ????? ????, Montenegr?,villa ? louer ? ulcinj, location de vacance, location saisonni?res, louer chambres,location de vacance, Locations vacance, h?bergements vacances, locations villa, logements de vacances, location maison avec piscine, Location vacance, locations de vacance, h?bergements de vacances, location, locations entre particulier, logements vacance, vacances ? Mont?n?gro - location ? Ulcinj ,location  de bigorre,Albaniku,  Artana,  Bujanoci,  Burimi,  Dardana,  Dardan?,  De?an,  Dibra,  Drenas,  Drenasi,  Ferizaj,  Ferizaji,  Fush? Kosova,Besplatni internet oglasi,Besplatni oglasi,besplatni mali oglasi,besplatni turisti?ki oglasi,oglasi, usluge, turizam,Turisti?ke usluge,Doma?i turizam,Besplatni Oglasnik,Brzi Oglasi Besplatno,Besplatno OglasavanjeTurizam,besplatni oglasi sa slikom,Turisticki informator besplatni,li?ni-oglasi,BESPLATNI Turisticki OGLASI SA SLIKAMA,BESPLATNI Turisticki Oglasi saVideom,turisticki smestaj oglasi,Turisti?ki vodi? balkana,BESPLATNA REZERVACIJA SMESTAJA,Postavite besplatno Vas oglas,FREE TOURIST GUIDES,Izdavanje-Turizam oglasi,Balkan Turisticki vodic,shpallje turistike falas,Shpallje Falas,Shpallje falas per Komplekse Turistike,Lajmerime,Njoftime,shpallje shqip per shqiptaret ne shqiperi kosova maqedoni,mal te zi,Fush? Kosov?,  Gjakova,  Gjakov?,  Gjilan,  Gjilani,  Gostivari,  Istog,  Istog\u00b7,  Ka?anik,  Ka?aniku,  Kastrioti,  K?r?ova,  Klina,  Klin?,  Kumanova,  Leposaviq,  Leskovci,  Likova,  Lipjan,  Lipjani,  Malisheva,  Malishev?,  Manastiri,  Medvegja,  Mitrovica,  Mitrovic?,  Novob?rd?,  Obiliq\u00b7 Rahovec,  Ohri,  Peja,  Pej?,  Podujeva,  Podujev?,  Presheva,  Prishtina,  Prishtin?,  Prizren,  Prizreni,  Rahoveci,  Sharri,  Sharri (Kosov?),  Shkupi,  Sht?rpca,  Sht?rpc?,  Shtime,  Sk?nderaj,  Struga,  Tetova,  Theranda,  Therand?,  Triumf Riza,  Veleshta,  Viti,  Vitia,  Vushtrri,  Vushtrria,  Zubin Potok,  Zubin Potoku,  Zve?an,  Zve?ani,Struga,Gostivari,Gostivar,Ker?ova,Tirana,Durr?si,Elbasani,Shkodra,Tuzi,Vlora, Kor?a,Fieri,Berati,Lushnja ,Kavaja,Pogradeci,La?i,Gjirokastra,Patosi,Kruja,Ku?ova,Kuk?si,Lezha,Saranda,Peshkopia,Burreli,C?rriku,?orovoda,Shijaku,Librazhdi,Tepelena,Gramshi,Poli?ani,Bulqiza,P?rmeti,Fush?Kruja,Kamza,Rr?sheni,Ballshi,Mamurrasi,BajramCurri,Erseka,Peqini,Divjaka,Selenica,Bilishti,Roskoveci,Puka,Memaliaj,Rrogozhina,Ura Vajgurore,Himara,Delvina,Vora,Kopliku,Maliqi,P?rrenjasi,Kruma, Libohova,Orikumi,Fush?-Arr?za,Sh?ngjini,Rubiku,Miloti, Leskoviku,Konispoli,K?lcyra,Krasta,K?rraba,Manastiri,Hara?ina,Likova,Prilepi,Zajazi,Vrap?ishti,Bogovin?,\" width=\"420\" height=\"120\" \/><\/a><\/p>\n","protected":false},"excerpt":{"rendered":"<p>Ministria e bujq\u00ebsis\u00eb, pylltaris\u00eb dhe ekonomis\u00eb ujore akordoi nj\u00eb shum\u00eb prej rreth 58 mij\u00eb eurosh p\u00ebr pronar\u00ebt e ullinjve n\u00eb ulqin Ulqin &#8211; Ndarja e mjeteve financiare p\u00ebr pronar\u00ebt e ullinjve n\u00eb Ulqin nga ana e Ministris\u00eb s\u00eb Bujq\u00ebsis\u00eb, Pylltaris\u00eb dhe Ekonomis\u00eb Ujore ka futur n\u00eb sherr Komun\u00ebn e Ulqinit dhe Shoqat\u00ebn e Ullishtar\u00ebve t\u00eb [&hellip;]<\/p>\n","protected":false},"author":1,"featured_media":0,"comment_status":"open","ping_status":"closed","sticky":false,"template":"","format":"standard","meta":{"spay_email":"","jetpack_publicize_message":"","jetpack_is_tweetstorm":false,"jetpack_publicize_feature_enabled":true},"categories":[13,12],"tags":[95,19,200,18],"jetpack_publicize_connections":[],"yoast_head":"<!-- This site is optimized with the Yoast SEO plugin v19.1 - https:\/\/yoast.com\/wordpress\/plugins\/seo\/ -->\n<title>Ulqin:Qeveria fut n\u00eb sherr Komun\u00ebn me Shoqat\u00ebn e Ullishtar\u00ebve - Lajme nga Ulqini<\/title>\n<meta name=\"description\" content=\"Ministria e bujq\u00ebsis\u00eb, pylltaris\u00eb dhe ekonomis\u00eb ujore akordoi nj\u00eb shum\u00eb prej rreth 58 mij\u00eb eurosh p\u00ebr pronar\u00ebt e ullinjve n\u00eb ulqin Ulqin - Ndarja e\" \/>\n<meta name=\"robots\" content=\"index, follow, max-snippet:-1, max-image-preview:large, max-video-preview:-1\" \/>\n<link rel=\"canonical\" href=\"https:\/\/www.visit-ulcinj.com\/blog\/2008\/09\/29\/ulqinqeveria-fut-ne-sherr-komunen-me-shoqaten-e-ullishtareve\/\" \/>\n<meta property=\"og:locale\" content=\"en_US\" \/>\n<meta property=\"og:type\" content=\"article\" \/>\n<meta property=\"og:title\" content=\"Ulqin:Qeveria fut n\u00eb sherr Komun\u00ebn me Shoqat\u00ebn e Ullishtar\u00ebve - Lajme nga Ulqini\" \/>\n<meta property=\"og:description\" content=\"Ministria e bujq\u00ebsis\u00eb, pylltaris\u00eb dhe ekonomis\u00eb ujore akordoi nj\u00eb shum\u00eb prej rreth 58 mij\u00eb eurosh p\u00ebr pronar\u00ebt e ullinjve n\u00eb ulqin Ulqin - Ndarja e\" \/>\n<meta property=\"og:url\" content=\"https:\/\/www.visit-ulcinj.com\/blog\/2008\/09\/29\/ulqinqeveria-fut-ne-sherr-komunen-me-shoqaten-e-ullishtareve\/\" \/>\n<meta property=\"og:site_name\" content=\"Lajme nga Ulqini\" \/>\n<meta property=\"article:published_time\" content=\"2008-09-29T17:47:40+00:00\" \/>\n<meta property=\"article:modified_time\" content=\"2008-10-17T18:54:30+00:00\" \/>\n<meta property=\"og:image\" content=\"http:\/\/www.visit-ulcinj.com\/blog\/wp-content\/uploads\/2008\/01\/hajdinaga.jpg\" \/>\n<meta name=\"twitter:label1\" content=\"Written by\" \/>\n\t<meta name=\"twitter:data1\" content=\"ulqini\" \/>\n\t<meta name=\"twitter:label2\" content=\"Est. reading time\" \/>\n\t<meta name=\"twitter:data2\" content=\"3 minutes\" \/>\n<script type=\"application\/ld+json\" class=\"yoast-schema-graph\">{\"@context\":\"https:\/\/schema.org\",\"@graph\":[{\"@type\":\"WebSite\",\"@id\":\"https:\/\/www.visit-ulcinj.com\/blog\/#website\",\"url\":\"https:\/\/www.visit-ulcinj.com\/blog\/\",\"name\":\"Lajme nga Ulqini\",\"description\":\"Lajme,Vijesti,Ulqini,Ulqin,Crna Gora,Mali i Zi\",\"potentialAction\":[{\"@type\":\"SearchAction\",\"target\":{\"@type\":\"EntryPoint\",\"urlTemplate\":\"https:\/\/www.visit-ulcinj.com\/blog\/?s={search_term_string}\"},\"query-input\":\"required name=search_term_string\"}],\"inLanguage\":\"en-US\"},{\"@type\":\"ImageObject\",\"inLanguage\":\"en-US\",\"@id\":\"https:\/\/www.visit-ulcinj.com\/blog\/2008\/09\/29\/ulqinqeveria-fut-ne-sherr-komunen-me-shoqaten-e-ullishtareve\/#primaryimage\",\"url\":\"http:\/\/www.visit-ulcinj.com\/blog\/wp-content\/uploads\/2008\/01\/hajdinaga.jpg\",\"contentUrl\":\"http:\/\/www.visit-ulcinj.com\/blog\/wp-content\/uploads\/2008\/01\/hajdinaga.jpg\"},{\"@type\":\"WebPage\",\"@id\":\"https:\/\/www.visit-ulcinj.com\/blog\/2008\/09\/29\/ulqinqeveria-fut-ne-sherr-komunen-me-shoqaten-e-ullishtareve\/#webpage\",\"url\":\"https:\/\/www.visit-ulcinj.com\/blog\/2008\/09\/29\/ulqinqeveria-fut-ne-sherr-komunen-me-shoqaten-e-ullishtareve\/\",\"name\":\"Ulqin:Qeveria fut n\u00eb sherr Komun\u00ebn me Shoqat\u00ebn e Ullishtar\u00ebve - Lajme nga Ulqini\",\"isPartOf\":{\"@id\":\"https:\/\/www.visit-ulcinj.com\/blog\/#website\"},\"primaryImageOfPage\":{\"@id\":\"https:\/\/www.visit-ulcinj.com\/blog\/2008\/09\/29\/ulqinqeveria-fut-ne-sherr-komunen-me-shoqaten-e-ullishtareve\/#primaryimage\"},\"datePublished\":\"2008-09-29T17:47:40+00:00\",\"dateModified\":\"2008-10-17T18:54:30+00:00\",\"author\":{\"@id\":\"https:\/\/www.visit-ulcinj.com\/blog\/#\/schema\/person\/dcab619c614d3038751c63bc2aadc06d\"},\"description\":\"Ministria e bujq\u00ebsis\u00eb, pylltaris\u00eb dhe ekonomis\u00eb ujore akordoi nj\u00eb shum\u00eb prej rreth 58 mij\u00eb eurosh p\u00ebr pronar\u00ebt e ullinjve n\u00eb ulqin Ulqin - Ndarja e\",\"breadcrumb\":{\"@id\":\"https:\/\/www.visit-ulcinj.com\/blog\/2008\/09\/29\/ulqinqeveria-fut-ne-sherr-komunen-me-shoqaten-e-ullishtareve\/#breadcrumb\"},\"inLanguage\":\"en-US\",\"potentialAction\":[{\"@type\":\"ReadAction\",\"target\":[\"https:\/\/www.visit-ulcinj.com\/blog\/2008\/09\/29\/ulqinqeveria-fut-ne-sherr-komunen-me-shoqaten-e-ullishtareve\/\"]}]},{\"@type\":\"BreadcrumbList\",\"@id\":\"https:\/\/www.visit-ulcinj.com\/blog\/2008\/09\/29\/ulqinqeveria-fut-ne-sherr-komunen-me-shoqaten-e-ullishtareve\/#breadcrumb\",\"itemListElement\":[{\"@type\":\"ListItem\",\"position\":1,\"name\":\"Ulqin:Qeveria fut n\u00eb sherr Komun\u00ebn me Shoqat\u00ebn e Ullishtar\u00ebve\"}]},{\"@type\":\"Person\",\"@id\":\"https:\/\/www.visit-ulcinj.com\/blog\/#\/schema\/person\/dcab619c614d3038751c63bc2aadc06d\",\"name\":\"ulqini\",\"sameAs\":[\"http:\/\/www.visit-ulcinj.com\"],\"url\":\"https:\/\/www.visit-ulcinj.com\/blog\/author\/admin\/\"}]}<\/script>\n<!-- \/ Yoast SEO plugin. -->","yoast_head_json":{"title":"Ulqin:Qeveria fut n\u00eb sherr Komun\u00ebn me Shoqat\u00ebn e Ullishtar\u00ebve - Lajme nga Ulqini","description":"Ministria e bujq\u00ebsis\u00eb, pylltaris\u00eb dhe ekonomis\u00eb ujore akordoi nj\u00eb shum\u00eb prej rreth 58 mij\u00eb eurosh p\u00ebr pronar\u00ebt e ullinjve n\u00eb ulqin Ulqin - Ndarja e","robots":{"index":"index","follow":"follow","max-snippet":"max-snippet:-1","max-image-preview":"max-image-preview:large","max-video-preview":"max-video-preview:-1"},"canonical":"https:\/\/www.visit-ulcinj.com\/blog\/2008\/09\/29\/ulqinqeveria-fut-ne-sherr-komunen-me-shoqaten-e-ullishtareve\/","og_locale":"en_US","og_type":"article","og_title":"Ulqin:Qeveria fut n\u00eb sherr Komun\u00ebn me Shoqat\u00ebn e Ullishtar\u00ebve - Lajme nga Ulqini","og_description":"Ministria e bujq\u00ebsis\u00eb, pylltaris\u00eb dhe ekonomis\u00eb ujore akordoi nj\u00eb shum\u00eb prej rreth 58 mij\u00eb eurosh p\u00ebr pronar\u00ebt e ullinjve n\u00eb ulqin Ulqin - Ndarja e","og_url":"https:\/\/www.visit-ulcinj.com\/blog\/2008\/09\/29\/ulqinqeveria-fut-ne-sherr-komunen-me-shoqaten-e-ullishtareve\/","og_site_name":"Lajme nga Ulqini","article_published_time":"2008-09-29T17:47:40+00:00","article_modified_time":"2008-10-17T18:54:30+00:00","og_image":[{"url":"http:\/\/www.visit-ulcinj.com\/blog\/wp-content\/uploads\/2008\/01\/hajdinaga.jpg"}],"twitter_misc":{"Written by":"ulqini","Est. reading time":"3 minutes"},"schema":{"@context":"https:\/\/schema.org","@graph":[{"@type":"WebSite","@id":"https:\/\/www.visit-ulcinj.com\/blog\/#website","url":"https:\/\/www.visit-ulcinj.com\/blog\/","name":"Lajme nga Ulqini","description":"Lajme,Vijesti,Ulqini,Ulqin,Crna Gora,Mali i Zi","potentialAction":[{"@type":"SearchAction","target":{"@type":"EntryPoint","urlTemplate":"https:\/\/www.visit-ulcinj.com\/blog\/?s={search_term_string}"},"query-input":"required name=search_term_string"}],"inLanguage":"en-US"},{"@type":"ImageObject","inLanguage":"en-US","@id":"https:\/\/www.visit-ulcinj.com\/blog\/2008\/09\/29\/ulqinqeveria-fut-ne-sherr-komunen-me-shoqaten-e-ullishtareve\/#primaryimage","url":"http:\/\/www.visit-ulcinj.com\/blog\/wp-content\/uploads\/2008\/01\/hajdinaga.jpg","contentUrl":"http:\/\/www.visit-ulcinj.com\/blog\/wp-content\/uploads\/2008\/01\/hajdinaga.jpg"},{"@type":"WebPage","@id":"https:\/\/www.visit-ulcinj.com\/blog\/2008\/09\/29\/ulqinqeveria-fut-ne-sherr-komunen-me-shoqaten-e-ullishtareve\/#webpage","url":"https:\/\/www.visit-ulcinj.com\/blog\/2008\/09\/29\/ulqinqeveria-fut-ne-sherr-komunen-me-shoqaten-e-ullishtareve\/","name":"Ulqin:Qeveria fut n\u00eb sherr Komun\u00ebn me Shoqat\u00ebn e Ullishtar\u00ebve - Lajme nga Ulqini","isPartOf":{"@id":"https:\/\/www.visit-ulcinj.com\/blog\/#website"},"primaryImageOfPage":{"@id":"https:\/\/www.visit-ulcinj.com\/blog\/2008\/09\/29\/ulqinqeveria-fut-ne-sherr-komunen-me-shoqaten-e-ullishtareve\/#primaryimage"},"datePublished":"2008-09-29T17:47:40+00:00","dateModified":"2008-10-17T18:54:30+00:00","author":{"@id":"https:\/\/www.visit-ulcinj.com\/blog\/#\/schema\/person\/dcab619c614d3038751c63bc2aadc06d"},"description":"Ministria e bujq\u00ebsis\u00eb, pylltaris\u00eb dhe ekonomis\u00eb ujore akordoi nj\u00eb shum\u00eb prej rreth 58 mij\u00eb eurosh p\u00ebr pronar\u00ebt e ullinjve n\u00eb ulqin Ulqin - Ndarja e","breadcrumb":{"@id":"https:\/\/www.visit-ulcinj.com\/blog\/2008\/09\/29\/ulqinqeveria-fut-ne-sherr-komunen-me-shoqaten-e-ullishtareve\/#breadcrumb"},"inLanguage":"en-US","potentialAction":[{"@type":"ReadAction","target":["https:\/\/www.visit-ulcinj.com\/blog\/2008\/09\/29\/ulqinqeveria-fut-ne-sherr-komunen-me-shoqaten-e-ullishtareve\/"]}]},{"@type":"BreadcrumbList","@id":"https:\/\/www.visit-ulcinj.com\/blog\/2008\/09\/29\/ulqinqeveria-fut-ne-sherr-komunen-me-shoqaten-e-ullishtareve\/#breadcrumb","itemListElement":[{"@type":"ListItem","position":1,"name":"Ulqin:Qeveria fut n\u00eb sherr Komun\u00ebn me Shoqat\u00ebn e Ullishtar\u00ebve"}]},{"@type":"Person","@id":"https:\/\/www.visit-ulcinj.com\/blog\/#\/schema\/person\/dcab619c614d3038751c63bc2aadc06d","name":"ulqini","sameAs":["http:\/\/www.visit-ulcinj.com"],"url":"https:\/\/www.visit-ulcinj.com\/blog\/author\/admin\/"}]}},"jetpack_featured_media_url":"","jetpack_sharing_enabled":true,"jetpack_shortlink":"https:\/\/wp.me\/pe6lTn-XH","_links":{"self":[{"href":"https:\/\/www.visit-ulcinj.com\/blog\/wp-json\/wp\/v2\/posts\/3701"}],"collection":[{"href":"https:\/\/www.visit-ulcinj.com\/blog\/wp-json\/wp\/v2\/posts"}],"about":[{"href":"https:\/\/www.visit-ulcinj.com\/blog\/wp-json\/wp\/v2\/types\/post"}],"author":[{"embeddable":true,"href":"https:\/\/www.visit-ulcinj.com\/blog\/wp-json\/wp\/v2\/users\/1"}],"replies":[{"embeddable":true,"href":"https:\/\/www.visit-ulcinj.com\/blog\/wp-json\/wp\/v2\/comments?post=3701"}],"version-history":[{"count":0,"href":"https:\/\/www.visit-ulcinj.com\/blog\/wp-json\/wp\/v2\/posts\/3701\/revisions"}],"wp:attachment":[{"href":"https:\/\/www.visit-ulcinj.com\/blog\/wp-json\/wp\/v2\/media?parent=3701"}],"wp:term":[{"taxonomy":"category","embeddable":true,"href":"https:\/\/www.visit-ulcinj.com\/blog\/wp-json\/wp\/v2\/categories?post=3701"},{"taxonomy":"post_tag","embeddable":true,"href":"https:\/\/www.visit-ulcinj.com\/blog\/wp-json\/wp\/v2\/tags?post=3701"}],"curies":[{"name":"wp","href":"https:\/\/api.w.org\/{rel}","templated":true}]}}