{"id":37017,"date":"2010-09-09T20:58:15","date_gmt":"2010-09-09T18:58:15","guid":{"rendered":"http:\/\/www.visit-ulcinj.com\/blog\/?p=37017"},"modified":"2010-09-09T20:58:15","modified_gmt":"2010-09-09T18:58:15","slug":"savez-u-ulcinju-dogovarali-u-albaniji","status":"publish","type":"post","link":"https:\/\/www.visit-ulcinj.com\/blog\/2010\/09\/09\/savez-u-ulcinju-dogovarali-u-albaniji\/","title":{"rendered":"Savez u Ulcinju dogovarali u Albaniji"},"content":{"rendered":"<p><strong><a href=\"http:\/\/www.visit-ulcinj.com\/blog\/wp-content\/uploads\/2010\/09\/KOALICIONI-SHQIPTAR-ULQINAK.jpg\"><img loading=\"lazy\" class=\"alignleft size-full wp-image-37018\" title=\"KOALICIONI SHQIPTAR ULQINAK\" src=\"http:\/\/www.visit-ulcinj.com\/blog\/wp-content\/uploads\/2010\/09\/KOALICIONI-SHQIPTAR-ULQINAK.jpg\" alt=\"\" width=\"330\" height=\"420\" \/><\/a>Bardhi, FORCA i Holaj uskoro u savezu &#8211; Cungu isti\u010de da organizatori sastanka nijesu albanski zvani\u010dnici<\/strong>.<br \/>\nLideri albanskih opozicionih partija sastali su se prije nekoliko dana u Skadru kako bi se dogovarali oko zajedni\u010dkog nastupa na lokalnim ulcinjskim izborima u oktobru. Sastanak u Albaniji nije bio zvani\u010dno najavljen, a kako su nam prenijeli u\u010desnici nije rezultirao ni konkretnim dogovorom, iako je izgledno da \u0107e FORCA, savez &#8220;Perspektiva&#8221;, a i Demokratski savez u Crnoj Gori Mehmeta Bardhija formirati savez.<br \/>\nPredstavnik koalicije &#8220;Perspektiva&#8221; Amir Holaj kazao je da je veliki optimista da \u0107e albanske opozicione partije nastupiti u koaliciji na lokalnim ulcinjskim izborima. On je za &#8220;Dan&#8221; kazao da je koalicija sve izvjesnija, ali da ipak ni\u0161ta jo\u0161 zvani\u010dno nije dogovorno.<br \/>\nPredsjednik Demokratske snage FORCA Nazif Cungu istakao je da sastanak u Skadru lidera pojedinih albanskih partija nije organizovala vlast u Albaniji. Cungu je ju\u010de za &#8220;Dan&#8221; kazao da su u\u010desnici sastanka bili \u010delnici albanskih partija koje slove kao opozicione.<br \/>\nPotvrdio je da je partija na \u010dijem je \u010delu organizovala sastanak, sa ciljem da se vidi ima li kakvih \u0161ansi za jedinstven nastup albanskih opozicionih stranaka na lokalnim izborima u Ulcinju, koji \u0107e biti odr\u017eani 17. oktobra.<br \/>\n&#8211; Sasvim slu\u010dajno smo bili u Skadru, u hotelu &#8220;Evropa&#8221;, koji je veoma ugledan i to je bilo mjesto sastanka, ali bez ikakve zadnje namjere ili u\u010de\u0161\u0107a nekog od dr\u017eavnih funkcionera Republike Albanije &#8211; kazao je Cungu.<br \/>\nOn je rekao da je trenutno FORCA fokusirana na okupljanje albanskih politi\u010dkih subjekata radi odbrane prava albanskog naroda u Crnoj Gori.<br \/>\n&#8211; To je posao koji je za nas klju\u010dni, jer svjesni smo problema koje imaju Albanci. Ali da se okupimo, ne treba nam albanska vlast, jer to je posao koji moramo da uradimo sami. Nema ni\u0161ta konkretno \u0161to je zaklju\u010deno na tom sastanku u Skadru, vo\u0111en je ozbiljan dijalog, a uskoro \u0107e biti novih susreta, jer smo svjesni ozbiljnosti trenutka. Prema svim procjenama, s ozbirom na prirodu izbornog sistema u Crnoj Gori, najvi\u0161e glasova \u0107e nam donijeti koalicija \u010dime se pove\u0107ava \u0161ansa da preuzmemo vlast u oktobru &#8211; istakao je Cungu, predsjednik partije koja je na pro\u0161lim ulcinjskim lokalnim izborima osvojila najvi\u0161e glasova.<br \/>\nHolaj ka\u017ee da treba po\u0161tovati volju bira\u010da u Ulcinju, koji, kako isti\u010de, smatraju da treba napraviti koaliciju.<br \/>\n&#8211; S obzirom na ono \u0161to su rekli u\u010desnici sastanka u Skadru, optimista sam da \u0107e \u0161to prije koalicija biti ozvani\u010dena &#8211; kazao je Holaj.<br \/>\n<strong>M.V.<\/strong><\/p>\n<p><strong>PDP jo\u0161 bez odluke<\/strong><br \/>\nPredstavnik Partije demokratskog prosperiteta Ali Red\u017ea tvrdi da organi partije jo\u0161 nijesu raspravljali o izbornom nastupu, te prema tome nema ni\u0161ta konkretno re\u0107i o u\u010de\u0161\u0107u PDP.<br \/>\nRed\u017ea je ju\u010de &#8220;Danu&#8221; potvrdio da su strate\u0161ki partneri PDP Demokratska partija socijalista i Demokratska unija Albanaca.<br \/>\n&#8211; U svakom slu\u010daju, kada odluka bude donijeta obavijesti\u0107emo javnost, ali mislimo da je poznato ko su na\u0161i partneri. No, nikakvih odluka jo\u0161 nema &#8211; ka\u017ee Red\u017ea.<br \/>\n<strong>M.K.<\/strong><\/p>\n<p><a href=\"http:\/\/www.dan.co.me\/?nivo=3&amp;rubrika=Politika&amp;clanak=245975&amp;datum=2010-09-09\" target=\"_blank\"><strong>DAN<\/strong><\/a><\/p>\n","protected":false},"excerpt":{"rendered":"<p>Bardhi, FORCA i Holaj uskoro u savezu &#8211; Cungu isti\u010de da organizatori sastanka nijesu albanski zvani\u010dnici. Lideri albanskih opozicionih partija sastali su se prije nekoliko dana u Skadru kako bi se dogovarali oko zajedni\u010dkog nastupa na lokalnim ulcinjskim izborima u oktobru. Sastanak u Albaniji nije bio zvani\u010dno najavljen, a kako su nam prenijeli u\u010desnici nije [&hellip;]<\/p>\n","protected":false},"author":1,"featured_media":0,"comment_status":"open","ping_status":"closed","sticky":false,"template":"","format":"standard","meta":{"spay_email":"","jetpack_publicize_message":"","jetpack_is_tweetstorm":false,"jetpack_publicize_feature_enabled":true},"categories":[8337],"tags":[9724,1630,15275,117,15331,118,13461],"jetpack_publicize_connections":[],"yoast_head":"<!-- This site is optimized with the Yoast SEO plugin v19.1 - https:\/\/yoast.com\/wordpress\/plugins\/seo\/ -->\n<title>Savez u Ulcinju dogovarali u Albaniji - Lajme nga Ulqini<\/title>\n<meta name=\"description\" content=\"Bardhi, FORCA i Holaj uskoro u savezu - Cungu isti\u010de da organizatori sastanka nijesu albanski zvani\u010dnici. Lideri albanskih opozicionih partija sastali su\" \/>\n<meta name=\"robots\" content=\"index, follow, max-snippet:-1, max-image-preview:large, max-video-preview:-1\" \/>\n<link rel=\"canonical\" href=\"https:\/\/www.visit-ulcinj.com\/blog\/2010\/09\/09\/savez-u-ulcinju-dogovarali-u-albaniji\/\" \/>\n<meta property=\"og:locale\" content=\"en_US\" \/>\n<meta property=\"og:type\" content=\"article\" \/>\n<meta property=\"og:title\" content=\"Savez u Ulcinju dogovarali u Albaniji - Lajme nga Ulqini\" \/>\n<meta property=\"og:description\" content=\"Bardhi, FORCA i Holaj uskoro u savezu - Cungu isti\u010de da organizatori sastanka nijesu albanski zvani\u010dnici. Lideri albanskih opozicionih partija sastali su\" \/>\n<meta property=\"og:url\" content=\"https:\/\/www.visit-ulcinj.com\/blog\/2010\/09\/09\/savez-u-ulcinju-dogovarali-u-albaniji\/\" \/>\n<meta property=\"og:site_name\" content=\"Lajme nga Ulqini\" \/>\n<meta property=\"article:published_time\" content=\"2010-09-09T18:58:15+00:00\" \/>\n<meta property=\"og:image\" content=\"http:\/\/www.visit-ulcinj.com\/blog\/wp-content\/uploads\/2010\/09\/KOALICIONI-SHQIPTAR-ULQINAK.jpg\" \/>\n<meta name=\"twitter:label1\" content=\"Written by\" \/>\n\t<meta name=\"twitter:data1\" content=\"ulqini\" \/>\n\t<meta name=\"twitter:label2\" content=\"Est. reading time\" \/>\n\t<meta name=\"twitter:data2\" content=\"3 minutes\" \/>\n<script type=\"application\/ld+json\" class=\"yoast-schema-graph\">{\"@context\":\"https:\/\/schema.org\",\"@graph\":[{\"@type\":\"WebSite\",\"@id\":\"https:\/\/www.visit-ulcinj.com\/blog\/#website\",\"url\":\"https:\/\/www.visit-ulcinj.com\/blog\/\",\"name\":\"Lajme nga Ulqini\",\"description\":\"Lajme,Vijesti,Ulqini,Ulqin,Crna Gora,Mali i Zi\",\"potentialAction\":[{\"@type\":\"SearchAction\",\"target\":{\"@type\":\"EntryPoint\",\"urlTemplate\":\"https:\/\/www.visit-ulcinj.com\/blog\/?s={search_term_string}\"},\"query-input\":\"required name=search_term_string\"}],\"inLanguage\":\"en-US\"},{\"@type\":\"ImageObject\",\"inLanguage\":\"en-US\",\"@id\":\"https:\/\/www.visit-ulcinj.com\/blog\/2010\/09\/09\/savez-u-ulcinju-dogovarali-u-albaniji\/#primaryimage\",\"url\":\"https:\/\/www.visit-ulcinj.com\/blog\/wp-content\/uploads\/2010\/09\/KOALICIONI-SHQIPTAR-ULQINAK.jpg\",\"contentUrl\":\"https:\/\/www.visit-ulcinj.com\/blog\/wp-content\/uploads\/2010\/09\/KOALICIONI-SHQIPTAR-ULQINAK.jpg\",\"width\":\"750\",\"height\":\"817\"},{\"@type\":\"WebPage\",\"@id\":\"https:\/\/www.visit-ulcinj.com\/blog\/2010\/09\/09\/savez-u-ulcinju-dogovarali-u-albaniji\/#webpage\",\"url\":\"https:\/\/www.visit-ulcinj.com\/blog\/2010\/09\/09\/savez-u-ulcinju-dogovarali-u-albaniji\/\",\"name\":\"Savez u Ulcinju dogovarali u Albaniji - Lajme nga Ulqini\",\"isPartOf\":{\"@id\":\"https:\/\/www.visit-ulcinj.com\/blog\/#website\"},\"primaryImageOfPage\":{\"@id\":\"https:\/\/www.visit-ulcinj.com\/blog\/2010\/09\/09\/savez-u-ulcinju-dogovarali-u-albaniji\/#primaryimage\"},\"datePublished\":\"2010-09-09T18:58:15+00:00\",\"dateModified\":\"2010-09-09T18:58:15+00:00\",\"author\":{\"@id\":\"https:\/\/www.visit-ulcinj.com\/blog\/#\/schema\/person\/dcab619c614d3038751c63bc2aadc06d\"},\"description\":\"Bardhi, FORCA i Holaj uskoro u savezu - Cungu isti\u010de da organizatori sastanka nijesu albanski zvani\u010dnici. Lideri albanskih opozicionih partija sastali su\",\"breadcrumb\":{\"@id\":\"https:\/\/www.visit-ulcinj.com\/blog\/2010\/09\/09\/savez-u-ulcinju-dogovarali-u-albaniji\/#breadcrumb\"},\"inLanguage\":\"en-US\",\"potentialAction\":[{\"@type\":\"ReadAction\",\"target\":[\"https:\/\/www.visit-ulcinj.com\/blog\/2010\/09\/09\/savez-u-ulcinju-dogovarali-u-albaniji\/\"]}]},{\"@type\":\"BreadcrumbList\",\"@id\":\"https:\/\/www.visit-ulcinj.com\/blog\/2010\/09\/09\/savez-u-ulcinju-dogovarali-u-albaniji\/#breadcrumb\",\"itemListElement\":[{\"@type\":\"ListItem\",\"position\":1,\"name\":\"Savez u Ulcinju dogovarali u Albaniji\"}]},{\"@type\":\"Person\",\"@id\":\"https:\/\/www.visit-ulcinj.com\/blog\/#\/schema\/person\/dcab619c614d3038751c63bc2aadc06d\",\"name\":\"ulqini\",\"sameAs\":[\"http:\/\/www.visit-ulcinj.com\"],\"url\":\"https:\/\/www.visit-ulcinj.com\/blog\/author\/admin\/\"}]}<\/script>\n<!-- \/ Yoast SEO plugin. -->","yoast_head_json":{"title":"Savez u Ulcinju dogovarali u Albaniji - Lajme nga Ulqini","description":"Bardhi, FORCA i Holaj uskoro u savezu - Cungu isti\u010de da organizatori sastanka nijesu albanski zvani\u010dnici. Lideri albanskih opozicionih partija sastali su","robots":{"index":"index","follow":"follow","max-snippet":"max-snippet:-1","max-image-preview":"max-image-preview:large","max-video-preview":"max-video-preview:-1"},"canonical":"https:\/\/www.visit-ulcinj.com\/blog\/2010\/09\/09\/savez-u-ulcinju-dogovarali-u-albaniji\/","og_locale":"en_US","og_type":"article","og_title":"Savez u Ulcinju dogovarali u Albaniji - Lajme nga Ulqini","og_description":"Bardhi, FORCA i Holaj uskoro u savezu - Cungu isti\u010de da organizatori sastanka nijesu albanski zvani\u010dnici. Lideri albanskih opozicionih partija sastali su","og_url":"https:\/\/www.visit-ulcinj.com\/blog\/2010\/09\/09\/savez-u-ulcinju-dogovarali-u-albaniji\/","og_site_name":"Lajme nga Ulqini","article_published_time":"2010-09-09T18:58:15+00:00","og_image":[{"url":"http:\/\/www.visit-ulcinj.com\/blog\/wp-content\/uploads\/2010\/09\/KOALICIONI-SHQIPTAR-ULQINAK.jpg"}],"twitter_misc":{"Written by":"ulqini","Est. reading time":"3 minutes"},"schema":{"@context":"https:\/\/schema.org","@graph":[{"@type":"WebSite","@id":"https:\/\/www.visit-ulcinj.com\/blog\/#website","url":"https:\/\/www.visit-ulcinj.com\/blog\/","name":"Lajme nga Ulqini","description":"Lajme,Vijesti,Ulqini,Ulqin,Crna Gora,Mali i Zi","potentialAction":[{"@type":"SearchAction","target":{"@type":"EntryPoint","urlTemplate":"https:\/\/www.visit-ulcinj.com\/blog\/?s={search_term_string}"},"query-input":"required name=search_term_string"}],"inLanguage":"en-US"},{"@type":"ImageObject","inLanguage":"en-US","@id":"https:\/\/www.visit-ulcinj.com\/blog\/2010\/09\/09\/savez-u-ulcinju-dogovarali-u-albaniji\/#primaryimage","url":"https:\/\/www.visit-ulcinj.com\/blog\/wp-content\/uploads\/2010\/09\/KOALICIONI-SHQIPTAR-ULQINAK.jpg","contentUrl":"https:\/\/www.visit-ulcinj.com\/blog\/wp-content\/uploads\/2010\/09\/KOALICIONI-SHQIPTAR-ULQINAK.jpg","width":"750","height":"817"},{"@type":"WebPage","@id":"https:\/\/www.visit-ulcinj.com\/blog\/2010\/09\/09\/savez-u-ulcinju-dogovarali-u-albaniji\/#webpage","url":"https:\/\/www.visit-ulcinj.com\/blog\/2010\/09\/09\/savez-u-ulcinju-dogovarali-u-albaniji\/","name":"Savez u Ulcinju dogovarali u Albaniji - Lajme nga Ulqini","isPartOf":{"@id":"https:\/\/www.visit-ulcinj.com\/blog\/#website"},"primaryImageOfPage":{"@id":"https:\/\/www.visit-ulcinj.com\/blog\/2010\/09\/09\/savez-u-ulcinju-dogovarali-u-albaniji\/#primaryimage"},"datePublished":"2010-09-09T18:58:15+00:00","dateModified":"2010-09-09T18:58:15+00:00","author":{"@id":"https:\/\/www.visit-ulcinj.com\/blog\/#\/schema\/person\/dcab619c614d3038751c63bc2aadc06d"},"description":"Bardhi, FORCA i Holaj uskoro u savezu - Cungu isti\u010de da organizatori sastanka nijesu albanski zvani\u010dnici. Lideri albanskih opozicionih partija sastali su","breadcrumb":{"@id":"https:\/\/www.visit-ulcinj.com\/blog\/2010\/09\/09\/savez-u-ulcinju-dogovarali-u-albaniji\/#breadcrumb"},"inLanguage":"en-US","potentialAction":[{"@type":"ReadAction","target":["https:\/\/www.visit-ulcinj.com\/blog\/2010\/09\/09\/savez-u-ulcinju-dogovarali-u-albaniji\/"]}]},{"@type":"BreadcrumbList","@id":"https:\/\/www.visit-ulcinj.com\/blog\/2010\/09\/09\/savez-u-ulcinju-dogovarali-u-albaniji\/#breadcrumb","itemListElement":[{"@type":"ListItem","position":1,"name":"Savez u Ulcinju dogovarali u Albaniji"}]},{"@type":"Person","@id":"https:\/\/www.visit-ulcinj.com\/blog\/#\/schema\/person\/dcab619c614d3038751c63bc2aadc06d","name":"ulqini","sameAs":["http:\/\/www.visit-ulcinj.com"],"url":"https:\/\/www.visit-ulcinj.com\/blog\/author\/admin\/"}]}},"jetpack_featured_media_url":"","jetpack_sharing_enabled":true,"jetpack_shortlink":"https:\/\/wp.me\/pe6lTn-9D3","_links":{"self":[{"href":"https:\/\/www.visit-ulcinj.com\/blog\/wp-json\/wp\/v2\/posts\/37017"}],"collection":[{"href":"https:\/\/www.visit-ulcinj.com\/blog\/wp-json\/wp\/v2\/posts"}],"about":[{"href":"https:\/\/www.visit-ulcinj.com\/blog\/wp-json\/wp\/v2\/types\/post"}],"author":[{"embeddable":true,"href":"https:\/\/www.visit-ulcinj.com\/blog\/wp-json\/wp\/v2\/users\/1"}],"replies":[{"embeddable":true,"href":"https:\/\/www.visit-ulcinj.com\/blog\/wp-json\/wp\/v2\/comments?post=37017"}],"version-history":[{"count":0,"href":"https:\/\/www.visit-ulcinj.com\/blog\/wp-json\/wp\/v2\/posts\/37017\/revisions"}],"wp:attachment":[{"href":"https:\/\/www.visit-ulcinj.com\/blog\/wp-json\/wp\/v2\/media?parent=37017"}],"wp:term":[{"taxonomy":"category","embeddable":true,"href":"https:\/\/www.visit-ulcinj.com\/blog\/wp-json\/wp\/v2\/categories?post=37017"},{"taxonomy":"post_tag","embeddable":true,"href":"https:\/\/www.visit-ulcinj.com\/blog\/wp-json\/wp\/v2\/tags?post=37017"}],"curies":[{"name":"wp","href":"https:\/\/api.w.org\/{rel}","templated":true}]}}